{"item":{"id":30468,"titulo":"Decreto n\u00ba 099\/2025 - Nomeia a Presidente, a Vice-Presidente e a Secret\u00e1ria Executiva do Conselho Municipal dos Direitos da Pessoa com Defici\u00eancia de Itabaiana\/SE para o tri\u00eanio 2025-2028 e d\u00e1 outras provid\u00eancias","numero":"99","categoria_id":15,"data":"2025-04-10 13:53:43","slug":"decreto-no-099-2025-nomeia-a-presidente-a-vice-presidente-e-a-secretaria-executiva-do-conselho-municipal-dos-direitos-da-pessoa-com-deficiencia-de-itabaiana-se-para-o-trienio-2025-2028-e-da-outras-providencias","criado":"2025-04-24 13:53:43","alterado":"2025-04-24 13:53:43"},"outros":[{"id":33624,"titulo":"PORTARIA N\u00b0 503 DE 24 DE ABRIL DE 2026","numero":"503","categoria_id":23,"data":"2026-04-24 08:45:39","aprovada":"2026-04-24 08:45:39","slug":"portaria-n0-503-de-24-de-abril-de-2026","texto":"\u003Cp\u003EDesigna servidores para exercerem as fun\u0026ccedil;\u0026otilde;es de Gestor e Fiscal de Contrato, para atuarem no Contrato mencionado, no \u0026acirc;mbito da Prefeitura de Itabaiana\/SE.\u003C\/p\u003E","criado":"2026-04-27 08:45:39","alterado":"2026-04-27 08:45:39"},{"id":33623,"titulo":"PORTARIA N\u00b0 504 DE 24 DE ABRIL DE 2026","numero":"504","categoria_id":23,"data":"2026-04-24 08:38:04","aprovada":"2026-04-24 08:38:04","slug":"portaria-n0-504-de-24-de-abril-de-2026","texto":"\u003Cp\u003EDesigna servidores para exercerem as fun\u0026ccedil;\u0026otilde;es de Gestor e Fiscal de Contrato, para atuarem no Contrato mencionado, no \u0026acirc;mbito da Prefeitura de Itabaiana\/SE.\u003C\/p\u003E","criado":"2026-04-27 08:38:04","alterado":"2026-04-27 08:38:04"},{"id":33622,"titulo":"PORTARIA N\u00b0 504 DE 24 DE ABRIL DE 2026","numero":"504","categoria_id":3,"data":"2026-04-24 08:37:17","aprovada":"2026-04-24 08:37:17","slug":"portaria-n0-504-de-24-de-abril-de-2026","texto":"\u003Cp\u003EDesigna servidores para exercerem as fun\u0026ccedil;\u0026otilde;es de Gestor e Fiscal de Contrato, para atuarem no Contrato mencionado, no \u0026acirc;mbito da Prefeitura de Itabaiana\/SE.\u003C\/p\u003E","criado":"2026-04-27 08:37:17","alterado":"2026-04-27 08:37:17"}],"arquivos":[{"id":13463,"lei_id":30468,"nome":"Decreto n\u00ba 099\/2025","arquivo":"decreto-no-099-2025-presidente-vice-do-conselho-da-pessoa-com-deficiencia_85cabf957e66f74615343836787.pdf","link":"\/download\/decreto-no-099-2025-presidente-vice-do-conselho-da-pessoa-com-deficiencia_85cabf957e66f74615343836787.pdf","mimetype":"application\/pdf","ext":"pdf","criado":"2025-04-24 13:56:22","alterado":"2025-04-24 13:56:22"}],"pagina_atualizada_em":"2025-04-24T13:53:43-03:00"}