{"item":{"id":30631,"titulo":"Decreto n\u00ba 133\/2025 - Decreta Luto Oficial no Munic\u00edpio e d\u00e1 outras provid\u00eancias (Jos\u00e9 Bispo)","numero":"133","categoria_id":15,"data":"2025-05-06 08:52:00","slug":"decreto-no-133-2025-decreta-luto-oficial-no-municipio-e-da-outras-providencias-jose-bispo","criado":"2025-05-08 08:48:44","alterado":"2025-05-08 08:52:00"},"outros":[{"id":33624,"titulo":"PORTARIA N\u00b0 503 DE 24 DE ABRIL DE 2026","numero":"503","categoria_id":23,"data":"2026-04-24 08:45:39","aprovada":"2026-04-24 08:45:39","slug":"portaria-n0-503-de-24-de-abril-de-2026","texto":"\u003Cp\u003EDesigna servidores para exercerem as fun\u0026ccedil;\u0026otilde;es de Gestor e Fiscal de Contrato, para atuarem no Contrato mencionado, no \u0026acirc;mbito da Prefeitura de Itabaiana\/SE.\u003C\/p\u003E","criado":"2026-04-27 08:45:39","alterado":"2026-04-27 08:45:39"},{"id":33623,"titulo":"PORTARIA N\u00b0 504 DE 24 DE ABRIL DE 2026","numero":"504","categoria_id":23,"data":"2026-04-24 08:38:04","aprovada":"2026-04-24 08:38:04","slug":"portaria-n0-504-de-24-de-abril-de-2026","texto":"\u003Cp\u003EDesigna servidores para exercerem as fun\u0026ccedil;\u0026otilde;es de Gestor e Fiscal de Contrato, para atuarem no Contrato mencionado, no \u0026acirc;mbito da Prefeitura de Itabaiana\/SE.\u003C\/p\u003E","criado":"2026-04-27 08:38:04","alterado":"2026-04-27 08:38:04"},{"id":33622,"titulo":"PORTARIA N\u00b0 504 DE 24 DE ABRIL DE 2026","numero":"504","categoria_id":3,"data":"2026-04-24 08:37:17","aprovada":"2026-04-24 08:37:17","slug":"portaria-n0-504-de-24-de-abril-de-2026","texto":"\u003Cp\u003EDesigna servidores para exercerem as fun\u0026ccedil;\u0026otilde;es de Gestor e Fiscal de Contrato, para atuarem no Contrato mencionado, no \u0026acirc;mbito da Prefeitura de Itabaiana\/SE.\u003C\/p\u003E","criado":"2026-04-27 08:37:17","alterado":"2026-04-27 08:37:17"}],"arquivos":[{"id":13630,"lei_id":30631,"nome":"Decreto n\u00ba 133\/2025","arquivo":"decreto-no-133-2025-luto-oficial-jose-bispo_e17f6f399d0adb635e82088.pdf","link":"\/download\/decreto-no-133-2025-luto-oficial-jose-bispo_e17f6f399d0adb635e82088.pdf","mimetype":"application\/pdf","ext":"pdf","criado":"2025-05-08 08:50:28","alterado":"2025-05-08 08:50:28"}],"pagina_atualizada_em":"2025-05-08T08:52:00-03:00"}