{"item":{"id":31217,"titulo":"Decreto n\u00ba 172\/2025 - Declara de utilidade p\u00fablica, para fins de desapropria\u00e7\u00e3o 18.401,88 m\u00b2 de um terreno baldio, localizado na Av. Vereador Olimpio Grande, para constru\u00e7\u00e3o do Centro Administrativo do Munic\u00edpio de Itabaiana","numero":"172","categoria_id":15,"data":"2025-06-05 15:13:07","slug":"decreto-no-172-2025-declara-de-utilidade-publica-para-fins-de-desapropriacao-18-401-88-m2-de-um-terreno-baldio-localizado-na-av-vereador-olimpio-grande-para-construcao-do-centro-administrativo-do-municipio-de-itabaiana","criado":"2025-06-30 15:12:23","alterado":"2025-06-30 15:13:07"},"outros":[{"id":33614,"titulo":"PORTARIA N\u00b0 499 DE 23 DE ABRIL DE 2026","numero":"499","categoria_id":3,"data":"2026-04-23 08:25:42","aprovada":"2026-04-23 08:25:42","slug":"portaria-n0-499-de-23-de-abril-de-2026","texto":"\u003Cp\u003EConcede Verba de Representa\u0026ccedil;\u0026atilde;o e d\u0026aacute; outras provid\u0026ecirc;ncias correlatas.\u003C\/p\u003E","criado":"2026-04-24 08:25:23","alterado":"2026-04-24 08:25:42"},{"id":33613,"titulo":"PORTARIA N\u00b0 498 DE 22 DE ABRIL DE 2026","numero":"498","categoria_id":3,"data":"2026-04-22 09:58:43","aprovada":"2026-04-22 09:58:43","slug":"portaria-n0-498-de-22-de-abril-de-2026","texto":"\u003Cp\u003EExonera e Revoga Verba de Representa\u0026ccedil;\u0026atilde;o de Assessor Especial VI e d\u0026aacute; outras provid\u0026ecirc;ncias correlatas.\u003C\/p\u003E","criado":"2026-04-23 09:58:43","alterado":"2026-04-23 09:58:43"},{"id":33612,"titulo":"PORTARIA N\u00b0 497 DE 22 DE ABRIL DE 2026","numero":"497","categoria_id":3,"data":"2026-04-22 09:57:08","aprovada":"2026-04-22 09:57:08","slug":"portaria-n0-497-de-22-de-abril-de-2026","texto":"\u003Cp\u003EConcede Verba de Representa\u0026ccedil;\u0026atilde;o e d\u0026aacute; outras provid\u0026ecirc;ncias correlatas.\u003C\/p\u003E","criado":"2026-04-23 09:57:08","alterado":"2026-04-23 09:57:08"}],"arquivos":[{"id":14229,"lei_id":31217,"nome":"Decreto n\u00ba 172\/2025","arquivo":"decreto-no-172-2025-desapropriacao-centro-administrativo_e5c5e3bc9fb5d2effc8ebe.pdf","link":"\/download\/decreto-no-172-2025-desapropriacao-centro-administrativo_e5c5e3bc9fb5d2effc8ebe.pdf","mimetype":"application\/pdf","ext":"pdf","criado":"2025-06-30 15:14:39","alterado":"2025-06-30 15:14:39"}],"pagina_atualizada_em":"2025-06-30T15:13:07-03:00"}