{"item":{"id":32604,"titulo":"Decreto n\u00ba 250\/2025 - Abre CREDITO SUPLEMENTAR no valor de 1.000.000,00 (UM MILH\u00c3O DE REAIS ) e d\u00e1 outras provid\u00eancias.","numero":"250","categoria_id":15,"data":"2025-07-31 22:24:58","slug":"decreto-no-250-2025-abre-credito-suplementar-no-valor-de-1-000-000-00-um-milhao-de-reais-e-da-outras-providencias","criado":"2025-12-03 22:24:58","alterado":"2025-12-03 22:24:58"},"outros":[{"id":33614,"titulo":"PORTARIA N\u00b0 499 DE 23 DE ABRIL DE 2026","numero":"499","categoria_id":3,"data":"2026-04-23 08:25:42","aprovada":"2026-04-23 08:25:42","slug":"portaria-n0-499-de-23-de-abril-de-2026","texto":"\u003Cp\u003EConcede Verba de Representa\u0026ccedil;\u0026atilde;o e d\u0026aacute; outras provid\u0026ecirc;ncias correlatas.\u003C\/p\u003E","criado":"2026-04-24 08:25:23","alterado":"2026-04-24 08:25:42"},{"id":33613,"titulo":"PORTARIA N\u00b0 498 DE 22 DE ABRIL DE 2026","numero":"498","categoria_id":3,"data":"2026-04-22 09:58:43","aprovada":"2026-04-22 09:58:43","slug":"portaria-n0-498-de-22-de-abril-de-2026","texto":"\u003Cp\u003EExonera e Revoga Verba de Representa\u0026ccedil;\u0026atilde;o de Assessor Especial VI e d\u0026aacute; outras provid\u0026ecirc;ncias correlatas.\u003C\/p\u003E","criado":"2026-04-23 09:58:43","alterado":"2026-04-23 09:58:43"},{"id":33612,"titulo":"PORTARIA N\u00b0 497 DE 22 DE ABRIL DE 2026","numero":"497","categoria_id":3,"data":"2026-04-22 09:57:08","aprovada":"2026-04-22 09:57:08","slug":"portaria-n0-497-de-22-de-abril-de-2026","texto":"\u003Cp\u003EConcede Verba de Representa\u0026ccedil;\u0026atilde;o e d\u0026aacute; outras provid\u0026ecirc;ncias correlatas.\u003C\/p\u003E","criado":"2026-04-23 09:57:08","alterado":"2026-04-23 09:57:08"}],"arquivos":[{"id":15627,"lei_id":32604,"nome":"Decreto n\u00ba 250\/2025","arquivo":"decreto-no-250-2025-contabilidade_e71ac5c7262c7a8eb90c30ec25540.pdf","link":"\/download\/decreto-no-250-2025-contabilidade_e71ac5c7262c7a8eb90c30ec25540.pdf","mimetype":"application\/pdf","ext":"pdf","criado":"2025-12-03 22:26:03","alterado":"2025-12-03 22:26:03"}],"pagina_atualizada_em":"2025-12-03T22:24:58-03:00"}