{"item":{"id":32717,"titulo":"Decreto n\u00ba 260\/2025 - Determina baixa de n\u00fameros de CNPJ do Munic\u00edpio de Itabaiana junto \u00e0 Receita Federal e d\u00e1 outras provid\u00eancias.","numero":"260","categoria_id":15,"data":"2025-08-06 20:14:04","slug":"decreto-no-260-2025-determina-baixa-de-numeros-de-cnpj-do-municipio-de-itabaiana-junto-a-receita-federal-e-da-outras-providencias","criado":"2025-12-11 20:14:04","alterado":"2025-12-11 20:14:04"},"outros":[{"id":33614,"titulo":"PORTARIA N\u00b0 499 DE 23 DE ABRIL DE 2026","numero":"499","categoria_id":3,"data":"2026-04-23 08:25:42","aprovada":"2026-04-23 08:25:42","slug":"portaria-n0-499-de-23-de-abril-de-2026","texto":"\u003Cp\u003EConcede Verba de Representa\u0026ccedil;\u0026atilde;o e d\u0026aacute; outras provid\u0026ecirc;ncias correlatas.\u003C\/p\u003E","criado":"2026-04-24 08:25:23","alterado":"2026-04-24 08:25:42"},{"id":33613,"titulo":"PORTARIA N\u00b0 498 DE 22 DE ABRIL DE 2026","numero":"498","categoria_id":3,"data":"2026-04-22 09:58:43","aprovada":"2026-04-22 09:58:43","slug":"portaria-n0-498-de-22-de-abril-de-2026","texto":"\u003Cp\u003EExonera e Revoga Verba de Representa\u0026ccedil;\u0026atilde;o de Assessor Especial VI e d\u0026aacute; outras provid\u0026ecirc;ncias correlatas.\u003C\/p\u003E","criado":"2026-04-23 09:58:43","alterado":"2026-04-23 09:58:43"},{"id":33612,"titulo":"PORTARIA N\u00b0 497 DE 22 DE ABRIL DE 2026","numero":"497","categoria_id":3,"data":"2026-04-22 09:57:08","aprovada":"2026-04-22 09:57:08","slug":"portaria-n0-497-de-22-de-abril-de-2026","texto":"\u003Cp\u003EConcede Verba de Representa\u0026ccedil;\u0026atilde;o e d\u0026aacute; outras provid\u0026ecirc;ncias correlatas.\u003C\/p\u003E","criado":"2026-04-23 09:57:08","alterado":"2026-04-23 09:57:08"}],"arquivos":[{"id":15731,"lei_id":32717,"nome":"Decreto n\u00ba 260\/2025","arquivo":"decreto-no-260-2025-baixa-no-cnpj_f41d3b8b24f7c4bd882e2fc.pdf","link":"\/download\/decreto-no-260-2025-baixa-no-cnpj_f41d3b8b24f7c4bd882e2fc.pdf","mimetype":"application\/pdf","ext":"pdf","criado":"2025-12-11 20:16:10","alterado":"2025-12-11 20:16:10"}],"pagina_atualizada_em":"2025-12-11T20:14:04-03:00"}