{"item":{"id":30392,"titulo":"Lei n\u00ba 2.834\/2025 - Institui o Projeto Caravana da Melhor Idade em alus\u00e3o ao Dia Mundial de Conscientiza\u00e7\u00e3o da Viol\u00eancia contra a Pessoa Idosa, denominado Junho Violeta, no \u00e2mbito do Munic\u00edpio de Itabaiana e d\u00e1 outras provid\u00eancias.","numero":"2834","categoria_id":17,"data":"2025-03-26 09:50:10","slug":"lei-no-2-834-2025-institui-o-projeto-caravana-da-melhor-idade-em-alusao-ao-dia-mundial-de-conscientizacao-da-violencia-contra-a-pessoa-idosa-denominado-junho-violeta-no-ambito-do-municipio-de-itabaiana-e-da-outras-providencias","criado":"2025-04-16 09:50:10","alterado":"2025-04-16 09:50:10"},"outros":[{"id":33624,"titulo":"PORTARIA N\u00b0 503 DE 24 DE ABRIL DE 2026","numero":"503","categoria_id":23,"data":"2026-04-24 08:45:39","aprovada":"2026-04-24 08:45:39","slug":"portaria-n0-503-de-24-de-abril-de-2026","texto":"\u003Cp\u003EDesigna servidores para exercerem as fun\u0026ccedil;\u0026otilde;es de Gestor e Fiscal de Contrato, para atuarem no Contrato mencionado, no \u0026acirc;mbito da Prefeitura de Itabaiana\/SE.\u003C\/p\u003E","criado":"2026-04-27 08:45:39","alterado":"2026-04-27 08:45:39"},{"id":33623,"titulo":"PORTARIA N\u00b0 504 DE 24 DE ABRIL DE 2026","numero":"504","categoria_id":23,"data":"2026-04-24 08:38:04","aprovada":"2026-04-24 08:38:04","slug":"portaria-n0-504-de-24-de-abril-de-2026","texto":"\u003Cp\u003EDesigna servidores para exercerem as fun\u0026ccedil;\u0026otilde;es de Gestor e Fiscal de Contrato, para atuarem no Contrato mencionado, no \u0026acirc;mbito da Prefeitura de Itabaiana\/SE.\u003C\/p\u003E","criado":"2026-04-27 08:38:04","alterado":"2026-04-27 08:38:04"},{"id":33622,"titulo":"PORTARIA N\u00b0 504 DE 24 DE ABRIL DE 2026","numero":"504","categoria_id":3,"data":"2026-04-24 08:37:17","aprovada":"2026-04-24 08:37:17","slug":"portaria-n0-504-de-24-de-abril-de-2026","texto":"\u003Cp\u003EDesigna servidores para exercerem as fun\u0026ccedil;\u0026otilde;es de Gestor e Fiscal de Contrato, para atuarem no Contrato mencionado, no \u0026acirc;mbito da Prefeitura de Itabaiana\/SE.\u003C\/p\u003E","criado":"2026-04-27 08:37:17","alterado":"2026-04-27 08:37:17"}],"arquivos":[{"id":13388,"lei_id":30392,"nome":"Lei n\u00ba 2.834\/2025","arquivo":"lei-no-2-834-2025-caravana-da-melhor-idade-junho-violeta_f87e30d92edd5c8152389bf2.pdf","link":"\/download\/lei-no-2-834-2025-caravana-da-melhor-idade-junho-violeta_f87e30d92edd5c8152389bf2.pdf","mimetype":"application\/pdf","ext":"pdf","criado":"2025-04-16 09:51:46","alterado":"2025-04-16 09:51:46"}],"pagina_atualizada_em":"2025-04-16T09:50:10-03:00"}