{"item":{"id":31250,"titulo":"Lei n\u00ba 2.864\/2025 - Concede subven\u00e7\u00e3o \u00e0 Associa\u00e7\u00e3o dos Pais e Amigos dos Excepcionais - APAE - de Itabaiana\/SE, e d\u00e1 outras provid\u00eancias","numero":"2864","categoria_id":17,"data":"2025-06-25 09:27:06","slug":"lei-no-2-864-2025-concede-subvencao-a-associacao-dos-pais-e-amigos-dos-excepcionais-apae-de-itabaiana-se-e-da-outras-providencias","criado":"2025-07-01 09:27:06","alterado":"2025-07-01 09:27:06"},"outros":[{"id":33614,"titulo":"PORTARIA N\u00b0 499 DE 23 DE ABRIL DE 2026","numero":"499","categoria_id":3,"data":"2026-04-23 08:25:42","aprovada":"2026-04-23 08:25:42","slug":"portaria-n0-499-de-23-de-abril-de-2026","texto":"\u003Cp\u003EConcede Verba de Representa\u0026ccedil;\u0026atilde;o e d\u0026aacute; outras provid\u0026ecirc;ncias correlatas.\u003C\/p\u003E","criado":"2026-04-24 08:25:23","alterado":"2026-04-24 08:25:42"},{"id":33613,"titulo":"PORTARIA N\u00b0 498 DE 22 DE ABRIL DE 2026","numero":"498","categoria_id":3,"data":"2026-04-22 09:58:43","aprovada":"2026-04-22 09:58:43","slug":"portaria-n0-498-de-22-de-abril-de-2026","texto":"\u003Cp\u003EExonera e Revoga Verba de Representa\u0026ccedil;\u0026atilde;o de Assessor Especial VI e d\u0026aacute; outras provid\u0026ecirc;ncias correlatas.\u003C\/p\u003E","criado":"2026-04-23 09:58:43","alterado":"2026-04-23 09:58:43"},{"id":33612,"titulo":"PORTARIA N\u00b0 497 DE 22 DE ABRIL DE 2026","numero":"497","categoria_id":3,"data":"2026-04-22 09:57:08","aprovada":"2026-04-22 09:57:08","slug":"portaria-n0-497-de-22-de-abril-de-2026","texto":"\u003Cp\u003EConcede Verba de Representa\u0026ccedil;\u0026atilde;o e d\u0026aacute; outras provid\u0026ecirc;ncias correlatas.\u003C\/p\u003E","criado":"2026-04-23 09:57:08","alterado":"2026-04-23 09:57:08"}],"arquivos":[{"id":14260,"lei_id":31250,"nome":"Lei n\u00ba 2.864\/2025","arquivo":"lei-no-2-864-2025-subvencao-apae_9805d9d156142655de2160743.pdf","link":"\/download\/lei-no-2-864-2025-subvencao-apae_9805d9d156142655de2160743.pdf","mimetype":"application\/pdf","ext":"pdf","criado":"2025-07-01 09:30:53","alterado":"2025-07-01 09:30:53"}],"pagina_atualizada_em":"2025-07-01T09:27:06-03:00"}