{"item":{"id":31609,"titulo":"Lei n\u00ba 2.875\/2025 - Disp\u00f5e sobre as diretrizes para a elabora\u00e7\u00e3o da Lei Or\u00e7ament\u00e1ria referente ao exerc\u00edcio de 2026 e d\u00e1 provid\u00eancias correlatas","numero":"2875","categoria_id":17,"data":"2025-07-18 09:36:01","slug":"lei-no-2-875-2025-dispoe-sobre-as-diretrizes-para-a-elaboracao-da-lei-orcamentaria-referente-ao-exercicio-de-2026-e-da-providencias-correlatas","criado":"2025-08-07 09:36:01","alterado":"2025-08-07 09:36:01"},"outros":[{"id":33614,"titulo":"PORTARIA N\u00b0 499 DE 23 DE ABRIL DE 2026","numero":"499","categoria_id":3,"data":"2026-04-23 08:25:42","aprovada":"2026-04-23 08:25:42","slug":"portaria-n0-499-de-23-de-abril-de-2026","texto":"\u003Cp\u003EConcede Verba de Representa\u0026ccedil;\u0026atilde;o e d\u0026aacute; outras provid\u0026ecirc;ncias correlatas.\u003C\/p\u003E","criado":"2026-04-24 08:25:23","alterado":"2026-04-24 08:25:42"},{"id":33613,"titulo":"PORTARIA N\u00b0 498 DE 22 DE ABRIL DE 2026","numero":"498","categoria_id":3,"data":"2026-04-22 09:58:43","aprovada":"2026-04-22 09:58:43","slug":"portaria-n0-498-de-22-de-abril-de-2026","texto":"\u003Cp\u003EExonera e Revoga Verba de Representa\u0026ccedil;\u0026atilde;o de Assessor Especial VI e d\u0026aacute; outras provid\u0026ecirc;ncias correlatas.\u003C\/p\u003E","criado":"2026-04-23 09:58:43","alterado":"2026-04-23 09:58:43"},{"id":33612,"titulo":"PORTARIA N\u00b0 497 DE 22 DE ABRIL DE 2026","numero":"497","categoria_id":3,"data":"2026-04-22 09:57:08","aprovada":"2026-04-22 09:57:08","slug":"portaria-n0-497-de-22-de-abril-de-2026","texto":"\u003Cp\u003EConcede Verba de Representa\u0026ccedil;\u0026atilde;o e d\u0026aacute; outras provid\u0026ecirc;ncias correlatas.\u003C\/p\u003E","criado":"2026-04-23 09:57:08","alterado":"2026-04-23 09:57:08"}],"arquivos":[{"id":14629,"lei_id":31609,"nome":"Lei n\u00ba 2.875\/2025","arquivo":"lei-no-2-875-2025-loa-2026_ed10c5eab17232113b4b567d665.pdf","link":"\/download\/lei-no-2-875-2025-loa-2026_ed10c5eab17232113b4b567d665.pdf","mimetype":"application\/pdf","ext":"pdf","criado":"2025-08-07 09:39:04","alterado":"2025-08-07 09:39:04"}],"pagina_atualizada_em":"2025-08-07T09:36:01-03:00"}