{"pagina_atualizada_em":"2026-04-24T08:25:42-03:00","categorias":[{"id":7,"nome":"Atos","slug":"atos","alterado":"2021-04-20 23:24:11"},{"id":15,"nome":"Decretos","slug":"decretos","criado":"2022-01-13 11:17:56","alterado":"2022-07-06 15:13:13"},{"id":27,"nome":"Decretos Legislativos","slug":"decretos-legislativos","criado":"2024-08-12 09:25:51","alterado":"2024-08-12 09:25:51"},{"id":26,"nome":"Fiscais de Contratos - SMTT","slug":"fiscais-de-contratos-smtt","criado":"2024-05-21 11:25:41","alterado":"2024-05-21 11:25:41"},{"id":24,"nome":"Gest\u00e3o Democr\u00e1tica - Escolas Municipais","slug":"gestao-democratica-escolas-municipais","criado":"2023-08-30 10:50:07","alterado":"2023-08-30 10:50:07"},{"id":5,"nome":"LDO - Lei de Diretrizes Or\u00e7ament\u00e1rias","slug":"ldo-lei-de-diretrizes-orcamentarias","alterado":"2021-04-19 17:46:23"},{"id":18,"nome":"Leis Complementares","slug":"leis-complementares","criado":"2022-06-07 16:32:20","alterado":"2022-07-06 15:12:17"},{"id":17,"nome":"Leis Ordin\u00e1rias","slug":"leis-ordinarias","criado":"2022-01-13 13:37:48","alterado":"2022-07-06 15:12:40"},{"id":6,"nome":"LOA - Lei Or\u00e7ament\u00e1ria Anual","slug":"loa-lei-orcamentaria-anual","alterado":"2021-04-16 15:26:53"},{"id":3,"nome":"Portaria","slug":"portaria","alterado":"2021-04-16 15:27:00"},{"id":25,"nome":"Portaria - SMTT","slug":"portaria-smtt","criado":"2024-05-21 11:18:49","alterado":"2024-05-21 11:19:10"},{"id":23,"nome":"Portarias de Contratos","slug":"portarias-de-contratos","criado":"2023-07-25 09:17:38","alterado":"2025-05-28 14:14:04"},{"id":4,"nome":"PPA - Plano Plurianual","slug":"ppa-plano-plurianual","alterado":"2021-04-16 15:26:59"},{"id":28,"nome":"Resolu\u00e7\u00f5es","slug":"resolucoes","criado":"2026-02-04 11:29:46","alterado":"2026-02-04 11:29:46"}],"categoria":null,"paginacao":{"atual":141,"proxima":142,"anterior":140,"total_registros":15149,"total_paginas":1010},"itens":[{"id":31427,"titulo":"PORTARIA N\u00ba 1082 DE 21 DE JULHO DE 2025","numero":"1082","categoria_id":3,"data":"2025-07-21 09:00:11","aprovada":"2025-07-21 09:00:11","slug":"portaria-no-1082-de-21-de-julho-de-2025","texto":"\u003Cp\u003EDesigna servidores para exercerem as fun\u0026ccedil;\u0026otilde;es de Gestor e Fiscal de Contrato, para atuarem no Contrato mencionado, no \u0026acirc;mbito da Prefeitura de Itabaiana\/SE.\u003C\/p\u003E","criado":"2025-07-22 09:00:11","alterado":"2025-07-22 09:00:11"},{"id":31428,"titulo":"PORTARIA N\u00ba 1082 DE 21 DE JULHO DE 2025","numero":"1082","categoria_id":23,"data":"2025-07-21 10:52:34","aprovada":"2025-07-21 10:52:34","slug":"portaria-no-1082-de-21-de-julho-de-2025","texto":"\u003Cp\u003EDesigna servidores para exercerem as fun\u0026ccedil;\u0026otilde;es de Gestor e Fiscal de Contrato, para atuarem no Contrato mencionado, no \u0026acirc;mbito da Prefeitura de Itabaiana\/SE.\u003C\/p\u003E","criado":"2025-07-22 09:01:17","alterado":"2025-07-25 10:52:34"},{"id":31426,"titulo":"PORTARIA N\u00ba 1081 DE 21 DE JULHO DE 2025","numero":"1081","categoria_id":3,"data":"2025-07-21 08:58:54","aprovada":"2025-07-21 08:58:54","slug":"portaria-no-1081-de-21-de-julho-de-2025","texto":"\u003Cp\u003EExonera a pedido Servidor(a) P\u0026uacute;blico(a) Municipal e d\u0026aacute; outras provid\u0026ecirc;ncias.\u003C\/p\u003E","criado":"2025-07-22 08:58:54","alterado":"2025-07-22 08:58:54"},{"id":31425,"titulo":"ERRATA PORTARIA N\u00ba 1061 DE 21 DE JULHO DE 2025","numero":"1061","categoria_id":3,"data":"2025-07-21 08:54:54","aprovada":"2025-07-21 08:54:54","slug":"errata-portaria-no-1061-de-21-de-julho-de-2025","texto":"\u003Cp\u003EConcede Licen\u0026ccedil;a Pr\u0026ecirc;mio pelo per\u0026iacute;odo de 90 (noventa) dias, contados de 15\/07\/2025 a 12\/10\/2025, a servidora Maria dos Santos, portadora do CPF: 498. ***.***-34, Professor de Educa\u0026ccedil;\u0026atilde;o B\u0026aacute;sica III 200h, integrante do Quadro do Magist\u0026eacute;rio do Munic\u0026iacute;pio de Itabaiana.\u003C\/p\u003E","criado":"2025-07-22 08:54:54","alterado":"2025-07-22 08:54:54"},{"id":31609,"titulo":"Lei n\u00ba 2.875\/2025 - Disp\u00f5e sobre as diretrizes para a elabora\u00e7\u00e3o da Lei Or\u00e7ament\u00e1ria referente ao exerc\u00edcio de 2026 e d\u00e1 provid\u00eancias correlatas","numero":"2875","categoria_id":17,"data":"2025-07-18 09:36:01","slug":"lei-no-2-875-2025-dispoe-sobre-as-diretrizes-para-a-elaboracao-da-lei-orcamentaria-referente-ao-exercicio-de-2026-e-da-providencias-correlatas","criado":"2025-08-07 09:36:01","alterado":"2025-08-07 09:36:01"},{"id":32584,"titulo":"Decreto n\u00ba 228\/2025 - Declara de Utilidade P\u00fablica para fins de desapropria\u00e7\u00e3o, im\u00f3vel localizado na Rua Projetada, visando a amplia\u00e7\u00e3o do Cemit\u00e9rio Municipal do Povoado Rio das Pedras","numero":"228","categoria_id":15,"data":"2025-07-18 21:38:17","slug":"decreto-no-228-2025-declara-de-utilidade-publica-para-fins-de-desapropriacao-imovel-localizado-na-rua-projetada-visando-a-ampliacao-do-cemiterio-municipal-do-povoado-rio-das-pedras","criado":"2025-12-02 21:38:17","alterado":"2025-12-02 21:38:17"},{"id":31617,"titulo":"Decreto n\u00ba 227\/2025 - Declara de utilidade p\u00fablica para fins de desapropria\u00e7\u00e3o, im\u00f3vel de matr\u00edcula n\u00ba 21.044, pertencente a empresa DNA Constru\u00e7\u00f5es e Incorpora\u00e7\u00f5es Ltda, visando a constru\u00e7\u00e3o de um campo de futebol.","numero":"227","categoria_id":15,"data":"2025-07-18 09:36:32","slug":"decreto-no-227-2025-declara-de-utilidade-publica-para-fins-de-desapropriacao-imovel-de-matricula-no-21-044-pertencente-a-empresa-dna-construcoes-e-incorporacoes-ltda-visando-a-construcao-de-um-campo-de-futebol","criado":"2025-08-11 09:36:32","alterado":"2025-08-11 09:36:32"},{"id":31608,"titulo":"Decreto n\u00ba 226\/2025 - Abre CREDITO SUPLEMENTAR no valor de 523.267,70 (QUINHENTOS E VINTE E TR\u00caS MIL E DUZENTOS E SESSENTA E SETE REAIS E SETENTA CENTAVOS) e d\u00e1 outras provid\u00eancias.","numero":"226","categoria_id":15,"data":"2025-07-18 09:32:54","slug":"decreto-no-226-2025-abre-credito-suplementar-no-valor-de-523-267-70-quinhentos-e-vinte-e-tres-mil-e-duzentos-e-sessenta-e-sete-reais-e-setenta-centavos-e-da-outras-providencias","criado":"2025-08-07 09:32:54","alterado":"2025-08-07 09:32:54"},{"id":31616,"titulo":"Decreto n\u00ba 225\/2025 - Abre CREDITO SUPLEMENTAR no valor de 1.190.000,00 (UM MILH\u00c3O E CENTO E NOVENTA MIL REAIS ) e d\u00e1 outras provid\u00eancias.","numero":"225","categoria_id":15,"data":"2025-07-18 09:32:21","slug":"decreto-no-225-2025-abre-credito-suplementar-no-valor-de-1-190-000-00-um-milhao-e-cento-e-noventa-mil-reais-e-da-outras-providencias","criado":"2025-08-11 09:32:21","alterado":"2025-08-11 09:32:21"},{"id":31421,"titulo":"PORTARIA N\u00ba 1080 DE 18 DE JULHO DE 2025","numero":"1080","categoria_id":3,"data":"2025-07-18 08:37:53","aprovada":"2025-07-18 08:37:53","slug":"portaria-no-1080-de-18-de-julho-de-2025","texto":"\u003Cp\u003ENomeia Assessores Especiais e d\u0026aacute; outras provid\u0026ecirc;ncias correlatas.\u003C\/p\u003E","criado":"2025-07-21 08:37:53","alterado":"2025-07-21 08:37:53"},{"id":31420,"titulo":"PORTARIA N\u00ba 1079 DE 18 DE JULHO DE 2025","numero":"1079","categoria_id":3,"data":"2025-07-18 08:36:08","aprovada":"2025-07-18 08:36:08","slug":"portaria-no-1079-de-18-de-julho-de-2025","texto":"\u003Cp\u003EExonera e Revoga Verba de Representa\u0026ccedil;\u0026atilde;o de Coordenador de N\u0026uacute;cleo e d\u0026aacute; outras provid\u0026ecirc;ncias correlatas.\u003C\/p\u003E","criado":"2025-07-21 08:36:08","alterado":"2025-07-21 08:36:08"},{"id":31419,"titulo":"PORTARIA N\u00ba 1078 DE 18 DE JULHO DE 2025","numero":"1078","categoria_id":3,"data":"2025-07-18 08:33:30","aprovada":"2025-07-18 08:33:30","slug":"portaria-no-1078-de-18-de-julho-de-2025","texto":"\u003Cp\u003EExonera Assessores Especiais e d\u0026aacute; outras provid\u0026ecirc;ncias correlatas.\u003C\/p\u003E","criado":"2025-07-21 08:33:30","alterado":"2025-07-21 08:33:30"},{"id":31417,"titulo":"PORTARIA SMTT N\u00ba 047.2025 DE 17 DE JULHO DE 2025","numero":"47","categoria_id":26,"data":"2025-07-17 11:10:40","aprovada":"2025-07-17 11:10:40","slug":"portaria-smtt-no-047-2025-de-17-de-julho-de-2025","texto":"\u003Cp\u003EDesigna servidores para exercerem as fun\u0026ccedil;\u0026otilde;es de Gestor e Fiscal de Contrato, para atuarem no Contrato mencionado, no \u0026acirc;mbito da SMTT de Itabaiana\/SE.\u003C\/p\u003E","criado":"2025-07-18 11:10:40","alterado":"2025-07-18 11:10:40"},{"id":31418,"titulo":"PORTARIA SMTT N\u00ba 047.2025 DE 17 DE JULHO DE 2025","numero":"47","categoria_id":25,"data":"2025-07-17 11:11:38","aprovada":"2025-07-17 11:11:38","slug":"portaria-smtt-no-047-2025-de-17-de-julho-de-2025","texto":"\u003Cp\u003EDesigna servidores para exercerem as fun\u0026ccedil;\u0026otilde;es de Gestor e Fiscal de Contrato, para atuarem no Contrato mencionado, no \u0026acirc;mbito da SMTT de Itabaiana\/SE.\u003C\/p\u003E","criado":"2025-07-18 11:11:38","alterado":"2025-07-18 11:11:38"},{"id":31415,"titulo":"PORTARIA N\u00ba 339 DE 17 DE JULHO DE 2025","numero":"339","categoria_id":3,"data":"2025-07-17 11:05:26","aprovada":"2025-07-17 11:05:26","slug":"portaria-no-339-de-17-de-julho-de-2025","texto":"\u003Cp\u003EDesigna servidores para exercerem as fun\u0026ccedil;\u0026otilde;es de Gestor e Fiscal de Contrato, para atuarem no Contrato mencionado, no \u0026acirc;mbito da Prefeitura de Itabaiana\/SE.\u003C\/p\u003E","criado":"2025-07-18 11:05:26","alterado":"2025-07-18 11:05:26"}],"ano":null,"busca":null}