{"pagina_atualizada_em":"2026-04-27T08:45:39-03:00","categorias":[{"id":7,"nome":"Atos","slug":"atos","alterado":"2021-04-20 23:24:11"},{"id":15,"nome":"Decretos","slug":"decretos","criado":"2022-01-13 11:17:56","alterado":"2022-07-06 15:13:13"},{"id":27,"nome":"Decretos Legislativos","slug":"decretos-legislativos","criado":"2024-08-12 09:25:51","alterado":"2024-08-12 09:25:51"},{"id":26,"nome":"Fiscais de Contratos - SMTT","slug":"fiscais-de-contratos-smtt","criado":"2024-05-21 11:25:41","alterado":"2024-05-21 11:25:41"},{"id":24,"nome":"Gest\u00e3o Democr\u00e1tica - Escolas Municipais","slug":"gestao-democratica-escolas-municipais","criado":"2023-08-30 10:50:07","alterado":"2023-08-30 10:50:07"},{"id":5,"nome":"LDO - Lei de Diretrizes Or\u00e7ament\u00e1rias","slug":"ldo-lei-de-diretrizes-orcamentarias","alterado":"2021-04-19 17:46:23"},{"id":18,"nome":"Leis Complementares","slug":"leis-complementares","criado":"2022-06-07 16:32:20","alterado":"2022-07-06 15:12:17"},{"id":17,"nome":"Leis Ordin\u00e1rias","slug":"leis-ordinarias","criado":"2022-01-13 13:37:48","alterado":"2022-07-06 15:12:40"},{"id":6,"nome":"LOA - Lei Or\u00e7ament\u00e1ria Anual","slug":"loa-lei-orcamentaria-anual","alterado":"2021-04-16 15:26:53"},{"id":3,"nome":"Portaria","slug":"portaria","alterado":"2021-04-16 15:27:00"},{"id":25,"nome":"Portaria - SMTT","slug":"portaria-smtt","criado":"2024-05-21 11:18:49","alterado":"2024-05-21 11:19:10"},{"id":23,"nome":"Portarias de Contratos","slug":"portarias-de-contratos","criado":"2023-07-25 09:17:38","alterado":"2025-05-28 14:14:04"},{"id":4,"nome":"PPA - Plano Plurianual","slug":"ppa-plano-plurianual","alterado":"2021-04-16 15:26:59"},{"id":28,"nome":"Resolu\u00e7\u00f5es","slug":"resolucoes","criado":"2026-02-04 11:29:46","alterado":"2026-02-04 11:29:46"}],"categoria":null,"paginacao":{"atual":224,"proxima":225,"anterior":223,"total_registros":15159,"total_paginas":1011},"itens":[{"id":30113,"titulo":"PORTARIA N\u00ba 466 DE 19 DE MAR\u00c7O DE 2025","numero":"466","categoria_id":23,"data":"2025-03-19 09:53:08","aprovada":"2025-03-19 09:53:08","slug":"portaria-no-466-de-19-de-marco-de-2025","texto":"\u003Cp\u003EDesigna servidores para exercerem as fun\u0026ccedil;\u0026otilde;es de Gestor e Fiscal de Contrato, para atuarem no Contrato mencionado, no \u0026acirc;mbito da Prefeitura de Itabaiana\/SE.\u003C\/p\u003E","criado":"2025-03-20 09:53:08","alterado":"2025-03-20 09:53:08"},{"id":30116,"titulo":"PORTARIA N\u00ba 465 DE 19 DE MAR\u00c7O DE 2025","numero":"465","categoria_id":3,"data":"2025-03-19 09:57:48","aprovada":"2025-03-19 09:57:48","slug":"portaria-no-465-de-19-de-marco-de-2025","texto":"\u003Cp\u003EDesigna servidores para exercerem as fun\u0026ccedil;\u0026otilde;es de Gestor e Fiscal de Contrato, para atuarem no Contrato mencionado, no \u0026acirc;mbito da Prefeitura de Itabaiana\/SE.\u003C\/p\u003E","criado":"2025-03-20 09:57:48","alterado":"2025-03-20 09:57:48"},{"id":30117,"titulo":"PORTARIA N\u00ba 465 DE 19 DE MAR\u00c7O DE 2025","numero":"465","categoria_id":23,"data":"2025-03-19 09:58:46","aprovada":"2025-03-19 09:58:46","slug":"portaria-no-465-de-19-de-marco-de-2025","texto":"\u003Cp\u003EDesigna servidores para exercerem as fun\u0026ccedil;\u0026otilde;es de Gestor e Fiscal de Contrato, para atuarem no Contrato mencionado, no \u0026acirc;mbito da Prefeitura de Itabaiana\/SE.\u003C\/p\u003E","criado":"2025-03-20 09:58:46","alterado":"2025-03-20 09:58:46"},{"id":30114,"titulo":"PORTARIA N\u00ba 464 DE 19 DE MAR\u00c7O DE 2025","numero":"464","categoria_id":3,"data":"2025-03-19 09:54:17","aprovada":"2025-03-19 09:54:17","slug":"portaria-no-464-de-19-de-marco-de-2025","texto":"\u003Cp\u003EDesigna servidores para exercerem as fun\u0026ccedil;\u0026otilde;es de Gestor e Fiscal de Contrato, para atuarem no Contrato mencionado, no \u0026acirc;mbito da Prefeitura de Itabaiana\/SE.\u003C\/p\u003E","criado":"2025-03-20 09:54:17","alterado":"2025-03-20 09:54:17"},{"id":30115,"titulo":"PORTARIA N\u00ba 464 DE 19 DE MAR\u00c7O DE 2025","numero":"464","categoria_id":23,"data":"2025-03-19 09:57:00","aprovada":"2025-03-19 09:57:00","slug":"portaria-no-464-de-19-de-marco-de-2025","texto":"\u003Cp\u003EDesigna servidores para exercerem as fun\u0026ccedil;\u0026otilde;es de Gestor e Fiscal de Contrato, para atuarem no Contrato mencionado, no \u0026acirc;mbito da Prefeitura de Itabaiana\/SE.\u003C\/p\u003E","criado":"2025-03-20 09:57:00","alterado":"2025-03-20 09:57:00"},{"id":30110,"titulo":"PORTARIA N\u00ba 463 DE 19 DE MAR\u00c7O DE 2025","numero":"463","categoria_id":3,"data":"2025-03-19 09:44:16","aprovada":"2025-03-19 09:44:16","slug":"portaria-no-463-de-19-de-marco-de-2025","texto":"\u003Cp\u003EDesigna servidores para exercerem as fun\u0026ccedil;\u0026otilde;es de Gestor e Fiscal de Contrato, para atuarem no Contrato mencionado, no \u0026acirc;mbito da Prefeitura de Itabaiana\/SE.\u003C\/p\u003E","criado":"2025-03-20 09:44:16","alterado":"2025-03-20 09:44:16"},{"id":30111,"titulo":"PORTARIA N\u00ba 463 DE 19 DE MAR\u00c7O DE 2025","numero":"463","categoria_id":23,"data":"2025-03-19 09:51:06","aprovada":"2025-03-19 09:51:06","slug":"portaria-no-463-de-19-de-marco-de-2025","texto":"\u003Cp\u003EDesigna servidores para exercerem as fun\u0026ccedil;\u0026otilde;es de Gestor e Fiscal de Contrato, para atuarem no Contrato mencionado, no \u0026acirc;mbito da Prefeitura de Itabaiana\/SE.\u003C\/p\u003E","criado":"2025-03-20 09:51:06","alterado":"2025-03-20 09:51:06"},{"id":30108,"titulo":"PORTARIA N\u00ba 462 DE 19 DE MAR\u00c7O DE 2025","numero":"462","categoria_id":3,"data":"2025-03-19 09:35:55","aprovada":"2025-03-19 09:35:55","slug":"portaria-no-462-de-19-de-marco-de-2025","texto":"\u003Cp\u003EDesigna servidores para exercerem as fun\u0026ccedil;\u0026otilde;es de Gestor e Fiscal de Contrato, para atuarem no Contrato mencionado, no \u0026acirc;mbito da Prefeitura de Itabaiana\/SE.\u003C\/p\u003E","criado":"2025-03-20 09:33:14","alterado":"2025-03-20 09:35:55"},{"id":30109,"titulo":"PORTARIA N\u00ba 462 DE 19 DE MAR\u00c7O DE 2025","numero":"462","categoria_id":23,"data":"2025-03-19 09:35:38","aprovada":"2025-03-19 09:35:38","slug":"portaria-no-462-de-19-de-marco-de-2025","texto":"\u003Cp\u003EDesigna servidores para exercerem as fun\u0026ccedil;\u0026otilde;es de Gestor e Fiscal de Contrato, para atuarem no Contrato mencionado, no \u0026acirc;mbito da Prefeitura de Itabaiana\/SE.\u003C\/p\u003E","criado":"2025-03-20 09:34:09","alterado":"2025-03-20 09:35:38"},{"id":30106,"titulo":"PORTARIA N\u00ba 461 DE 19 DE MAR\u00c7O DE 2025","numero":"461","categoria_id":3,"data":"2025-03-19 09:28:24","aprovada":"2025-03-19 09:28:24","slug":"portaria-no-461-de-19-de-marco-de-2025","texto":"\u003Cp\u003EDesigna servidores para exercerem as fun\u0026ccedil;\u0026otilde;es de Gestor e Fiscal de Contrato, para atuarem no Contrato mencionado, no \u0026acirc;mbito da Prefeitura de Itabaiana\/SE.\u003C\/p\u003E","criado":"2025-03-20 09:28:24","alterado":"2025-03-20 09:28:24"},{"id":30107,"titulo":"PORTARIA N\u00ba 461 DE 19 DE MAR\u00c7O DE 2025","numero":"461","categoria_id":3,"data":"2025-03-19 09:28:59","aprovada":"2025-03-19 09:28:59","slug":"portaria-no-461-de-19-de-marco-de-2025","texto":"\u003Cp\u003EDesigna servidores para exercerem as fun\u0026ccedil;\u0026otilde;es de Gestor e Fiscal de Contrato, para atuarem no Contrato mencionado, no \u0026acirc;mbito da Prefeitura de Itabaiana\/SE.\u003C\/p\u003E","criado":"2025-03-20 09:28:59","alterado":"2025-03-20 09:28:59"},{"id":30105,"titulo":"PORTARIA N\u00ba 460 DE 19 DE MAR\u00c7O DE 2025","numero":"460","categoria_id":3,"data":"2025-03-19 09:27:06","aprovada":"2025-03-19 09:27:06","slug":"portaria-no-460-de-19-de-marco-de-2025","texto":"\u003Cp\u003EConcede Licen\u0026ccedil;a para Tratar de Interesse Particular e d\u0026aacute; outras provid\u0026ecirc;ncias.\u003C\/p\u003E","criado":"2025-03-20 09:27:06","alterado":"2025-03-20 09:27:06"},{"id":30104,"titulo":"ERRATA PORTARIA N\u00ba 457 DE 19 DE MAR\u00c7O DE 2025","numero":"457","categoria_id":3,"data":"2025-03-19 09:24:30","aprovada":"2025-03-19 09:24:30","slug":"errata-portaria-no-457-de-19-de-marco-de-2025","texto":"\u003Cp\u003ENomeia Assessores Especiais.\u003C\/p\u003E","criado":"2025-03-20 09:24:30","alterado":"2025-03-20 09:24:30"},{"id":30371,"titulo":"Decreto n\u00ba 072\/2025 - Abre CREDITO SUPLEMENTAR no valor de 36.000,00 (TRINTA E SEIS MIL REAIS ) e d\u00e1 outras provid\u00eancias","numero":"72","categoria_id":15,"data":"2025-03-18 16:27:03","slug":"decreto-no-072-2025-abre-credito-suplementar-no-valor-de-36-000-00-trinta-e-seis-mil-reais-e-da-outras-providencias","criado":"2025-04-15 16:27:03","alterado":"2025-04-15 16:27:03"},{"id":30372,"titulo":"Decreto n\u00ba 071\/2025 - Abre CREDITO SUPLEMENTAR no valor de 1.372.617,82 (UM MILH\u00c3O E TREZENTOS E SETENTA E DOIS MIL E SEISCENTOS E DEZESSETE REAIS E OITENTA E DOIS CENTAVOS) e d\u00e1 outras provid\u00eancias.","numero":"71","categoria_id":15,"data":"2025-03-18 16:29:24","slug":"decreto-no-071-2025-abre-credito-suplementar-no-valor-de-1-372-617-82-um-milhao-e-trezentos-e-setenta-e-dois-mil-e-seiscentos-e-dezessete-reais-e-oitenta-e-dois-centavos-e-da-outras-providencias","criado":"2025-04-15 16:29:24","alterado":"2025-04-15 16:29:24"}],"ano":null,"busca":null}