{"pagina_atualizada_em":"2026-04-27T08:45:39-03:00","categorias":[{"id":7,"nome":"Atos","slug":"atos","alterado":"2021-04-20 23:24:11"},{"id":15,"nome":"Decretos","slug":"decretos","criado":"2022-01-13 11:17:56","alterado":"2022-07-06 15:13:13"},{"id":27,"nome":"Decretos Legislativos","slug":"decretos-legislativos","criado":"2024-08-12 09:25:51","alterado":"2024-08-12 09:25:51"},{"id":26,"nome":"Fiscais de Contratos - SMTT","slug":"fiscais-de-contratos-smtt","criado":"2024-05-21 11:25:41","alterado":"2024-05-21 11:25:41"},{"id":24,"nome":"Gest\u00e3o Democr\u00e1tica - Escolas Municipais","slug":"gestao-democratica-escolas-municipais","criado":"2023-08-30 10:50:07","alterado":"2023-08-30 10:50:07"},{"id":5,"nome":"LDO - Lei de Diretrizes Or\u00e7ament\u00e1rias","slug":"ldo-lei-de-diretrizes-orcamentarias","alterado":"2021-04-19 17:46:23"},{"id":18,"nome":"Leis Complementares","slug":"leis-complementares","criado":"2022-06-07 16:32:20","alterado":"2022-07-06 15:12:17"},{"id":17,"nome":"Leis Ordin\u00e1rias","slug":"leis-ordinarias","criado":"2022-01-13 13:37:48","alterado":"2022-07-06 15:12:40"},{"id":6,"nome":"LOA - Lei Or\u00e7ament\u00e1ria Anual","slug":"loa-lei-orcamentaria-anual","alterado":"2021-04-16 15:26:53"},{"id":3,"nome":"Portaria","slug":"portaria","alterado":"2021-04-16 15:27:00"},{"id":25,"nome":"Portaria - SMTT","slug":"portaria-smtt","criado":"2024-05-21 11:18:49","alterado":"2024-05-21 11:19:10"},{"id":23,"nome":"Portarias de Contratos","slug":"portarias-de-contratos","criado":"2023-07-25 09:17:38","alterado":"2025-05-28 14:14:04"},{"id":4,"nome":"PPA - Plano Plurianual","slug":"ppa-plano-plurianual","alterado":"2021-04-16 15:26:59"},{"id":28,"nome":"Resolu\u00e7\u00f5es","slug":"resolucoes","criado":"2026-02-04 11:29:46","alterado":"2026-02-04 11:29:46"}],"categoria":null,"paginacao":{"atual":235,"proxima":236,"anterior":234,"total_registros":15159,"total_paginas":1011},"itens":[{"id":29973,"titulo":"PORTARIA N\u00ba 367 DE 28 DE FEVEREIRO DE 2025","numero":"367","categoria_id":3,"data":"2025-02-28 11:25:53","aprovada":"2025-02-28 11:25:53","slug":"portaria-no-367-de-28-de-fevereiro-de-2025","texto":"\u003Cp\u003EDesigna servidores para exercerem as fun\u0026ccedil;\u0026otilde;es de Gestor e Fiscal de Contrato, para atuarem no Contrato mencionado, no \u0026acirc;mbito da Prefeitura de Itabaiana\/SE.\u003C\/p\u003E","criado":"2025-03-06 11:22:44","alterado":"2025-03-06 11:25:53"},{"id":29974,"titulo":"PORTARIA N\u00ba 367 DE 28 DE FEVEREIRO DE 2025","numero":"367","categoria_id":23,"data":"2025-02-28 11:27:18","aprovada":"2025-02-28 11:27:18","slug":"portaria-no-367-de-28-de-fevereiro-de-2025","texto":"\u003Cp\u003EDesigna servidores para exercerem as fun\u0026ccedil;\u0026otilde;es de Gestor e Fiscal de Contrato, para atuarem no Contrato mencionado, no \u0026acirc;mbito da Prefeitura de Itabaiana\/SE.\u003C\/p\u003E","criado":"2025-03-06 11:27:18","alterado":"2025-03-06 11:27:18"},{"id":29972,"titulo":"PORTARIA N\u00ba 366 DE 28 DE FEVEREIRO DE 2025","numero":"366","categoria_id":3,"data":"2025-02-28 11:37:31","aprovada":"2025-02-28 11:37:31","slug":"portaria-no-366-de-28-de-fevereiro-de-2025","texto":"\u003Cp\u003EExonera Assessores Especiais e d\u0026aacute; outras provid\u0026ecirc;ncias correlatas.\u003Cbr \/\u003E\u0026nbsp;\u003C\/p\u003E","criado":"2025-03-06 10:57:12","alterado":"2025-03-06 11:37:31"},{"id":29971,"titulo":"PORTARIA N\u00ba 365 DE 28 DE FEVEREIRO DE 2025","numero":"365","categoria_id":3,"data":"2025-02-28 10:54:42","aprovada":"2025-02-28 10:54:42","slug":"portaria-no-365-de-28-de-fevereiro-de-2025","texto":"\u003Cp\u003EExonera Assessores Especiais e d\u0026aacute; outras provid\u0026ecirc;ncias correlatas.\u003C\/p\u003E","criado":"2025-03-06 10:54:42","alterado":"2025-03-06 10:54:42"},{"id":29970,"titulo":"PORTARIA N\u00ba 364 DE 28 DE FEVEREIRO DE 2025","numero":"364","categoria_id":3,"data":"2025-02-28 10:51:51","aprovada":"2025-02-28 10:51:51","slug":"portaria-no-364-de-28-de-fevereiro-de-2025","texto":"\u003Cp\u003EExonera a pedido Servidor(a) P\u0026uacute;blico(a) Municipal e d\u0026aacute; outras provid\u0026ecirc;ncias.\u003C\/p\u003E","criado":"2025-03-06 10:51:51","alterado":"2025-03-06 10:51:51"},{"id":29969,"titulo":"PORTARIA N\u00ba 363 DE 28 DE FEVEREIRO DE 2025","numero":"363","categoria_id":3,"data":"2025-02-28 10:49:04","aprovada":"2025-02-28 10:49:04","slug":"portaria-no-363-de-28-de-fevereiro-de-2025","texto":"\u003Cp\u003EExonera Assessor Especial VI e d\u0026aacute; outras provid\u0026ecirc;ncias.\u003C\/p\u003E","criado":"2025-03-06 10:49:04","alterado":"2025-03-06 10:49:04"},{"id":29968,"titulo":"PORTARIA N\u00ba 362 DE 28 DE FEVEREIRO DE 2025","numero":"362","categoria_id":3,"data":"2025-02-28 11:40:14","aprovada":"2025-02-28 11:40:14","slug":"portaria-no-362-de-28-de-fevereiro-de-2025","texto":"\u003Cp\u003EExonerar Assessor Especial III e d\u0026aacute; outras provid\u0026ecirc;ncias correlatas.\u003C\/p\u003E","criado":"2025-03-06 10:42:00","alterado":"2025-03-06 11:40:14"},{"id":29967,"titulo":"PORTARIA N\u00ba 361 DE 28 DE FEVEREIRO DE 2025","numero":"361","categoria_id":3,"data":"2025-02-28 11:41:49","aprovada":"2025-02-28 11:41:49","slug":"portaria-no-361-de-28-de-fevereiro-de-2025","texto":"\u003Cp\u003EExonera Assessor Especial III e d\u0026aacute; outras provid\u0026ecirc;ncias.\u003C\/p\u003E","criado":"2025-03-06 10:39:52","alterado":"2025-03-06 11:41:49"},{"id":29966,"titulo":"PORTARIA N\u00ba 360 DE 28 DE FEVEREIRO DE 2025","numero":"360","categoria_id":3,"data":"2025-02-28 10:29:49","aprovada":"2025-02-28 10:29:49","slug":"portaria-no-360-de-28-de-fevereiro-de-2025","texto":"\u003Cp\u003EConcede Licen\u0026ccedil;a para Tratar de Interesse Particular e d\u0026aacute; outras provid\u0026ecirc;ncias.\u003C\/p\u003E","criado":"2025-03-06 10:29:49","alterado":"2025-03-06 10:29:49"},{"id":29965,"titulo":"PORTARIA N\u00ba 359 DE 28 DE FEVEREIRO DE 2025","numero":"359","categoria_id":3,"data":"2025-02-28 10:25:47","aprovada":"2025-02-28 10:25:47","slug":"portaria-no-359-de-28-de-fevereiro-de-2025","texto":"\u003Cp\u003EExonerar Assessor Especial VI e d\u0026aacute; outras provid\u0026ecirc;ncias.\u003C\/p\u003E","criado":"2025-03-06 10:25:47","alterado":"2025-03-06 10:25:47"},{"id":29964,"titulo":"PORTARIA N\u00ba 358 DE 28 DE FEVEREIRO DE 2025","numero":"358","categoria_id":3,"data":"2025-02-28 10:23:42","aprovada":"2025-02-28 10:23:42","slug":"portaria-no-358-de-28-de-fevereiro-de-2025","texto":"\u003Cp\u003EConcede Cess\u0026atilde;o de Servidor e d\u0026aacute; outras provid\u0026ecirc;ncias.\u003C\/p\u003E","criado":"2025-03-06 10:23:42","alterado":"2025-03-06 10:23:42"},{"id":29963,"titulo":"PORTARIA N\u00ba 357 DE 28 DE FEVEREIRO DE 2025","numero":"357","categoria_id":3,"data":"2025-02-28 10:21:59","aprovada":"2025-02-28 10:21:59","slug":"portaria-no-357-de-28-de-fevereiro-de-2025","texto":"\u003Cp\u003EConcede Cess\u0026atilde;o de Servidor e d\u0026aacute; outras provid\u0026ecirc;ncias.\u003C\/p\u003E","criado":"2025-03-06 10:21:59","alterado":"2025-03-06 10:21:59"},{"id":29962,"titulo":"PORTARIA N\u00ba 356 DE 28 DE FEVEREIRO DE 2025","numero":"356","categoria_id":3,"data":"2025-02-28 10:18:53","aprovada":"2025-02-28 10:18:53","slug":"portaria-no-356-de-28-de-fevereiro-de-2025","texto":"\u003Cp\u003EExonera Fun\u0026ccedil;\u0026atilde;o Gratificada dos (as) servidores (as).\u003C\/p\u003E","criado":"2025-03-06 10:18:53","alterado":"2025-03-06 10:18:53"},{"id":29961,"titulo":"PORTARIA N\u00ba 355 DE 28 DE FEVEREIRO DE 2025","numero":"355","categoria_id":3,"data":"2025-02-28 10:16:28","aprovada":"2025-02-28 10:16:28","slug":"portaria-no-355-de-28-de-fevereiro-de-2025","texto":"\u003Cp\u003EExonera Coordenador de N\u0026uacute;cleo e d\u0026aacute; outras provid\u0026ecirc;ncias correlatas.\u003C\/p\u003E","criado":"2025-03-06 10:16:28","alterado":"2025-03-06 10:16:28"},{"id":30211,"titulo":"Decreto n\u00ba 057\/2025 - Altera a composi\u00e7\u00e3o da mesa diretora do Conselho Municipal dos Direitos da Crian\u00e7a e do Adolescente de Itabaiana\/SE, nomeada pelo Decreto n\u00ba 414\/2023.","numero":"57","categoria_id":15,"data":"2025-02-27 12:09:03","slug":"decreto-no-057-2025-altera-a-composicao-da-mesa-diretora-do-conselho-municipal-dos-direitos-da-crianca-e-do-adolescente-de-itabaiana-se-nomeada-pelo-decreto-no-414-2023","criado":"2025-03-26 12:09:03","alterado":"2025-03-26 12:09:03"}],"ano":null,"busca":null}