{"pagina_atualizada_em":"2026-04-30T09:08:48-03:00","categorias":[{"id":7,"nome":"Atos","slug":"atos","alterado":"2021-04-20 23:24:11"},{"id":15,"nome":"Decretos","slug":"decretos","criado":"2022-01-13 11:17:56","alterado":"2022-07-06 15:13:13"},{"id":27,"nome":"Decretos Legislativos","slug":"decretos-legislativos","criado":"2024-08-12 09:25:51","alterado":"2024-08-12 09:25:51"},{"id":26,"nome":"Fiscais de Contratos - SMTT","slug":"fiscais-de-contratos-smtt","criado":"2024-05-21 11:25:41","alterado":"2024-05-21 11:25:41"},{"id":24,"nome":"Gest\u00e3o Democr\u00e1tica - Escolas Municipais","slug":"gestao-democratica-escolas-municipais","criado":"2023-08-30 10:50:07","alterado":"2023-08-30 10:50:07"},{"id":5,"nome":"LDO - Lei de Diretrizes Or\u00e7ament\u00e1rias","slug":"ldo-lei-de-diretrizes-orcamentarias","alterado":"2021-04-19 17:46:23"},{"id":18,"nome":"Leis Complementares","slug":"leis-complementares","criado":"2022-06-07 16:32:20","alterado":"2022-07-06 15:12:17"},{"id":17,"nome":"Leis Ordin\u00e1rias","slug":"leis-ordinarias","criado":"2022-01-13 13:37:48","alterado":"2022-07-06 15:12:40"},{"id":6,"nome":"LOA - Lei Or\u00e7ament\u00e1ria Anual","slug":"loa-lei-orcamentaria-anual","alterado":"2021-04-16 15:26:53"},{"id":3,"nome":"Portaria","slug":"portaria","alterado":"2021-04-16 15:27:00"},{"id":25,"nome":"Portaria - SMTT","slug":"portaria-smtt","criado":"2024-05-21 11:18:49","alterado":"2024-05-21 11:19:10"},{"id":23,"nome":"Portarias de Contratos","slug":"portarias-de-contratos","criado":"2023-07-25 09:17:38","alterado":"2025-05-28 14:14:04"},{"id":4,"nome":"PPA - Plano Plurianual","slug":"ppa-plano-plurianual","alterado":"2021-04-16 15:26:59"},{"id":28,"nome":"Resolu\u00e7\u00f5es","slug":"resolucoes","criado":"2026-02-04 11:29:46","alterado":"2026-02-04 11:29:46"}],"categoria":null,"paginacao":{"atual":331,"proxima":332,"anterior":330,"total_registros":15169,"total_paginas":1012},"itens":[{"id":28815,"titulo":"Decreto n\u00ba 264\/2024 \u2013 Antecipa a feira livre do dia 07 de setembro de 2024 e d\u00e1 outras provid\u00eancias.","numero":"264","categoria_id":15,"data":"2024-09-02 15:24:13","slug":"decreto-no-264-2024-antecipa-a-feira-livre-do-dia-07-de-setembro-de-2024-e-da-outras-providencias","criado":"2024-10-28 15:24:13","alterado":"2024-10-28 15:24:13"},{"id":28814,"titulo":"Decreto n\u00ba 263\/2024 \u2013 Decreta Luto Oficial no Munic\u00edpio de Itabaiana e d\u00e1 outras provid\u00eancias (Maria do Carmo Alves)","numero":"263","categoria_id":15,"data":"2024-09-02 15:25:04","slug":"decreto-no-263-2024-decreta-luto-oficial-no-municipio-de-itabaiana-e-da-outras-providencias-maria-do-carmo-alves","criado":"2024-10-28 15:22:08","alterado":"2024-10-28 15:25:04"},{"id":28323,"titulo":"PORTARIA N\u00b0 1428 DE 02 DE SETEMBRO DE 2024.","numero":"1428","categoria_id":3,"data":"2024-09-02 12:00:23","aprovada":"2024-09-02 12:00:23","slug":"portaria-n0-1428-de-02-de-setembro-de-2024","texto":"\u003Cp\u003EExonerar Gerente de Gerencia e d\u0026aacute; outras provid\u0026ecirc;ncias correlatas.\u003C\/p\u003E","criado":"2024-09-12 12:00:23","alterado":"2024-09-12 12:00:23"},{"id":28322,"titulo":"PORTARIA N\u00b0 1427 DE 02 DE SETEMBRO DE 2024.","numero":"1427","categoria_id":3,"data":"2024-09-02 12:00:07","aprovada":"2024-09-02 12:00:07","slug":"portaria-n0-1427-de-02-de-setembro-de-2024","texto":"\u003Cp\u003ENomear Coordenador (a) de N\u0026uacute;cleo e d\u0026aacute; outras provid\u0026ecirc;ncias correlatas.\u003C\/p\u003E","criado":"2024-09-12 12:00:07","alterado":"2024-09-12 12:00:07"},{"id":28321,"titulo":"PORTARIA N\u00b0 1426 DE 02 DE SETEMBRO DE 2024.","numero":"1426","categoria_id":3,"data":"2024-09-02 11:59:52","aprovada":"2024-09-02 11:59:52","slug":"portaria-n0-1426-de-02-de-setembro-de-2024","texto":"\u003Cp\u003ENomeia Assessores Especiais e d\u0026aacute; outras provid\u0026ecirc;ncias correlatas.\u003C\/p\u003E","criado":"2024-09-12 11:59:52","alterado":"2024-09-12 11:59:52"},{"id":28320,"titulo":"PORTARIA N\u00b0 1425 DE 02 DE SETEMBRO DE 2024.","numero":"1425","categoria_id":3,"data":"2024-09-02 11:59:43","aprovada":"2024-09-02 11:59:43","slug":"portaria-n0-1425-de-02-de-setembro-de-2024","texto":"\u003Cp\u003ENomeia Assessores Especiais e d\u0026aacute; outras provid\u0026ecirc;ncias correlatas.\u003C\/p\u003E","criado":"2024-09-12 11:59:43","alterado":"2024-09-12 11:59:43"},{"id":28319,"titulo":"PORTARIA N\u00b0 1424 DE 02 DE SETEMBRO DE 2024.","numero":"1424","categoria_id":3,"data":"2024-09-02 11:59:26","aprovada":"2024-09-02 11:59:26","slug":"portaria-n0-1424-de-02-de-setembro-de-2024","texto":"\u003Cp\u003EConcede Licen\u0026ccedil;a Pr\u0026ecirc;mio e d\u0026aacute; outras provid\u0026ecirc;ncias.\u003C\/p\u003E","criado":"2024-09-12 11:59:26","alterado":"2024-09-12 11:59:26"},{"id":28318,"titulo":"PORTARIA N\u00b0 1423 DE 02 DE SETEMBRO DE 2024.","numero":"1423","categoria_id":3,"data":"2024-09-02 11:50:09","aprovada":"2024-09-02 11:50:09","slug":"portaria-n0-1423-de-02-de-setembro-de-2024","texto":"\u003Cp\u003EConcede Licen\u0026ccedil;a Pr\u0026ecirc;mio e d\u0026aacute; outras provid\u0026ecirc;ncias.\u003C\/p\u003E","criado":"2024-09-12 11:50:09","alterado":"2024-09-12 11:50:09"},{"id":28317,"titulo":"PORTARIA N\u00b0 1422 DE 02 DE SETEMBRO DE 2024.","numero":"1422","categoria_id":3,"data":"2024-09-02 11:49:59","aprovada":"2024-09-02 11:49:59","slug":"portaria-n0-1422-de-02-de-setembro-de-2024","texto":"\u003Cp\u003EConcede Licen\u0026ccedil;a Pr\u0026ecirc;mio e d\u0026aacute; outras provid\u0026ecirc;ncias.\u003C\/p\u003E","criado":"2024-09-12 11:49:59","alterado":"2024-09-12 11:49:59"},{"id":28316,"titulo":"PORTARIA N\u00b0 1421 DE 02 DE SETEMBRO DE 2024.","numero":"1421","categoria_id":3,"data":"2024-09-02 11:49:49","aprovada":"2024-09-02 11:49:49","slug":"portaria-n0-1421-de-02-de-setembro-de-2024","texto":"\u003Cp\u003EConcede Licen\u0026ccedil;a para Tratamento de Sa\u0026uacute;de de Pessoa da Pr\u0026oacute;pria Fam\u0026iacute;lia e d\u0026aacute; outras provid\u0026ecirc;ncias.\u003C\/p\u003E","criado":"2024-09-12 11:49:49","alterado":"2024-09-12 11:49:49"},{"id":28315,"titulo":"PORTARIA N\u00b0 1420 DE 02 DE SETEMBRO DE 2024.","numero":"1420","categoria_id":3,"data":"2024-09-02 11:49:36","aprovada":"2024-09-02 11:49:36","slug":"portaria-n0-1420-de-02-de-setembro-de-2024","texto":"\u003Cp\u003EConcede Licen\u0026ccedil;a por Exerc\u0026iacute;cio Efetivo do Cargo e d\u0026aacute; outras provid\u0026ecirc;ncias.\u003C\/p\u003E","criado":"2024-09-12 11:49:36","alterado":"2024-09-12 11:49:36"},{"id":28314,"titulo":"PORTARIA N\u00b0 1419 DE 02 DE SETEMBRO DE 2024.","numero":"1419","categoria_id":3,"data":"2024-09-02 11:49:29","aprovada":"2024-09-02 11:49:29","slug":"portaria-n0-1419-de-02-de-setembro-de-2024","texto":"\u003Cp\u003EConcede Licen\u0026ccedil;a por Exerc\u0026iacute;cio Efetivo do Cargo e d\u0026aacute; outras provid\u0026ecirc;ncias.\u003C\/p\u003E","criado":"2024-09-12 11:49:29","alterado":"2024-09-12 11:49:29"},{"id":28313,"titulo":"PORTARIA N\u00b0 1418 DE 02 DE SETEMBRO DE 2024.","numero":"1418","categoria_id":3,"data":"2024-09-02 11:49:16","aprovada":"2024-09-02 11:49:16","slug":"portaria-n0-1418-de-02-de-setembro-de-2024","texto":"\u003Cp\u003E\u0026nbsp;Concede Readapta\u0026ccedil;\u0026atilde;o Definitiva de Fun\u0026ccedil;\u0026atilde;o e d\u0026aacute; outras provid\u0026ecirc;ncias.\u0026nbsp;\u003C\/p\u003E","criado":"2024-09-12 11:49:16","alterado":"2024-09-12 11:49:16"},{"id":28312,"titulo":"PORTARIA N\u00b0 1417 DE 02 DE SETEMBRO DE 2024.","numero":"1417","categoria_id":3,"data":"2024-09-02 11:46:26","aprovada":"2024-09-02 11:46:26","slug":"portaria-n0-1417-de-02-de-setembro-de-2024","texto":"\u003Cp\u003EConcede Licen\u0026ccedil;a por Exerc\u0026iacute;cio Efetivo do Cargo e d\u0026aacute; outras provid\u0026ecirc;ncias.\u003C\/p\u003E","criado":"2024-09-12 11:46:26","alterado":"2024-09-12 11:46:26"},{"id":28311,"titulo":"PORTARIA N\u00b0 1416 DE 02 DE SETEMBRO DE 2024.","numero":"1416","categoria_id":3,"data":"2024-09-02 11:46:14","aprovada":"2024-09-02 11:46:14","slug":"portaria-n0-1416-de-02-de-setembro-de-2024","texto":"\u003Cp\u003EConcede Licen\u0026ccedil;a para Tratar de Interesse Particular e d\u0026aacute; outras provid\u0026ecirc;ncias.\u003C\/p\u003E","criado":"2024-09-12 11:46:14","alterado":"2024-09-12 11:46:14"}],"ano":null,"busca":null}