{"item":{"id":3327,"categoria_id":"7","categoria":{"id":7,"nome":"ESPORTE"},"autor_show":1,"titulo":"Prefeitura lan\u00e7a programa\u00e7\u00e3o dos 125 anos de Itabaiana","slug":"prefeitura-lanca-programacao-dos-125-anos-de-itabaiana","subtitulo":"Prefeito Valmir de Francisquinho apresenta atra\u00e7\u00f5es art\u00edsticas e confirma realiza\u00e7\u00e3o da Feira Agropecu\u00e1ria","descricao":"Prefeitura lan\u00e7a programa\u00e7\u00e3o dos 125 anos de Itabaiana","imagem":"\/img\/imagem\/12430-j4t3i2y4f4d4r2z7.jpg,\/img\/imagem\/media_12430-j4t3i2y4f4d4r2z7.jpg,\/img\/imagem\/thumb_12430-j4t3i2y4f4d4r2z7.jpg,\/img\/imagem\/thumb_fix_12430-j4t3i2y4f4d4r2z7.jpg","texto":"?Uma cidade que completa 125 anos merece um grande presente. E por isso estamos fazendo todos os esfor?os para que Itabaiana possa celebrar a sua eleva??o ? categoria de cidade da melhor forma poss?vel: recebendo turistas, incentivando bons neg?cios e fazendo o nosso povo feliz?. Com essas afirma??es, o prefeito de Itabaiana, Valmir de Francisquinho, anunciou, oficialmente, na manh? desta sexta-feira, 9, a programa??o das comemora??es dos 125 anos da eleva??o de Itabaiana ? categoria de cidade.\u003Cbr \/\u003E\r\n\nA programa??o comemorativa come?a no dia 24 de agosto, com a abertura da Feira Agropecu?ria na Pra?a de Eventos, que ir? at? o dia 28 de agosto, sendo que nos dias 27 e 28 a avenida Luiz Magalh?es, tradicional local de festas com trios el?tricos e bandas, ser? invadida por atra??es nacionais e locais, al?m de uma multid?o de foli?es que comemorar?o o anivers?rio de Itabaiana enquanto cidade.\u003Cbr \/\u003E\r\n\nE mais uma vez a festa itabaianense, a exemplo do ocorrido durante a edi??o deste ano da Feira do Caminh?o, realizada em junho passado, privilegia a mescla de artistas da terra, como Ant?nio O Clone e Alma G?mea, com atra??es nacionais, como Harmonia do Samba e Ed City (Confira programa??o completa abaixo).\u003Cbr \/\u003E\r\n\n?A inten??o ? sempre valorizar o artista da casa. E para isso temos que trazer artistas de renome, para que o p?blico seja maior e, com isso, os artistas itabaianenses tamb?m possam mostrar o seu trabalho para todo o Estado?, destacou o respons?vel pela escala??o das atra??es e diretor de eventos da prefeitura, Alex Geoba.\u003Cbr \/\u003E\r\n\nFeira Agropecu?ria\u003Cbr \/\u003E\r\n\nE para garantir um vi?s de incentivo ? atividade econ?mica nas festividades itabaianenses, a prefeitura tamb?m vai realizar, de forma paralela ?s comemora??es, a Feira Agropecu?ria 2013. ?Isso ? da nossa tradi??o. O nosso povo gosta de trabalhar e a nossa agricultura e pecu?ria tem sido destaque dentro da nossa economia como um todo. Ent?o, para qu? uma data melhor do que o anivers?rio da cidade para realizar um evento para esses setores??, avaliou Valmir de Francisquinho, destacando ainda que o esfor?o da prefeitura ? realmente grande para fazer essa festa.\u003Cbr \/\u003E\r\n\n?Temos um or?amento reduzido, devido as dificuldades econ?micas do pa?s e tamb?m devido as d?vidas que herdamos. Mas eu n?o gosto de ficar reclamando. E os problemas s?o vencidos com muito trabalho. ? isso o que demonstraremos nessa festa?, disse Valmir.\u003Cbr \/\u003E\r\n\nO respons?vel pela Feira Agropecu?ria ? o secret?rio de Agricultura, Erotildes de Jesus, para quem o evento tem tudo para se tornar uma refer?ncia no Estado. ?Os criadores de animais, as empresas de insumos e at? as de maquin?rio agr?cola j? est?o cientes da seriedade com que Itabaiana est? sendo administrada. Por isso a nossa expectativa ? que tenhamos uma feira bem movimentada que possa agradar aos visitantes e tamb?m ?s pessoas que aqui venham fechar bons neg?cios?, resumiu Erotildes.\u003Cbr \/\u003E\r\n\nPrograma??o\u003Cbr \/\u003E\r\n\nAnivers?rio de Itabaiana\u003Cbr \/\u003E\r\n\n125 anos de Eleva??o ? Categoria de Cidade\u003Cbr \/\u003E\r\n\n24 a 28 de agosto de 2013\u003Cbr \/\u003E\r\n\nShows de artistas da terra (Pra?a de Eventos) dias 24 e 25\u003Cbr \/\u003E\r\n\n24\/08 ? S?bado \u003Cbr \/\u003E\r\n\n????????????? 20 h- Quadrilha Balan?a mais n?o cai\u003Cbr \/\u003E\r\n\n????????????? 21 h- Apresenta??o de violeiros\u003Cbr \/\u003E\r\n\n????????????? 22 h- Jailson Lima\u003Cbr \/\u003E\r\n\n????????????? 23h30- Gal? da Vaqueijada\u003Cbr \/\u003E\r\n\nDia 25\/08\u003Cbr \/\u003E\r\n\n????????????? 18 h- Apresenta??o de violeiros\u003Cbr \/\u003E\r\n\n????????????? 19 h- Toinho e Banda Cheia de Manias\u003Cbr \/\u003E\r\n\n????????????? 20h30- Agnaldo Maraial e L?o\u003Cbr \/\u003E\r\n\n?\u003Cbr \/\u003E\r\n\nDomingo, 25 (Associa??o Atl?tica de Itabaiana)\u003Cbr \/\u003E\r\n\n16h- Projeto Cebolada\u003Cbr \/\u003E\r\n\n?\u003Cbr \/\u003E\r\n\nSegunda, 26 (Associa??o Atl?tica de Itabaiana) \u003Cbr \/\u003E\r\n\n18 h- Exposi??es Culturais ? Abertura com a Filarm?nica Nossa Senhora da Concei??o\u003Cbr \/\u003E\r\n\n20 h- Apresenta??o do Grupo Olga\u003Cbr \/\u003E\r\n\n21 h- Entrega da Comenda Sebr?o Sobrinho\u003Cbr \/\u003E\r\n\n22 h- Apresenta??o do Pianista Jo?o Moura\u003Cbr \/\u003E\r\n\n?\u003Cbr \/\u003E\r\n\nTer?a, 27 (Avenida Dr. Luiz Magalh?es ? percurso da Micarana)\u003Cbr \/\u003E\r\n\n22 h- Banda J?s (Trio Voyage)\u003Cbr \/\u003E\r\n\n23 h- Julinho Porrad?o (Trio Ideal)\u003Cbr \/\u003E\r\n\n24 h- Harmonia do Samba (Trio New Eletr?nico)\u003Cbr \/\u003E\r\n\n01 h- Ant?nio O Clone e Alma G?mea (Trio Garot?o)\u003Cbr \/\u003E\r\n\n?\u003Cbr \/\u003E\r\n\nQuarta, 28 (Avenida Dr. Luiz Magalh?es ? percurso da Micarana)\u003Cbr \/\u003E\r\n\n08 h- Hasteamento da bandeira com a presen?a da Orquestra SOFIVA\u003Cbr \/\u003E\r\n\n08h15- Torneio dos Povoados no M?dulo Esportivo\u003Cbr \/\u003E\r\n\n10 h- Missa em a??o de gra?as pelos 125 anos de Emancipa??o Pol?tica\u003Cbr \/\u003E\r\n\n16 h- Edcity (Trio Ideal)\u003Cbr \/\u003E\r\n\n?\u003Cbr \/\u003E\r\n\n17 h- Flavinho e Os Bar?es","tags":"noticias,prefeitura,itabaiana","publicacao":"2013-08-09 18:04:30","criado":"2013-08-09 18:04:30","alterado":"-0001-11-30 00:00:00"},"outros":[{"id":8692,"categoria_id":"3","categoria":{"id":3,"nome":"OBRAS"},"autor_id":"43","autor":{"id":43,"nome":"Katiane Peixoto (Comunica\u00e7\u00e3o)","email":"cafeeprosa9@gmail.com"},"titulo":"Quadra poliesportiva da Escola Municipal Elizeu de Oliveira passa por reforma e em breve ser\u00e1 entregue pela Prefeitura de Itabaiana","slug":"quadra-poliesportiva-da-escola-municipal-elizeu-de-oliveira-passa-por-reforma-e-em-breve-sera-entregue-pela-prefeitura-de-itabaiana","imagem":"\/img\/imagem\/whatsapp-image-2026-04-23-at-09-41-40_67aab4e8eb86d6b3682b95153.jpeg,\/img\/imagem\/media_whatsapp-image-2026-04-23-at-09-41-40_67aab4e8eb86d6b3682b95153.jpeg,\/img\/imagem\/thumb_whatsapp-image-2026-04-23-at-09-41-40_67aab4e8eb86d6b3682b95153.jpeg,\/img\/imagem\/thumb_fix_whatsapp-image-2026-04-23-at-09-41-40_67aab4e8eb86d6b3682b95153.jpeg","texto":"\u003Cp style=\u0022text-align: justify;\u0022\u003EA Prefeitura de Itabaiana, atrav\u0026eacute;s da Secretaria de Obras, Urbanismo, Infraestrutura, dos Servi\u0026ccedil;os P\u0026uacute;blicos e da Habita\u0026ccedil;\u0026atilde;o, est\u0026aacute; realizando a reforma e amplia\u0026ccedil;\u0026atilde;o da quadra poliesportiva da Escola Municipal Elizeu de Oliveira, localizada no Bairro Miguel Teles (Bairro da Torre). As equipes est\u0026atilde;o trabalhando a todo vapor.\u003C\/p\u003E\r\n\u003Cp style=\u0022text-align: justify;\u0022\u003EAl\u0026eacute;m dela, mais quatro quadras poliesportivas est\u0026atilde;o sendo reformadas e ampliadas e em breve, ser\u0026atilde;o entregues \u0026agrave; popula\u0026ccedil;\u0026atilde;o itabaianense, que poder\u0026aacute; usufruir dos espa\u0026ccedil;os modernos, amplos e totalmente revitalizados para v\u0026aacute;rias atividades, como atividades esportivas, culturais, de lazer, etc.\u003C\/p\u003E\r\n\u003Cp style=\u0022text-align: justify;\u0022\u003E\u003Cstrong\u003ETamb\u0026eacute;m est\u0026atilde;o sendo reformadas e ampliadas as seguintes quadras:\u003C\/strong\u003E\u003C\/p\u003E\r\n\u003Cp\u003E-Quadra poliesportiva Jos\u0026eacute; Pereira da Silva, no Bairro Serrano;\u003C\/p\u003E\r\n\u003Cp\u003E-Quadra poliesportiva da Escola Clara Meireles Teles, no Bairro Porto;\u003C\/p\u003E\r\n\u003Cp\u003E-Quadra poliesportiva da Escola Dom Jos\u0026eacute; Tom\u0026aacute;s, no povoado Rio das Pedras;\u003C\/p\u003E\r\n\u003Cp\u003E-Quadra poliesportiva da Escola Municipal Maria Elizete Santos, no Bairro An\u0026iacute;sio Am\u0026acirc;ncio.\u003C\/p\u003E\r\n\u003Cp style=\u0022text-align: justify;\u0022\u003E\u0026nbsp;\u003C\/p\u003E\r\n\u003Cp\u003E\u003Cimg style=\u0022display: block; margin-left: auto; margin-right: auto;\u0022 src=\u0022https:\/\/itabaiana.se.gov.br\/img\/imagem\/media_whatsapp-image-2026-04-23-at-09-41-40_67aab4e8eb86d6b3682b95153.jpeg\u0022 alt=\u0022whatsapp-image-2026-04-23-at-09-41-40_67aab4e8eb86d6b3682b95153.jpeg\u0022 width=\u0022425\u0022 height=\u0022319\u0022 \/\u003E\u003C\/p\u003E","tags":"reforma,ampliacao,quadra,poliesportiva,bairrodatorre,prefeitura,itabaiana,secretaria,obras","destaque":1,"publicacao":"2026-04-24 11:54:00","criado":"2026-04-24 11:54:26","alterado":"2026-04-24 11:58:34"},{"id":8691,"categoria_id":"19","categoria":{"id":19,"nome":"ASSIST\u00caNCIA"},"autor_id":"43","autor":{"id":43,"nome":"Katiane Peixoto (Comunica\u00e7\u00e3o)","email":"cafeeprosa9@gmail.com"},"titulo":"Patrulha Maria da Penha e rede de apoio municipal se re\u00fanem para alinhar atendimento \u00e0s mulheres v\u00edtimas de viol\u00eancia dom\u00e9stica em Itabaiana","slug":"patrulha-maria-da-penha-e-rede-de-apoio-municipal-se-reunem-para-alinhar-atendimento-as-mulheres-vitimas-de-violencia-domestica-em-itabaiana","imagem":"\/img\/imagem\/whatsapp-image-2026-04-16-at-11-27-51_be6cabb01a5469b41f0f46.jpeg,\/img\/imagem\/media_whatsapp-image-2026-04-16-at-11-27-51_be6cabb01a5469b41f0f46.jpeg,\/img\/imagem\/thumb_whatsapp-image-2026-04-16-at-11-27-51_be6cabb01a5469b41f0f46.jpeg,\/img\/imagem\/thumb_fix_whatsapp-image-2026-04-16-at-11-27-51_be6cabb01a5469b41f0f46.jpeg","texto":"\u003Cp\u003E\u003Cimg style=\u0022display: block; margin-left: auto; margin-right: auto;\u0022 src=\u0022https:\/\/itabaiana.se.gov.br\/img\/imagem\/media_whatsapp-image-2026-04-16-at-11-27-51_be6cabb01a5469b41f0f46.jpeg\u0022 alt=\u0022whatsapp-image-2026-04-16-at-11-27-51_be6cabb01a5469b41f0f46.jpeg\u0022 width=\u0022427\u0022 height=\u0022320\u0022 \/\u003E\u003C\/p\u003E\r\n\u003Cp style=\u0022text-align: justify;\u0022\u003E\u0026nbsp;\u003C\/p\u003E\r\n\u003Cp style=\u0022text-align: justify;\u0022\u003EA Patrulha Maria da Penha da Guarda Municipal de Itabaiana realizou na semana passada, uma reuni\u0026atilde;o com representantes da rede de apoio, incluindo o CRAM, CREAS, CRAS, secretarias de Educa\u0026ccedil;\u0026atilde;o, Sa\u0026uacute;de e Desenvolvimento Social, Defesa Civil, com o objetivo de alinhar o sistema de atendimento \u0026agrave;s mulheres itabaianenses, v\u0026iacute;timas de viol\u0026ecirc;ncia dom\u0026eacute;stica, que s\u0026atilde;o assistidas pela Patrulha.\u003C\/p\u003E\r\n\u003Cp style=\u0022text-align: justify;\u0022\u003EA reuni\u0026atilde;o teve como finalidade priorizar e aprimorar as a\u0026ccedil;\u0026otilde;es, buscando oferecer um atendimento mais eficiente e humanizado. Durante o encontro, foram apresentadas demandas e dificuldades, com foco na constru\u0026ccedil;\u0026atilde;o de solu\u0026ccedil;\u0026otilde;es que fortale\u0026ccedil;am ainda mais essa rede de apoio t\u0026atilde;o essencial \u0026agrave;s mulheres que s\u0026atilde;o assistidas.\u003C\/p\u003E\r\n\u003Cp style=\u0022text-align: justify;\u0022\u003EPor meio da rede de apoio, mulheres itabaianenses s\u0026atilde;o protegidas, cuidadas e como o pr\u0026oacute;prio nome j\u0026aacute; diz, recebem apoio e incentivo para recome\u0026ccedil;ar a vida, ap\u0026oacute;s sair do ciclo de viol\u0026ecirc;ncia que estavam vivendo. O objetivo \u0026eacute; mostrar que elas n\u0026atilde;o est\u0026atilde;o sozinhas e tem com quem contar.\u003C\/p\u003E","tags":"patrulha,mariadapenha,itabaiana,guarda,municipal,apoio,mulheres,vitimas,violencia","destaque":1,"publicacao":"2026-04-22 11:45:00","criado":"2026-04-22 11:45:51","alterado":"2026-04-22 11:45:54"},{"id":8690,"categoria_id":"7","categoria":{"id":7,"nome":"ESPORTE"},"autor_id":"43","autor":{"id":43,"nome":"Katiane Peixoto (Comunica\u00e7\u00e3o)","email":"cafeeprosa9@gmail.com"},"titulo":"Copa Chico Cantagalo: confira os resultados dos jogos da segunda rodada","slug":"copa-chico-cantagalo-confira-os-resultados-dos-jogos-da-segunda-rodada","imagem":"\/img\/imagem\/whatsapp-image-2026-04-20-at-11-56-31_c6c4a44fcb38e760a16ebf.jpeg,\/img\/imagem\/media_whatsapp-image-2026-04-20-at-11-56-31_c6c4a44fcb38e760a16ebf.jpeg,\/img\/imagem\/thumb_whatsapp-image-2026-04-20-at-11-56-31_c6c4a44fcb38e760a16ebf.jpeg,\/img\/imagem\/thumb_fix_whatsapp-image-2026-04-20-at-11-56-31_c6c4a44fcb38e760a16ebf.jpeg","texto":"\u003Cp\u003E\u003Cimg style=\u0022display: block; margin-left: auto; margin-right: auto;\u0022 src=\u0022https:\/\/itabaiana.se.gov.br\/img\/imagem\/media_whatsapp-image-2026-04-20-at-11-56-31_c6c4a44fcb38e760a16ebf.jpeg\u0022 alt=\u0022whatsapp-image-2026-04-20-at-11-56-31_c6c4a44fcb38e760a16ebf.jpeg\u0022 width=\u0022435\u0022 height=\u0022429\u0022 \/\u003E\u003C\/p\u003E\r\n\u003Cp style=\u0022text-align: justify;\u0022\u003E\u0026nbsp;\u003C\/p\u003E\r\n\u003Cp style=\u0022text-align: justify;\u0022\u003EA segunda rodada da Copa Chico Cantagalo, a competi\u0026ccedil;\u0026atilde;o de futebol amador que movimenta Itabaiana aconteceu no \u0026uacute;ltimo domingo, 19, com nove jogos, nos campos da cidade e dos povoados. No total, s\u0026atilde;o 18 times disputando o t\u0026iacute;tulo.\u003C\/p\u003E\r\n\u003Cp style=\u0022text-align: justify;\u0022\u003E\u003Cstrong\u003EConfira os resultados dos jogos da segunda rodada:\u003C\/strong\u003E\u003C\/p\u003E\r\n\u003Cp style=\u0022text-align: justify;\u0022\u003E\u003Cem\u003E-Carrilho FC 0 x 0 Real Invas\u0026atilde;o;\u003C\/em\u003E\u003C\/p\u003E\r\n\u003Cp style=\u0022text-align: justify;\u0022\u003E\u003Cem\u003E-Am\u0026eacute;rica FC 1 x 3Inter da Torre;\u003C\/em\u003E\u003C\/p\u003E\r\n\u003Cp style=\u0022text-align: justify;\u0022\u003E\u003Cem\u003E-Ideal 2 x 2 Fuma\u0026ccedil;a;\u003C\/em\u003E\u003C\/p\u003E\r\n\u003Cp style=\u0022text-align: justify;\u0022\u003E\u003Cem\u003E-Joinville Cabe\u0026ccedil;a do Russo 3 x 2 Chelsea da Caja\u0026iacute;ba;\u003C\/em\u003E\u003C\/p\u003E\r\n\u003Cp style=\u0022text-align: justify;\u0022\u003E\u003Cem\u003E-Flamenguinho das Queimadas 2 x 1 Construtora;\u003C\/em\u003E\u003C\/p\u003E\r\n\u003Cp style=\u0022text-align: justify;\u0022\u003E\u003Cem\u003E-Guarani da Taboca 0 x 0 Portuguesa da Baixada;\u003C\/em\u003E\u003C\/p\u003E\r\n\u003Cp style=\u0022text-align: justify;\u0022\u003E\u003Cem\u003E-Projeto Vit\u0026oacute;ria 0 x 1 Boca J\u0026uacute;nior T. Chico;\u003C\/em\u003E\u003C\/p\u003E\r\n\u003Cp style=\u0022text-align: justify;\u0022\u003E\u003Cem\u003E-Tricolor da Mangueira 0 x 0 Dendezeiro;\u003C\/em\u003E\u003C\/p\u003E\r\n\u003Cp style=\u0022text-align: justify;\u0022\u003E\u003Cem\u003E-Gr\u0026ecirc;mio RDP 3 x 0 Moita Formosa FC.\u003C\/em\u003E\u003C\/p\u003E\r\n\u003Cp style=\u0022text-align: justify;\u0022\u003EA Copa Chico Cantagalo \u0026eacute; realizada pela Prefeitura de Itabaiana, atrav\u0026eacute;s da Secretaria Municipal de Esporte e Lazer, com o objetivo de fortalecer o futebol amador da cidade, que tem crescido cada vez mais e a gest\u0026atilde;o municipal tem dado todo apoio necess\u0026aacute;rio e visibilidade aos times.\u003C\/p\u003E\r\n\u003Cp style=\u0022text-align: justify;\u0022\u003EPara a edi\u0026ccedil;\u0026atilde;o deste ano, a premia\u0026ccedil;\u0026atilde;o total ser\u0026aacute; de \u003Cstrong\u003ER$ 60 mil\u003C\/strong\u003E; o grande vencedor ganhar\u0026aacute; \u003Cstrong\u003ER$ 30 mil \u003C\/strong\u003Ee o vice, \u003Cstrong\u003ER$ 15 mil.\u003C\/strong\u003E\u003C\/p\u003E\r\n\u003Cp style=\u0022text-align: justify;\u0022\u003E\u003Cstrong\u003ETamb\u0026eacute;m haver\u0026aacute; as seguintes premia\u0026ccedil;\u0026otilde;es:\u003C\/strong\u003E\u003C\/p\u003E\r\n\u003Cp style=\u0022text-align: justify;\u0022\u003E-3\u0026ordm; colocado: R$ 8 mil;\u003C\/p\u003E\r\n\u003Cp style=\u0022text-align: justify;\u0022\u003E-4\u0026ordm; colocado: R$ 4 mil;\u003C\/p\u003E\r\n\u003Cp style=\u0022text-align: justify;\u0022\u003E-Artilheiro: R$ 1 mil;\u003C\/p\u003E\r\n\u003Cp style=\u0022text-align: justify;\u0022\u003E-Melhor goleiro: R$ 1 mil;\u003C\/p\u003E\r\n\u003Cp style=\u0022text-align: justify;\u0022\u003E-Treinador campe\u0026atilde;o: R$ 1 mil.\u003C\/p\u003E","tags":"copa,chicocantagalo,itabaiana,futebol,amador,jogos,segunda,rodada","destaque":1,"publicacao":"2026-04-20 11:57:00","criado":"2026-04-20 11:57:49","alterado":"2026-04-20 11:58:42"}],"pagina_atualizada_em":"-001-11-30T00:00:00-02:34"}