{"item":{"id":3345,"categoria_id":"12","categoria":{"id":12,"nome":"INAUGURA\u00c7\u00c3O"},"autor_show":1,"titulo":"Feira Agropecu\u00e1ria de Itabaiana inicia comemora\u00e7\u00f5es do anivers\u00e1rio da cidade","slug":"feira-agropecuaria-de-itabaiana-inicia-comemoracoes-do-aniversario-da-cidade","subtitulo":"Evento acontece de 24 a 28 de agosto, das 08 \u00e0s 22 horas, hor\u00e1rio para visita\u00e7\u00e3o do p\u00fablico, na Pra\u00e7a de Eventos","descricao":"Feira Agropecu\u00e1ria de Itabaiana inicia comemora\u00e7\u00f5es do anivers\u00e1rio da cidade","imagem":"\/img\/imagem\/12447-w7e9p2s9t9t7s8h3.jpg,\/img\/imagem\/media_12447-w7e9p2s9t9t7s8h3.jpg,\/img\/imagem\/thumb_12447-w7e9p2s9t9t7s8h3.jpg,\/img\/imagem\/thumb_fix_12447-w7e9p2s9t9t7s8h3.jpg","texto":"A Feira Agropecu?ria de Itabaiana, neste ano de 2013, retoma um evento de sucesso que, nos ?ltimos anos, sofreu com a descontinuidade na sua realiza??o. Para garantir que mais a??es econ?micas do povo itabaianense ganhem o destaque merecido, a administra??o Itabaiana Forte Como Seu Povo incluiu a feira dentro da programa??o comemorativa dos 125 anos de eleva??o de Itabaiana ? categoria de munic?pio.\u003Cbr \/\u003E\r\n\nPara o prefeito, Valmir de Francisquinho, a feira tem grande import?ncia para todos os cidad?os e ressalta que parcerias, que acontecer?o durante e feira e posteriormente, s?o fundamentais para o crescimento do setor. ?Itabaiana ? uma cidade forte em todas as suas atividades econ?micas. E o setor agropecu?rio merecia mesmo um evento desse porte, pois estamos valorizando nossa gente, que produz e que trabalha incansavelmente?, disse o prefeito.\u003Cbr \/\u003E\r\n\nO secret?rio de Agricultura, Erotildes de Jesus, garante todos os esfor?os necess?rios para o sucesso da feira que ? de importante para a economia do munic?pio. ?Estamos trabalhando diuturnamente para que essa feira seja um sucesso. E tenho certeza que, com a qualidade do que ser? apresentado, com os bons neg?cios que ser?o realizados e com a participa??o de toda a popula??o, retomaremos a grandiosidade da nossa Feira Agropecu?ria?, avaliou Erotildes.\u003Cbr \/\u003E\r\n\nExposi??o\u003Cbr \/\u003E\r\n\nA exposi??o de animais e de produtos agr?colas, principal foco da feira, acontece na Pra?a de Eventos de Itabaiana, local onde ocorrem as principais festas particulares e p?blicas da cidade, a exemplo da Feira do Caminh?o, evento de ?mbito nacional realizado no m?s de junho.  No segmento agr?cola teremos a feira de produtos org?nicos, j? tradicional no munic?pio, a disposi??o de visitantes e compradores durante o per?odo de realiza??o do evento.\u003Cbr \/\u003E\r\n\nE o destaque principal ser? a exposi??o de animais. Bovinos, eq?inos, caprinos e ovinos ser?o expostos para visita??o p?blica durante os quatro dias da feira. Al?m do acesso aos animais para aprecia??o, todos selecionados e de primeira qualidade, a Feira Agropecu?ria de Itabaiana ser? um espa?o prop?cio para a realiza??o de bons neg?cios para quem entende do segmento. Outro atrativo ser? a premia??o dos melhores animais expostos durante a feira.  Em termos quantitativos, a Feira Agropecu?ria de Itabaiana j? se configura num sucesso mesmo antes de seu in?cio. Ser?o cerca de 40 expositores no total, sendo a maioria dos criadores oriundos de Itabaiana, mas com a toda regi?o participando, com confirma??es de propriet?rios de Campo do Brito at? Nossa Senhora da Gl?ria, al?m de criadores paulistas que tamb?m marcar?o presen?a.\u003Cbr \/\u003E\r\n\nS?o esperados aproximadamente 50 eq?inos das ra?as Manga larga e Quarto de Milha. Dentre os bovinos, a expectativa ? de que a exposi??o atinja cerca de 120 animais, com destaque para Nelore e Guzer?. E entre os ovinos e caprinos, as ra?as Santa In?s e Dorper devem ser respons?veis pela presen?a de algo entre 150 e 200 animais.\u003Cbr \/\u003E\r\n\nParceiros e atra??es\u003Cbr \/\u003E\r\n\nVale destacar que o Sebrae ser? parceiro do evento, inclusive ministrando cursos de neg?cios voltados para o segmento. E grandes empresas do setor, com destaque para a itabaianense M Sobral, tamb?m marcar?o presen?a na Feira Agropecu?ria de Itabaiana.\u003Cbr \/\u003E\r\n\nPor fim, destaque para atra??es culturais, tur?sticas e art?sticas, com exposi??o sobre o Parque dos Falc?es, o Museu do Capunga, exposi??o de artesanato, apresenta??o de atra??es musicais da terra e com foco voltado para a m?sica regional.\u003Cbr \/\u003E\r\n\nAtra??es art?sticas e hor?rios de funcionamento\u003Cbr \/\u003E\r\n\n?\u003Cbr \/\u003E\r\n\nS?bado, 24\u003Cbr \/\u003E\r\n\n19 horas - Abertura oficial: presen?a do prefeito, do secretariado e demais autoridades, al?m dos expositores.\u003Cbr \/\u003E\r\n\n20 horas - Quadrilha Balan?a Mas N?o Cai\u003Cbr \/\u003E\r\n\n21 horas - Jailson Lima\u003Cbr \/\u003E\r\n\n22 horas - Gal? da Vaquejada\u003Cbr \/\u003E\r\n\nDomingo, 25\u003Cbr \/\u003E\r\n\n08 as 22 horas - visita??o p?blica\u003Cbr \/\u003E\r\n\n18 horas - Apresenta??o de Violeiros\u003Cbr \/\u003E\r\n\n19 horas - Toinho e Banda Cheia de Manias\u003Cbr \/\u003E\r\n\n20:30 horas - Agnaldo Maraial e L?o\u003Cbr \/\u003E\r\n\nSegunda, 26\u003Cbr \/\u003E\r\n\n08 as 22 horas - visita??o p?blica\u003Cbr \/\u003E\r\n\n20 horas - Show Gospel com o cantor Regis Danese\u003Cbr \/\u003E\r\n\nTer?a, 27\u003Cbr \/\u003E\r\n\n08 as 22 horas - visita??o p?blica\u003Cbr \/\u003E\r\n\nQuarta, 28\u003Cbr \/\u003E\r\n\n08 as 22 horas - visita??o p?blica (encerramento)","tags":"noticias,prefeitura,itabaiana","publicacao":"2013-08-23 13:50:19","criado":"2013-08-23 13:50:19","alterado":"-0001-11-30 00:00:00"},"outros":[{"id":8692,"categoria_id":"3","categoria":{"id":3,"nome":"OBRAS"},"autor_id":"43","autor":{"id":43,"nome":"Katiane Peixoto (Comunica\u00e7\u00e3o)","email":"cafeeprosa9@gmail.com"},"titulo":"Quadra poliesportiva da Escola Municipal Elizeu de Oliveira passa por reforma e em breve ser\u00e1 entregue pela Prefeitura de Itabaiana","slug":"quadra-poliesportiva-da-escola-municipal-elizeu-de-oliveira-passa-por-reforma-e-em-breve-sera-entregue-pela-prefeitura-de-itabaiana","imagem":"\/img\/imagem\/whatsapp-image-2026-04-23-at-09-41-40_67aab4e8eb86d6b3682b95153.jpeg,\/img\/imagem\/media_whatsapp-image-2026-04-23-at-09-41-40_67aab4e8eb86d6b3682b95153.jpeg,\/img\/imagem\/thumb_whatsapp-image-2026-04-23-at-09-41-40_67aab4e8eb86d6b3682b95153.jpeg,\/img\/imagem\/thumb_fix_whatsapp-image-2026-04-23-at-09-41-40_67aab4e8eb86d6b3682b95153.jpeg","texto":"\u003Cp style=\u0022text-align: justify;\u0022\u003EA Prefeitura de Itabaiana, atrav\u0026eacute;s da Secretaria de Obras, Urbanismo, Infraestrutura, dos Servi\u0026ccedil;os P\u0026uacute;blicos e da Habita\u0026ccedil;\u0026atilde;o, est\u0026aacute; realizando a reforma e amplia\u0026ccedil;\u0026atilde;o da quadra poliesportiva da Escola Municipal Elizeu de Oliveira, localizada no Bairro Miguel Teles (Bairro da Torre). As equipes est\u0026atilde;o trabalhando a todo vapor.\u003C\/p\u003E\r\n\u003Cp style=\u0022text-align: justify;\u0022\u003EAl\u0026eacute;m dela, mais quatro quadras poliesportivas est\u0026atilde;o sendo reformadas e ampliadas e em breve, ser\u0026atilde;o entregues \u0026agrave; popula\u0026ccedil;\u0026atilde;o itabaianense, que poder\u0026aacute; usufruir dos espa\u0026ccedil;os modernos, amplos e totalmente revitalizados para v\u0026aacute;rias atividades, como atividades esportivas, culturais, de lazer, etc.\u003C\/p\u003E\r\n\u003Cp style=\u0022text-align: justify;\u0022\u003E\u003Cstrong\u003ETamb\u0026eacute;m est\u0026atilde;o sendo reformadas e ampliadas as seguintes quadras:\u003C\/strong\u003E\u003C\/p\u003E\r\n\u003Cp\u003E-Quadra poliesportiva Jos\u0026eacute; Pereira da Silva, no Bairro Serrano;\u003C\/p\u003E\r\n\u003Cp\u003E-Quadra poliesportiva da Escola Clara Meireles Teles, no Bairro Porto;\u003C\/p\u003E\r\n\u003Cp\u003E-Quadra poliesportiva da Escola Dom Jos\u0026eacute; Tom\u0026aacute;s, no povoado Rio das Pedras;\u003C\/p\u003E\r\n\u003Cp\u003E-Quadra poliesportiva da Escola Municipal Maria Elizete Santos, no Bairro An\u0026iacute;sio Am\u0026acirc;ncio.\u003C\/p\u003E\r\n\u003Cp style=\u0022text-align: justify;\u0022\u003E\u0026nbsp;\u003C\/p\u003E\r\n\u003Cp\u003E\u003Cimg style=\u0022display: block; margin-left: auto; margin-right: auto;\u0022 src=\u0022https:\/\/itabaiana.se.gov.br\/img\/imagem\/media_whatsapp-image-2026-04-23-at-09-41-40_67aab4e8eb86d6b3682b95153.jpeg\u0022 alt=\u0022whatsapp-image-2026-04-23-at-09-41-40_67aab4e8eb86d6b3682b95153.jpeg\u0022 width=\u0022425\u0022 height=\u0022319\u0022 \/\u003E\u003C\/p\u003E","tags":"reforma,ampliacao,quadra,poliesportiva,bairrodatorre,prefeitura,itabaiana,secretaria,obras","destaque":1,"publicacao":"2026-04-24 11:54:00","criado":"2026-04-24 11:54:26","alterado":"2026-04-24 11:58:34"},{"id":8691,"categoria_id":"19","categoria":{"id":19,"nome":"ASSIST\u00caNCIA"},"autor_id":"43","autor":{"id":43,"nome":"Katiane Peixoto (Comunica\u00e7\u00e3o)","email":"cafeeprosa9@gmail.com"},"titulo":"Patrulha Maria da Penha e rede de apoio municipal se re\u00fanem para alinhar atendimento \u00e0s mulheres v\u00edtimas de viol\u00eancia dom\u00e9stica em Itabaiana","slug":"patrulha-maria-da-penha-e-rede-de-apoio-municipal-se-reunem-para-alinhar-atendimento-as-mulheres-vitimas-de-violencia-domestica-em-itabaiana","imagem":"\/img\/imagem\/whatsapp-image-2026-04-16-at-11-27-51_be6cabb01a5469b41f0f46.jpeg,\/img\/imagem\/media_whatsapp-image-2026-04-16-at-11-27-51_be6cabb01a5469b41f0f46.jpeg,\/img\/imagem\/thumb_whatsapp-image-2026-04-16-at-11-27-51_be6cabb01a5469b41f0f46.jpeg,\/img\/imagem\/thumb_fix_whatsapp-image-2026-04-16-at-11-27-51_be6cabb01a5469b41f0f46.jpeg","texto":"\u003Cp\u003E\u003Cimg style=\u0022display: block; margin-left: auto; margin-right: auto;\u0022 src=\u0022https:\/\/itabaiana.se.gov.br\/img\/imagem\/media_whatsapp-image-2026-04-16-at-11-27-51_be6cabb01a5469b41f0f46.jpeg\u0022 alt=\u0022whatsapp-image-2026-04-16-at-11-27-51_be6cabb01a5469b41f0f46.jpeg\u0022 width=\u0022427\u0022 height=\u0022320\u0022 \/\u003E\u003C\/p\u003E\r\n\u003Cp style=\u0022text-align: justify;\u0022\u003E\u0026nbsp;\u003C\/p\u003E\r\n\u003Cp style=\u0022text-align: justify;\u0022\u003EA Patrulha Maria da Penha da Guarda Municipal de Itabaiana realizou na semana passada, uma reuni\u0026atilde;o com representantes da rede de apoio, incluindo o CRAM, CREAS, CRAS, secretarias de Educa\u0026ccedil;\u0026atilde;o, Sa\u0026uacute;de e Desenvolvimento Social, Defesa Civil, com o objetivo de alinhar o sistema de atendimento \u0026agrave;s mulheres itabaianenses, v\u0026iacute;timas de viol\u0026ecirc;ncia dom\u0026eacute;stica, que s\u0026atilde;o assistidas pela Patrulha.\u003C\/p\u003E\r\n\u003Cp style=\u0022text-align: justify;\u0022\u003EA reuni\u0026atilde;o teve como finalidade priorizar e aprimorar as a\u0026ccedil;\u0026otilde;es, buscando oferecer um atendimento mais eficiente e humanizado. Durante o encontro, foram apresentadas demandas e dificuldades, com foco na constru\u0026ccedil;\u0026atilde;o de solu\u0026ccedil;\u0026otilde;es que fortale\u0026ccedil;am ainda mais essa rede de apoio t\u0026atilde;o essencial \u0026agrave;s mulheres que s\u0026atilde;o assistidas.\u003C\/p\u003E\r\n\u003Cp style=\u0022text-align: justify;\u0022\u003EPor meio da rede de apoio, mulheres itabaianenses s\u0026atilde;o protegidas, cuidadas e como o pr\u0026oacute;prio nome j\u0026aacute; diz, recebem apoio e incentivo para recome\u0026ccedil;ar a vida, ap\u0026oacute;s sair do ciclo de viol\u0026ecirc;ncia que estavam vivendo. O objetivo \u0026eacute; mostrar que elas n\u0026atilde;o est\u0026atilde;o sozinhas e tem com quem contar.\u003C\/p\u003E","tags":"patrulha,mariadapenha,itabaiana,guarda,municipal,apoio,mulheres,vitimas,violencia","destaque":1,"publicacao":"2026-04-22 11:45:00","criado":"2026-04-22 11:45:51","alterado":"2026-04-22 11:45:54"},{"id":8690,"categoria_id":"7","categoria":{"id":7,"nome":"ESPORTE"},"autor_id":"43","autor":{"id":43,"nome":"Katiane Peixoto (Comunica\u00e7\u00e3o)","email":"cafeeprosa9@gmail.com"},"titulo":"Copa Chico Cantagalo: confira os resultados dos jogos da segunda rodada","slug":"copa-chico-cantagalo-confira-os-resultados-dos-jogos-da-segunda-rodada","imagem":"\/img\/imagem\/whatsapp-image-2026-04-20-at-11-56-31_c6c4a44fcb38e760a16ebf.jpeg,\/img\/imagem\/media_whatsapp-image-2026-04-20-at-11-56-31_c6c4a44fcb38e760a16ebf.jpeg,\/img\/imagem\/thumb_whatsapp-image-2026-04-20-at-11-56-31_c6c4a44fcb38e760a16ebf.jpeg,\/img\/imagem\/thumb_fix_whatsapp-image-2026-04-20-at-11-56-31_c6c4a44fcb38e760a16ebf.jpeg","texto":"\u003Cp\u003E\u003Cimg style=\u0022display: block; margin-left: auto; margin-right: auto;\u0022 src=\u0022https:\/\/itabaiana.se.gov.br\/img\/imagem\/media_whatsapp-image-2026-04-20-at-11-56-31_c6c4a44fcb38e760a16ebf.jpeg\u0022 alt=\u0022whatsapp-image-2026-04-20-at-11-56-31_c6c4a44fcb38e760a16ebf.jpeg\u0022 width=\u0022435\u0022 height=\u0022429\u0022 \/\u003E\u003C\/p\u003E\r\n\u003Cp style=\u0022text-align: justify;\u0022\u003E\u0026nbsp;\u003C\/p\u003E\r\n\u003Cp style=\u0022text-align: justify;\u0022\u003EA segunda rodada da Copa Chico Cantagalo, a competi\u0026ccedil;\u0026atilde;o de futebol amador que movimenta Itabaiana aconteceu no \u0026uacute;ltimo domingo, 19, com nove jogos, nos campos da cidade e dos povoados. No total, s\u0026atilde;o 18 times disputando o t\u0026iacute;tulo.\u003C\/p\u003E\r\n\u003Cp style=\u0022text-align: justify;\u0022\u003E\u003Cstrong\u003EConfira os resultados dos jogos da segunda rodada:\u003C\/strong\u003E\u003C\/p\u003E\r\n\u003Cp style=\u0022text-align: justify;\u0022\u003E\u003Cem\u003E-Carrilho FC 0 x 0 Real Invas\u0026atilde;o;\u003C\/em\u003E\u003C\/p\u003E\r\n\u003Cp style=\u0022text-align: justify;\u0022\u003E\u003Cem\u003E-Am\u0026eacute;rica FC 1 x 3Inter da Torre;\u003C\/em\u003E\u003C\/p\u003E\r\n\u003Cp style=\u0022text-align: justify;\u0022\u003E\u003Cem\u003E-Ideal 2 x 2 Fuma\u0026ccedil;a;\u003C\/em\u003E\u003C\/p\u003E\r\n\u003Cp style=\u0022text-align: justify;\u0022\u003E\u003Cem\u003E-Joinville Cabe\u0026ccedil;a do Russo 3 x 2 Chelsea da Caja\u0026iacute;ba;\u003C\/em\u003E\u003C\/p\u003E\r\n\u003Cp style=\u0022text-align: justify;\u0022\u003E\u003Cem\u003E-Flamenguinho das Queimadas 2 x 1 Construtora;\u003C\/em\u003E\u003C\/p\u003E\r\n\u003Cp style=\u0022text-align: justify;\u0022\u003E\u003Cem\u003E-Guarani da Taboca 0 x 0 Portuguesa da Baixada;\u003C\/em\u003E\u003C\/p\u003E\r\n\u003Cp style=\u0022text-align: justify;\u0022\u003E\u003Cem\u003E-Projeto Vit\u0026oacute;ria 0 x 1 Boca J\u0026uacute;nior T. Chico;\u003C\/em\u003E\u003C\/p\u003E\r\n\u003Cp style=\u0022text-align: justify;\u0022\u003E\u003Cem\u003E-Tricolor da Mangueira 0 x 0 Dendezeiro;\u003C\/em\u003E\u003C\/p\u003E\r\n\u003Cp style=\u0022text-align: justify;\u0022\u003E\u003Cem\u003E-Gr\u0026ecirc;mio RDP 3 x 0 Moita Formosa FC.\u003C\/em\u003E\u003C\/p\u003E\r\n\u003Cp style=\u0022text-align: justify;\u0022\u003EA Copa Chico Cantagalo \u0026eacute; realizada pela Prefeitura de Itabaiana, atrav\u0026eacute;s da Secretaria Municipal de Esporte e Lazer, com o objetivo de fortalecer o futebol amador da cidade, que tem crescido cada vez mais e a gest\u0026atilde;o municipal tem dado todo apoio necess\u0026aacute;rio e visibilidade aos times.\u003C\/p\u003E\r\n\u003Cp style=\u0022text-align: justify;\u0022\u003EPara a edi\u0026ccedil;\u0026atilde;o deste ano, a premia\u0026ccedil;\u0026atilde;o total ser\u0026aacute; de \u003Cstrong\u003ER$ 60 mil\u003C\/strong\u003E; o grande vencedor ganhar\u0026aacute; \u003Cstrong\u003ER$ 30 mil \u003C\/strong\u003Ee o vice, \u003Cstrong\u003ER$ 15 mil.\u003C\/strong\u003E\u003C\/p\u003E\r\n\u003Cp style=\u0022text-align: justify;\u0022\u003E\u003Cstrong\u003ETamb\u0026eacute;m haver\u0026aacute; as seguintes premia\u0026ccedil;\u0026otilde;es:\u003C\/strong\u003E\u003C\/p\u003E\r\n\u003Cp style=\u0022text-align: justify;\u0022\u003E-3\u0026ordm; colocado: R$ 8 mil;\u003C\/p\u003E\r\n\u003Cp style=\u0022text-align: justify;\u0022\u003E-4\u0026ordm; colocado: R$ 4 mil;\u003C\/p\u003E\r\n\u003Cp style=\u0022text-align: justify;\u0022\u003E-Artilheiro: R$ 1 mil;\u003C\/p\u003E\r\n\u003Cp style=\u0022text-align: justify;\u0022\u003E-Melhor goleiro: R$ 1 mil;\u003C\/p\u003E\r\n\u003Cp style=\u0022text-align: justify;\u0022\u003E-Treinador campe\u0026atilde;o: R$ 1 mil.\u003C\/p\u003E","tags":"copa,chicocantagalo,itabaiana,futebol,amador,jogos,segunda,rodada","destaque":1,"publicacao":"2026-04-20 11:57:00","criado":"2026-04-20 11:57:49","alterado":"2026-04-20 11:58:42"}],"pagina_atualizada_em":"-001-11-30T00:00:00-02:34"}