{"item":{"id":3356,"categoria_id":"7","categoria":{"id":7,"nome":"ESPORTE"},"autor_show":1,"titulo":"Itabaiana 125 anos: festejos destacam o povo forte que constr\u00f3i a cidade","slug":"itabaiana-125-anos-festejos-destacam-o-povo-forte-que-constroi-a-cidade","subtitulo":"Atra\u00e7\u00f5es musicais, eventos culturais, cerim\u00f4nias oficiais e missa em a\u00e7\u00e3o de gra\u00e7as compuseram as festividades m\u00e1ximas dos itabaianenses","descricao":"Itabaiana 125 anos: festejos destacam o povo forte que constr\u00f3i a cidade","imagem":"\/img\/imagem\/12458-g3m2w2t4a4k1q3f8.jpg,\/img\/imagem\/media_12458-g3m2w2t4a4k1q3f8.jpg,\/img\/imagem\/thumb_12458-g3m2w2t4a4k1q3f8.jpg,\/img\/imagem\/thumb_fix_12458-g3m2w2t4a4k1q3f8.jpg","texto":"As festividades alusivas aos 125 anos da eleva??o ? categoria de cidade de Itabaiana reuniram milhares de pessoas entre os dias 24 e 28 de agosto na Pra?a de Eventos e na Avenida Dr. Luiz Magalh?es.\u003Cbr \/\u003E\r\n\n?Apesar do grande gasto que o munic?pio teve com a realiza??o da Festa dos Caminhoneiros, n?o poder?amos deixar que o anivers?rio da nossa cidade passasse em branco. Ent?o, juntamente com o diretor de eventos, Alex de Geoba, procurei escolher boas atra??es que estivessem a altura dos 125 anos da nossa cidade?, comentou o prefeito Valmir de Francisquinho.\u003Cbr \/\u003E\r\n\nAl?m das atra??es de vi?s cultural, como a apresenta??o de grupos folcl?ricos, quadrilha junina e filarm?nica; houve o agraciamento com a Comenda Sebr?o Sobrinho a cinco ilustres itabaianenses. Sob a tutela do secret?rio municipal de agricultura, Erotildes de Jesus, tamb?m foi realizada a j? tradicional Feira Agropecu?ria, na Pra?a Etelvino Mendon?a, com a exposi??o de bovinos e equinos de ra?as consagradas no agroneg?cio regional, que contou com o bom n?mero de expositores, assim atraindo v?rios compradores e consequentemente o p?blico curioso para se aproximar, tocar e fotografar os animais.\u003Cbr \/\u003E\r\n\nN?o s? as atra??es musicais de renome nacional fizeram a alegria do p?blico nesses dias, os artistas locais de mais destaque; Jailson Lima, Alma G?mea, Ant?nio O Clone, Gal? da Vaquejada e o pianista Jo?o Moura foram os que tamb?m tiveram a oportunidade de abrilhantar a festa.\u003Cbr \/\u003E\r\n\nNa segunda-feira, 26, a Pra?a de Eventos foi palco de um momento de musicalidade e f?, o cantor Regis Danese foi a grande atra??o que deu abertura aos seguintes dias de agita??o na cidade.\u003Cbr \/\u003E\r\n\nNa ter?a-feira, 27, Banda J?s e Julinho Porrad?o deram inicio ao arrast?o pela Avenida, mas a atra??o mais esperada da noite foi a banda Harmonia do Samba, que ap?s cinco anos retornou ? Itabaiana para satisfa??o do grande p?blico que se fez presente; paralelo ao Cal?ad?o Dr. Airton Teles, a banda Alma G?mea e Ant?nio o Clone continuaram agitando a noite.\u003Cbr \/\u003E\r\n\nCom esp?rito c?vico, assim iniciou-se a quarta-feira, 28, que ?s 8h foi feito o hasteamento da bandeira na sede da Prefeitura Municipal, que al?m da presen?a de autoridades civis e mebros da sociedade, contou com a participa??o da Orquestra SOFIVA. Em seguida o esp?rito esportivo tomou conta dos nossos atletas, pois foi realizado o Torneio dos Povoados no M?dulo Esportivo. ?s 10h foi celebrada missa solene na Igreja de Santo Ant?nio e Almas e logo mais, ?s 16h, o clima de agita??o voltou a tomar conta da Avenida com as bandas Edcity e Flavinho e Os Bar?es, que mais uma vez fizeram outro grande arrast?o.\u003Cbr \/\u003E\r\n\n?\u003Cbr \/\u003E\r\n\nFoi a Resolu??o Provincial de n?mero 301, de 28 de agosto de 1888 que elevou a Vila de Santo Antonio e Almas de Itabaiana ? categoria de cidade, na Presid?ncia de Francisco Paula Preste Pimentel.","tags":"noticias,prefeitura,itabaiana","publicacao":"2013-08-29 12:39:53","criado":"2013-08-29 12:39:53","alterado":"-0001-11-30 00:00:00"},"outros":[{"id":8692,"categoria_id":"3","categoria":{"id":3,"nome":"OBRAS"},"autor_id":"43","autor":{"id":43,"nome":"Katiane Peixoto (Comunica\u00e7\u00e3o)","email":"cafeeprosa9@gmail.com"},"titulo":"Quadra poliesportiva da Escola Municipal Elizeu de Oliveira passa por reforma e em breve ser\u00e1 entregue pela Prefeitura de Itabaiana","slug":"quadra-poliesportiva-da-escola-municipal-elizeu-de-oliveira-passa-por-reforma-e-em-breve-sera-entregue-pela-prefeitura-de-itabaiana","imagem":"\/img\/imagem\/whatsapp-image-2026-04-23-at-09-41-40_67aab4e8eb86d6b3682b95153.jpeg,\/img\/imagem\/media_whatsapp-image-2026-04-23-at-09-41-40_67aab4e8eb86d6b3682b95153.jpeg,\/img\/imagem\/thumb_whatsapp-image-2026-04-23-at-09-41-40_67aab4e8eb86d6b3682b95153.jpeg,\/img\/imagem\/thumb_fix_whatsapp-image-2026-04-23-at-09-41-40_67aab4e8eb86d6b3682b95153.jpeg","texto":"\u003Cp style=\u0022text-align: justify;\u0022\u003EA Prefeitura de Itabaiana, atrav\u0026eacute;s da Secretaria de Obras, Urbanismo, Infraestrutura, dos Servi\u0026ccedil;os P\u0026uacute;blicos e da Habita\u0026ccedil;\u0026atilde;o, est\u0026aacute; realizando a reforma e amplia\u0026ccedil;\u0026atilde;o da quadra poliesportiva da Escola Municipal Elizeu de Oliveira, localizada no Bairro Miguel Teles (Bairro da Torre). As equipes est\u0026atilde;o trabalhando a todo vapor.\u003C\/p\u003E\r\n\u003Cp style=\u0022text-align: justify;\u0022\u003EAl\u0026eacute;m dela, mais quatro quadras poliesportivas est\u0026atilde;o sendo reformadas e ampliadas e em breve, ser\u0026atilde;o entregues \u0026agrave; popula\u0026ccedil;\u0026atilde;o itabaianense, que poder\u0026aacute; usufruir dos espa\u0026ccedil;os modernos, amplos e totalmente revitalizados para v\u0026aacute;rias atividades, como atividades esportivas, culturais, de lazer, etc.\u003C\/p\u003E\r\n\u003Cp style=\u0022text-align: justify;\u0022\u003E\u003Cstrong\u003ETamb\u0026eacute;m est\u0026atilde;o sendo reformadas e ampliadas as seguintes quadras:\u003C\/strong\u003E\u003C\/p\u003E\r\n\u003Cp\u003E-Quadra poliesportiva Jos\u0026eacute; Pereira da Silva, no Bairro Serrano;\u003C\/p\u003E\r\n\u003Cp\u003E-Quadra poliesportiva da Escola Clara Meireles Teles, no Bairro Porto;\u003C\/p\u003E\r\n\u003Cp\u003E-Quadra poliesportiva da Escola Dom Jos\u0026eacute; Tom\u0026aacute;s, no povoado Rio das Pedras;\u003C\/p\u003E\r\n\u003Cp\u003E-Quadra poliesportiva da Escola Municipal Maria Elizete Santos, no Bairro An\u0026iacute;sio Am\u0026acirc;ncio.\u003C\/p\u003E\r\n\u003Cp style=\u0022text-align: justify;\u0022\u003E\u0026nbsp;\u003C\/p\u003E\r\n\u003Cp\u003E\u003Cimg style=\u0022display: block; margin-left: auto; margin-right: auto;\u0022 src=\u0022https:\/\/itabaiana.se.gov.br\/img\/imagem\/media_whatsapp-image-2026-04-23-at-09-41-40_67aab4e8eb86d6b3682b95153.jpeg\u0022 alt=\u0022whatsapp-image-2026-04-23-at-09-41-40_67aab4e8eb86d6b3682b95153.jpeg\u0022 width=\u0022425\u0022 height=\u0022319\u0022 \/\u003E\u003C\/p\u003E","tags":"reforma,ampliacao,quadra,poliesportiva,bairrodatorre,prefeitura,itabaiana,secretaria,obras","destaque":1,"publicacao":"2026-04-24 11:54:00","criado":"2026-04-24 11:54:26","alterado":"2026-04-24 11:58:34"},{"id":8691,"categoria_id":"19","categoria":{"id":19,"nome":"ASSIST\u00caNCIA"},"autor_id":"43","autor":{"id":43,"nome":"Katiane Peixoto (Comunica\u00e7\u00e3o)","email":"cafeeprosa9@gmail.com"},"titulo":"Patrulha Maria da Penha e rede de apoio municipal se re\u00fanem para alinhar atendimento \u00e0s mulheres v\u00edtimas de viol\u00eancia dom\u00e9stica em Itabaiana","slug":"patrulha-maria-da-penha-e-rede-de-apoio-municipal-se-reunem-para-alinhar-atendimento-as-mulheres-vitimas-de-violencia-domestica-em-itabaiana","imagem":"\/img\/imagem\/whatsapp-image-2026-04-16-at-11-27-51_be6cabb01a5469b41f0f46.jpeg,\/img\/imagem\/media_whatsapp-image-2026-04-16-at-11-27-51_be6cabb01a5469b41f0f46.jpeg,\/img\/imagem\/thumb_whatsapp-image-2026-04-16-at-11-27-51_be6cabb01a5469b41f0f46.jpeg,\/img\/imagem\/thumb_fix_whatsapp-image-2026-04-16-at-11-27-51_be6cabb01a5469b41f0f46.jpeg","texto":"\u003Cp\u003E\u003Cimg style=\u0022display: block; margin-left: auto; margin-right: auto;\u0022 src=\u0022https:\/\/itabaiana.se.gov.br\/img\/imagem\/media_whatsapp-image-2026-04-16-at-11-27-51_be6cabb01a5469b41f0f46.jpeg\u0022 alt=\u0022whatsapp-image-2026-04-16-at-11-27-51_be6cabb01a5469b41f0f46.jpeg\u0022 width=\u0022427\u0022 height=\u0022320\u0022 \/\u003E\u003C\/p\u003E\r\n\u003Cp style=\u0022text-align: justify;\u0022\u003E\u0026nbsp;\u003C\/p\u003E\r\n\u003Cp style=\u0022text-align: justify;\u0022\u003EA Patrulha Maria da Penha da Guarda Municipal de Itabaiana realizou na semana passada, uma reuni\u0026atilde;o com representantes da rede de apoio, incluindo o CRAM, CREAS, CRAS, secretarias de Educa\u0026ccedil;\u0026atilde;o, Sa\u0026uacute;de e Desenvolvimento Social, Defesa Civil, com o objetivo de alinhar o sistema de atendimento \u0026agrave;s mulheres itabaianenses, v\u0026iacute;timas de viol\u0026ecirc;ncia dom\u0026eacute;stica, que s\u0026atilde;o assistidas pela Patrulha.\u003C\/p\u003E\r\n\u003Cp style=\u0022text-align: justify;\u0022\u003EA reuni\u0026atilde;o teve como finalidade priorizar e aprimorar as a\u0026ccedil;\u0026otilde;es, buscando oferecer um atendimento mais eficiente e humanizado. Durante o encontro, foram apresentadas demandas e dificuldades, com foco na constru\u0026ccedil;\u0026atilde;o de solu\u0026ccedil;\u0026otilde;es que fortale\u0026ccedil;am ainda mais essa rede de apoio t\u0026atilde;o essencial \u0026agrave;s mulheres que s\u0026atilde;o assistidas.\u003C\/p\u003E\r\n\u003Cp style=\u0022text-align: justify;\u0022\u003EPor meio da rede de apoio, mulheres itabaianenses s\u0026atilde;o protegidas, cuidadas e como o pr\u0026oacute;prio nome j\u0026aacute; diz, recebem apoio e incentivo para recome\u0026ccedil;ar a vida, ap\u0026oacute;s sair do ciclo de viol\u0026ecirc;ncia que estavam vivendo. O objetivo \u0026eacute; mostrar que elas n\u0026atilde;o est\u0026atilde;o sozinhas e tem com quem contar.\u003C\/p\u003E","tags":"patrulha,mariadapenha,itabaiana,guarda,municipal,apoio,mulheres,vitimas,violencia","destaque":1,"publicacao":"2026-04-22 11:45:00","criado":"2026-04-22 11:45:51","alterado":"2026-04-22 11:45:54"},{"id":8690,"categoria_id":"7","categoria":{"id":7,"nome":"ESPORTE"},"autor_id":"43","autor":{"id":43,"nome":"Katiane Peixoto (Comunica\u00e7\u00e3o)","email":"cafeeprosa9@gmail.com"},"titulo":"Copa Chico Cantagalo: confira os resultados dos jogos da segunda rodada","slug":"copa-chico-cantagalo-confira-os-resultados-dos-jogos-da-segunda-rodada","imagem":"\/img\/imagem\/whatsapp-image-2026-04-20-at-11-56-31_c6c4a44fcb38e760a16ebf.jpeg,\/img\/imagem\/media_whatsapp-image-2026-04-20-at-11-56-31_c6c4a44fcb38e760a16ebf.jpeg,\/img\/imagem\/thumb_whatsapp-image-2026-04-20-at-11-56-31_c6c4a44fcb38e760a16ebf.jpeg,\/img\/imagem\/thumb_fix_whatsapp-image-2026-04-20-at-11-56-31_c6c4a44fcb38e760a16ebf.jpeg","texto":"\u003Cp\u003E\u003Cimg style=\u0022display: block; margin-left: auto; margin-right: auto;\u0022 src=\u0022https:\/\/itabaiana.se.gov.br\/img\/imagem\/media_whatsapp-image-2026-04-20-at-11-56-31_c6c4a44fcb38e760a16ebf.jpeg\u0022 alt=\u0022whatsapp-image-2026-04-20-at-11-56-31_c6c4a44fcb38e760a16ebf.jpeg\u0022 width=\u0022435\u0022 height=\u0022429\u0022 \/\u003E\u003C\/p\u003E\r\n\u003Cp style=\u0022text-align: justify;\u0022\u003E\u0026nbsp;\u003C\/p\u003E\r\n\u003Cp style=\u0022text-align: justify;\u0022\u003EA segunda rodada da Copa Chico Cantagalo, a competi\u0026ccedil;\u0026atilde;o de futebol amador que movimenta Itabaiana aconteceu no \u0026uacute;ltimo domingo, 19, com nove jogos, nos campos da cidade e dos povoados. No total, s\u0026atilde;o 18 times disputando o t\u0026iacute;tulo.\u003C\/p\u003E\r\n\u003Cp style=\u0022text-align: justify;\u0022\u003E\u003Cstrong\u003EConfira os resultados dos jogos da segunda rodada:\u003C\/strong\u003E\u003C\/p\u003E\r\n\u003Cp style=\u0022text-align: justify;\u0022\u003E\u003Cem\u003E-Carrilho FC 0 x 0 Real Invas\u0026atilde;o;\u003C\/em\u003E\u003C\/p\u003E\r\n\u003Cp style=\u0022text-align: justify;\u0022\u003E\u003Cem\u003E-Am\u0026eacute;rica FC 1 x 3Inter da Torre;\u003C\/em\u003E\u003C\/p\u003E\r\n\u003Cp style=\u0022text-align: justify;\u0022\u003E\u003Cem\u003E-Ideal 2 x 2 Fuma\u0026ccedil;a;\u003C\/em\u003E\u003C\/p\u003E\r\n\u003Cp style=\u0022text-align: justify;\u0022\u003E\u003Cem\u003E-Joinville Cabe\u0026ccedil;a do Russo 3 x 2 Chelsea da Caja\u0026iacute;ba;\u003C\/em\u003E\u003C\/p\u003E\r\n\u003Cp style=\u0022text-align: justify;\u0022\u003E\u003Cem\u003E-Flamenguinho das Queimadas 2 x 1 Construtora;\u003C\/em\u003E\u003C\/p\u003E\r\n\u003Cp style=\u0022text-align: justify;\u0022\u003E\u003Cem\u003E-Guarani da Taboca 0 x 0 Portuguesa da Baixada;\u003C\/em\u003E\u003C\/p\u003E\r\n\u003Cp style=\u0022text-align: justify;\u0022\u003E\u003Cem\u003E-Projeto Vit\u0026oacute;ria 0 x 1 Boca J\u0026uacute;nior T. Chico;\u003C\/em\u003E\u003C\/p\u003E\r\n\u003Cp style=\u0022text-align: justify;\u0022\u003E\u003Cem\u003E-Tricolor da Mangueira 0 x 0 Dendezeiro;\u003C\/em\u003E\u003C\/p\u003E\r\n\u003Cp style=\u0022text-align: justify;\u0022\u003E\u003Cem\u003E-Gr\u0026ecirc;mio RDP 3 x 0 Moita Formosa FC.\u003C\/em\u003E\u003C\/p\u003E\r\n\u003Cp style=\u0022text-align: justify;\u0022\u003EA Copa Chico Cantagalo \u0026eacute; realizada pela Prefeitura de Itabaiana, atrav\u0026eacute;s da Secretaria Municipal de Esporte e Lazer, com o objetivo de fortalecer o futebol amador da cidade, que tem crescido cada vez mais e a gest\u0026atilde;o municipal tem dado todo apoio necess\u0026aacute;rio e visibilidade aos times.\u003C\/p\u003E\r\n\u003Cp style=\u0022text-align: justify;\u0022\u003EPara a edi\u0026ccedil;\u0026atilde;o deste ano, a premia\u0026ccedil;\u0026atilde;o total ser\u0026aacute; de \u003Cstrong\u003ER$ 60 mil\u003C\/strong\u003E; o grande vencedor ganhar\u0026aacute; \u003Cstrong\u003ER$ 30 mil \u003C\/strong\u003Ee o vice, \u003Cstrong\u003ER$ 15 mil.\u003C\/strong\u003E\u003C\/p\u003E\r\n\u003Cp style=\u0022text-align: justify;\u0022\u003E\u003Cstrong\u003ETamb\u0026eacute;m haver\u0026aacute; as seguintes premia\u0026ccedil;\u0026otilde;es:\u003C\/strong\u003E\u003C\/p\u003E\r\n\u003Cp style=\u0022text-align: justify;\u0022\u003E-3\u0026ordm; colocado: R$ 8 mil;\u003C\/p\u003E\r\n\u003Cp style=\u0022text-align: justify;\u0022\u003E-4\u0026ordm; colocado: R$ 4 mil;\u003C\/p\u003E\r\n\u003Cp style=\u0022text-align: justify;\u0022\u003E-Artilheiro: R$ 1 mil;\u003C\/p\u003E\r\n\u003Cp style=\u0022text-align: justify;\u0022\u003E-Melhor goleiro: R$ 1 mil;\u003C\/p\u003E\r\n\u003Cp style=\u0022text-align: justify;\u0022\u003E-Treinador campe\u0026atilde;o: R$ 1 mil.\u003C\/p\u003E","tags":"copa,chicocantagalo,itabaiana,futebol,amador,jogos,segunda,rodada","destaque":1,"publicacao":"2026-04-20 11:57:00","criado":"2026-04-20 11:57:49","alterado":"2026-04-20 11:58:42"}],"pagina_atualizada_em":"-001-11-30T00:00:00-02:34"}