{"item":{"id":3364,"categoria_id":"6","categoria":{"id":6,"nome":"SOCIAL"},"autor_show":1,"titulo":"Sa\u00fade itabaianense prepara Campanha de Vacina\u00e7\u00e3o Antirr\u00e1bica","slug":"saude-itabaianense-prepara-campanha-de-vacinacao-antirrabica","subtitulo":"Animais dever\u00e3o ser vacinados durante o per\u00edodo entre 16 e 28 de setembro na rede p\u00fablica municipal de sa\u00fade","descricao":"Sa\u00fade itabaianense prepara Campanha de Vacina\u00e7\u00e3o Antirr\u00e1bica","imagem":"\/img\/imagem\/12466-g5p1r2q9s9j5u5x1.jpg,\/img\/imagem\/media_12466-g5p1r2q9s9j5u5x1.jpg,\/img\/imagem\/thumb_12466-g5p1r2q9s9j5u5x1.jpg,\/img\/imagem\/thumb_fix_12466-g5p1r2q9s9j5u5x1.jpg","texto":"A Secretaria Municipal de Sa?de de Itabaiana est? finalizando os preparativos para a Campanha de Vacina??o Antirr?bica, que ocorrer? neste ano entre os pr?ximos dias 16 e 28 de setembro. S?o 14 postos de Vacina??o mais as equipes (vacinadores e registradores) que ir?o at? os povoados de itabaianenses.\u003Cbr \/\u003E\r\n\nA vacina??o contra a raiva ? indicada para todos os animais acima de tr?s meses de idade. Mesmo aqueles que j? foram imunizados em anos anteriores devem receber nova dose.?\u003Cbr \/\u003E\r\n\nA raiva ? uma doen?a fatal causada por um v?rus que acomete todos os mam?feros, tais como c?es e gatos, bois, cavalos, porcos, morcegos e tamb?m o homem. A doen?a ? transmitida principalmente pela mordedura e tamb?m por arranh?es, unhadas ou lambidas de animais doentes.\u003Cbr \/\u003E\r\n\n \u0022? muito importante que todos os c?es e gatos sejam vacinados, pois a raiva ? uma doen?a incur?vel\u0022, explica a coordenadora do setor de epidemiologia, Ana Cl?udia.\u003Cbr \/\u003E\r\n\nConfira os locais de vacina??o no dia 28\/09, das 8 ?s 17h:\u003Cbr \/\u003E\r\n\n1??SECRETARIA MUNICIPAL DE SA?DE\u003Cbr \/\u003E\r\n\n2??CL?NICA DA SA?DE DO BAIRRO PORTO\u003Cbr \/\u003E\r\n\n3??POSTO DE SA?DE Dr. LAURO MAIA\u003Cbr \/\u003E\r\n\n4??POSTO DE SA?DE Dr. LUCIANO SIQUEIRA\u003Cbr \/\u003E\r\n\n5??GRUPO ESCOLAR Dr. AIRTO TELES\u003Cbr \/\u003E\r\n\n6??POSTO DE SA?DE DO BAIRRO S?O CRISTOV?O\u003Cbr \/\u003E\r\n\n7??POSTO DE SA?DE DO BAIRRO A?UDE VELHO\u003Cbr \/\u003E\r\n\n8??COL?GIO ESTADUAL ISABEL ESTEVES DE FREITAS\u003Cbr \/\u003E\r\n\n9??ESCOLA IANA MONTEIRO DE CARVALHO (BAIRRO OVIEDO TEIXEIRA)\u003Cbr \/\u003E\r\n\n10??ESCOLA MUNICIPAL NIVALDA LIMA FIGUEIREDO\u003Cbr \/\u003E\r\n\n11??ESCOLA MUNICIPAL NEILDE PIMENTEL (MARIANGA)\u003Cbr \/\u003E\r\n\n12??CENTRO DE SA?DE III (SESP)\u003Cbr \/\u003E\r\n\n13??POSTO DE SA?DE DO BAIRRO MIGUEL TELES\u003Cbr \/\u003E\r\n\n14??VOLANTE\u003Cbr \/\u003E\r\n\n?\u003Cbr \/\u003E\r\n\nDe 16 a 27 de setembro ser? disponibilizado a Vacina??o na Zona Rural. O cronograma preparado pela Secretaria Municipal ? o seguinte:\u003Cbr \/\u003E\r\n\nPOVOADOS: PER?ODO DE 16\/09 A 27\/09\/2013\u003Cbr \/\u003E\r\n\n\u003Cbr \/\u003E\r\n\n\u003Cbr \/\u003E\r\n\n\u003Cbr \/\u003E\r\n\n\u003Cbr \/\u003E\r\n\nDIA\u003Cbr \/\u003E\r\n\n\u003Cbr \/\u003E\r\n\n\u003Cbr \/\u003E\r\n\nMANH?\u003Cbr \/\u003E\r\n\n\u003Cbr \/\u003E\r\n\n\u003Cbr \/\u003E\r\n\nTARDE\u003Cbr \/\u003E\r\n\n\u003Cbr \/\u003E\r\n\n\u003Cbr \/\u003E\r\n\n\u003Cbr \/\u003E\r\n\n\u003Cbr \/\u003E\r\n\n?\u003Cbr \/\u003E\r\n\n16\/09\u003Cbr \/\u003E\r\n\n\u003Cbr \/\u003E\r\n\n\u003Cbr \/\u003E\r\n\nMANGABEIRA?(PRA?A)\u003Cbr \/\u003E\r\n\nMUNDEZ?(POSTO DE SAUDE)\u003Cbr \/\u003E\r\n\nGANDU II?(ESCOLA)\u003Cbr \/\u003E\r\n\n?\u003Cbr \/\u003E\r\n\n\u003Cbr \/\u003E\r\n\n\u003Cbr \/\u003E\r\n\nESTREITO?(ESCOLA)\u003Cbr \/\u003E\r\n\nCARRILHO?(CENTRO   COMUNIT?RIO)\u003Cbr \/\u003E\r\n\nTABOCA?(ESCOLA??????????\u003Cbr \/\u003E\r\n\n\u003Cbr \/\u003E\r\n\n\u003Cbr \/\u003E\r\n\n\u003Cbr \/\u003E\r\n\n\u003Cbr \/\u003E\r\n\n?\u003Cbr \/\u003E\r\n\n17\/09\u003Cbr \/\u003E\r\n\n\u003Cbr \/\u003E\r\n\n\u003Cbr \/\u003E\r\n\nS?O JOS\u0260(ESCOLA)\u003Cbr \/\u003E\r\n\nFORNO?(ESCOLA)\u003Cbr \/\u003E\r\n\nCOHIDRO?(NA PR?PRA   COHIDRO)\u003Cbr \/\u003E\r\n\nLAGOA DO FORNO?(ESCOLA)\u003Cbr \/\u003E\r\n\n\u003Cbr \/\u003E\r\n\n\u003Cbr \/\u003E\r\n\nCAN?RIO?(BAR)\u003Cbr \/\u003E\r\n\nCONGO?(ESCOLA)\u003Cbr \/\u003E\r\n\n?CAJUEIRO?(ESCOLA)\u003Cbr \/\u003E\r\n\n\u003Cbr \/\u003E\r\n\n\u003Cbr \/\u003E\r\n\n\u003Cbr \/\u003E\r\n\n\u003Cbr \/\u003E\r\n\n?\u003Cbr \/\u003E\r\n\n18\/09\u003Cbr \/\u003E\r\n\n\u003Cbr \/\u003E\r\n\n\u003Cbr \/\u003E\r\n\n?\u003Cbr \/\u003E\r\n\nCAJA?BA?(PRA?A)\u003Cbr \/\u003E\r\n\nVARZEA DA CANCELA?(ESCOLA)\u003Cbr \/\u003E\r\n\nGANDU I?(ESCOLA)\u003Cbr \/\u003E\r\n\n?\u003Cbr \/\u003E\r\n\n\u003Cbr \/\u003E\r\n\n\u003Cbr \/\u003E\r\n\n?\u003Cbr \/\u003E\r\n\n?FLEXAS?(ESCOLA)\u003Cbr \/\u003E\r\n\nBASTI?O?(ESCOLA)\u003Cbr \/\u003E\r\n\nCARA?BAS?(ESCOLA)\u003Cbr \/\u003E\r\n\n?\u003Cbr \/\u003E\r\n\n\u003Cbr \/\u003E\r\n\n\u003Cbr \/\u003E\r\n\n\u003Cbr \/\u003E\r\n\n\u003Cbr \/\u003E\r\n\n?\u003Cbr \/\u003E\r\n\n19\/09\u003Cbr \/\u003E\r\n\n\u003Cbr \/\u003E\r\n\n\u003Cbr \/\u003E\r\n\n?\u003Cbr \/\u003E\r\n\nRIBEIRA?(PRA?A)\u003Cbr \/\u003E\r\n\nMANGUEIRA?(ESCOLA)\u003Cbr \/\u003E\r\n\nMANGUEIRA?(POSTO DE SA?DE)\u003Cbr \/\u003E\r\n\n?\u003Cbr \/\u003E\r\n\n\u003Cbr \/\u003E\r\n\n\u003Cbr \/\u003E\r\n\n?\u003Cbr \/\u003E\r\n\nTABULEIRO DA   TELHA?(COM O AG. DE SA?DE)\u003Cbr \/\u003E\r\n\nTABULEIRO DO   CHICO?(COM O AG. DE SA?DE)\u003Cbr \/\u003E\r\n\nSIEBRA?(COM O AG. DE   SA?DE)\u003Cbr \/\u003E\r\n\n?\u003Cbr \/\u003E\r\n\n\u003Cbr \/\u003E\r\n\n\u003Cbr \/\u003E\r\n\n\u003Cbr \/\u003E\r\n\n\u003Cbr \/\u003E\r\n\n?\u003Cbr \/\u003E\r\n\n20\/09\u003Cbr \/\u003E\r\n\n\u003Cbr \/\u003E\r\n\n\u003Cbr \/\u003E\r\n\nLAGAMAR?(ESCOLA)\u003Cbr \/\u003E\r\n\nSERRA?(ESCOLA)\u003Cbr \/\u003E\r\n\nBARRO PRETO?(CENTRO   COMUNIT?RIO\u003Cbr \/\u003E\r\n\nBOM JARDIM?(ESCOLA)\u003Cbr \/\u003E\r\n\n\u003Cbr \/\u003E\r\n\n\u003Cbr \/\u003E\r\n\n?\u003Cbr \/\u003E\r\n\n\u003Cbr \/\u003E\r\n\n\u003Cbr \/\u003E\r\n\n\u003Cbr \/\u003E\r\n\n\u003Cbr \/\u003E\r\n\n?\u003Cbr \/\u003E\r\n\n23\/09\u003Cbr \/\u003E\r\n\n\u003Cbr \/\u003E\r\n\n\u003Cbr \/\u003E\r\n\n?\u003Cbr \/\u003E\r\n\nMALHADA VELHA?(ESCOLA)\u003Cbr \/\u003E\r\n\nJOAO GOMES?(ESCOLA)\u003Cbr \/\u003E\r\n\nZANGU\u02a0(POSTO DE   SA?DE)\u003Cbr \/\u003E\r\n\nAGROVILA?(ESCOLA)\u003Cbr \/\u003E\r\n\n?\u003Cbr \/\u003E\r\n\n\u003Cbr \/\u003E\r\n\n\u003Cbr \/\u003E\r\n\n?\u003Cbr \/\u003E\r\n\nMATAP?A?(ESCOLA)\u003Cbr \/\u003E\r\n\nMATAPO\u00e0(IGREJA)\u003Cbr \/\u003E\r\n\nGAMELEIRA?(PRA?A)\u003Cbr \/\u003E\r\n\n?\u003Cbr \/\u003E\r\n\n\u003Cbr \/\u003E\r\n\n\u003Cbr \/\u003E\r\n\n\u003Cbr \/\u003E\r\n\n\u003Cbr \/\u003E\r\n\n?\u003Cbr \/\u003E\r\n\n24\/09\u003Cbr \/\u003E\r\n\n\u003Cbr \/\u003E\r\n\n\u003Cbr \/\u003E\r\n\nPRENSA?(BAR DA FEIJOADA)\u003Cbr \/\u003E\r\n\nOITEIRO?(CENTRO   COMUNIT?RIO)\u003Cbr \/\u003E\r\n\nSOBRADO?(ESCOLA)\u003Cbr \/\u003E\r\n\n?\u003Cbr \/\u003E\r\n\n\u003Cbr \/\u003E\r\n\n\u003Cbr \/\u003E\r\n\nQUEIMADAS?(PRA?A)\u003Cbr \/\u003E\r\n\nVERMELHO?(ESCOLA)\u003Cbr \/\u003E\r\n\nSAMBA?BA?(ESCOLA)\u003Cbr \/\u003E\r\n\n\u003Cbr \/\u003E\r\n\n\u003Cbr \/\u003E\r\n\n\u003Cbr \/\u003E\r\n\n\u003Cbr \/\u003E\r\n\n?\u003Cbr \/\u003E\r\n\n25\/09\u003Cbr \/\u003E\r\n\n\u003Cbr \/\u003E\r\n\n\u003Cbr \/\u003E\r\n\nTERRA DURA?(ESCOLA)\u003Cbr \/\u003E\r\n\nOITEIRO DO CAPIM?(COM AG. DE   SA?DE)\u003Cbr \/\u003E\r\n\nBOQUEIR?O?(ESCOLA)\u003Cbr \/\u003E\r\n\nCABE?A DO RUSSO?(CENTRO   COMUNIT?RIO)\u003Cbr \/\u003E\r\n\n\u003Cbr \/\u003E\r\n\n\u003Cbr \/\u003E\r\n\n?\u003Cbr \/\u003E\r\n\nP? DO VEADO?(POSTO DE   SA?DE)\u003Cbr \/\u003E\r\n\nV?RZEA DO GAMA I?(ESCOLA)\u003Cbr \/\u003E\r\n\nV?RZEA DO GAMA II?(ESCOLA)\u003Cbr \/\u003E\r\n\n?\u003Cbr \/\u003E\r\n\n\u003Cbr \/\u003E\r\n\n\u003Cbr \/\u003E\r\n\n\u003Cbr \/\u003E\r\n\n\u003Cbr \/\u003E\r\n\n26\/09\u003Cbr \/\u003E\r\n\n\u003Cbr \/\u003E\r\n\n\u003Cbr \/\u003E\r\n\nMANDEME?(ESCOLA)\u003Cbr \/\u003E\r\n\nSITIO NOVO?(ESCOLA)\u003Cbr \/\u003E\r\n\nLAGOA?(ESCOLA)\u003Cbr \/\u003E\r\n\nCACHOEIRA?(ESCOLA)\u003Cbr \/\u003E\r\n\n\u003Cbr \/\u003E\r\n\n\u003Cbr \/\u003E\r\n\nCORUJA?(ESCOLA)\u003Cbr \/\u003E\r\n\nCAMADANTA I?(COM AG. DE   SA?DE)\u003Cbr \/\u003E\r\n\nCAMADANTA II?(ESCOLA)\u003Cbr \/\u003E\r\n\nLOT. S?O JOAO?(IGREJA)\u003Cbr \/\u003E\r\n\n\u003Cbr \/\u003E\r\n\n\u003Cbr \/\u003E\r\n\n\u003Cbr \/\u003E\r\n\n\u003Cbr \/\u003E\r\n\n27\/09\u003Cbr \/\u003E\r\n\n\u003Cbr \/\u003E\r\n\n\u003Cbr \/\u003E\r\n\nRIACHO DOCE?(ESCOLA)\u003Cbr \/\u003E\r\n\nQUEIMADINHAS?(ESCOLA)\u003Cbr \/\u003E\r\n\nTAPERINHA?(CHAFARIZ)\u003Cbr \/\u003E\r\n\n\u003Cbr \/\u003E\r\n\n\u003Cbr \/\u003E\r\n\n?\u003Cbr \/\u003E\r\n\n\u003Cbr \/\u003E\r\n\n\u003Cbr \/\u003E\r\n\n\u003Cbr \/\u003E\r\n\n\u003Cbr \/\u003E\r\n\n?\u003Cbr \/\u003E\r\n\n?","tags":"noticias,prefeitura,itabaiana","publicacao":"2013-09-10 09:42:21","criado":"2013-09-10 09:42:21","alterado":"-0001-11-30 00:00:00"},"outros":[{"id":8692,"categoria_id":"3","categoria":{"id":3,"nome":"OBRAS"},"autor_id":"43","autor":{"id":43,"nome":"Katiane Peixoto (Comunica\u00e7\u00e3o)","email":"cafeeprosa9@gmail.com"},"titulo":"Quadra poliesportiva da Escola Municipal Elizeu de Oliveira passa por reforma e em breve ser\u00e1 entregue pela Prefeitura de Itabaiana","slug":"quadra-poliesportiva-da-escola-municipal-elizeu-de-oliveira-passa-por-reforma-e-em-breve-sera-entregue-pela-prefeitura-de-itabaiana","imagem":"\/img\/imagem\/whatsapp-image-2026-04-23-at-09-41-40_67aab4e8eb86d6b3682b95153.jpeg,\/img\/imagem\/media_whatsapp-image-2026-04-23-at-09-41-40_67aab4e8eb86d6b3682b95153.jpeg,\/img\/imagem\/thumb_whatsapp-image-2026-04-23-at-09-41-40_67aab4e8eb86d6b3682b95153.jpeg,\/img\/imagem\/thumb_fix_whatsapp-image-2026-04-23-at-09-41-40_67aab4e8eb86d6b3682b95153.jpeg","texto":"\u003Cp style=\u0022text-align: justify;\u0022\u003EA Prefeitura de Itabaiana, atrav\u0026eacute;s da Secretaria de Obras, Urbanismo, Infraestrutura, dos Servi\u0026ccedil;os P\u0026uacute;blicos e da Habita\u0026ccedil;\u0026atilde;o, est\u0026aacute; realizando a reforma e amplia\u0026ccedil;\u0026atilde;o da quadra poliesportiva da Escola Municipal Elizeu de Oliveira, localizada no Bairro Miguel Teles (Bairro da Torre). As equipes est\u0026atilde;o trabalhando a todo vapor.\u003C\/p\u003E\r\n\u003Cp style=\u0022text-align: justify;\u0022\u003EAl\u0026eacute;m dela, mais quatro quadras poliesportivas est\u0026atilde;o sendo reformadas e ampliadas e em breve, ser\u0026atilde;o entregues \u0026agrave; popula\u0026ccedil;\u0026atilde;o itabaianense, que poder\u0026aacute; usufruir dos espa\u0026ccedil;os modernos, amplos e totalmente revitalizados para v\u0026aacute;rias atividades, como atividades esportivas, culturais, de lazer, etc.\u003C\/p\u003E\r\n\u003Cp style=\u0022text-align: justify;\u0022\u003E\u003Cstrong\u003ETamb\u0026eacute;m est\u0026atilde;o sendo reformadas e ampliadas as seguintes quadras:\u003C\/strong\u003E\u003C\/p\u003E\r\n\u003Cp\u003E-Quadra poliesportiva Jos\u0026eacute; Pereira da Silva, no Bairro Serrano;\u003C\/p\u003E\r\n\u003Cp\u003E-Quadra poliesportiva da Escola Clara Meireles Teles, no Bairro Porto;\u003C\/p\u003E\r\n\u003Cp\u003E-Quadra poliesportiva da Escola Dom Jos\u0026eacute; Tom\u0026aacute;s, no povoado Rio das Pedras;\u003C\/p\u003E\r\n\u003Cp\u003E-Quadra poliesportiva da Escola Municipal Maria Elizete Santos, no Bairro An\u0026iacute;sio Am\u0026acirc;ncio.\u003C\/p\u003E\r\n\u003Cp style=\u0022text-align: justify;\u0022\u003E\u0026nbsp;\u003C\/p\u003E\r\n\u003Cp\u003E\u003Cimg style=\u0022display: block; margin-left: auto; margin-right: auto;\u0022 src=\u0022https:\/\/itabaiana.se.gov.br\/img\/imagem\/media_whatsapp-image-2026-04-23-at-09-41-40_67aab4e8eb86d6b3682b95153.jpeg\u0022 alt=\u0022whatsapp-image-2026-04-23-at-09-41-40_67aab4e8eb86d6b3682b95153.jpeg\u0022 width=\u0022425\u0022 height=\u0022319\u0022 \/\u003E\u003C\/p\u003E","tags":"reforma,ampliacao,quadra,poliesportiva,bairrodatorre,prefeitura,itabaiana,secretaria,obras","destaque":1,"publicacao":"2026-04-24 11:54:00","criado":"2026-04-24 11:54:26","alterado":"2026-04-24 11:58:34"},{"id":8691,"categoria_id":"19","categoria":{"id":19,"nome":"ASSIST\u00caNCIA"},"autor_id":"43","autor":{"id":43,"nome":"Katiane Peixoto (Comunica\u00e7\u00e3o)","email":"cafeeprosa9@gmail.com"},"titulo":"Patrulha Maria da Penha e rede de apoio municipal se re\u00fanem para alinhar atendimento \u00e0s mulheres v\u00edtimas de viol\u00eancia dom\u00e9stica em Itabaiana","slug":"patrulha-maria-da-penha-e-rede-de-apoio-municipal-se-reunem-para-alinhar-atendimento-as-mulheres-vitimas-de-violencia-domestica-em-itabaiana","imagem":"\/img\/imagem\/whatsapp-image-2026-04-16-at-11-27-51_be6cabb01a5469b41f0f46.jpeg,\/img\/imagem\/media_whatsapp-image-2026-04-16-at-11-27-51_be6cabb01a5469b41f0f46.jpeg,\/img\/imagem\/thumb_whatsapp-image-2026-04-16-at-11-27-51_be6cabb01a5469b41f0f46.jpeg,\/img\/imagem\/thumb_fix_whatsapp-image-2026-04-16-at-11-27-51_be6cabb01a5469b41f0f46.jpeg","texto":"\u003Cp\u003E\u003Cimg style=\u0022display: block; margin-left: auto; margin-right: auto;\u0022 src=\u0022https:\/\/itabaiana.se.gov.br\/img\/imagem\/media_whatsapp-image-2026-04-16-at-11-27-51_be6cabb01a5469b41f0f46.jpeg\u0022 alt=\u0022whatsapp-image-2026-04-16-at-11-27-51_be6cabb01a5469b41f0f46.jpeg\u0022 width=\u0022427\u0022 height=\u0022320\u0022 \/\u003E\u003C\/p\u003E\r\n\u003Cp style=\u0022text-align: justify;\u0022\u003E\u0026nbsp;\u003C\/p\u003E\r\n\u003Cp style=\u0022text-align: justify;\u0022\u003EA Patrulha Maria da Penha da Guarda Municipal de Itabaiana realizou na semana passada, uma reuni\u0026atilde;o com representantes da rede de apoio, incluindo o CRAM, CREAS, CRAS, secretarias de Educa\u0026ccedil;\u0026atilde;o, Sa\u0026uacute;de e Desenvolvimento Social, Defesa Civil, com o objetivo de alinhar o sistema de atendimento \u0026agrave;s mulheres itabaianenses, v\u0026iacute;timas de viol\u0026ecirc;ncia dom\u0026eacute;stica, que s\u0026atilde;o assistidas pela Patrulha.\u003C\/p\u003E\r\n\u003Cp style=\u0022text-align: justify;\u0022\u003EA reuni\u0026atilde;o teve como finalidade priorizar e aprimorar as a\u0026ccedil;\u0026otilde;es, buscando oferecer um atendimento mais eficiente e humanizado. Durante o encontro, foram apresentadas demandas e dificuldades, com foco na constru\u0026ccedil;\u0026atilde;o de solu\u0026ccedil;\u0026otilde;es que fortale\u0026ccedil;am ainda mais essa rede de apoio t\u0026atilde;o essencial \u0026agrave;s mulheres que s\u0026atilde;o assistidas.\u003C\/p\u003E\r\n\u003Cp style=\u0022text-align: justify;\u0022\u003EPor meio da rede de apoio, mulheres itabaianenses s\u0026atilde;o protegidas, cuidadas e como o pr\u0026oacute;prio nome j\u0026aacute; diz, recebem apoio e incentivo para recome\u0026ccedil;ar a vida, ap\u0026oacute;s sair do ciclo de viol\u0026ecirc;ncia que estavam vivendo. O objetivo \u0026eacute; mostrar que elas n\u0026atilde;o est\u0026atilde;o sozinhas e tem com quem contar.\u003C\/p\u003E","tags":"patrulha,mariadapenha,itabaiana,guarda,municipal,apoio,mulheres,vitimas,violencia","destaque":1,"publicacao":"2026-04-22 11:45:00","criado":"2026-04-22 11:45:51","alterado":"2026-04-22 11:45:54"},{"id":8690,"categoria_id":"7","categoria":{"id":7,"nome":"ESPORTE"},"autor_id":"43","autor":{"id":43,"nome":"Katiane Peixoto (Comunica\u00e7\u00e3o)","email":"cafeeprosa9@gmail.com"},"titulo":"Copa Chico Cantagalo: confira os resultados dos jogos da segunda rodada","slug":"copa-chico-cantagalo-confira-os-resultados-dos-jogos-da-segunda-rodada","imagem":"\/img\/imagem\/whatsapp-image-2026-04-20-at-11-56-31_c6c4a44fcb38e760a16ebf.jpeg,\/img\/imagem\/media_whatsapp-image-2026-04-20-at-11-56-31_c6c4a44fcb38e760a16ebf.jpeg,\/img\/imagem\/thumb_whatsapp-image-2026-04-20-at-11-56-31_c6c4a44fcb38e760a16ebf.jpeg,\/img\/imagem\/thumb_fix_whatsapp-image-2026-04-20-at-11-56-31_c6c4a44fcb38e760a16ebf.jpeg","texto":"\u003Cp\u003E\u003Cimg style=\u0022display: block; margin-left: auto; margin-right: auto;\u0022 src=\u0022https:\/\/itabaiana.se.gov.br\/img\/imagem\/media_whatsapp-image-2026-04-20-at-11-56-31_c6c4a44fcb38e760a16ebf.jpeg\u0022 alt=\u0022whatsapp-image-2026-04-20-at-11-56-31_c6c4a44fcb38e760a16ebf.jpeg\u0022 width=\u0022435\u0022 height=\u0022429\u0022 \/\u003E\u003C\/p\u003E\r\n\u003Cp style=\u0022text-align: justify;\u0022\u003E\u0026nbsp;\u003C\/p\u003E\r\n\u003Cp style=\u0022text-align: justify;\u0022\u003EA segunda rodada da Copa Chico Cantagalo, a competi\u0026ccedil;\u0026atilde;o de futebol amador que movimenta Itabaiana aconteceu no \u0026uacute;ltimo domingo, 19, com nove jogos, nos campos da cidade e dos povoados. No total, s\u0026atilde;o 18 times disputando o t\u0026iacute;tulo.\u003C\/p\u003E\r\n\u003Cp style=\u0022text-align: justify;\u0022\u003E\u003Cstrong\u003EConfira os resultados dos jogos da segunda rodada:\u003C\/strong\u003E\u003C\/p\u003E\r\n\u003Cp style=\u0022text-align: justify;\u0022\u003E\u003Cem\u003E-Carrilho FC 0 x 0 Real Invas\u0026atilde;o;\u003C\/em\u003E\u003C\/p\u003E\r\n\u003Cp style=\u0022text-align: justify;\u0022\u003E\u003Cem\u003E-Am\u0026eacute;rica FC 1 x 3Inter da Torre;\u003C\/em\u003E\u003C\/p\u003E\r\n\u003Cp style=\u0022text-align: justify;\u0022\u003E\u003Cem\u003E-Ideal 2 x 2 Fuma\u0026ccedil;a;\u003C\/em\u003E\u003C\/p\u003E\r\n\u003Cp style=\u0022text-align: justify;\u0022\u003E\u003Cem\u003E-Joinville Cabe\u0026ccedil;a do Russo 3 x 2 Chelsea da Caja\u0026iacute;ba;\u003C\/em\u003E\u003C\/p\u003E\r\n\u003Cp style=\u0022text-align: justify;\u0022\u003E\u003Cem\u003E-Flamenguinho das Queimadas 2 x 1 Construtora;\u003C\/em\u003E\u003C\/p\u003E\r\n\u003Cp style=\u0022text-align: justify;\u0022\u003E\u003Cem\u003E-Guarani da Taboca 0 x 0 Portuguesa da Baixada;\u003C\/em\u003E\u003C\/p\u003E\r\n\u003Cp style=\u0022text-align: justify;\u0022\u003E\u003Cem\u003E-Projeto Vit\u0026oacute;ria 0 x 1 Boca J\u0026uacute;nior T. Chico;\u003C\/em\u003E\u003C\/p\u003E\r\n\u003Cp style=\u0022text-align: justify;\u0022\u003E\u003Cem\u003E-Tricolor da Mangueira 0 x 0 Dendezeiro;\u003C\/em\u003E\u003C\/p\u003E\r\n\u003Cp style=\u0022text-align: justify;\u0022\u003E\u003Cem\u003E-Gr\u0026ecirc;mio RDP 3 x 0 Moita Formosa FC.\u003C\/em\u003E\u003C\/p\u003E\r\n\u003Cp style=\u0022text-align: justify;\u0022\u003EA Copa Chico Cantagalo \u0026eacute; realizada pela Prefeitura de Itabaiana, atrav\u0026eacute;s da Secretaria Municipal de Esporte e Lazer, com o objetivo de fortalecer o futebol amador da cidade, que tem crescido cada vez mais e a gest\u0026atilde;o municipal tem dado todo apoio necess\u0026aacute;rio e visibilidade aos times.\u003C\/p\u003E\r\n\u003Cp style=\u0022text-align: justify;\u0022\u003EPara a edi\u0026ccedil;\u0026atilde;o deste ano, a premia\u0026ccedil;\u0026atilde;o total ser\u0026aacute; de \u003Cstrong\u003ER$ 60 mil\u003C\/strong\u003E; o grande vencedor ganhar\u0026aacute; \u003Cstrong\u003ER$ 30 mil \u003C\/strong\u003Ee o vice, \u003Cstrong\u003ER$ 15 mil.\u003C\/strong\u003E\u003C\/p\u003E\r\n\u003Cp style=\u0022text-align: justify;\u0022\u003E\u003Cstrong\u003ETamb\u0026eacute;m haver\u0026aacute; as seguintes premia\u0026ccedil;\u0026otilde;es:\u003C\/strong\u003E\u003C\/p\u003E\r\n\u003Cp style=\u0022text-align: justify;\u0022\u003E-3\u0026ordm; colocado: R$ 8 mil;\u003C\/p\u003E\r\n\u003Cp style=\u0022text-align: justify;\u0022\u003E-4\u0026ordm; colocado: R$ 4 mil;\u003C\/p\u003E\r\n\u003Cp style=\u0022text-align: justify;\u0022\u003E-Artilheiro: R$ 1 mil;\u003C\/p\u003E\r\n\u003Cp style=\u0022text-align: justify;\u0022\u003E-Melhor goleiro: R$ 1 mil;\u003C\/p\u003E\r\n\u003Cp style=\u0022text-align: justify;\u0022\u003E-Treinador campe\u0026atilde;o: R$ 1 mil.\u003C\/p\u003E","tags":"copa,chicocantagalo,itabaiana,futebol,amador,jogos,segunda,rodada","destaque":1,"publicacao":"2026-04-20 11:57:00","criado":"2026-04-20 11:57:49","alterado":"2026-04-20 11:58:42"}],"pagina_atualizada_em":"-001-11-30T00:00:00-02:34"}