{"item":{"id":4501,"categoria_id":"19","categoria":{"id":19,"nome":"ASSIST\u00caNCIA"},"autor_id":"1526305","autor_show":1,"titulo":"Escola Municipal de Educa\u00e7\u00e3o Infantil ser\u00e1 Entregue a Popula\u00e7\u00e3o Itabaianense nesta quinta","slug":"escola-municipal-de-educacao-infantil-sera-entregue-a-populacao-itabaianense-nesta-quinta","subtitulo":"A Prefeitura de Itabaiana atrav\u00e9s da Gest\u00e3o Forte Como o Seu Povo estar\u00e1 entregando mais duas importantes obras a comunidade itabaianense no pr\u00f3ximo dia 27 de agosto.","descricao":"Escola Municipal de Educa\u00e7\u00e3o Infantil ser\u00e1 Entregue a Popula\u00e7\u00e3o Itabaianense nesta quinta","imagem":"\/img\/imagem\/14728-e8k8u6b1y5u6h4g6.jpg,\/img\/imagem\/media_14728-e8k8u6b1y5u6h4g6.jpg,\/img\/imagem\/thumb_14728-e8k8u6b1y5u6h4g6.jpg,\/img\/imagem\/thumb_fix_14728-e8k8u6b1y5u6h4g6.jpg","texto":"\u003Cp style=\u0022text-align: justify;\u0022 class=\u0022fr-tag\u0022\u003EA Prefeitura de Itabaiana atrav\u00e9s da Gest\u00e3o Forte Como o Seu Povo estar\u00e1 entregando mais duas importantes obras a comunidade itabaianense no pr\u00f3ximo dia 27 de agosto.\u003C\/p\u003E\u003Cp class=\u0022fr-tag\u0022\u003E\u003Cimg class=\u0022fr-fin fr-tag\u0022 alt=\u0022Image title\u0022 src=\u0022http:\/\/www.acesso.org\/itabaiana\/i\/imagens\/14729-e8s7n1g6r2q4d8d5.jpg\u0022 width=\u0022300\u0022\u003E\u003C\/p\u003E\u003Cp style=\u0022text-align: justify;\u0022 class=\u0022fr-tag\u0022\u003EInicialmente \u00e0s 16 horas ser\u00e1 entregue a Quadra Esportiva Coberta Jos\u00e9 Roberto Pereira da Silva na Escola Municipal Professora Clara Meireles Teles. Ainda na mesma tarde ser\u00e1 entregue a Escola Municipal de Educa\u00e7\u00e3o Infantil John Leno Cunha da Mota.\u003C\/p\u003E\u003Cp style=\u0022text-align: justify;\u0022 class=\u0022fr-tag\u0022\u003E\u201cA Escola-creche do Bairro Porto foi mais uma das que encontramos abandonadas pela gest\u00e3o anterior. A partir da inaugura\u00e7\u00e3o centenas de crian\u00e7as estar\u00e3o diariamente nessas salas de aulas que foram projetadas com todo cuidado e carinho para formar os itabaianenses do futuro. Temos a satisfa\u00e7\u00e3o de dizer ao cidad\u00e3o de Itabaiana que mais uma parte do nosso dever est\u00e1 sendo cumprido\u201d, disse Valmir.\u003C\/p\u003E\u003Cp class=\u0022fr-tag\u0022\u003E\u003Cimg class=\u0022fr-fin fr-tag\u0022 alt=\u0022Image title\u0022 src=\u0022http:\/\/www.acesso.org\/itabaiana\/i\/imagens\/14730-g5n6v4v3d9y5j5g4.jpg\u0022 width=\u0022300\u0022\u003E\u003C\/p\u003E\u003Cp style=\u0022text-align: justify;\u0022 class=\u0022fr-tag\u0022\u003E\u003Cbr\u003E\u003C\/p\u003E","tags":"noticias,prefeitura,itabaiana","publicacao":"2015-08-25 18:23:26","criado":"2015-08-25 18:23:26","alterado":"2015-08-25 18:29:07"},"outros":[{"id":8694,"categoria_id":"2","categoria":{"id":2,"nome":"EDUCA\u00c7\u00c3O"},"autor_id":"43","autor":{"id":43,"nome":"Katiane Peixoto (Comunica\u00e7\u00e3o)","email":"cafeeprosa9@gmail.com"},"titulo":"Centro Educacional Vov\u00f3 Nininha promove evento em alus\u00e3o ao Dia dos Povos Ind\u00edgenas com a participa\u00e7\u00e3o da Tribo Kariri Xoc\u00f3","slug":"centro-educacional-vovo-nininha-promove-evento-em-alusao-ao-dia-dos-povos-indigenas-com-a-participacao-da-tribo-kariri-xoco","imagem":"\/img\/imagem\/whatsapp-image-2026-04-27-at-10-32-32_c112697cd7cd5c94b634ffe.jpeg,\/img\/imagem\/media_whatsapp-image-2026-04-27-at-10-32-32_c112697cd7cd5c94b634ffe.jpeg,\/img\/imagem\/thumb_whatsapp-image-2026-04-27-at-10-32-32_c112697cd7cd5c94b634ffe.jpeg,\/img\/imagem\/thumb_fix_whatsapp-image-2026-04-27-at-10-32-32_c112697cd7cd5c94b634ffe.jpeg","texto":"\u003Cp style=\u0022text-align: center;\u0022\u003E\u003Cimg src=\u0022https:\/\/itabaiana.se.gov.br\/img\/imagem\/media_whatsapp-image-2026-04-27-at-10-32-32_c112697cd7cd5c94b634ffe.jpeg\u0022 alt=\u0022whatsapp-image-2026-04-27-at-10-32-32_c112697cd7cd5c94b634ffe.jpeg\u0022 width=\u0022498\u0022 height=\u0022281\u0022 \/\u003E\u003C\/p\u003E\r\n\u003Cp\u003E\u0026nbsp;\u003C\/p\u003E\r\n\u003Cp style=\u0022text-align: justify;\u0022\u003ENa \u0026uacute;ltima sexta-feira, 24, o Centro Educacional Vov\u0026oacute; Nininha, unidade da rede municipal de ensino de Itabaiana promoveu um evento em alus\u0026atilde;o ao Dia dos Povos Ind\u0026iacute;genas \u0026ndash; comemorado em 19 de abril \u0026ndash; com a participa\u0026ccedil;\u0026atilde;o da Tribo Kariri Xoc\u0026oacute;, de Porto Real do Col\u0026eacute;gio (AL).\u003C\/p\u003E\r\n\u003Cp style=\u0022text-align: justify;\u0022\u003EOs ind\u0026iacute;genas passaram o dia na unidade educacional e realizaram diversas atividades com os alunos, que puderam conhecer de perto a hist\u0026oacute;ria, tradi\u0026ccedil;\u0026otilde;es, cultura e particularidades da tribo. Dentre as atividades, eles realizaram apresenta\u0026ccedil;\u0026otilde;es e um momento de ora\u0026ccedil;\u0026atilde;o com os pequenos.\u003C\/p\u003E\r\n\u003Cp style=\u0022text-align: justify;\u0022\u003EO evento contou tamb\u0026eacute;m com a participa\u0026ccedil;\u0026atilde;o dos respons\u0026aacute;veis pelas crian\u0026ccedil;as, que assim como os pequenos, puderam conhecer mais sobre a tribo visitante e comprar itens e objetos do artesanato que \u0026eacute; confeccionado pelos pr\u0026oacute;prios ind\u0026iacute;genas.\u003C\/p\u003E\r\n\u003Cp style=\u0022text-align: justify;\u0022\u003EA diretora do centro, Elionar dos Santos, explicou que esta \u0026eacute; a terceira vez que os ind\u0026iacute;genas s\u0026atilde;o convidados a visitar a unidade educacional: \u0026ldquo;Este foi o terceiro evento que tivemos a participa\u0026ccedil;\u0026atilde;o da tribo Kariri Xoc\u0026oacute;. As crian\u0026ccedil;as ficam atentas \u0026agrave;s atividades que s\u0026atilde;o feitas e gostam de participar. Realizamos esse evento pois sabemos como \u0026eacute; importante que as nossas crian\u0026ccedil;as conhe\u0026ccedil;am de cedo a hist\u0026oacute;ria e as tradi\u0026ccedil;\u0026otilde;es dos povos ind\u0026iacute;genas, afinal, eles fazem parte da hist\u0026oacute;ria do nosso povo\u0026rdquo;, destacou.\u003C\/p\u003E\r\n\u003Cp style=\u0022text-align: justify;\u0022\u003E\u0026nbsp;\u003C\/p\u003E\r\n\u003Cp\u003E\u003Cimg style=\u0022display: block; margin-left: auto; margin-right: auto;\u0022 src=\u0022https:\/\/itabaiana.se.gov.br\/img\/imagem\/media_whatsapp-image-2026-04-27-at-10-34-02_98cfc70235c4cea14fa952315.jpeg\u0022 alt=\u0022whatsapp-image-2026-04-27-at-10-34-02_98cfc70235c4cea14fa952315.jpeg\u0022 width=\u0022504\u0022 height=\u0022478\u0022 \/\u003E\u003C\/p\u003E","tags":"creche,itabaiana,evento,diadospovosindigenas,cultura,tradicao,prefeitura,secretaria,educacao","destaque":1,"publicacao":"2026-04-27 10:40:00","criado":"2026-04-27 10:40:10","alterado":"2026-04-27 10:42:46"},{"id":8693,"categoria_id":"7","categoria":{"id":7,"nome":"ESPORTE"},"autor_id":"43","autor":{"id":43,"nome":"Katiane Peixoto (Comunica\u00e7\u00e3o)","email":"cafeeprosa9@gmail.com"},"titulo":"Copa Chico Cantagalo chega \u00e0 terceira rodada com jogos neste domingo, 26, em Itabaiana","slug":"copa-chico-cantagalo-chega-a-terceira-rodada-com-jogos-neste-domingo-26-em-itabaiana","imagem":"\/img\/imagem\/e4fb7426-d4b7-4c19-881f-04ca70379c09_965bb4ca1430237e7bb7bf.jpeg,\/img\/imagem\/media_e4fb7426-d4b7-4c19-881f-04ca70379c09_965bb4ca1430237e7bb7bf.jpeg,\/img\/imagem\/thumb_e4fb7426-d4b7-4c19-881f-04ca70379c09_965bb4ca1430237e7bb7bf.jpeg,\/img\/imagem\/thumb_fix_e4fb7426-d4b7-4c19-881f-04ca70379c09_965bb4ca1430237e7bb7bf.jpeg","texto":"\u003Cp\u003E\u003Cimg style=\u0022display: block; margin-left: auto; margin-right: auto;\u0022 src=\u0022https:\/\/itabaiana.se.gov.br\/img\/imagem\/media_e4fb7426-d4b7-4c19-881f-04ca70379c09_965bb4ca1430237e7bb7bf.jpeg\u0022 alt=\u0022e4fb7426-d4b7-4c19-881f-04ca70379c09_965bb4ca1430237e7bb7bf.jpeg\u0022 width=\u0022500\u0022 height=\u0022428\u0022 \/\u003E\u003C\/p\u003E\r\n\u003Cp style=\u0022text-align: justify;\u0022\u003E\u003Cbr \/\u003ENeste domingo, 26, acontecer\u0026atilde;o os jogos da terceira rodada da tradicional Copa Chico Cantagalo, que movimenta o futebol amador de Itabaiana, com a participa\u0026ccedil;\u0026atilde;o de 18 times.\u003C\/p\u003E\r\n\u003Cp style=\u0022text-align: justify;\u0022\u003E\u003Cstrong\u003EConfira os jogos:\u003C\/strong\u003E\u003C\/p\u003E\r\n\u003Cp style=\u0022text-align: justify;\u0022\u003E-\u003Cem\u003E08h: Fuma\u0026ccedil;a x Am\u0026eacute;rica FC - Frang\u0026atilde;o;\u003C\/em\u003E\u003C\/p\u003E\r\n\u003Cp style=\u0022text-align: justify;\u0022\u003E\u003Cem\u003E-08h: Portuguesa da Baixada x Construtora - Milt\u0026atilde;o;\u003C\/em\u003E\u003C\/p\u003E\r\n\u003Cp style=\u0022text-align: justify;\u0022\u003E\u003Cem\u003E-08:30h: Inter da Torre x Carrilho FC: Machad\u0026atilde;o;\u003C\/em\u003E\u003C\/p\u003E\r\n\u003Cp style=\u0022text-align: justify;\u0022\u003E\u003Cem\u003E-08:30h: Joinville Cabe\u0026ccedil;a do Russo x Flamenguinho das Queimadas - campo da Cabe\u0026ccedil;a do Russo;\u003C\/em\u003E\u003C\/p\u003E\r\n\u003Cp style=\u0022text-align: justify;\u0022\u003E\u003Cem\u003E-08:30h: Chelsea da Caja\u0026iacute;ba x Guarani da Taboca: campo da Cajaiba;\u003C\/em\u003E\u003C\/p\u003E\r\n\u003Cp style=\u0022text-align: justify;\u0022\u003E\u003Cem\u003E-08:30h: Dendezeiro x Projeto Vit\u0026oacute;ria - campo da Mangueira;\u003C\/em\u003E\u003C\/p\u003E\r\n\u003Cp style=\u0022text-align: justify;\u0022\u003E\u003Cem\u003E-08:30h: Gr\u0026ecirc;mio RDP x Boca J\u0026uacute;nior T. Chico - campo do Rio das Pedras;\u003C\/em\u003E\u003C\/p\u003E\r\n\u003Cp style=\u0022text-align: justify;\u0022\u003E\u003Cem\u003E-09:45h: Real Invas\u0026atilde;o x Ideal - Milt\u0026atilde;o;\u003C\/em\u003E\u003C\/p\u003E\r\n\u003Cp style=\u0022text-align: justify;\u0022\u003E\u003Cem\u003E-09:45h: Moita Formosa FC x Tricolor da Mangueira - Frang\u0026atilde;o.\u0026nbsp;\u003C\/em\u003E\u003C\/p\u003E\r\n\u003Cp style=\u0022text-align: justify;\u0022\u003ESer\u0026atilde;o R$ 60 mil em premia\u0026ccedil;\u0026otilde;es na competi\u0026ccedil;\u0026atilde;o, que \u0026eacute; organizada pela Prefeitura de Itabaiana, atrav\u0026eacute;s da Secretaria Municipal de Esporte e Lazer, com o objetivo de incentivar e valorizar o futebol amador da cidade serrana.\u003C\/p\u003E","tags":"copa,chicocantagalo,itabaiana,esporte ,futebol,amador,jogos,povoados,cidade,prefeitura","destaque":1,"publicacao":"2026-04-25 08:58:00","criado":"2026-04-25 08:58:47","alterado":"2026-04-25 08:58:50"},{"id":8692,"categoria_id":"3","categoria":{"id":3,"nome":"OBRAS"},"autor_id":"43","autor":{"id":43,"nome":"Katiane Peixoto (Comunica\u00e7\u00e3o)","email":"cafeeprosa9@gmail.com"},"titulo":"Quadra poliesportiva da Escola Municipal Elizeu de Oliveira passa por reforma e em breve ser\u00e1 entregue pela Prefeitura de Itabaiana","slug":"quadra-poliesportiva-da-escola-municipal-elizeu-de-oliveira-passa-por-reforma-e-em-breve-sera-entregue-pela-prefeitura-de-itabaiana","imagem":"\/img\/imagem\/whatsapp-image-2026-04-23-at-09-41-40_67aab4e8eb86d6b3682b95153.jpeg,\/img\/imagem\/media_whatsapp-image-2026-04-23-at-09-41-40_67aab4e8eb86d6b3682b95153.jpeg,\/img\/imagem\/thumb_whatsapp-image-2026-04-23-at-09-41-40_67aab4e8eb86d6b3682b95153.jpeg,\/img\/imagem\/thumb_fix_whatsapp-image-2026-04-23-at-09-41-40_67aab4e8eb86d6b3682b95153.jpeg","texto":"\u003Cp style=\u0022text-align: justify;\u0022\u003EA Prefeitura de Itabaiana, atrav\u0026eacute;s da Secretaria de Obras, Urbanismo, Infraestrutura, dos Servi\u0026ccedil;os P\u0026uacute;blicos e da Habita\u0026ccedil;\u0026atilde;o, est\u0026aacute; realizando a reforma e amplia\u0026ccedil;\u0026atilde;o da quadra poliesportiva da Escola Municipal Elizeu de Oliveira, localizada no Bairro Miguel Teles (Bairro da Torre). As equipes est\u0026atilde;o trabalhando a todo vapor.\u003C\/p\u003E\r\n\u003Cp style=\u0022text-align: justify;\u0022\u003EAl\u0026eacute;m dela, mais quatro quadras poliesportivas est\u0026atilde;o sendo reformadas e ampliadas e em breve, ser\u0026atilde;o entregues \u0026agrave; popula\u0026ccedil;\u0026atilde;o itabaianense, que poder\u0026aacute; usufruir dos espa\u0026ccedil;os modernos, amplos e totalmente revitalizados para v\u0026aacute;rias atividades, como atividades esportivas, culturais, de lazer, etc.\u003C\/p\u003E\r\n\u003Cp style=\u0022text-align: justify;\u0022\u003E\u003Cstrong\u003ETamb\u0026eacute;m est\u0026atilde;o sendo reformadas e ampliadas as seguintes quadras:\u003C\/strong\u003E\u003C\/p\u003E\r\n\u003Cp\u003E-Quadra poliesportiva Jos\u0026eacute; Pereira da Silva, no Bairro Serrano;\u003C\/p\u003E\r\n\u003Cp\u003E-Quadra poliesportiva da Escola Clara Meireles Teles, no Bairro Porto;\u003C\/p\u003E\r\n\u003Cp\u003E-Quadra poliesportiva da Escola Dom Jos\u0026eacute; Tom\u0026aacute;s, no povoado Rio das Pedras;\u003C\/p\u003E\r\n\u003Cp\u003E-Quadra poliesportiva da Escola Municipal Maria Elizete Santos, no Bairro An\u0026iacute;sio Am\u0026acirc;ncio.\u003C\/p\u003E\r\n\u003Cp style=\u0022text-align: justify;\u0022\u003E\u0026nbsp;\u003C\/p\u003E\r\n\u003Cp\u003E\u003Cimg style=\u0022display: block; margin-left: auto; margin-right: auto;\u0022 src=\u0022https:\/\/itabaiana.se.gov.br\/img\/imagem\/media_whatsapp-image-2026-04-23-at-09-41-40_67aab4e8eb86d6b3682b95153.jpeg\u0022 alt=\u0022whatsapp-image-2026-04-23-at-09-41-40_67aab4e8eb86d6b3682b95153.jpeg\u0022 width=\u0022425\u0022 height=\u0022319\u0022 \/\u003E\u003C\/p\u003E","tags":"reforma,ampliacao,quadra,poliesportiva,bairrodatorre,prefeitura,itabaiana,secretaria,obras","destaque":1,"publicacao":"2026-04-24 11:54:00","criado":"2026-04-24 11:54:26","alterado":"2026-04-24 11:58:34"}],"pagina_atualizada_em":"2015-08-25T18:29:07-03:00"}