{"item":{"id":8623,"categoria_id":"10","categoria":{"id":10,"nome":"EVENTO"},"autor_id":"43","autor":{"id":43,"nome":"Katiane Peixoto (Comunica\u00e7\u00e3o)","email":"cafeeprosa9@gmail.com"},"titulo":"Com apoio total da Prefeitura de Itabaiana, Sealba Show acontece at\u00e9 este s\u00e1bado, 07, e torna a cidade serrana vitrine para todo Brasil","slug":"com-apoio-total-da-prefeitura-de-itabaiana-sealba-show-acontece-ate-este-sabado-07-e-torna-a-cidade-serrana-vitrine-para-todo-brasil","imagem":"\/img\/imagem\/img-8590_dc64b1e4efe1d4ad92d66c9.jpeg,\/img\/imagem\/media_img-8590_dc64b1e4efe1d4ad92d66c9.jpeg,\/img\/imagem\/thumb_img-8590_dc64b1e4efe1d4ad92d66c9.jpeg,\/img\/imagem\/thumb_fix_img-8590_dc64b1e4efe1d4ad92d66c9.jpeg","texto":"\u003Cp\u003E\u003Cimg style=\u0022display: block; margin-left: auto; margin-right: auto;\u0022 src=\u0022https:\/\/itabaiana.se.gov.br\/img\/imagem\/media_img-8590_dc64b1e4efe1d4ad92d66c9.jpeg\u0022 alt=\u0022img-8590_dc64b1e4efe1d4ad92d66c9.jpeg\u0022 width=\u0022520\u0022 height=\u0022347\u0022 \/\u003E\u003C\/p\u003E\r\n\u003Cp style=\u0022text-align: justify;\u0022\u003E\u003Cbr \/\u003EDesde a \u0026uacute;ltima quarta-feira, 04, Itabaiana sedia a quinta edi\u0026ccedil;\u0026atilde;o da Sealba Show, uma das maiores feiras de agroneg\u0026oacute;cio do Brasil e a maior de Sergipe. A programa\u0026ccedil;\u0026atilde;o vai at\u0026eacute; o s\u0026aacute;bado, 07, e o evento conta com apoio total da Prefeitura de Itabaiana, patrocinadora oficial.\u0026nbsp;\u003C\/p\u003E\r\n\u003Cp style=\u0022text-align: justify;\u0022\u003EA Sealba Show acontece no Parque Cunha Menezes, no povoado Tabuleiro do Chico e neste ano, aproximadamente 200 marcas e empresas voltadas ao agroneg\u0026oacute;cio participam da feira, expondo, comercializando seus produtos e realizando neg\u0026oacute;cios, com oportunidades e facilidades, encontradas apenas em feiras do agroneg\u0026oacute;cio. A Sealba, inclusive, abre o calend\u0026aacute;rio nacional de feiras agr\u0026iacute;colas.\u0026nbsp;\u003C\/p\u003E\r\n\u003Cp style=\u0022text-align: justify;\u0022\u003EAl\u0026eacute;m de patrocinadora, a Prefeitura de Itabaiana se faz presente na Sealba com um stand, para receber os visitantes. Segundo o prefeito Valmir de Francisquinho, a Sealba Show j\u0026aacute; \u0026eacute; um evento consolidado no calend\u0026aacute;rio itabaianense e tem um papel fundamental para v\u0026aacute;rios segmentos da economia de Itabaiana.\u003C\/p\u003E\r\n\u003Cp style=\u0022text-align: justify;\u0022\u003E\u0026ldquo;A Sealba \u0026eacute; um grande evento e atrai para nossa cidade, pessoas de todo Brasil, movimentando bastante nossa economia e tornando Itabaiana uma grande vitrine. Parabenizo a todos os que fazem essa feira acontecer e reafirmo nosso compromisso em apoiar a Sealba\u0026rdquo;, destacou Valmir.\u003C\/p\u003E\r\n\u003Cp style=\u0022text-align: justify;\u0022\u003EA Sealba \u0026eacute; promovida pela Federa\u0026ccedil;\u0026atilde;o da Agricultura e Pecu\u0026aacute;ria do Estado de Sergipe (Faese), com a correaliza\u0026ccedil;\u0026atilde;o do Sebrae e patroc\u0026iacute;nio da Prefeitura de Itabaiana, Governo de Sergipe, Banese, Banco do Nordeste, CNA, Senar e Governo Federal.\u003C\/p\u003E","tags":"Sealba,itabaiana,prefeitura,programacao","destaque":1,"publicacao":"2026-02-06 15:49:00","criado":"2026-02-06 15:49:23","alterado":"2026-02-06 15:50:51"},"outros":[{"id":8699,"categoria_id":"8","categoria":{"id":8,"nome":"CULTURA"},"autor_id":"43","autor":{"id":43,"nome":"Katiane Peixoto (Comunica\u00e7\u00e3o)","email":"cafeeprosa9@gmail.com"},"titulo":"Quarta edi\u00e7\u00e3o da \u201cFeirinha Cultural\u201d acontece neste domingo, 03 de maio, na Pra\u00e7a Jo\u00e3o Pessoa, em Itabaiana","slug":"quarta-edicao-da-feirinha-cultural-acontece-neste-domingo-03-de-maio-na-praca-joao-pessoa-em-itabaiana","imagem":"\/img\/imagem\/whatsapp-image-2026-04-30-at-11-46-05_fd477321e55433b78809ffd.jpeg,\/img\/imagem\/media_whatsapp-image-2026-04-30-at-11-46-05_fd477321e55433b78809ffd.jpeg,\/img\/imagem\/thumb_whatsapp-image-2026-04-30-at-11-46-05_fd477321e55433b78809ffd.jpeg,\/img\/imagem\/thumb_fix_whatsapp-image-2026-04-30-at-11-46-05_fd477321e55433b78809ffd.jpeg","texto":"\u003Cp\u003E\u003Cimg style=\u0022display: block; margin-left: auto; margin-right: auto;\u0022 src=\u0022https:\/\/itabaiana.se.gov.br\/img\/imagem\/media_whatsapp-image-2026-04-30-at-11-46-05_fd477321e55433b78809ffd.jpeg\u0022 alt=\u0022whatsapp-image-2026-04-30-at-11-46-05_fd477321e55433b78809ffd.jpeg\u0022 width=\u0022438\u0022 height=\u0022467\u0022 \/\u003E\u003C\/p\u003E\r\n\u003Cp style=\u0022text-align: justify;\u0022\u003E\u0026nbsp;\u003C\/p\u003E\r\n\u003Cp style=\u0022text-align: justify;\u0022\u003ENeste domingo, 03 de maio, a Prefeitura de Itabaiana, por meio da Secretaria Municipal da Cultura, realizar\u0026aacute; mais uma edi\u0026ccedil;\u0026atilde;o da \u0026ldquo;Feirinha Cultural\u0026rdquo;, na Pra\u0026ccedil;a Jo\u0026atilde;o Pessoa, em frente ao Supermercado Nunes Peixoto, das 08h \u0026agrave;s 12h. Esta ser\u0026aacute; a quarta edi\u0026ccedil;\u0026atilde;o do evento, que a cada m\u0026ecirc;s cresce mais, recebe mais visitantes e enaltece a cultura da cidade serrana.\u003C\/p\u003E\r\n\u003Cp style=\u0022text-align: justify;\u0022\u003EA feirinha reunir\u0026aacute; amantes da cultura, arte e hist\u0026oacute;ria, para compra, venda e troca de livros, revistas, discos, fitas, antiguidades, rel\u0026iacute;quias, objetos que carregam a tradi\u0026ccedil;\u0026atilde;o e a hist\u0026oacute;ria de Itabaiana e muito mais.\u003C\/p\u003E\r\n\u003Cp style=\u0022text-align: justify;\u0022\u003EO evento tamb\u0026eacute;m proporcionar\u0026aacute; a troca de conhecimento e viv\u0026ecirc;ncias dos visitantes e ter\u0026aacute; tamb\u0026eacute;m um setor gastron\u0026ocirc;mico, com a presen\u0026ccedil;a de empreendedores locais, levando um pouco das del\u0026iacute;cias feitas em nossa cidade.\u003C\/p\u003E\r\n\u003Cp style=\u0022text-align: justify;\u0022\u003EVoc\u0026ecirc; \u0026eacute; convidado a marcar presen\u0026ccedil;a junto com sua fam\u0026iacute;lia, neste momento de resgate da cultura itabaianense e fortalecimento da identidade local!\u003C\/p\u003E","tags":"feirinha,cultural,itabaiana,cultura,prefeitura,municipal,secretaria,arte","destaque":1,"publicacao":"2026-04-30 11:48:00","criado":"2026-04-30 11:48:15","alterado":"2026-04-30 11:48:30"},{"id":8698,"categoria_id":"1","categoria":{"id":1,"nome":"SA\u00daDE"},"autor_id":"43","autor":{"id":43,"nome":"Katiane Peixoto (Comunica\u00e7\u00e3o)","email":"cafeeprosa9@gmail.com"},"titulo":"Secretaria de Sa\u00fade de Itabaiana refor\u00e7a import\u00e2ncia da imuniza\u00e7\u00e3o contra a Influenza e convoca p\u00fablico-alvo a se vacinar","slug":"secretaria-de-saude-de-itabaiana-reforca-importancia-da-imunizacao-contra-a-influenza-e-convoca-publico-alvo-a-se-vacinar","imagem":"\/img\/imagem\/whatsapp-image-2026-04-30-at-10-20-15_184533cf46b50fc6b7674e7.jpeg,\/img\/imagem\/media_whatsapp-image-2026-04-30-at-10-20-15_184533cf46b50fc6b7674e7.jpeg,\/img\/imagem\/thumb_whatsapp-image-2026-04-30-at-10-20-15_184533cf46b50fc6b7674e7.jpeg,\/img\/imagem\/thumb_fix_whatsapp-image-2026-04-30-at-10-20-15_184533cf46b50fc6b7674e7.jpeg","texto":"\u003Cp\u003E\u003Cimg style=\u0022display: block; margin-left: auto; margin-right: auto;\u0022 src=\u0022https:\/\/itabaiana.se.gov.br\/img\/imagem\/media_whatsapp-image-2026-04-30-at-10-20-15_184533cf46b50fc6b7674e7.jpeg\u0022 alt=\u0022whatsapp-image-2026-04-30-at-10-20-15_184533cf46b50fc6b7674e7.jpeg\u0022 width=\u0022464\u0022 height=\u0022348\u0022 \/\u003E\u003C\/p\u003E\r\n\u003Cp style=\u0022text-align: justify;\u0022\u003E\u0026nbsp;\u003C\/p\u003E\r\n\u003Cp style=\u0022text-align: justify;\u0022\u003EA Prefeitura de Itabaiana, por meio da Secretaria Municipal de Sa\u0026uacute;de (SMS), refor\u0026ccedil;a a import\u0026acirc;ncia da vacina\u0026ccedil;\u0026atilde;o contra a Influenza e convoca o p\u0026uacute;blico-alvo da campanha a realizar a imuniza\u0026ccedil;\u0026atilde;o, numa das Unidades B\u0026aacute;sicas de Sa\u0026uacute;de (UBSs) da cidade, visto que, a procura at\u0026eacute; o momento est\u0026aacute; abaixo do esperado.\u003C\/p\u003E\r\n\u003Cp style=\u0022text-align: justify;\u0022\u003E\u003Cstrong\u003EQUEM DEVE SE VACINAR NESTA FASE?\u003C\/strong\u003E\u003C\/p\u003E\r\n\u003Cp style=\u0022text-align: justify;\u0022\u003E\u003Cem\u003E-Crian\u0026ccedil;as de 06 meses a menores de 06 anos de idade;\u003C\/em\u003E\u003C\/p\u003E\r\n\u003Cp style=\u0022text-align: justify;\u0022\u003E\u003Cem\u003E-Trabalhadores da Sa\u0026uacute;de;\u003C\/em\u003E\u003C\/p\u003E\r\n\u003Cp style=\u0022text-align: justify;\u0022\u003E\u003Cem\u003E-Gestantes;\u003C\/em\u003E\u003C\/p\u003E\r\n\u003Cp style=\u0022text-align: justify;\u0022\u003E\u003Cem\u003E-Idosos;\u003C\/em\u003E\u003C\/p\u003E\r\n\u003Cp style=\u0022text-align: justify;\u0022\u003E\u003Cem\u003E-Pessoas com comorbidades;\u003C\/em\u003E\u003C\/p\u003E\r\n\u003Cp style=\u0022text-align: justify;\u0022\u003E\u003Cem\u003E-Pessoas com defici\u0026ecirc;ncia permanente;\u003C\/em\u003E\u003C\/p\u003E\r\n\u003Cp style=\u0022text-align: justify;\u0022\u003E\u003Cem\u003E-Trabalhadores do transporte;\u003C\/em\u003E\u003C\/p\u003E\r\n\u003Cp style=\u0022text-align: justify;\u0022\u003E\u003Cem\u003E-Profissionais da Educa\u0026ccedil;\u0026atilde;o.\u003C\/em\u003E\u003C\/p\u003E\r\n\u003Cp style=\u0022text-align: justify;\u0022\u003EA vacina est\u0026aacute; dispon\u0026iacute;vel em todas as UBS de Itabaiana, tanto na cidade, como nos povoados e para ser imunizado, basta comparecer com os seguintes documentos: cart\u0026atilde;o de vacina\u0026ccedil;\u0026atilde;o, cart\u0026atilde;o do SUS e CPF.\u003C\/p\u003E\r\n\u003Cp style=\u0022text-align: justify;\u0022\u003EA campanha para os grupos priorit\u0026aacute;rios segue at\u0026eacute; o dia 30 de maio, conforme orienta\u0026ccedil;\u0026atilde;o do Minist\u0026eacute;rio da Sa\u0026uacute;de e ap\u0026oacute;s isso, ser\u0026aacute; aberta para toda a popula\u0026ccedil;\u0026atilde;o.\u003C\/p\u003E\r\n\u003Cp style=\u0022text-align: justify;\u0022\u003EDe acordo com Andr\u0026eacute;a Tavares, coordenadora de Imuniza\u0026ccedil;\u0026atilde;o da SMS, a vacina\u0026ccedil;\u0026atilde;o \u0026eacute; fundamental para prote\u0026ccedil;\u0026atilde;o da popula\u0026ccedil;\u0026atilde;o, principalmente agora, neste per\u0026iacute;odo de sazonalidade, onde uma grande quantidade de v\u0026iacute;rus da Influenza est\u0026aacute; circulando.\u003C\/p\u003E\r\n\u003Cp style=\u0022text-align: justify;\u0022\u003E\u0026ldquo;A vacina \u0026eacute; uma forma de evitar casos graves da Influenza, inclusive casos de interna\u0026ccedil;\u0026atilde;o e at\u0026eacute; de \u0026oacute;bito. Ent\u0026atilde;o pedimos para que o p\u0026uacute;blico-alvo que ainda n\u0026atilde;o recebeu a vacina, compare\u0026ccedil;a numa UBS de nossa cidade para se vacinar e ficar protegido\u0026rdquo;, refor\u0026ccedil;a Andr\u0026eacute;a.\u003C\/p\u003E","tags":"secretaria,saude,prefeitura,itabaiana,imunizacao,disponivel,unidades,basicas,influenza,publicoalvo","destaque":1,"publicacao":"2026-04-30 10:28:00","criado":"2026-04-30 10:28:32","alterado":"2026-04-30 10:34:27"},{"id":8697,"categoria_id":"6","categoria":{"id":6,"nome":"SOCIAL"},"autor_id":"43","autor":{"id":43,"nome":"Katiane Peixoto (Comunica\u00e7\u00e3o)","email":"cafeeprosa9@gmail.com"},"titulo":"Campanha Le\u00e3o Amigo: contribuintes podem destinar parte do seu Imposto de Renda para projetos sociais desenvolvidos em Itabaiana","slug":"campanha-leao-amigo-contribuintes-podem-destinar-parte-do-seu-imposto-de-renda-para-projetos-sociais-desenvolvidos-em-itabaiana","imagem":"\/img\/imagem\/whatsapp-image-2026-04-28-at-11-05-22_98bcf729b96daa58cd166a0998e.jpeg,\/img\/imagem\/media_whatsapp-image-2026-04-28-at-11-05-22_98bcf729b96daa58cd166a0998e.jpeg,\/img\/imagem\/thumb_whatsapp-image-2026-04-28-at-11-05-22_98bcf729b96daa58cd166a0998e.jpeg,\/img\/imagem\/thumb_fix_whatsapp-image-2026-04-28-at-11-05-22_98bcf729b96daa58cd166a0998e.jpeg","texto":"\u003Cp\u003E\u003Cimg style=\u0022display: block; margin-left: auto; margin-right: auto;\u0022 src=\u0022https:\/\/itabaiana.se.gov.br\/img\/imagem\/media_whatsapp-image-2026-04-28-at-11-05-22_98bcf729b96daa58cd166a0998e.jpeg\u0022 alt=\u0022whatsapp-image-2026-04-28-at-11-05-22_98bcf729b96daa58cd166a0998e.jpeg\u0022 width=\u0022443\u0022 height=\u0022295\u0022 \/\u003E\u003C\/p\u003E\r\n\u003Cp style=\u0022text-align: justify;\u0022\u003E\u0026nbsp;\u003C\/p\u003E\r\n\u003Cp style=\u0022text-align: justify;\u0022\u003EVoc\u0026ecirc; sabia que os contribuintes que declaram o imposto de renda pelo modelo completo podem destinar at\u0026eacute; 3% do valor para projetos sociais que s\u0026atilde;o desenvolvidos na cidade de Itabaiana, beneficiando crian\u0026ccedil;as e adolescentes? Pois \u0026eacute;! Voc\u0026ecirc; pode fazer a diferen\u0026ccedil;a na vida dos integrantes dos projetos!\u003C\/p\u003E\r\n\u003Cp style=\u0022text-align: justify;\u0022\u003EA campanha Le\u0026atilde;o Amigo 2026 j\u0026aacute; teve in\u0026iacute;cio e o objetivo \u0026eacute; justamente enfatizar o assunto e conscientizar os contribuintes sobre a import\u0026acirc;ncia da destina\u0026ccedil;\u0026atilde;o, que \u0026eacute; feita de maneira gratuita, no momento da declara\u0026ccedil;\u0026atilde;o.\u003C\/p\u003E\r\n\u003Cp style=\u0022text-align: justify;\u0022\u003EO valor destinado pelo contribuinte vai para institui\u0026ccedil;\u0026otilde;es sociais cadastradas no Fundo Municipal dos Direitos da Crian\u0026ccedil;a e do Adolescente de Itabaiana. Com isso, voc\u0026ecirc; ajuda diversos projetos educacionais, esportivos e culturais que melhoram a qualidade de vida e trazem novas perspectivas para crian\u0026ccedil;as e adolescentes, como a Associa\u0026ccedil;\u0026atilde;o Treinando e Formando Cidad\u0026atilde;os (ATFC), por exemplo.\u003C\/p\u003E\r\n\u003Cp style=\u0022text-align: justify;\u0022\u003E\u0026nbsp;A destina\u0026ccedil;\u0026atilde;o \u0026eacute; feita na pr\u0026oacute;pria declara\u0026ccedil;\u0026atilde;o de forma muito simples. Voc\u0026ecirc; n\u0026atilde;o paga mais imposto, n\u0026atilde;o paga 3% a mais e nem ter\u0026aacute; o valor da restitui\u0026ccedil;\u0026atilde;o reduzida. O percentual \u0026eacute; deduzido do imposto que voc\u0026ecirc; j\u0026aacute; vai pagar e revertido para as institui\u0026ccedil;\u0026otilde;es sociais.\u003C\/p\u003E\r\n\u003Cp style=\u0022text-align: justify;\u0022\u003E\u0026ndash; Quem pode doar na pr\u0026oacute;pria declara\u0026ccedil;\u0026atilde;o? Pessoas F\u0026iacute;sicas;\u003C\/p\u003E\r\n\u003Cp style=\u0022text-align: justify;\u0022\u003E\u0026ndash; Qual tipo de declara\u0026ccedil;\u0026atilde;o? Completa;\u003C\/p\u003E\r\n\u003Cp style=\u0022text-align: justify;\u0022\u003E\u0026ndash; Qual valor poder\u0026aacute; ser doado e deduzido? 3% do imposto de renda devido;\u003C\/p\u003E\r\n\u003Cp style=\u0022text-align: justify;\u0022\u003E\u0026ndash; Como realizar a doa\u0026ccedil;\u0026atilde;o direta na declara\u0026ccedil;\u0026atilde;o?\u003C\/p\u003E\r\n\u003Cp style=\u0022text-align: justify;\u0022\u003EO contribuinte deve abrir o menu \u0026ldquo;Resumo da Declara\u0026ccedil;\u0026atilde;o\u0026rdquo; e clicar em \u0026ldquo;Doa\u0026ccedil;\u0026otilde;es Diretamente na Declara\u0026ccedil;\u0026atilde;o \u0026ndash; ECA\u0026rdquo;; em seguida, \u0026eacute; preciso clicar em \u0026ldquo;novo\u0026rdquo; e escolher o n\u0026iacute;vel de doa\u0026ccedil;\u0026atilde;o pretendido: \u0026ldquo;Municipal\u0026rdquo;, nesse caso; em seguida, \u0026eacute; s\u0026oacute; selecionar o Fundo Municipal dos Direitos da Crian\u0026ccedil;a e do Adolescente de Itabaiana\/SE (CNPJ 28.265.648\/0001-09). Ap\u0026oacute;s isso, o pr\u0026oacute;prio programa efetuar\u0026aacute; o c\u0026aacute;lculo do valor que \u0026eacute; poss\u0026iacute;vel doar e ser\u0026aacute; emitida uma DARF, que dever\u0026aacute; ser recolhida dentro do prazo da Declara\u0026ccedil;\u0026atilde;o do Imposto de Renda do contribuinte.\u003C\/p\u003E\r\n\u003Cp style=\u0022text-align: justify;\u0022\u003EA campanha Le\u0026atilde;o Amigo \u0026eacute; promovida pelo Conselho Municipal dos Direitos da Crian\u0026ccedil;a e do Adolescente (CMDCA), em parceria com a Receita Federal e com o Conselho Regional de Contabilidade de Sergipe (CRCSE).\u003C\/p\u003E","tags":"campanha,leaoamigo,itabaiana,destinar,imposto,renda,prefeitura,projetos,sociais,criancas,adolescentes,contribuintes","destaque":1,"publicacao":"2026-04-29 11:53:00","criado":"2026-04-29 11:53:58","alterado":"2026-04-29 11:56:29"}],"pagina_atualizada_em":"2026-02-06T15:50:51-03:00"}