{"item":{"id":8694,"categoria_id":"2","categoria":{"id":2,"nome":"EDUCA\u00c7\u00c3O"},"autor_id":"43","autor":{"id":43,"nome":"Katiane Peixoto (Comunica\u00e7\u00e3o)","email":"cafeeprosa9@gmail.com"},"titulo":"Centro Educacional Vov\u00f3 Nininha promove evento em alus\u00e3o ao Dia dos Povos Ind\u00edgenas com a participa\u00e7\u00e3o da Tribo Kariri Xoc\u00f3","slug":"centro-educacional-vovo-nininha-promove-evento-em-alusao-ao-dia-dos-povos-indigenas-com-a-participacao-da-tribo-kariri-xoco","imagem":"\/img\/imagem\/whatsapp-image-2026-04-27-at-10-32-32_c112697cd7cd5c94b634ffe.jpeg,\/img\/imagem\/media_whatsapp-image-2026-04-27-at-10-32-32_c112697cd7cd5c94b634ffe.jpeg,\/img\/imagem\/thumb_whatsapp-image-2026-04-27-at-10-32-32_c112697cd7cd5c94b634ffe.jpeg,\/img\/imagem\/thumb_fix_whatsapp-image-2026-04-27-at-10-32-32_c112697cd7cd5c94b634ffe.jpeg","texto":"\u003Cp style=\u0022text-align: center;\u0022\u003E\u003Cimg src=\u0022https:\/\/itabaiana.se.gov.br\/img\/imagem\/media_whatsapp-image-2026-04-27-at-10-32-32_c112697cd7cd5c94b634ffe.jpeg\u0022 alt=\u0022whatsapp-image-2026-04-27-at-10-32-32_c112697cd7cd5c94b634ffe.jpeg\u0022 width=\u0022431\u0022 height=\u0022243\u0022 \/\u003E\u003C\/p\u003E\r\n\u003Cp\u003E\u0026nbsp;\u003C\/p\u003E\r\n\u003Cp style=\u0022text-align: justify;\u0022\u003ENa \u0026uacute;ltima sexta-feira, 24, o Centro Educacional Vov\u0026oacute; Nininha, unidade da rede municipal de ensino de Itabaiana promoveu um evento em alus\u0026atilde;o ao Dia dos Povos Ind\u0026iacute;genas \u0026ndash; comemorado em 19 de abril \u0026ndash; com a participa\u0026ccedil;\u0026atilde;o da Tribo Kariri Xoc\u0026oacute;, de Porto Real do Col\u0026eacute;gio (AL).\u003C\/p\u003E\r\n\u003Cp style=\u0022text-align: justify;\u0022\u003EOs ind\u0026iacute;genas passaram o dia na unidade educacional e realizaram diversas atividades com os alunos, que puderam conhecer de perto a hist\u0026oacute;ria, tradi\u0026ccedil;\u0026otilde;es, cultura e particularidades da tribo. Dentre as atividades, eles realizaram apresenta\u0026ccedil;\u0026otilde;es e um momento de ora\u0026ccedil;\u0026atilde;o com os pequenos.\u003C\/p\u003E\r\n\u003Cp style=\u0022text-align: justify;\u0022\u003EO evento contou tamb\u0026eacute;m com a participa\u0026ccedil;\u0026atilde;o dos respons\u0026aacute;veis pelas crian\u0026ccedil;as, que assim como os pequenos, puderam conhecer mais sobre a tribo visitante e comprar itens e objetos do artesanato que \u0026eacute; confeccionado pelos pr\u0026oacute;prios ind\u0026iacute;genas.\u003C\/p\u003E\r\n\u003Cp style=\u0022text-align: justify;\u0022\u003EA diretora do centro, Elionar dos Santos, explicou que esta \u0026eacute; a terceira vez que os ind\u0026iacute;genas s\u0026atilde;o convidados a visitar a unidade educacional: \u0026ldquo;Este foi o terceiro evento que tivemos a participa\u0026ccedil;\u0026atilde;o da tribo Kariri Xoc\u0026oacute;. As crian\u0026ccedil;as ficam atentas \u0026agrave;s atividades que s\u0026atilde;o feitas e gostam de participar. Realizamos esse evento pois sabemos como \u0026eacute; importante que as nossas crian\u0026ccedil;as conhe\u0026ccedil;am de cedo a hist\u0026oacute;ria e as tradi\u0026ccedil;\u0026otilde;es dos povos ind\u0026iacute;genas, afinal, eles fazem parte da hist\u0026oacute;ria do nosso povo\u0026rdquo;, destacou.\u003C\/p\u003E\r\n\u003Cp style=\u0022text-align: justify;\u0022\u003E\u0026nbsp;\u003C\/p\u003E\r\n\u003Cp\u003E\u003Cimg style=\u0022display: block; margin-left: auto; margin-right: auto;\u0022 src=\u0022https:\/\/itabaiana.se.gov.br\/img\/imagem\/media_whatsapp-image-2026-04-27-at-10-34-02_98cfc70235c4cea14fa952315.jpeg\u0022 alt=\u0022whatsapp-image-2026-04-27-at-10-34-02_98cfc70235c4cea14fa952315.jpeg\u0022 width=\u0022473\u0022 height=\u0022449\u0022 \/\u003E\u003C\/p\u003E","tags":"creche,itabaiana,evento,diadospovosindigenas,cultura,tradicao,prefeitura,secretaria,educacao","destaque":1,"publicacao":"2026-04-27 10:40:00","criado":"2026-04-27 10:40:10","alterado":"2026-04-27 11:03:49"},"outros":[{"id":8696,"categoria_id":"8","categoria":{"id":8,"nome":"CULTURA"},"autor_id":"43","autor":{"id":43,"nome":"Katiane Peixoto (Comunica\u00e7\u00e3o)","email":"cafeeprosa9@gmail.com"},"titulo":"Cinema de rua: Itabaiana receber\u00e1  duas sess\u00f5es especiais do filme \u201cVou-me embora\u201d, que retrata a hist\u00f3ria do ex-vereador Vital da Lapa","slug":"cinema-de-rua-itabaiana-recebera-duas-sessoes-especiais-do-filme-vou-me-embora-que-retrata-a-historia-do-ex-vereador-vital-da-lapa","imagem":"\/img\/imagem\/b183e70e-8214-4538-ac48-eb2af1d719a5_9878b9d3f019d48ccb077ca11.jpeg,\/img\/imagem\/media_b183e70e-8214-4538-ac48-eb2af1d719a5_9878b9d3f019d48ccb077ca11.jpeg,\/img\/imagem\/thumb_b183e70e-8214-4538-ac48-eb2af1d719a5_9878b9d3f019d48ccb077ca11.jpeg,\/img\/imagem\/thumb_fix_b183e70e-8214-4538-ac48-eb2af1d719a5_9878b9d3f019d48ccb077ca11.jpeg","texto":"\u003Cp\u003E\u003Cimg style=\u0022display: block; margin-left: auto; margin-right: auto;\u0022 src=\u0022https:\/\/itabaiana.se.gov.br\/img\/imagem\/media_b183e70e-8214-4538-ac48-eb2af1d719a5_9878b9d3f019d48ccb077ca11.jpeg\u0022 alt=\u0022b183e70e-8214-4538-ac48-eb2af1d719a5_9878b9d3f019d48ccb077ca11.jpeg\u0022 width=\u0022500\u0022 height=\u0022333\u0022 \/\u003E\u003C\/p\u003E\r\n\u003Cp style=\u0022text-align: justify;\u0022\u003E\u003Cbr \/\u003EO projeto \u0026ldquo;Cinema de Rua\u0026rdquo; ter\u0026aacute; mais uma edi\u0026ccedil;\u0026atilde;o em Itabaiana. Nos dias 29 de abril e 02 de maio, a cidade serrana receber\u0026aacute; duas sess\u0026otilde;es especiais com exibi\u0026ccedil;\u0026atilde;o do filme \u0026ldquo;Vou-me embora\u0026rdquo;, que relembra a hist\u0026oacute;ria do ex-vereador Vital da Lapa.\u003C\/p\u003E\r\n\u003Cp style=\u0022text-align: justify;\u0022\u003EA sess\u0026atilde;o do dia 29 de abril, quarta-feira, ser\u0026aacute; na Pra\u0026ccedil;a Chiara Lubich, a partir das 19h. No s\u0026aacute;bado, 02, a sess\u0026atilde;o ser\u0026aacute; no povoado Sobrado, em frente \u0026agrave; Capela Santa In\u0026ecirc;s, tamb\u0026eacute;m \u0026agrave;s 19h. Toda a popula\u0026ccedil;\u0026atilde;o \u0026eacute; convidada a acompanhar o cinema de rua, reviver a hist\u0026oacute;ria e fortalecer a cultura itabaianense.\u0026nbsp;\u003C\/p\u003E\r\n\u003Cp style=\u0022text-align: justify;\u0022\u003EO projeto \u0026eacute; uma parceria entre a Ibir\u0026aacute; Cultural e a Prefeitura de Itabaiana, por meio das secretarias municipais de Cultura e Educa\u0026ccedil;\u0026atilde;o.\u003C\/p\u003E\r\n\u003Cp style=\u0022text-align: justify;\u0022\u003EO filme retrata a hist\u0026oacute;ria de Vital da Lapa, vereador e comerciante em Itabaiana na d\u0026eacute;cada de 1960, que se tornou v\u0026iacute;tima de persegui\u0026ccedil;\u0026atilde;o pol\u0026iacute;tica \u0026mdash; um relato marcante sobre coragem, injusti\u0026ccedil;a e resist\u0026ecirc;ncia.\u003C\/p\u003E\r\n\u003Cp style=\u0022text-align: justify;\u0022\u003E\u0026nbsp;\u003C\/p\u003E\r\n\u003Cp\u003E\u003Cimg style=\u0022display: block; margin-left: auto; margin-right: auto;\u0022 src=\u0022https:\/\/itabaiana.se.gov.br\/img\/imagem\/media_9860e996-951e-44b4-b809-3383dd6c87ca_d7d7afdfc68bad5caaf6bbe7.jpeg\u0022 alt=\u00229860e996-951e-44b4-b809-3383dd6c87ca_d7d7afdfc68bad5caaf6bbe7.jpeg\u0022 width=\u0022500\u0022 height=\u0022344\u0022 \/\u003E\u003C\/p\u003E","tags":"cinema,rua,itabaiana,filme,exibicao,prefeitura,cultura,historia","destaque":1,"publicacao":"2026-04-27 14:29:00","criado":"2026-04-27 14:29:54","alterado":"2026-04-27 14:31:51"},{"id":8695,"categoria_id":"7","categoria":{"id":7,"nome":"ESPORTE"},"autor_id":"43","autor":{"id":43,"nome":"Katiane Peixoto (Comunica\u00e7\u00e3o)","email":"cafeeprosa9@gmail.com"},"titulo":"Confira os resultados dos jogos da terceira rodada da Copa Chico Cantagalo, que foi recheada de gols","slug":"confira-os-resultados-dos-jogos-da-terceira-rodada-da-copa-chico-cantagalo-que-foi-recheada-de-gols","imagem":"\/img\/imagem\/whatsapp-image-2026-04-27-at-11-24-10_cc71925a7a4a24cc9f94ba447.jpeg,\/img\/imagem\/media_whatsapp-image-2026-04-27-at-11-24-10_cc71925a7a4a24cc9f94ba447.jpeg,\/img\/imagem\/thumb_whatsapp-image-2026-04-27-at-11-24-10_cc71925a7a4a24cc9f94ba447.jpeg,\/img\/imagem\/thumb_fix_whatsapp-image-2026-04-27-at-11-24-10_cc71925a7a4a24cc9f94ba447.jpeg","texto":"\u003Cp\u003E\u003Cimg style=\u0022display: block; margin-left: auto; margin-right: auto;\u0022 src=\u0022https:\/\/itabaiana.se.gov.br\/img\/imagem\/media_whatsapp-image-2026-04-27-at-11-24-10_cc71925a7a4a24cc9f94ba447.jpeg\u0022 alt=\u0022whatsapp-image-2026-04-27-at-11-24-10_cc71925a7a4a24cc9f94ba447.jpeg\u0022 width=\u0022427\u0022 height=\u0022287\u0022 \/\u003E\u003C\/p\u003E\r\n\u003Cp style=\u0022text-align: justify;\u0022\u003E\u0026nbsp;\u003C\/p\u003E\r\n\u003Cp style=\u0022text-align: justify;\u0022\u003EO domingo de futebol em Itabaiana foi marcado por nove jogos da Copa Chico Cantagalo, a competi\u0026ccedil;\u0026atilde;o mais querida da cidade serrana, que chega \u0026agrave; terceira rodada, com 18 times disputando o t\u0026iacute;tulo de campe\u0026atilde;o. Os duelos do \u0026uacute;ltimo domingo foram recheados de gols: 31 no total.\u003C\/p\u003E\r\n\u003Cp style=\u0022text-align: justify;\u0022\u003E\u003Cstrong\u003EConfira os resultados:\u003C\/strong\u003E\u003C\/p\u003E\r\n\u003Cp style=\u0022text-align: justify;\u0022\u003E\u003Cem\u003E-Fuma\u0026ccedil;a 7 x 0 Am\u0026eacute;rica FC;\u003C\/em\u003E\u003C\/p\u003E\r\n\u003Cp style=\u0022text-align: justify;\u0022\u003E\u003Cem\u003E-Portuguesa da Baixada 2 x 0 Construtora;\u003C\/em\u003E\u003C\/p\u003E\r\n\u003Cp style=\u0022text-align: justify;\u0022\u003E\u003Cem\u003E-Inter da Torre 2 x 3 Carrilho FC;\u003C\/em\u003E\u003C\/p\u003E\r\n\u003Cp style=\u0022text-align: justify;\u0022\u003E\u003Cem\u003E-Joinville Cabe\u0026ccedil;a do Russo 0 x 1 Flamenguinho das Queimadas;\u003C\/em\u003E\u003C\/p\u003E\r\n\u003Cp style=\u0022text-align: justify;\u0022\u003E\u003Cem\u003E-Chelsea da Caja\u0026iacute;ba 0 x 3 Guarani da Taboca;\u003C\/em\u003E\u003C\/p\u003E\r\n\u003Cp style=\u0022text-align: justify;\u0022\u003E\u003Cem\u003E-Dendezeiro 5 x 1 Projeto Vit\u0026oacute;ria;\u003C\/em\u003E\u003C\/p\u003E\r\n\u003Cp style=\u0022text-align: justify;\u0022\u003E\u003Cem\u003E-Gr\u0026ecirc;mio RDP 2 x 0 Boca J\u0026uacute;nior T. Chico;\u003C\/em\u003E\u003C\/p\u003E\r\n\u003Cp style=\u0022text-align: justify;\u0022\u003E\u003Cem\u003E-Real Invas\u0026atilde;o 0 x 1 Ideal;\u003C\/em\u003E\u003C\/p\u003E\r\n\u003Cp style=\u0022text-align: justify;\u0022\u003E\u003Cem\u003E-Moita Formosa FC 0 x 4 Tricolor da Mangueira.\u003C\/em\u003E\u003C\/p\u003E\r\n\u003Cp style=\u0022text-align: justify;\u0022\u003EA Copa Chico Cantagalo \u0026eacute; realizada pela Prefeitura de Itabaiana, atrav\u0026eacute;s da Secretaria Municipal de Esporte e Lazer, com o objetivo de fortalecer o futebol amador da cidade. Para a edi\u0026ccedil;\u0026atilde;o deste ano, a premia\u0026ccedil;\u0026atilde;o total ser\u0026aacute; de R$ 60 mil; o grande vencedor ganhar\u0026aacute; R$ 30 mil e o vice, R$ 15 mil.\u003C\/p\u003E\r\n\u003Cp style=\u0022text-align: justify;\u0022\u003E\u003Cstrong\u003ETamb\u0026eacute;m haver\u0026aacute; as seguintes premia\u0026ccedil;\u0026otilde;es:\u003C\/strong\u003E\u003C\/p\u003E\r\n\u003Cp style=\u0022text-align: justify;\u0022\u003E\u003Cem\u003E-3\u0026ordm; colocado: R$ 8 mil;\u003C\/em\u003E\u003C\/p\u003E\r\n\u003Cp style=\u0022text-align: justify;\u0022\u003E\u003Cem\u003E-4\u0026ordm; colocado: R$ 4 mil;\u003C\/em\u003E\u003C\/p\u003E\r\n\u003Cp style=\u0022text-align: justify;\u0022\u003E\u003Cem\u003E-Artilheiro: R$ 1 mil;\u003C\/em\u003E\u003C\/p\u003E\r\n\u003Cp style=\u0022text-align: justify;\u0022\u003E\u003Cem\u003E-Melhor goleiro: R$ 1 mil;\u003C\/em\u003E\u003C\/p\u003E\r\n\u003Cp style=\u0022text-align: justify;\u0022\u003E\u003Cem\u003E-Treinador campe\u0026atilde;o: R$ 1 mil.\u003C\/em\u003E\u003C\/p\u003E\r\n\u003Cp style=\u0022text-align: justify;\u0022\u003E\u003Cstrong\u003E\u003Cem\u003EFoto: Rodrigo Ribeiro Fotografia\u003C\/em\u003E\u003C\/strong\u003E\u003C\/p\u003E","tags":"resultado,copa,chicocantagalo,itabaiana,futebol,amador,times,gols,resultados,prefeitura,esporte","destaque":1,"publicacao":"2026-04-27 11:27:00","criado":"2026-04-27 11:27:42","alterado":"2026-04-27 11:27:50"},{"id":8693,"categoria_id":"7","categoria":{"id":7,"nome":"ESPORTE"},"autor_id":"43","autor":{"id":43,"nome":"Katiane Peixoto (Comunica\u00e7\u00e3o)","email":"cafeeprosa9@gmail.com"},"titulo":"Copa Chico Cantagalo chega \u00e0 terceira rodada com jogos neste domingo, 26, em Itabaiana","slug":"copa-chico-cantagalo-chega-a-terceira-rodada-com-jogos-neste-domingo-26-em-itabaiana","imagem":"\/img\/imagem\/e4fb7426-d4b7-4c19-881f-04ca70379c09_965bb4ca1430237e7bb7bf.jpeg,\/img\/imagem\/media_e4fb7426-d4b7-4c19-881f-04ca70379c09_965bb4ca1430237e7bb7bf.jpeg,\/img\/imagem\/thumb_e4fb7426-d4b7-4c19-881f-04ca70379c09_965bb4ca1430237e7bb7bf.jpeg,\/img\/imagem\/thumb_fix_e4fb7426-d4b7-4c19-881f-04ca70379c09_965bb4ca1430237e7bb7bf.jpeg","texto":"\u003Cp\u003E\u003Cimg style=\u0022display: block; margin-left: auto; margin-right: auto;\u0022 src=\u0022https:\/\/itabaiana.se.gov.br\/img\/imagem\/media_e4fb7426-d4b7-4c19-881f-04ca70379c09_965bb4ca1430237e7bb7bf.jpeg\u0022 alt=\u0022e4fb7426-d4b7-4c19-881f-04ca70379c09_965bb4ca1430237e7bb7bf.jpeg\u0022 width=\u0022500\u0022 height=\u0022428\u0022 \/\u003E\u003C\/p\u003E\r\n\u003Cp style=\u0022text-align: justify;\u0022\u003E\u003Cbr \/\u003ENeste domingo, 26, acontecer\u0026atilde;o os jogos da terceira rodada da tradicional Copa Chico Cantagalo, que movimenta o futebol amador de Itabaiana, com a participa\u0026ccedil;\u0026atilde;o de 18 times.\u003C\/p\u003E\r\n\u003Cp style=\u0022text-align: justify;\u0022\u003E\u003Cstrong\u003EConfira os jogos:\u003C\/strong\u003E\u003C\/p\u003E\r\n\u003Cp style=\u0022text-align: justify;\u0022\u003E-\u003Cem\u003E08h: Fuma\u0026ccedil;a x Am\u0026eacute;rica FC - Frang\u0026atilde;o;\u003C\/em\u003E\u003C\/p\u003E\r\n\u003Cp style=\u0022text-align: justify;\u0022\u003E\u003Cem\u003E-08h: Portuguesa da Baixada x Construtora - Milt\u0026atilde;o;\u003C\/em\u003E\u003C\/p\u003E\r\n\u003Cp style=\u0022text-align: justify;\u0022\u003E\u003Cem\u003E-08:30h: Inter da Torre x Carrilho FC: Machad\u0026atilde;o;\u003C\/em\u003E\u003C\/p\u003E\r\n\u003Cp style=\u0022text-align: justify;\u0022\u003E\u003Cem\u003E-08:30h: Joinville Cabe\u0026ccedil;a do Russo x Flamenguinho das Queimadas - campo da Cabe\u0026ccedil;a do Russo;\u003C\/em\u003E\u003C\/p\u003E\r\n\u003Cp style=\u0022text-align: justify;\u0022\u003E\u003Cem\u003E-08:30h: Chelsea da Caja\u0026iacute;ba x Guarani da Taboca: campo da Cajaiba;\u003C\/em\u003E\u003C\/p\u003E\r\n\u003Cp style=\u0022text-align: justify;\u0022\u003E\u003Cem\u003E-08:30h: Dendezeiro x Projeto Vit\u0026oacute;ria - campo da Mangueira;\u003C\/em\u003E\u003C\/p\u003E\r\n\u003Cp style=\u0022text-align: justify;\u0022\u003E\u003Cem\u003E-08:30h: Gr\u0026ecirc;mio RDP x Boca J\u0026uacute;nior T. Chico - campo do Rio das Pedras;\u003C\/em\u003E\u003C\/p\u003E\r\n\u003Cp style=\u0022text-align: justify;\u0022\u003E\u003Cem\u003E-09:45h: Real Invas\u0026atilde;o x Ideal - Milt\u0026atilde;o;\u003C\/em\u003E\u003C\/p\u003E\r\n\u003Cp style=\u0022text-align: justify;\u0022\u003E\u003Cem\u003E-09:45h: Moita Formosa FC x Tricolor da Mangueira - Frang\u0026atilde;o.\u0026nbsp;\u003C\/em\u003E\u003C\/p\u003E\r\n\u003Cp style=\u0022text-align: justify;\u0022\u003ESer\u0026atilde;o R$ 60 mil em premia\u0026ccedil;\u0026otilde;es na competi\u0026ccedil;\u0026atilde;o, que \u0026eacute; organizada pela Prefeitura de Itabaiana, atrav\u0026eacute;s da Secretaria Municipal de Esporte e Lazer, com o objetivo de incentivar e valorizar o futebol amador da cidade serrana.\u003C\/p\u003E","tags":"copa,chicocantagalo,itabaiana,esporte ,futebol,amador,jogos,povoados,cidade,prefeitura","destaque":1,"publicacao":"2026-04-25 08:58:00","criado":"2026-04-25 08:58:47","alterado":"2026-04-25 08:58:50"}],"pagina_atualizada_em":"2026-04-27T11:03:49-03:00"}