{"item":{"id":8758,"categoria_id":"7","categoria":{"id":7,"nome":"ESPORTE"},"autor_id":"43","autor":{"id":43,"nome":"Katiane Peixoto (Comunica\u00e7\u00e3o)","email":"cafeeprosa9@gmail.com"},"titulo":"Copa Chico Cantagalo tem final emocionante no Est\u00e1dio Municipal Francis de Andrade. Real Invas\u00e3o \u00e9 o grande campe\u00e3o!","slug":"copa-chico-cantagalo-tem-final-emocionante-no-estadio-municipal-francis-de-andrade-real-invasao-e-o-grande-campeao","imagem":"\/img\/imagem\/captura-de-tela-2026-07-06-114215_bf900d671af4498d0efad13cc.png,\/img\/imagem\/media_captura-de-tela-2026-07-06-114215_bf900d671af4498d0efad13cc.png,\/img\/imagem\/thumb_captura-de-tela-2026-07-06-114215_bf900d671af4498d0efad13cc.png,\/img\/imagem\/thumb_fix_captura-de-tela-2026-07-06-114215_bf900d671af4498d0efad13cc.png","texto":"\u003Cp\u003E\u003Cimg style=\u0022display: block; margin-left: auto; margin-right: auto;\u0022 src=\u0022https:\/\/itabaiana.se.gov.br\/img\/imagem\/media_captura-de-tela-2026-07-06-114215_bf900d671af4498d0efad13cc.png\u0022 alt=\u0022captura-de-tela-2026-07-06-114215_bf900d671af4498d0efad13cc.png\u0022 width=\u0022447\u0022 height=\u0022248\u0022 \/\u003E\u003Cimg style=\u0022display: block; margin-left: auto; margin-right: auto;\u0022 src=\u0022https:\/\/itabaiana.se.gov.br\/img\/imagem\/media_captura-de-tela-2026-07-06-114954_fcd1be23e62292335170.png\u0022 alt=\u0022captura-de-tela-2026-07-06-114954_fcd1be23e62292335170.png\u0022 width=\u0022444\u0022 height=\u0022249\u0022 \/\u003E\u003C\/p\u003E\r\n\u003Cp style=\u0022text-align: justify;\u0022\u003E\u003Cspan style=\u0022letter-spacing: 0px;\u0022\u003E\u003Cbr \/\u003EA grande final da Copa Chico Cantagalo aconteceu no \u0026uacute;ltimo domingo, 05, em Itabaiana. O Est\u0026aacute;dio Municipal Francis de Andrade foi o palco da grande decis\u0026atilde;o e um grande p\u0026uacute;blico acompanhou a partida, que teve emo\u0026ccedil;\u0026atilde;o do come\u0026ccedil;o ao fim.\u003C\/span\u003E\u003C\/p\u003E\r\n\u003Cp style=\u0022text-align: justify;\u0022\u003EDe um lado, o Real Invas\u0026atilde;o, do outro, o Portuguesa da Baixada, dois times consagrados, com grande torcida e queridos no futebol amador de Itabaiana. O jogo terminou com dois gols para cada lado e a decis\u0026atilde;o foi para os p\u0026ecirc;naltis.\u003C\/p\u003E\r\n\u003Cp style=\u0022text-align: justify;\u0022\u003EEmbalados por suas torcidas, Real e Portuguesa mostraram porque chegaram \u0026agrave; grande final e quem mandou melhor foi o Real Invas\u0026atilde;o, que conquistou o t\u0026iacute;tulo, a ta\u0026ccedil;a e a premia\u0026ccedil;\u0026atilde;o de R$ 30 mil; o Portuguesa da Baixada foi premiado com R$ 15 mil.\u003C\/p\u003E\r\n\u003Cp style=\u0022text-align: justify;\u0022\u003E\u0026nbsp;\u003C\/p\u003E\r\n\u003Cp style=\u0022text-align: center;\u0022\u003E\u003Cimg src=\u0022https:\/\/itabaiana.se.gov.br\/img\/imagem\/media_whatsapp-image-2026-07-06-at-07-24-02-1_1f0412130494fa9724c21b6d.jpeg\u0022 alt=\u0022whatsapp-image-2026-07-06-at-07-24-02-1_1f0412130494fa9724c21b6d.jpeg\u0022 width=\u0022438\u0022 height=\u0022584\u0022 \/\u003E\u003C\/p\u003E\r\n\u003Cp style=\u0022text-align: justify;\u0022\u003E\u0026nbsp;\u003C\/p\u003E\r\n\u003Cp style=\u0022text-align: justify;\u0022\u003EAp\u0026oacute;s a premia\u0026ccedil;\u0026atilde;o, a comemora\u0026ccedil;\u0026atilde;o foi grande no Bairro S\u0026atilde;o Crist\u0026oacute;v\u0026atilde;o e a torcida celebrou o momento junto com toda a equipe.\u003C\/p\u003E\r\n\u003Cp style=\u0022text-align: justify;\u0022\u003EIdealizada pela Prefeitura de Itabaiana, atrav\u0026eacute;s da Secretaria Municipal de Esporte e Lazer, a Copa Chico Cantagalo \u0026eacute; a maior competi\u0026ccedil;\u0026atilde;o de futebol amador da cidade serrana; no total, as premia\u0026ccedil;\u0026otilde;es chegaram a R$ 60 mil.\u003C\/p\u003E\r\n\u003Cp style=\u0022text-align: justify;\u0022\u003EPara o secret\u0026aacute;rio de Esporte, Vaguinho de Vado, a final foi um momento hist\u0026oacute;rico para Itabaiana. \u0026ldquo;Tivemos a primeira partida em nosso est\u0026aacute;dio, um grande p\u0026uacute;blico acompanhando tudo e dois times que disputaram o t\u0026iacute;tulo segundo a segundo. Tudo isso mostra a for\u0026ccedil;a do nosso esporte amador e que devemos sempre continuar investindo, para que tenhamos outros espet\u0026aacute;culos como esse\u0026rdquo;, disse.\u003C\/p\u003E\r\n\u003Cp style=\u0022text-align: justify;\u0022\u003E\u0026nbsp;\u003C\/p\u003E\r\n\u003Cp\u003E\u003Cimg style=\u0022display: block; margin-left: auto; margin-right: auto;\u0022 src=\u0022https:\/\/itabaiana.se.gov.br\/img\/imagem\/media_captura-de-tela-2026-07-06-114226_d7abfa27d19f736e00b783fae87cb9.png\u0022 alt=\u0022captura-de-tela-2026-07-06-114226_d7abfa27d19f736e00b783fae87cb9.png\u0022 width=\u0022433\u0022 height=\u0022251\u0022 \/\u003E\u003Cimg style=\u0022display: block; margin-left: auto; margin-right: auto;\u0022 src=\u0022https:\/\/itabaiana.se.gov.br\/img\/imagem\/media_whatsapp-image-2026-07-06-at-07-24-02_768c22084b6ccc04480a79ec.jpeg\u0022 alt=\u0022whatsapp-image-2026-07-06-at-07-24-02_768c22084b6ccc04480a79ec.jpeg\u0022 width=\u0022433\u0022 height=\u0022325\u0022 \/\u003E\u003Cimg style=\u0022display: block; margin-left: auto; margin-right: auto;\u0022 src=\u0022https:\/\/itabaiana.se.gov.br\/img\/imagem\/media_whatsapp-image-2026-07-06-at-07-24-03_1831d4b68793e99da89fd3a12e.jpeg\u0022 alt=\u0022whatsapp-image-2026-07-06-at-07-24-03_1831d4b68793e99da89fd3a12e.jpeg\u0022 width=\u0022436\u0022 height=\u0022327\u0022 \/\u003E\u003Cimg style=\u0022display: block; margin-left: auto; margin-right: auto;\u0022 src=\u0022https:\/\/itabaiana.se.gov.br\/img\/imagem\/media_whatsapp-image-2026-07-06-at-07-24-02-3_003726bd18d2ab718230.jpeg\u0022 alt=\u0022whatsapp-image-2026-07-06-at-07-24-02-3_003726bd18d2ab718230.jpeg\u0022 width=\u0022436\u0022 height=\u0022327\u0022 \/\u003E\u003Cimg style=\u0022display: block; margin-left: auto; margin-right: auto;\u0022 src=\u0022https:\/\/itabaiana.se.gov.br\/img\/imagem\/media_whatsapp-image-2026-07-06-at-07-24-02-2_8e9b6cf9d1ceb813aaebfc6.jpeg\u0022 alt=\u0022whatsapp-image-2026-07-06-at-07-24-02-2_8e9b6cf9d1ceb813aaebfc6.jpeg\u0022 width=\u0022437\u0022 height=\u0022328\u0022 \/\u003E\u003Cimg style=\u0022display: block; margin-left: auto; margin-right: auto;\u0022 src=\u0022https:\/\/itabaiana.se.gov.br\/img\/imagem\/media_captura-de-tela-2026-07-06-114837_a0a841259672bb34adea42eef.png\u0022 alt=\u0022captura-de-tela-2026-07-06-114837_a0a841259672bb34adea42eef.png\u0022 width=\u0022437\u0022 height=\u0022245\u0022 \/\u003E\u003C\/p\u003E","tags":"itabaiana,final,copa,chicocantagalo,realinvasao,campeao,futebol,amador,prefeitura,secretaria,esporte","destaque":1,"publicacao":"2026-07-06 11:54:00","criado":"2026-07-06 11:54:13","alterado":"2026-07-06 11:56:22"},"outros":[{"id":8810,"categoria_id":"2","categoria":{"id":2,"nome":"EDUCA\u00c7\u00c3O"},"autor_id":"43","autor":{"id":43,"nome":"Katiane Peixoto (Comunica\u00e7\u00e3o)","email":"cafeeprosa9@gmail.com"},"titulo":"Com o tema \u201cEduca\u00e7\u00e3o que transforma com cidadania\u201d, desfile de 7 de Setembro reunir\u00e1 cerca de 2 mil alunos da rede municipal de ensino em Itabaiana","slug":"com-o-tema-educacao-que-transforma-com-cidadania-desfile-de-7-de-setembro-reunira-cerca-de-2-mil-alunos-da-rede-municipal-de-ensino-em-itabaiana","imagem":"\/img\/imagem\/img-1402_707243863b399e84b211504a.jpeg,\/img\/imagem\/media_img-1402_707243863b399e84b211504a.jpeg,\/img\/imagem\/thumb_img-1402_707243863b399e84b211504a.jpeg,\/img\/imagem\/thumb_fix_img-1402_707243863b399e84b211504a.jpeg","texto":"\u003Cp style=\u0022text-align: justify;\u0022\u003E\u003Cimg src=\u0022https:\/\/itabaiana.se.gov.br\/img\/imagem\/media_img-1402_707243863b399e84b211504a.jpeg\u0022 alt=\u0022img-1402_707243863b399e84b211504a.jpeg\u0022 width=\u0022500\u0022 height=\u0022375\u0022 \/\u003E\u003C\/p\u003E\r\n\u003Cp style=\u0022text-align: justify;\u0022\u003E\u003Cbr \/\u003EA cidade de Itabaiana se prepara para mais uma edi\u0026ccedil;\u0026atilde;o do tradicional desfile c\u0026iacute;vico de 7 de Setembro. Neste ano, com o tema \u0026ldquo;Educa\u0026ccedil;\u0026atilde;o que transforma com cidadania\u0026rdquo;, a programa\u0026ccedil;\u0026atilde;o contar\u0026aacute; com a participa\u0026ccedil;\u0026atilde;o de cerca de 2 mil alunos da rede municipal de ensino, reunindo estudantes, professores e toda a comunidade escolar em um momento de celebra\u0026ccedil;\u0026atilde;o da hist\u0026oacute;ria, da cidadania e do sentimento de pertencimento.\u003C\/p\u003E\r\n\u003Cp style=\u0022text-align: justify;\u0022\u003EAo todo, as 46 escolas da rede municipal estar\u0026atilde;o envolvidas na programa\u0026ccedil;\u0026atilde;o. A participa\u0026ccedil;\u0026atilde;o contar\u0026aacute; ainda com tr\u0026ecirc;s carros aleg\u0026oacute;ricos e 15 escolas levar\u0026atilde;o \u0026agrave; avenida pelot\u0026otilde;es acompanhados por 11 bandas marciais.\u003C\/p\u003E\r\n\u003Cp style=\u0022text-align: justify;\u0022\u003EPara o secret\u0026aacute;rio municipal de Educa\u0026ccedil;\u0026atilde;o, \u0026Eacute;der de Jesus, o momento representa a uni\u0026atilde;o entre educa\u0026ccedil;\u0026atilde;o e cidadania, mostrando que a forma\u0026ccedil;\u0026atilde;o dos alunos vai muito al\u0026eacute;m do aprendizado dos conte\u0026uacute;dos escolares.\u003C\/p\u003E\r\n\u003Cp style=\u0022text-align: justify;\u0022\u003E\u0026ldquo;O desfile de 7 de Setembro \u0026eacute; um momento muito importante para nossas escolas e para toda a sociedade. \u0026Eacute; uma oportunidade de nossos alunos demonstrarem, atrav\u0026eacute;s da educa\u0026ccedil;\u0026atilde;o, que cidadania tamb\u0026eacute;m se aprende e se pratica\u0026rdquo;, disse.\u003C\/p\u003E\r\n\u003Cp style=\u0022text-align: justify;\u0022\u003EO desfile iniciar\u0026aacute; \u0026agrave;s 15h desta segunda-feira, 07, saindo da Pra\u0026ccedil;a Fausto Cardoso e percorrendo as avenidas Ivo de Carvalho e Doutor Luiz Magalh\u0026atilde;es, onde ficar\u0026aacute; o palanque das autoridades. Toda a sociedade itabaianense \u0026eacute; convidada a assistir o desfile e prestigiar os envolvidos.\u0026nbsp;\u003C\/p\u003E\r\n\u003Cp style=\u0022text-align: justify;\u0022\u003EAl\u0026eacute;m dos estudantes da rede municipal, alunos da rede estadual e as for\u0026ccedil;as policiais tamb\u0026eacute;m desfilar\u0026atilde;o.\u003C\/p\u003E","tags":"desfile,itabaiana,civico,prefeitura,estudantes,educacao,municipio","destaque":1,"publicacao":"2026-09-05 09:09:00","criado":"2026-09-05 09:09:37","alterado":"2026-09-05 13:10:10"},{"id":8809,"categoria_id":"7","categoria":{"id":7,"nome":"ESPORTE"},"autor_id":"43","autor":{"id":43,"nome":"Katiane Peixoto (Comunica\u00e7\u00e3o)","email":"cafeeprosa9@gmail.com"},"titulo":"Com apoio da Prefeitura de Itabaiana, XII Copa Aprumag de Futebol de Areia tem in\u00edcio e conta com a participa\u00e7\u00e3o de 20 times","slug":"com-apoio-da-prefeitura-de-itabaiana-xii-copa-aprumag-de-futebol-de-areia-tem-inicio-e-conta-com-a-participacao-de-20-times","imagem":"\/img\/imagem\/whatsapp-image-2026-09-04-at-11-49-43-2_4ac9bed14db7d0e0f0215.jpeg,\/img\/imagem\/media_whatsapp-image-2026-09-04-at-11-49-43-2_4ac9bed14db7d0e0f0215.jpeg,\/img\/imagem\/thumb_whatsapp-image-2026-09-04-at-11-49-43-2_4ac9bed14db7d0e0f0215.jpeg,\/img\/imagem\/thumb_fix_whatsapp-image-2026-09-04-at-11-49-43-2_4ac9bed14db7d0e0f0215.jpeg","texto":"\u003Cp style=\u0022text-align: center;\u0022\u003E\u003Cimg src=\u0022https:\/\/itabaiana.se.gov.br\/img\/imagem\/media_whatsapp-image-2026-09-04-at-11-49-43-2_4ac9bed14db7d0e0f0215.jpeg\u0022 alt=\u0022whatsapp-image-2026-09-04-at-11-49-43-2_4ac9bed14db7d0e0f0215.jpeg\u0022 width=\u0022444\u0022 height=\u0022328\u0022 \/\u003E\u003C\/p\u003E\r\n\u003Cp style=\u0022text-align: justify;\u0022\u003ETeve in\u0026iacute;cio em Itabaiana na \u0026uacute;ltima ter\u0026ccedil;a-feira, 1\u0026ordm; de setembro, a XII Copa Aprumag de Futebol de Areia, tradicional competi\u0026ccedil;\u0026atilde;o que re\u0026uacute;ne equipes de v\u0026aacute;rios povoados e movimenta o esporte amador do munic\u0026iacute;pio. O campeonato conta com o apoio da Prefeitura Municipal, respons\u0026aacute;vel pela premia\u0026ccedil;\u0026atilde;o do evento e todo apoio log\u0026iacute;stico para a Copa acontecer.\u003C\/p\u003E\r\n\u003Cp style=\u0022text-align: justify;\u0022\u003EA competi\u0026ccedil;\u0026atilde;o re\u0026uacute;ne atletas de 20 times, em disputas que movimentam o povoado Mangabeira, que recebe muitos torcedores, acompanhando os confrontos e apoiando o seu time do cora\u0026ccedil;\u0026atilde;o.\u0026nbsp;\u003C\/p\u003E\r\n\u003Cp style=\u0022text-align: justify;\u0022\u003ENeste ano, participam as seguintes equipes: Guarani da Taboca, Chapecoense das Pedrinhas, Bairro da Torre, For\u0026ccedil;a Jovem, PSG do Chico Gomes, Gr\u0026ecirc;mio RDP, West HA, Chapecoense da Lagoa do Forno, Chelsea da Caja\u0026iacute;ba, S\u0026atilde;o Tarc\u0026iacute;sio, Chelsea da Caroba, Bahia do Carrilho, Pi\u0026ccedil;arreira, Sport do Junco, Vasco da Canjinha, Juventude da Lagoa do Forno, Palmeiras da Mangabeira, Tricolor da Mangueira, Real Caja\u0026iacute;ba e Sport Chapecoense.\u003C\/p\u003E\r\n\u003Cp style=\u0022text-align: justify;\u0022\u003EA premia\u0026ccedil;\u0026atilde;o total \u0026eacute; de R$ 22 mil. O grande campe\u0026atilde;o leva o pr\u0026ecirc;mio de R$ 10 mil e o vice, R$ 5 mil. Tamb\u0026eacute;m ser\u0026atilde;o premiados o terceiro e quarto colocado, o artilheiro, melhor goleiro e melhor t\u0026eacute;cnico.\u003C\/p\u003E\r\n\u003Cp style=\u0022text-align: justify;\u0022\u003ESegundo o secret\u0026aacute;rio municipal de Esporte e Lazer, Vaguinho de Vado, \u0026ldquo;o apoio do poder p\u0026uacute;blico contribui para a realiza\u0026ccedil;\u0026atilde;o do campeonato e para o fortalecimento do futebol amador no munic\u0026iacute;pio, oferecendo aos atletas oportunidades e mantendo a tradi\u0026ccedil;\u0026atilde;o de uma competi\u0026ccedil;\u0026atilde;o que j\u0026aacute; faz parte do calend\u0026aacute;rio esportivo de Itabaiana e \u0026eacute; a maior copa de futebol de areia de nosso estado\u0026rdquo;.\u003C\/p\u003E\r\n\u003Cp\u003E\u003Cimg style=\u0022display: block; margin-left: auto; margin-right: auto;\u0022 src=\u0022https:\/\/itabaiana.se.gov.br\/img\/imagem\/media_whatsapp-image-2026-09-04-at-11-49-43-1_48304c184dc2bae165536.jpeg\u0022 alt=\u0022whatsapp-image-2026-09-04-at-11-49-43-1_48304c184dc2bae165536.jpeg\u0022 width=\u0022440\u0022 height=\u0022330\u0022 \/\u003E\u003Cimg style=\u0022display: block; margin-left: auto; margin-right: auto;\u0022 src=\u0022https:\/\/itabaiana.se.gov.br\/img\/imagem\/media_whatsapp-image-2026-09-04-at-11-49-43_3541565c2ebb30cce830070.jpeg\u0022 alt=\u0022whatsapp-image-2026-09-04-at-11-49-43_3541565c2ebb30cce830070.jpeg\u0022 width=\u0022440\u0022 height=\u0022330\u0022 \/\u003E\u003C\/p\u003E","tags":"copaaprumag,itabaiana,futebol,areia,inicio,competicao,mangabeira,apoio,prefeitura","destaque":1,"publicacao":"2026-09-04 11:53:00","criado":"2026-09-04 11:53:09","alterado":"2026-09-04 11:53:36"},{"id":8808,"categoria_id":"8","categoria":{"id":8,"nome":"CULTURA"},"autor_id":"43","autor":{"id":43,"nome":"Katiane Peixoto (Comunica\u00e7\u00e3o)","email":"cafeeprosa9@gmail.com"},"titulo":"Inscri\u00e7\u00f5es para elei\u00e7\u00e3o do Conselho Municipal de Pol\u00edtica Cultural de Itabaiana est\u00e3o abertas","slug":"inscricoes-para-eleicao-do-conselho-municipal-de-politica-cultural-de-itabaiana-estao-abertas","imagem":"\/img\/imagem\/inscricoes-eleicao-conselho_95a71ccf77dba40f040a1c4e61c4.png,\/img\/imagem\/media_inscricoes-eleicao-conselho_95a71ccf77dba40f040a1c4e61c4.png,\/img\/imagem\/thumb_inscricoes-eleicao-conselho_95a71ccf77dba40f040a1c4e61c4.png,\/img\/imagem\/thumb_fix_inscricoes-eleicao-conselho_95a71ccf77dba40f040a1c4e61c4.png","texto":"\u003Cp style=\u0022text-align: justify;\u0022\u003EA Prefeitura de Itabaiana, por meio da Secretaria Municipal de Cultura, publicou o edital com todas as informa\u0026ccedil;\u0026otilde;es sobre a elei\u0026ccedil;\u0026atilde;o para escolha de representantes da sociedade civil para o Conselho Municipal de Pol\u0026iacute;tica Cultural. O documento foi publicado no Di\u0026aacute;rio Oficial do Munic\u0026iacute;pio.\u003C\/p\u003E\r\n\u003Cp style=\u0022text-align: justify;\u0022\u003EO Conselho Municipal de Pol\u0026iacute;tica Cultural ter\u0026aacute; composi\u0026ccedil;\u0026atilde;o parit\u0026aacute;ria, sendo 50% de representantes do Poder P\u0026uacute;blico Municipal e 50% de representantes da sociedade civil, escolhidos por meio de elei\u0026ccedil;\u0026atilde;o direta. Para a sociedade civil, ser\u0026atilde;o eleitos tr\u0026ecirc;s representantes titulares e tr\u0026ecirc;s suplentes. A escolha ocorrer\u0026aacute; por vota\u0026ccedil;\u0026atilde;o geral entre os candidatos habilitados, sendo eleitos os mais votados, conforme o n\u0026uacute;mero de vagas estabelecido.\u003C\/p\u003E\r\n\u003Cp style=\u0022text-align: justify;\u0022\u003EPodem participar como eleitores pessoas f\u0026iacute;sicas maiores de 18 anos que sejam residentes ou domiciliadas em Itabaiana. Tamb\u0026eacute;m poder\u0026atilde;o votar representantes de entidades, coletivos, grupos, associa\u0026ccedil;\u0026otilde;es e demais organiza\u0026ccedil;\u0026otilde;es da sociedade civil com atua\u0026ccedil;\u0026atilde;o cultural no munic\u0026iacute;pio, desde que estejam regularmente cadastrados e sejam representados por pessoa f\u0026iacute;sica devidamente identificada.\u003C\/p\u003E\r\n\u003Cp style=\u0022text-align: justify;\u0022\u003ECada eleitor ter\u0026aacute; direito a um voto e dever\u0026aacute; apresentar documento oficial de identifica\u0026ccedil;\u0026atilde;o com fotografia no momento da vota\u0026ccedil;\u0026atilde;o.\u003C\/p\u003E\r\n\u003Cp style=\u0022text-align: justify;\u0022\u003E\u003Cstrong\u003EQuem pode se candidatar\u003C\/strong\u003E\u003C\/p\u003E\r\n\u003Cp style=\u0022text-align: justify;\u0022\u003EPara concorrer \u0026agrave;s vagas destinadas \u0026agrave; sociedade civil, os candidatos devem ser maiores de 18 anos, residir ou ter domic\u0026iacute;lio em Itabaiana e comprovar atua\u0026ccedil;\u0026atilde;o cultural no munic\u0026iacute;pio h\u0026aacute; pelo menos seis meses.\u003C\/p\u003E\r\n\u003Cp style=\u0022text-align: justify;\u0022\u003EA comprova\u0026ccedil;\u0026atilde;o poder\u0026aacute; ser feita por meio de portf\u0026oacute;lio art\u0026iacute;stico ou cultural, declara\u0026ccedil;\u0026otilde;es de entidades ou coletivos, registros de participa\u0026ccedil;\u0026atilde;o em eventos e projetos, mat\u0026eacute;rias jornal\u0026iacute;sticas, fotografias, certificados, comprovantes de participa\u0026ccedil;\u0026atilde;o em programas e editais, cadastro como agente cultural, entre outros documentos que demonstrem a atua\u0026ccedil;\u0026atilde;o na \u0026aacute;rea.\u003C\/p\u003E\r\n\u003Cp style=\u0022text-align: justify;\u0022\u003EO edital tamb\u0026eacute;m estabelece impedimentos para determinadas candidaturas. Entre eles est\u0026atilde;o pessoas que exercem mandato eletivo, integrantes da Comiss\u0026atilde;o Eleitoral e agentes p\u0026uacute;blicos ocupantes de cargo em comiss\u0026atilde;o ou fun\u0026ccedil;\u0026atilde;o de confian\u0026ccedil;a no munic\u0026iacute;pio, quando a participa\u0026ccedil;\u0026atilde;o puder comprometer a independ\u0026ecirc;ncia da representa\u0026ccedil;\u0026atilde;o da sociedade civil.\u003C\/p\u003E\r\n\u003Cp style=\u0022text-align: justify;\u0022\u003E\u003Cstrong\u003EInscri\u0026ccedil;\u0026otilde;es e vota\u0026ccedil;\u0026atilde;o\u003C\/strong\u003E\u003C\/p\u003E\r\n\u003Cp style=\u0022text-align: justify;\u0022\u003EAs inscri\u0026ccedil;\u0026otilde;es dos candidatos acontecem at\u0026eacute; o dia 08 de setembro, das 8h \u0026agrave;s 12h, mediante preenchimento da ficha de inscri\u0026ccedil;\u0026atilde;o, apresenta\u0026ccedil;\u0026atilde;o de documento oficial de identifica\u0026ccedil;\u0026atilde;o, comprovante de resid\u0026ecirc;ncia, declara\u0026ccedil;\u0026atilde;o de atendimento aos requisitos do edital e documenta\u0026ccedil;\u0026atilde;o que comprove a atua\u0026ccedil;\u0026atilde;o cultural.\u003C\/p\u003E\r\n\u003Cp style=\u0022text-align: justify;\u0022\u003EOs interessados poder\u0026atilde;o realizar a inscri\u0026ccedil;\u0026atilde;o presencialmente na Secretaria Municipal de Cultura, localizada na Rua \u0026Aacute;lvaro Fonseca de Oliveira, n\u0026ordm; 466, Centro, Itabaiana, ou por meio do s\u0026iacute;tio eletr\u0026ocirc;nico do munic\u0026iacute;pio.\u003C\/p\u003E\r\n\u003Cp style=\u0022text-align: justify;\u0022\u003EA elei\u0026ccedil;\u0026atilde;o est\u0026aacute; marcada para o dia 18 de setembro de 2026, das 8h \u0026agrave;s 12h, no Audit\u0026oacute;rio da Secretaria Municipal de Educa\u0026ccedil;\u0026atilde;o, localizado na Avenida Otoniel D\u0026oacute;rea, n\u0026ordm; 403, no Centro de Itabaiana.\u003C\/p\u003E\r\n\u003Cp style=\u0022text-align: justify;\u0022\u003EA apura\u0026ccedil;\u0026atilde;o ser\u0026aacute; realizada imediatamente ap\u0026oacute;s o encerramento da vota\u0026ccedil;\u0026atilde;o, em ato p\u0026uacute;blico. O resultado preliminar ser\u0026aacute; divulgado pela Comiss\u0026atilde;o Eleitoral e haver\u0026aacute; prazo para apresenta\u0026ccedil;\u0026atilde;o de recursos. O resultado definitivo ser\u0026aacute; posteriormente homologado e publicado no Di\u0026aacute;rio Oficial do Munic\u0026iacute;pio.\u003C\/p\u003E\r\n\u003Cp style=\u0022text-align: justify;\u0022\u003EOs representantes eleitos, titulares e suplentes, ter\u0026atilde;o mandato de dois anos, com possibilidade de recondu\u0026ccedil;\u0026atilde;o, conforme a legisla\u0026ccedil;\u0026atilde;o municipal.\u003C\/p\u003E\r\n\u003Cp style=\u0022text-align: justify;\u0022\u003E\u003Ca title=\u0022EDITAL - ELEI\u0026Ccedil;\u0026Atilde;O CONSELHO CULTURAL\u0022 href=\u0022https:\/\/itabaiana.se.gov.br\/download\/diario-oficial-edital-01-2026-secult-eleicoes-conselho-de-politica-cultural_de818471af8ef06616822.pdf\u0022 target=\u0022_blank\u0022 rel=\u0022noopener\u0022\u003E\u003Cstrong\u003EEDITAL - ELEI\u0026Ccedil;\u0026Atilde;O CONSELHO CULTURAL\u003C\/strong\u003E\u003C\/a\u003E\u003C\/p\u003E\r\n\u003Cp style=\u0022text-align: justify;\u0022\u003E\u003Ca href=\u0022https:\/\/accounts.google.com\/v3\/signin\/accountchooser?continue=https:\/\/docs.google.com\/forms\/d\/e\/1FAIpQLSf68ku6TMdATHm677NEAIm_gJrSPBPXjjb1o5reZ_u8aBm1Og\/viewform?usp%3Dsend_form\u0026amp;followup=https:\/\/docs.google.com\/forms\/d\/e\/1FAIpQLSf68ku6TMdATHm677NEAIm_gJrSPBPXjjb1o5reZ_u8aBm1Og\/viewform?usp%3Dsend_form\u0026amp;ltmpl=forms\u0026amp;osid=1\u0026amp;passive=1209600\u0026amp;service=wise\u0026amp;flowName=GlifWebSignIn\u0026amp;flowEntry=ServiceLogin\u0026amp;dsh=S689798599:1788360473679477\u0022 target=\u0022_blank\u0022 rel=\u0022noopener\u0022\u003E\u003Cstrong\u003ELINK PARA INSCRI\u0026Ccedil;\u0026Atilde;O\u003C\/strong\u003E\u003C\/a\u003E\u003C\/p\u003E","tags":"ELEICAO,CONSELHO,POLITICA,CULTURAL,ITABAIANA,PREFEITURA,SECRETARIA","destaque":1,"publicacao":"2026-09-02 11:49:00","criado":"2026-09-02 11:49:36","alterado":"2026-09-02 11:50:09"}],"pagina_atualizada_em":"2026-07-06T11:56:22-03:00"}