{"item":{"id":8805,"categoria_id":"20","categoria":{"id":20,"nome":"FESTIVIDADES"},"autor_id":"43","autor":{"id":43,"nome":"Katiane Peixoto (Comunica\u00e7\u00e3o)","email":"cafeeprosa9@gmail.com"},"titulo":"Micarana faz hist\u00f3ria mais uma vez em Itabaiana! Corredor da folia recebeu mais de 100 mil foli\u00f5es durante a festa","slug":"micarana-faz-historia-mais-uma-vez-em-itabaiana-corredor-da-folia-recebeu-mais-de-100-mil-folioes-durante-a-festa","imagem":"\/img\/imagem\/whatsapp-image-2026-08-31-at-10-44-52_8ff1a4489294f9750999cc4bc1.jpeg,\/img\/imagem\/media_whatsapp-image-2026-08-31-at-10-44-52_8ff1a4489294f9750999cc4bc1.jpeg,\/img\/imagem\/thumb_whatsapp-image-2026-08-31-at-10-44-52_8ff1a4489294f9750999cc4bc1.jpeg,\/img\/imagem\/thumb_fix_whatsapp-image-2026-08-31-at-10-44-52_8ff1a4489294f9750999cc4bc1.jpeg","texto":"\u003Cp style=\u0022text-align: center;\u0022\u003E\u003Cimg src=\u0022https:\/\/itabaiana.se.gov.br\/img\/imagem\/media_whatsapp-image-2026-08-31-at-10-42-27-1_0efa33d8b909adb3b692e88.jpeg\u0022 alt=\u0022whatsapp-image-2026-08-31-at-10-42-27-1_0efa33d8b909adb3b692e88.jpeg\u0022 width=\u0022376\u0022 height=\u0022448\u0022 \/\u003E\u003C\/p\u003E\r\n\u003Cp style=\u0022text-align: justify;\u0022\u003EDe 27 a 30 de agosto, Itabaiana foi palco da maior festa de trio do interior de Sergipe: a Micarana, que misturou ritmos, movimentou a economia e teve encontros inesquec\u0026iacute;veis e momentos para guardar na mem\u0026oacute;ria. Durante os quatro dias, a corredor da folia recebeu mais de 100 mil foli\u0026otilde;es, conforme dados da organiza\u0026ccedil;\u0026atilde;o.\u003C\/p\u003E\r\n\u003Cp\u003E\u003Cimg style=\u0022display: block; margin-left: auto; margin-right: auto;\u0022 src=\u0022https:\/\/itabaiana.se.gov.br\/img\/imagem\/media_whatsapp-image-2026-08-31-at-10-48-19_c7f0e21f430dff3ac1fdf041.jpeg\u0022 alt=\u0022whatsapp-image-2026-08-31-at-10-48-19_c7f0e21f430dff3ac1fdf041.jpeg\u0022 width=\u0022378\u0022 height=\u0022448\u0022 \/\u003E\u003C\/p\u003E\r\n\u003Cp style=\u0022text-align: justify;\u0022\u003ECada dia, uma hist\u0026oacute;ria: na quinta-feira, 27, Jo\u0026atilde;o Vitor animou o p\u0026uacute;blico cat\u0026oacute;lico e levou a juventude e as fam\u0026iacute;lias para o Bloco Alerta, num momento de f\u0026eacute;, adora\u0026ccedil;\u0026atilde;o, agradecimentos e muita alegria.\u003C\/p\u003E\r\n\u003Cp style=\u0022text-align: justify;\u0022\u003EA sexta-feira, 28, feriado municipal, em comemora\u0026ccedil;\u0026atilde;o aos 138 anos de Itabaiana, foi marcada pela alvorada festiva. Os foli\u0026otilde;es desceram a avenida logo cedo, e curtiram as seguintes atra\u0026ccedil;\u0026otilde;es: Pagodandy, Julinho Porrad\u0026atilde;o, Pagodart e Timbalada. Tamb\u0026eacute;m teve a despedida da Banda Alma G\u0026ecirc;mea; foi um momento hist\u0026oacute;rico!\u003C\/p\u003E\r\n\u003Cp style=\u0022text-align: justify;\u0022\u003ENo s\u0026aacute;bado, 29, um mar de gente caiu na folia. Ax\u0026eacute; de Rua abriu a programa\u0026ccedil;\u0026atilde;o, seguido por ED Banda e Alex Lima, Alinne Rosa, Bell Marques, Banana Nativa, Igor Kann\u0026aacute;rio e Art Mania. A noite foi marcada por v\u0026aacute;rios encontros, incluindo o momento que os trios de Bell e Kann\u0026aacute;rio se encontraram e os dois fizeram a festa ficar ainda melhor.\u003C\/p\u003E\r\n\u003Cp\u003E\u003Cimg style=\u0022display: block; margin-left: auto; margin-right: auto;\u0022 src=\u0022https:\/\/itabaiana.se.gov.br\/img\/imagem\/media_whatsapp-image-2026-08-31-at-10-42-26_606e31c8a4c4df0af180b7.jpeg\u0022 alt=\u0022whatsapp-image-2026-08-31-at-10-42-26_606e31c8a4c4df0af180b7.jpeg\u0022 width=\u0022383\u0022 height=\u0022448\u0022 \/\u003E\u003C\/p\u003E\r\n\u003Cp style=\u0022text-align: justify;\u0022\u003EFechando a festa daquele jeito, veio a programa\u0026ccedil;\u0026atilde;o do domingo, 30, com as seguintes atra\u0026ccedil;\u0026otilde;es: Swing do Jordan, Dan Chicleteiro, Valneij\u0026oacute;s, Psirico, Rafa e Pipo e L\u0026eacute;o Santana.\u003C\/p\u003E\r\n\u003Cp style=\u0022text-align: justify;\u0022\u003EO prefeito de Itabaiana, Zequinha da Cenoura, comentou o sucesso da festa e agradeceu a todos que fizeram a Micarana acontecer: \u0026ldquo;Pra mim foi uma honra viver a minha primeira Micarana como prefeito. Foram quatro dias intensos, com quase 20 atra\u0026ccedil;\u0026otilde;es, locais e nacionais, arrastando uma multid\u0026atilde;o na avenida e levando alegria e anima\u0026ccedil;\u0026atilde;o para o nosso povo. A festa movimentou o com\u0026eacute;rcio, o turismo e mais uma vez, colocou Itabaiana em destaque. A nossa cidade fez bonito\u0026rdquo;, disse.\u003C\/p\u003E\r\n\u003Cp\u003E\u003Cimg style=\u0022display: block; margin-left: auto; margin-right: auto;\u0022 src=\u0022https:\/\/itabaiana.se.gov.br\/img\/imagem\/media_whatsapp-image-2026-08-31-at-10-44-52_8ff1a4489294f9750999cc4bc1.jpeg\u0022 alt=\u0022whatsapp-image-2026-08-31-at-10-44-52_8ff1a4489294f9750999cc4bc1.jpeg\u0022 width=\u0022404\u0022 height=\u0022449\u0022 \/\u003E\u003C\/p\u003E","tags":"micarana,itabaiana,programacao,folia,sucesso,publico","destaque":1,"publicacao":"2026-08-31 10:46:00","criado":"2026-08-31 10:46:28","alterado":"2026-08-31 10:49:08"},"outros":[{"id":8804,"categoria_id":"20","categoria":{"id":20,"nome":"FESTIVIDADES"},"autor_id":"43","autor":{"id":43,"nome":"Katiane Peixoto (Comunica\u00e7\u00e3o)","email":"cafeeprosa9@gmail.com"},"titulo":"A festa continua em Itabaiana! Programa\u00e7\u00e3o deste fim de semana re\u00fane v\u00e1rios nomes do ax\u00e9 e pagode na Micarana 2026","slug":"a-festa-continua-em-itabaiana-programacao-deste-fim-de-semana-reune-varios-nomes-do-axe-e-pagode-na-micarana-2026","imagem":"\/img\/imagem\/img-0975_2b8627f244b1429cfe915f80edf96.jpeg,\/img\/imagem\/media_img-0975_2b8627f244b1429cfe915f80edf96.jpeg,\/img\/imagem\/thumb_img-0975_2b8627f244b1429cfe915f80edf96.jpeg,\/img\/imagem\/thumb_fix_img-0975_2b8627f244b1429cfe915f80edf96.jpeg","texto":"\u003Cp style=\u0022text-align: justify;\u0022\u003E\u003Cimg style=\u0022display: block; margin-left: auto; margin-right: auto;\u0022 src=\u0022https:\/\/itabaiana.se.gov.br\/img\/imagem\/media_img-0977_0b8ba38ad6cd7409ee376937a.jpeg\u0022 alt=\u0022img-0977_0b8ba38ad6cd7409ee376937a.jpeg\u0022 width=\u0022400\u0022 height=\u0022492\u0022 \/\u003E\u003Cbr \/\u003EA programa\u0026ccedil;\u0026atilde;o da Micarana 2026, a maior festa de trios do interior de Sergipe tem continuidade neste fim de semana e a expectativa \u0026eacute; de grande p\u0026uacute;blico, tanto no s\u0026aacute;bado, 29, como no domingo, 30, em Itabaiana.\u003C\/p\u003E\r\n\u003Cp style=\u0022text-align: justify;\u0022\u003E\u003Cstrong\u003EConfira a programa\u0026ccedil;\u0026atilde;o:\u003C\/strong\u003E\u003C\/p\u003E\r\n\u003Cp style=\u0022text-align: justify;\u0022\u003E\u003Cem\u003ES\u0026aacute;bado, 29:\u003C\/em\u003E\u003C\/p\u003E\r\n\u003Cp style=\u0022text-align: justify;\u0022\u003E-21h: Ax\u0026eacute; de Rua - Trio Ideal;\u003Cbr \/\u003E-22h: ED Banda e Alex Lima - Trio MS 1;\u003Cbr \/\u003E-22:30h: Alinne Rosa - Trio JG;\u003Cbr \/\u003E-23h: Bell Marques - Trio Joia;\u003Cbr \/\u003E-00h: Banana Nativa - Trio Gold;\u003Cbr \/\u003E-00:30h: Igor Kann\u0026aacute;rio;\u003Cbr \/\u003E-01:30h: Art Mania e Vitinho Soares - Trio MS.\u003C\/p\u003E\r\n\u003Cp style=\u0022text-align: justify;\u0022\u003E\u003Cem\u003EDomingo, 30:\u0026nbsp;\u003C\/em\u003E\u003C\/p\u003E\r\n\u003Cp style=\u0022text-align: justify;\u0022\u003E-15h: Swing do Jordan - Trio Ideal;\u003Cbr \/\u003E-15:30h: Dan Chicleteiro - Trio MS;\u003Cbr \/\u003E-16h: Valneij\u0026oacute;s - Trio MS 2;\u003Cbr \/\u003E-16:30h: Psirico - Trio Gold;\u003Cbr \/\u003E-17h: Rafa e Pipo - Trio Joia;\u003Cbr \/\u003E-18h: L\u0026eacute;o Santana - Trio JG.\u003C\/p\u003E\r\n\u003Cp style=\u0022text-align: justify;\u0022\u003EAssim como nos dias anteriores, os trios sair\u0026atilde;o do Eu Amo Itabaiana, far\u0026atilde;o a volta em frente \u0026agrave; Par\u0026oacute;quia de Santa Clara e Santa Dulce e retornar\u0026atilde;o ao ponto de sa\u0026iacute;da.\u0026nbsp;\u003C\/p\u003E\r\n\u003Cp style=\u0022text-align: justify;\u0022\u003EA Micarana \u0026eacute; uma realiza\u0026ccedil;\u0026atilde;o da Prefeitura Municipal de Itabaiana e movimenta n\u0026atilde;o apenas a programa\u0026ccedil;\u0026atilde;o cultural, mas tamb\u0026eacute;m o com\u0026eacute;rcio e o setor de servi\u0026ccedil;os do munic\u0026iacute;pio.\u003C\/p\u003E\r\n\u003Cp\u003E\u003Cimg style=\u0022display: block; margin-left: auto; margin-right: auto;\u0022 src=\u0022https:\/\/itabaiana.se.gov.br\/img\/imagem\/media_img-0978_c9e43e9d2d9cee0bb82d.jpeg\u0022 alt=\u0022img-0978_c9e43e9d2d9cee0bb82d.jpeg\u0022 width=\u0022400\u0022 height=\u0022487\u0022 \/\u003E\u003C\/p\u003E\r\n\u003Cp\u003E\u003Cimg style=\u0022display: block; margin-left: auto; margin-right: auto;\u0022 src=\u0022https:\/\/itabaiana.se.gov.br\/img\/imagem\/media_img-0976_0554b06a5f02eb793f2a15.jpeg\u0022 alt=\u0022img-0976_0554b06a5f02eb793f2a15.jpeg\u0022 width=\u0022400\u0022 height=\u0022485\u0022 \/\u003E\u003C\/p\u003E\r\n\u003Cp\u003E\u003Cimg style=\u0022display: block; margin-left: auto; margin-right: auto;\u0022 src=\u0022https:\/\/itabaiana.se.gov.br\/img\/imagem\/media_img-0975_2b8627f244b1429cfe915f80edf96.jpeg\u0022 alt=\u0022img-0975_2b8627f244b1429cfe915f80edf96.jpeg\u0022 width=\u0022400\u0022 height=\u0022482\u0022 \/\u003E\u003C\/p\u003E","tags":"micarana,itabaiana,programacao,atracoes,prefeitura ,bellmarques,folia,axe,pagode","destaque":1,"publicacao":"2026-08-29 11:31:00","criado":"2026-08-29 11:31:01","alterado":"2026-08-29 11:34:30"},{"id":8803,"categoria_id":"20","categoria":{"id":20,"nome":"FESTIVIDADES"},"autor_id":"43","autor":{"id":43,"nome":"Katiane Peixoto (Comunica\u00e7\u00e3o)","email":"cafeeprosa9@gmail.com"},"titulo":"Itabaiana 138 anos: missa comemorativa e hasteamento da bandeira acontecer\u00e3o nesta sexta-feira, 28, feriado municipal","slug":"itabaiana-138-anos-missa-comemorativa-e-hasteamento-da-bandeira-acontecerao-nesta-sexta-feira-28-feriado-municipal","imagem":"\/img\/imagem\/whatsapp-image-2026-08-27-at-10-10-39_698b7b8b8f36a515f767b5161af.jpeg,\/img\/imagem\/media_whatsapp-image-2026-08-27-at-10-10-39_698b7b8b8f36a515f767b5161af.jpeg,\/img\/imagem\/thumb_whatsapp-image-2026-08-27-at-10-10-39_698b7b8b8f36a515f767b5161af.jpeg,\/img\/imagem\/thumb_fix_whatsapp-image-2026-08-27-at-10-10-39_698b7b8b8f36a515f767b5161af.jpeg","texto":"\u003Cp\u003E\u003Cimg style=\u0022display: block; margin-left: auto; margin-right: auto;\u0022 src=\u0022https:\/\/itabaiana.se.gov.br\/img\/imagem\/media_whatsapp-image-2026-08-27-at-10-10-39_698b7b8b8f36a515f767b5161af.jpeg\u0022 alt=\u0022whatsapp-image-2026-08-27-at-10-10-39_698b7b8b8f36a515f767b5161af.jpeg\u0022 width=\u0022435\u0022 height=\u0022326\u0022 \/\u003E\u003C\/p\u003E\r\n\u003Cp style=\u0022text-align: justify;\u0022\u003E\u0026nbsp;\u003C\/p\u003E\r\n\u003Cp style=\u0022text-align: justify;\u0022\u003EA Prefeitura de Itabaiana, por meio do prefeito Zequinha da Cenoura e de todos que fazem a gest\u0026atilde;o municipal, convida a popula\u0026ccedil;\u0026atilde;o a marcar presen\u0026ccedil;a na comemora\u0026ccedil;\u0026atilde;o dos 138 anos de eleva\u0026ccedil;\u0026atilde;o de vila \u0026agrave; categoria de cidade, de Itabaiana, nesta sexta-feira, 28, feriado municipal.\u003C\/p\u003E\r\n\u003Cp style=\u0022text-align: justify;\u0022\u003EA programa\u0026ccedil;\u0026atilde;o iniciar\u0026aacute; \u0026agrave;s 15h, com o hasteamento da bandeira, em frente \u0026agrave; prefeitura e \u0026agrave;s 16h, ser\u0026aacute; celebrada a missa festiva, na Par\u0026oacute;quia de Santo Ant\u0026ocirc;nio e Almas.\u003C\/p\u003E\r\n\u003Cp style=\u0022text-align: justify;\u0022\u003ETamb\u0026eacute;m na sexta-feira, 28, a partir das 07h, acontecer\u0026aacute; a alvorada da Micarana, com as seguintes atra\u0026ccedil;\u0026otilde;es: Pagodandy, Julinho Porrad\u0026atilde;o, Pagodart e Timbalada. Logo ap\u0026oacute;s, a banda Alma G\u0026ecirc;mea far\u0026aacute; a sua despedida, com show parado, no Eu Amo Itabaiana.\u003C\/p\u003E\r\n\u003Cp style=\u0022text-align: justify;\u0022\u003E\u003Ca href=\u0022https:\/\/itabaiana.se.gov.br\/noticia\/8794\/micarana-2026-inicia-neste-domingo-23-programacao-traz-uma-mistura-de-ritmos-e-promete-reunir-grande-publico-em-itabaiana\u0022\u003E\u003Cstrong\u003EConfira aqui toda a programa\u0026ccedil;\u0026atilde;o da Micarana 2026.\u003C\/strong\u003E\u003C\/a\u003E\u003C\/p\u003E\r\n\u003Cp\u003E\u0026nbsp;\u003C\/p\u003E","tags":"itabaiana,aniversario,cidade,elevacao,programacao,eventos,prefeitura","destaque":1,"publicacao":"2026-08-27 10:30:00","criado":"2026-08-27 10:30:25","alterado":"2026-08-27 10:30:28"},{"id":8802,"categoria_id":"20","categoria":{"id":20,"nome":"FESTIVIDADES"},"autor_id":"43","autor":{"id":43,"nome":"Katiane Peixoto (Comunica\u00e7\u00e3o)","email":"cafeeprosa9@gmail.com"},"titulo":"A espera acabou! Bloco Alerta e alvorada com v\u00e1rias atra\u00e7\u00f5es marcam a quinta e sexta-feira da Micarana 2026","slug":"a-espera-acabou-bloco-alerta-e-alvorada-com-varias-atracoes-marcam-a-quinta-e-sexta-feira-da-micarana-2026","imagem":"\/img\/imagem\/whatsapp-image-2026-08-27-at-09-57-07-1_4f3d3a0bfa2e3639caefa48ab4138.jpeg,\/img\/imagem\/media_whatsapp-image-2026-08-27-at-09-57-07-1_4f3d3a0bfa2e3639caefa48ab4138.jpeg,\/img\/imagem\/thumb_whatsapp-image-2026-08-27-at-09-57-07-1_4f3d3a0bfa2e3639caefa48ab4138.jpeg,\/img\/imagem\/thumb_fix_whatsapp-image-2026-08-27-at-09-57-07-1_4f3d3a0bfa2e3639caefa48ab4138.jpeg","texto":"\u003Cp\u003E\u003Cimg style=\u0022display: block; margin-left: auto; margin-right: auto;\u0022 src=\u0022https:\/\/itabaiana.se.gov.br\/img\/imagem\/media_whatsapp-image-2026-08-27-at-09-57-07-1_4f3d3a0bfa2e3639caefa48ab4138.jpeg\u0022 alt=\u0022whatsapp-image-2026-08-27-at-09-57-07-1_4f3d3a0bfa2e3639caefa48ab4138.jpeg\u0022 width=\u0022422\u0022 height=\u0022526\u0022 \/\u003E\u003C\/p\u003E\r\n\u003Cp style=\u0022text-align: justify;\u0022\u003E\u0026nbsp;\u003C\/p\u003E\r\n\u003Cp style=\u0022text-align: justify;\u0022\u003EA programa\u0026ccedil;\u0026atilde;o da Micarana 2026, a maior festa de trios do interior de Sergipe tem continuidade a partir desta quinta-feira, 27, em Itabaiana, e vai at\u0026eacute; o domingo, 30.\u003C\/p\u003E\r\n\u003Cp style=\u0022text-align: justify;\u0022\u003EA festa hoje ficar\u0026aacute; por conta do tradicional Bloco Alerta, que promete reunir um grande p\u0026uacute;blico cat\u0026oacute;lico, com caravanas de outras cidades, inclusive. O bloco ser\u0026aacute; puxado por Jo\u0026atilde;o Vitor e Banda, a partir das 19h, saindo o trio do Eu Amo Itabaiana.\u003C\/p\u003E\r\n\u003Cp style=\u0022text-align: justify;\u0022\u003ENesta sexta-feira, 28, feriado municipal em Itabaiana, em alus\u0026atilde;o aos 138 anos de eleva\u0026ccedil;\u0026atilde;o de vila \u0026agrave; categoria de cidade, a folia come\u0026ccedil;a logo cedo, a partir das 07h, com as seguintes atra\u0026ccedil;\u0026otilde;es: Pagodandy, Julinho Porrad\u0026atilde;o, Pagodart e Timbalada. Logo ap\u0026oacute;s, a banda Alma G\u0026ecirc;mea far\u0026aacute; a sua despedida, com show parado, no Eu Amo Itabaiana.\u003C\/p\u003E\r\n\u003Cp style=\u0022text-align: justify;\u0022\u003EA Micarana \u0026eacute; uma realiza\u0026ccedil;\u0026atilde;o da Prefeitura Municipal de Itabaiana e a expectativa \u0026eacute; que a festa atraia um grande p\u0026uacute;blico, movimentando n\u0026atilde;o apenas a programa\u0026ccedil;\u0026atilde;o cultural, mas tamb\u0026eacute;m o com\u0026eacute;rcio e o setor de servi\u0026ccedil;os do munic\u0026iacute;pio.\u003C\/p\u003E\r\n\u003Cp style=\u0022text-align: justify;\u0022\u003E\u0026nbsp;\u003C\/p\u003E\r\n\u003Cp\u003E\u003Cimg style=\u0022display: block; margin-left: auto; margin-right: auto;\u0022 src=\u0022https:\/\/itabaiana.se.gov.br\/img\/imagem\/media_whatsapp-image-2026-08-27-at-09-57-07_d1fea794071897c6e8aec3.jpeg\u0022 alt=\u0022whatsapp-image-2026-08-27-at-09-57-07_d1fea794071897c6e8aec3.jpeg\u0022 width=\u0022422\u0022 height=\u0022527\u0022 \/\u003E\u003C\/p\u003E","tags":"itabaiana,micarana,prefeitura,festa,alvorada,programacao,bloco,atracoes","destaque":1,"publicacao":"2026-08-27 10:07:00","criado":"2026-08-27 10:07:33","alterado":"2026-08-27 10:07:35"}],"pagina_atualizada_em":"2026-08-31T10:49:08-03:00"}