{"item":{"id":8806,"categoria_id":"10","categoria":{"id":10,"nome":"EVENTO"},"autor_id":"43","autor":{"id":43,"nome":"Katiane Peixoto (Comunica\u00e7\u00e3o)","email":"cafeeprosa9@gmail.com"},"titulo":"Prefeitura de Itabaiana realiza abertura da Semana da P\u00e1tria com participa\u00e7\u00e3o de estudantes da rede municipal","slug":"prefeitura-de-itabaiana-realiza-abertura-da-semana-da-patria-com-participacao-de-estudantes-da-rede-municipal","imagem":"\/img\/imagem\/4bb7a17e-00c2-4a4a-9643-27c1c6e56a0d_2df16390822217e1b863785d7a.jpeg,\/img\/imagem\/media_4bb7a17e-00c2-4a4a-9643-27c1c6e56a0d_2df16390822217e1b863785d7a.jpeg,\/img\/imagem\/thumb_4bb7a17e-00c2-4a4a-9643-27c1c6e56a0d_2df16390822217e1b863785d7a.jpeg,\/img\/imagem\/thumb_fix_4bb7a17e-00c2-4a4a-9643-27c1c6e56a0d_2df16390822217e1b863785d7a.jpeg","texto":"\u003Cp style=\u0022text-align: justify;\u0022\u003E\u003Cimg style=\u0022display: block; margin-left: auto; margin-right: auto;\u0022 src=\u0022https:\/\/itabaiana.se.gov.br\/img\/imagem\/media_139a5511-0c76-44bc-b14b-8c626b3263ea_3ab9a97d2f5b6fb42d11f.jpeg\u0022 alt=\u0022139a5511-0c76-44bc-b14b-8c626b3263ea_3ab9a97d2f5b6fb42d11f.jpeg\u0022 width=\u0022400\u0022 height=\u0022330\u0022 \/\u003E\u003Cimg style=\u0022display: block; margin-left: auto; margin-right: auto;\u0022 src=\u0022https:\/\/itabaiana.se.gov.br\/img\/imagem\/media_a3e2ba8d-94bd-4de6-99a6-30439247d719_66baa9de4bbbfeae15a0b4a1.jpeg\u0022 alt=\u0022a3e2ba8d-94bd-4de6-99a6-30439247d719_66baa9de4bbbfeae15a0b4a1.jpeg\u0022 width=\u0022400\u0022 height=\u0022300\u0022 \/\u003E\u003Cimg style=\u0022display: block; margin-left: auto; margin-right: auto;\u0022 src=\u0022https:\/\/itabaiana.se.gov.br\/img\/imagem\/media_a0b064d6-6171-4a35-905f-846fc8059916_e8d7d27932e36d1c33e8c1bffb34.jpeg\u0022 alt=\u0022a0b064d6-6171-4a35-905f-846fc8059916_e8d7d27932e36d1c33e8c1bffb34.jpeg\u0022 width=\u0022400\u0022 height=\u0022300\u0022 \/\u003E\u003Cbr \/\u003EA Prefeitura de Itabaiana deu in\u0026iacute;cio, nesta ter\u0026ccedil;a-feira, 1\u0026ordm; de setembro, \u0026agrave;s comemora\u0026ccedil;\u0026otilde;es da Semana da P\u0026aacute;tria. A programa\u0026ccedil;\u0026atilde;o foi realizada por meio da Secretaria Municipal de Educa\u0026ccedil;\u0026atilde;o, em parceria com o Servi\u0026ccedil;o de Conviv\u0026ecirc;ncia e Fortalecimento de V\u0026iacute;nculos (SCFV), e contou com a participa\u0026ccedil;\u0026atilde;o de estudantes e representantes de diferentes setores do munic\u0026iacute;pio.\u003C\/p\u003E\r\n\u003Cp style=\u0022text-align: justify;\u0022\u003EA abertura foi marcada por uma cerim\u0026ocirc;nia de hasteamento da bandeira do Brasil, na Prefeitura de Itabaiana, com a participa\u0026ccedil;\u0026atilde;o de alunos de escolas da rede municipal e apresenta\u0026ccedil;\u0026atilde;o da banda do SCFV.\u003C\/p\u003E\r\n\u003Cp style=\u0022text-align: justify;\u0022\u003E\u003Cimg style=\u0022display: block; margin-left: auto; margin-right: auto;\u0022 src=\u0022https:\/\/itabaiana.se.gov.br\/img\/imagem\/media_4bb7a17e-00c2-4a4a-9643-27c1c6e56a0d_2df16390822217e1b863785d7a.jpeg\u0022 alt=\u00224bb7a17e-00c2-4a4a-9643-27c1c6e56a0d_2df16390822217e1b863785d7a.jpeg\u0022 width=\u0022400\u0022 height=\u0022300\u0022 \/\u003E\u003Cspan style=\u0022letter-spacing: 0px; text-align: justify;\u0022\u003E\u003Cimg style=\u0022display: block; margin-left: auto; margin-right: auto;\u0022 src=\u0022https:\/\/itabaiana.se.gov.br\/img\/imagem\/media_d6841289-3e7e-4b48-b7ce-441e7a66e881_280709ddc5f28d4d58ad4.jpeg\u0022 alt=\u0022d6841289-3e7e-4b48-b7ce-441e7a66e881_280709ddc5f28d4d58ad4.jpeg\u0022 width=\u0022400\u0022 height=\u0022300\u0022 \/\u003E\u003Cimg style=\u0022display: block; margin-left: auto; margin-right: auto;\u0022 src=\u0022https:\/\/itabaiana.se.gov.br\/img\/imagem\/media_1ae07d3d-338b-4cb1-931b-81cfa308c589_2979416a250adaa0b3edc2.jpeg\u0022 alt=\u00221ae07d3d-338b-4cb1-931b-81cfa308c589_2979416a250adaa0b3edc2.jpeg\u0022 width=\u0022400\u0022 height=\u0022300\u0022 \/\u003E\u003Cbr \/\u003ETamb\u0026eacute;m participaram da cerim\u0026ocirc;nia, agentes da Superintend\u0026ecirc;ncia Municipal de Tr\u0026acirc;nsito e Transportes (SMTT), integrantes da Guarda Municipal de Itabaiana (GMI), o pelot\u0026atilde;o do Tiro de Guerra, al\u0026eacute;m de autoridades do munic\u0026iacute;pio, como o prefeito Zequinha da Cenoura, vereadores e secret\u0026aacute;rios.\u003C\/span\u003E\u003C\/p\u003E\r\n\u003Cp style=\u0022text-align: justify;\u0022\u003EA programa\u0026ccedil;\u0026atilde;o da Semana da P\u0026aacute;tria busca fortalecer, especialmente entre crian\u0026ccedil;as e adolescentes, o conhecimento sobre a hist\u0026oacute;ria do Brasil e o significado da Independ\u0026ecirc;ncia, celebrada no dia 07 de setembro, pr\u0026oacute;xima segunda-feira.\u003C\/p\u003E\r\n\u003Cp\u003E\u003Cimg style=\u0022display: block; margin-left: auto; margin-right: auto;\u0022 src=\u0022https:\/\/itabaiana.se.gov.br\/img\/imagem\/media_724c2880-9ae2-4e10-98b5-7b1fad05f069_ec399b1fc90ff4488fe24.jpeg\u0022 alt=\u0022724c2880-9ae2-4e10-98b5-7b1fad05f069_ec399b1fc90ff4488fe24.jpeg\u0022 width=\u0022400\u0022 height=\u0022300\u0022 \/\u003E\u003C\/p\u003E\r\n\u003Cp\u003E\u003Cimg style=\u0022display: block; margin-left: auto; margin-right: auto;\u0022 src=\u0022https:\/\/itabaiana.se.gov.br\/img\/imagem\/media_0fcd641e-ebc0-4e44-99cd-0da387771494_e76f2ac412838773f2b193.jpeg\u0022 alt=\u00220fcd641e-ebc0-4e44-99cd-0da387771494_e76f2ac412838773f2b193.jpeg\u0022 width=\u0022400\u0022 height=\u0022300\u0022 \/\u003E\u003C\/p\u003E\r\n\u003Cp\u003E\u003Cimg style=\u0022display: block; margin-left: auto; margin-right: auto;\u0022 src=\u0022https:\/\/itabaiana.se.gov.br\/img\/imagem\/media_0e849dd3-e35f-455c-9461-044aabd91d2c_9ad9295783143bfe320a41.jpeg\u0022 alt=\u00220e849dd3-e35f-455c-9461-044aabd91d2c_9ad9295783143bfe320a41.jpeg\u0022 width=\u0022400\u0022 height=\u0022300\u0022 \/\u003E\u003C\/p\u003E","tags":"prefeitura,itabaiana,semana,patria,abertura,hasteamento,bandeira,brasil,independ\u00eancia","destaque":1,"publicacao":"2026-09-01 14:03:00","criado":"2026-09-01 14:03:51","alterado":"2026-09-01 14:10:27"},"outros":[{"id":8807,"categoria_id":"23","categoria":{"id":23,"nome":"NOTA"},"autor_id":"43","autor":{"id":43,"nome":"Katiane Peixoto (Comunica\u00e7\u00e3o)","email":"cafeeprosa9@gmail.com"},"titulo":"Prefeitura de Itabaiana emite nota de esclarecimento sobre informa\u00e7\u00e3o envolvendo ve\u00edculo da sa\u00fade divulgada por ve\u00edculo de comunica\u00e7\u00e3o","slug":"prefeitura-de-itabaiana-emite-nota-de-esclarecimento-sobre-informacao-envolvendo-veiculo-da-saude-divulgada-por-veiculo-de-comunicacao","imagem":"\/img\/imagem\/img-1239_bfeeecb7842836182321f.png,\/img\/imagem\/media_img-1239_bfeeecb7842836182321f.png,\/img\/imagem\/thumb_img-1239_bfeeecb7842836182321f.png,\/img\/imagem\/thumb_fix_img-1239_bfeeecb7842836182321f.png","texto":"\u003Cp style=\u0022text-align: justify;\u0022\u003E\u003Cimg src=\u0022https:\/\/itabaiana.se.gov.br\/img\/imagem\/media_img-1239_bfeeecb7842836182321f.png\u0022 alt=\u0022img-1239_bfeeecb7842836182321f.png\u0022 width=\u0022400\u0022 height=\u0022500\u0022 \/\u003E\u003Cbr \/\u003E\u003Cbr \/\u003EA Prefeitura de Itabaiana esclarece, diante de informa\u0026ccedil;\u0026otilde;es divulgadas pela p\u0026aacute;gina Fato Sergipe, que mais uma vez \u0026eacute; apresentado \u0026agrave; popula\u0026ccedil;\u0026atilde;o apenas um recorte da realidade, deixando de lado informa\u0026ccedil;\u0026otilde;es importantes para a compreens\u0026atilde;o completa da situa\u0026ccedil;\u0026atilde;o.\u003C\/p\u003E\r\n\u003Cp style=\u0022text-align: justify;\u0022\u003EO ve\u0026iacute;culo mencionado \u0026eacute; utilizado para o transporte de pacientes que precisam realizar tratamento e acompanhamento m\u0026eacute;dico fora de Sergipe. S\u0026atilde;o pacientes oncol\u0026oacute;gicos, que fazem hemodi\u0026aacute;lise, tratamentos ortop\u0026eacute;dicos, oftalmol\u0026oacute;gicos, entre outras especialidades, que n\u0026atilde;o encontram a assist\u0026ecirc;ncia necess\u0026aacute;ria no Estado e precisam se deslocar para outros centros de refer\u0026ecirc;ncia, especialmente em Salvador.\u003C\/p\u003E\r\n\u003Cp style=\u0022text-align: justify;\u0022\u003ES\u0026atilde;o cerca de quatro viagens por semana, transportando, em m\u0026eacute;dia, de 2 a 4 pacientes por viagem. Muitos desses pacientes necessitam de acompanhante durante o deslocamento e o atendimento m\u0026eacute;dico. Os motoristas saem de Itabaiana por volta da meia-noite para que os pacientes cheguem a Salvador por volta das 7h da manh\u0026atilde;.\u003C\/p\u003E\r\n\u003Cp style=\u0022text-align: justify;\u0022\u003EEntre as unidades de sa\u0026uacute;de para as quais esses pacientes s\u0026atilde;o encaminhados est\u0026atilde;o o Hospital Sarah Kubitschek, Hospital Roberto Santos, Hospital Ana Nery e Hospital das Cl\u0026iacute;nicas. N\u0026atilde;o se trata, portanto, de viagens de passeio ou de qualquer finalidade alheia ao servi\u0026ccedil;o p\u0026uacute;blico de sa\u0026uacute;de. S\u0026atilde;o viagens realizadas para garantir que pacientes que precisam de tratamento especializado tenham acesso ao atendimento de que necessitam.\u003C\/p\u003E\r\n\u003Cp style=\u0022text-align: justify;\u0022\u003ETodos os pacientes possuem relat\u0026oacute;rios m\u0026eacute;dicos que comprovam a necessidade do atendimento. Da mesma forma, o munic\u0026iacute;pio mant\u0026eacute;m notas fiscais, mapas de viagens e demais registros referentes ao transporte realizado.\u003C\/p\u003E\r\n\u003Cp style=\u0022text-align: justify;\u0022\u003E\u0026Eacute; importante esclarecer tamb\u0026eacute;m que esse tipo de transporte para tratamento fora do Estado n\u0026atilde;o constitui uma obriga\u0026ccedil;\u0026atilde;o ordin\u0026aacute;ria do munic\u0026iacute;pio. O servi\u0026ccedil;o \u0026eacute; mantido porque o munic\u0026iacute;pio reconhece a necessidade desses pacientes e n\u0026atilde;o pode simplesmente ignorar pessoas que precisam de tratamento e n\u0026atilde;o t\u0026ecirc;m condi\u0026ccedil;\u0026otilde;es financeiras de custear as pr\u0026oacute;prias viagens.\u003C\/p\u003E\r\n\u003Cp style=\u0022text-align: justify;\u0022\u003EEssa iniciativa existe desde a primeira gest\u0026atilde;o do ent\u0026atilde;o prefeito Valmir de Francisquinho, quando ele se sensibilizou com a situa\u0026ccedil;\u0026atilde;o de pacientes que precisavam viajar para buscar tratamento de sa\u0026uacute;de e n\u0026atilde;o tinham condi\u0026ccedil;\u0026otilde;es de arcar com os custos dos deslocamentos.\u003C\/p\u003E\r\n\u003Cp style=\u0022text-align: justify;\u0022\u003EA cr\u0026iacute;tica e a fiscaliza\u0026ccedil;\u0026atilde;o fazem parte da democracia. O que se espera de qualquer ve\u0026iacute;culo de comunica\u0026ccedil;\u0026atilde;o, especialmente ao abordar recursos p\u0026uacute;blicos, \u0026eacute; que haja apura\u0026ccedil;\u0026atilde;o, que os envolvidos sejam ouvidos e que a popula\u0026ccedil;\u0026atilde;o tenha acesso ao contexto completo dos fatos. Porque, por tr\u0026aacute;s de cada uma dessas viagens, n\u0026atilde;o existe apenas um ve\u0026iacute;culo circulando pela estrada. Existem pacientes, fam\u0026iacute;lias e pessoas que precisam chegar ao tratamento.\u003C\/p\u003E\r\n\u003Cp style=\u0022text-align: justify;\u0022\u003EA Prefeitura de Itabaiana est\u0026aacute; \u0026agrave; disposi\u0026ccedil;\u0026atilde;o para prestar quaisquer esclarecimentos necess\u0026aacute;rios.\u003C\/p\u003E","tags":"prefeitura,Itabaiana,nota,esclarecimento,saude,veiculos,viagem,salvador","destaque":1,"publicacao":"2026-09-01 15:30:00","criado":"2026-09-01 15:30:50","alterado":"2026-09-01 15:31:38"},{"id":8805,"categoria_id":"20","categoria":{"id":20,"nome":"FESTIVIDADES"},"autor_id":"43","autor":{"id":43,"nome":"Katiane Peixoto (Comunica\u00e7\u00e3o)","email":"cafeeprosa9@gmail.com"},"titulo":"Micarana faz hist\u00f3ria mais uma vez em Itabaiana! Corredor da folia recebeu mais de 100 mil foli\u00f5es durante a festa","slug":"micarana-faz-historia-mais-uma-vez-em-itabaiana-corredor-da-folia-recebeu-mais-de-100-mil-folioes-durante-a-festa","imagem":"\/img\/imagem\/whatsapp-image-2026-08-31-at-10-44-52_8ff1a4489294f9750999cc4bc1.jpeg,\/img\/imagem\/media_whatsapp-image-2026-08-31-at-10-44-52_8ff1a4489294f9750999cc4bc1.jpeg,\/img\/imagem\/thumb_whatsapp-image-2026-08-31-at-10-44-52_8ff1a4489294f9750999cc4bc1.jpeg,\/img\/imagem\/thumb_fix_whatsapp-image-2026-08-31-at-10-44-52_8ff1a4489294f9750999cc4bc1.jpeg","texto":"\u003Cp style=\u0022text-align: center;\u0022\u003E\u003Cimg src=\u0022https:\/\/itabaiana.se.gov.br\/img\/imagem\/media_whatsapp-image-2026-08-31-at-10-42-27-1_0efa33d8b909adb3b692e88.jpeg\u0022 alt=\u0022whatsapp-image-2026-08-31-at-10-42-27-1_0efa33d8b909adb3b692e88.jpeg\u0022 width=\u0022376\u0022 height=\u0022448\u0022 \/\u003E\u003C\/p\u003E\r\n\u003Cp style=\u0022text-align: justify;\u0022\u003EDe 27 a 30 de agosto, Itabaiana foi palco da maior festa de trio do interior de Sergipe: a Micarana, que misturou ritmos, movimentou a economia e teve encontros inesquec\u0026iacute;veis e momentos para guardar na mem\u0026oacute;ria. Durante os quatro dias, a corredor da folia recebeu mais de 100 mil foli\u0026otilde;es, conforme dados da organiza\u0026ccedil;\u0026atilde;o.\u003C\/p\u003E\r\n\u003Cp\u003E\u003Cimg style=\u0022display: block; margin-left: auto; margin-right: auto;\u0022 src=\u0022https:\/\/itabaiana.se.gov.br\/img\/imagem\/media_whatsapp-image-2026-08-31-at-10-48-19_c7f0e21f430dff3ac1fdf041.jpeg\u0022 alt=\u0022whatsapp-image-2026-08-31-at-10-48-19_c7f0e21f430dff3ac1fdf041.jpeg\u0022 width=\u0022378\u0022 height=\u0022448\u0022 \/\u003E\u003C\/p\u003E\r\n\u003Cp style=\u0022text-align: justify;\u0022\u003ECada dia, uma hist\u0026oacute;ria: na quinta-feira, 27, Jo\u0026atilde;o Vitor animou o p\u0026uacute;blico cat\u0026oacute;lico e levou a juventude e as fam\u0026iacute;lias para o Bloco Alerta, num momento de f\u0026eacute;, adora\u0026ccedil;\u0026atilde;o, agradecimentos e muita alegria.\u003C\/p\u003E\r\n\u003Cp style=\u0022text-align: justify;\u0022\u003EA sexta-feira, 28, feriado municipal, em comemora\u0026ccedil;\u0026atilde;o aos 138 anos de Itabaiana, foi marcada pela alvorada festiva. Os foli\u0026otilde;es desceram a avenida logo cedo, e curtiram as seguintes atra\u0026ccedil;\u0026otilde;es: Pagodandy, Julinho Porrad\u0026atilde;o, Pagodart e Timbalada. Tamb\u0026eacute;m teve a despedida da Banda Alma G\u0026ecirc;mea; foi um momento hist\u0026oacute;rico!\u003C\/p\u003E\r\n\u003Cp style=\u0022text-align: justify;\u0022\u003ENo s\u0026aacute;bado, 29, um mar de gente caiu na folia. Ax\u0026eacute; de Rua abriu a programa\u0026ccedil;\u0026atilde;o, seguido por ED Banda e Alex Lima, Alinne Rosa, Bell Marques, Banana Nativa, Igor Kann\u0026aacute;rio e Art Mania. A noite foi marcada por v\u0026aacute;rios encontros, incluindo o momento que os trios de Bell e Kann\u0026aacute;rio se encontraram e os dois fizeram a festa ficar ainda melhor.\u003C\/p\u003E\r\n\u003Cp\u003E\u003Cimg style=\u0022display: block; margin-left: auto; margin-right: auto;\u0022 src=\u0022https:\/\/itabaiana.se.gov.br\/img\/imagem\/media_whatsapp-image-2026-08-31-at-10-42-26_606e31c8a4c4df0af180b7.jpeg\u0022 alt=\u0022whatsapp-image-2026-08-31-at-10-42-26_606e31c8a4c4df0af180b7.jpeg\u0022 width=\u0022383\u0022 height=\u0022448\u0022 \/\u003E\u003C\/p\u003E\r\n\u003Cp style=\u0022text-align: justify;\u0022\u003EFechando a festa daquele jeito, veio a programa\u0026ccedil;\u0026atilde;o do domingo, 30, com as seguintes atra\u0026ccedil;\u0026otilde;es: Swing do Jordan, Dan Chicleteiro, Valneij\u0026oacute;s, Psirico, Rafa e Pipo e L\u0026eacute;o Santana.\u003C\/p\u003E\r\n\u003Cp style=\u0022text-align: justify;\u0022\u003EO prefeito de Itabaiana, Zequinha da Cenoura, comentou o sucesso da festa e agradeceu a todos que fizeram a Micarana acontecer: \u0026ldquo;Pra mim foi uma honra viver a minha primeira Micarana como prefeito. Foram quatro dias intensos, com quase 20 atra\u0026ccedil;\u0026otilde;es, locais e nacionais, arrastando uma multid\u0026atilde;o na avenida e levando alegria e anima\u0026ccedil;\u0026atilde;o para o nosso povo. A festa movimentou o com\u0026eacute;rcio, o turismo e mais uma vez, colocou Itabaiana em destaque. A nossa cidade fez bonito\u0026rdquo;, disse.\u003C\/p\u003E\r\n\u003Cp\u003E\u003Cimg style=\u0022display: block; margin-left: auto; margin-right: auto;\u0022 src=\u0022https:\/\/itabaiana.se.gov.br\/img\/imagem\/media_whatsapp-image-2026-08-31-at-10-44-52_8ff1a4489294f9750999cc4bc1.jpeg\u0022 alt=\u0022whatsapp-image-2026-08-31-at-10-44-52_8ff1a4489294f9750999cc4bc1.jpeg\u0022 width=\u0022404\u0022 height=\u0022449\u0022 \/\u003E\u003C\/p\u003E","tags":"micarana,itabaiana,programacao,folia,sucesso,publico","destaque":1,"publicacao":"2026-08-31 10:46:00","criado":"2026-08-31 10:46:28","alterado":"2026-08-31 10:49:08"},{"id":8804,"categoria_id":"20","categoria":{"id":20,"nome":"FESTIVIDADES"},"autor_id":"43","autor":{"id":43,"nome":"Katiane Peixoto (Comunica\u00e7\u00e3o)","email":"cafeeprosa9@gmail.com"},"titulo":"A festa continua em Itabaiana! Programa\u00e7\u00e3o deste fim de semana re\u00fane v\u00e1rios nomes do ax\u00e9 e pagode na Micarana 2026","slug":"a-festa-continua-em-itabaiana-programacao-deste-fim-de-semana-reune-varios-nomes-do-axe-e-pagode-na-micarana-2026","imagem":"\/img\/imagem\/img-0975_2b8627f244b1429cfe915f80edf96.jpeg,\/img\/imagem\/media_img-0975_2b8627f244b1429cfe915f80edf96.jpeg,\/img\/imagem\/thumb_img-0975_2b8627f244b1429cfe915f80edf96.jpeg,\/img\/imagem\/thumb_fix_img-0975_2b8627f244b1429cfe915f80edf96.jpeg","texto":"\u003Cp style=\u0022text-align: justify;\u0022\u003E\u003Cimg style=\u0022display: block; margin-left: auto; margin-right: auto;\u0022 src=\u0022https:\/\/itabaiana.se.gov.br\/img\/imagem\/media_img-0977_0b8ba38ad6cd7409ee376937a.jpeg\u0022 alt=\u0022img-0977_0b8ba38ad6cd7409ee376937a.jpeg\u0022 width=\u0022400\u0022 height=\u0022492\u0022 \/\u003E\u003Cbr \/\u003EA programa\u0026ccedil;\u0026atilde;o da Micarana 2026, a maior festa de trios do interior de Sergipe tem continuidade neste fim de semana e a expectativa \u0026eacute; de grande p\u0026uacute;blico, tanto no s\u0026aacute;bado, 29, como no domingo, 30, em Itabaiana.\u003C\/p\u003E\r\n\u003Cp style=\u0022text-align: justify;\u0022\u003E\u003Cstrong\u003EConfira a programa\u0026ccedil;\u0026atilde;o:\u003C\/strong\u003E\u003C\/p\u003E\r\n\u003Cp style=\u0022text-align: justify;\u0022\u003E\u003Cem\u003ES\u0026aacute;bado, 29:\u003C\/em\u003E\u003C\/p\u003E\r\n\u003Cp style=\u0022text-align: justify;\u0022\u003E-21h: Ax\u0026eacute; de Rua - Trio Ideal;\u003Cbr \/\u003E-22h: ED Banda e Alex Lima - Trio MS 1;\u003Cbr \/\u003E-22:30h: Alinne Rosa - Trio JG;\u003Cbr \/\u003E-23h: Bell Marques - Trio Joia;\u003Cbr \/\u003E-00h: Banana Nativa - Trio Gold;\u003Cbr \/\u003E-00:30h: Igor Kann\u0026aacute;rio;\u003Cbr \/\u003E-01:30h: Art Mania e Vitinho Soares - Trio MS.\u003C\/p\u003E\r\n\u003Cp style=\u0022text-align: justify;\u0022\u003E\u003Cem\u003EDomingo, 30:\u0026nbsp;\u003C\/em\u003E\u003C\/p\u003E\r\n\u003Cp style=\u0022text-align: justify;\u0022\u003E-15h: Swing do Jordan - Trio Ideal;\u003Cbr \/\u003E-15:30h: Dan Chicleteiro - Trio MS;\u003Cbr \/\u003E-16h: Valneij\u0026oacute;s - Trio MS 2;\u003Cbr \/\u003E-16:30h: Psirico - Trio Gold;\u003Cbr \/\u003E-17h: Rafa e Pipo - Trio Joia;\u003Cbr \/\u003E-18h: L\u0026eacute;o Santana - Trio JG.\u003C\/p\u003E\r\n\u003Cp style=\u0022text-align: justify;\u0022\u003EAssim como nos dias anteriores, os trios sair\u0026atilde;o do Eu Amo Itabaiana, far\u0026atilde;o a volta em frente \u0026agrave; Par\u0026oacute;quia de Santa Clara e Santa Dulce e retornar\u0026atilde;o ao ponto de sa\u0026iacute;da.\u0026nbsp;\u003C\/p\u003E\r\n\u003Cp style=\u0022text-align: justify;\u0022\u003EA Micarana \u0026eacute; uma realiza\u0026ccedil;\u0026atilde;o da Prefeitura Municipal de Itabaiana e movimenta n\u0026atilde;o apenas a programa\u0026ccedil;\u0026atilde;o cultural, mas tamb\u0026eacute;m o com\u0026eacute;rcio e o setor de servi\u0026ccedil;os do munic\u0026iacute;pio.\u003C\/p\u003E\r\n\u003Cp\u003E\u003Cimg style=\u0022display: block; margin-left: auto; margin-right: auto;\u0022 src=\u0022https:\/\/itabaiana.se.gov.br\/img\/imagem\/media_img-0978_c9e43e9d2d9cee0bb82d.jpeg\u0022 alt=\u0022img-0978_c9e43e9d2d9cee0bb82d.jpeg\u0022 width=\u0022400\u0022 height=\u0022487\u0022 \/\u003E\u003C\/p\u003E\r\n\u003Cp\u003E\u003Cimg style=\u0022display: block; margin-left: auto; margin-right: auto;\u0022 src=\u0022https:\/\/itabaiana.se.gov.br\/img\/imagem\/media_img-0976_0554b06a5f02eb793f2a15.jpeg\u0022 alt=\u0022img-0976_0554b06a5f02eb793f2a15.jpeg\u0022 width=\u0022400\u0022 height=\u0022485\u0022 \/\u003E\u003C\/p\u003E\r\n\u003Cp\u003E\u003Cimg style=\u0022display: block; margin-left: auto; margin-right: auto;\u0022 src=\u0022https:\/\/itabaiana.se.gov.br\/img\/imagem\/media_img-0975_2b8627f244b1429cfe915f80edf96.jpeg\u0022 alt=\u0022img-0975_2b8627f244b1429cfe915f80edf96.jpeg\u0022 width=\u0022400\u0022 height=\u0022482\u0022 \/\u003E\u003C\/p\u003E","tags":"micarana,itabaiana,programacao,atracoes,prefeitura ,bellmarques,folia,axe,pagode","destaque":1,"publicacao":"2026-08-29 11:31:00","criado":"2026-08-29 11:31:01","alterado":"2026-08-29 11:34:30"}],"pagina_atualizada_em":"2026-09-01T14:10:27-03:00"}