{"item":{"id":8808,"categoria_id":"8","categoria":{"id":8,"nome":"CULTURA"},"autor_id":"43","autor":{"id":43,"nome":"Katiane Peixoto (Comunica\u00e7\u00e3o)","email":"cafeeprosa9@gmail.com"},"titulo":"Inscri\u00e7\u00f5es para elei\u00e7\u00e3o do Conselho Municipal de Pol\u00edtica Cultural de Itabaiana est\u00e3o abertas","slug":"inscricoes-para-eleicao-do-conselho-municipal-de-politica-cultural-de-itabaiana-estao-abertas","imagem":"\/img\/imagem\/inscricoes-eleicao-conselho_95a71ccf77dba40f040a1c4e61c4.png,\/img\/imagem\/media_inscricoes-eleicao-conselho_95a71ccf77dba40f040a1c4e61c4.png,\/img\/imagem\/thumb_inscricoes-eleicao-conselho_95a71ccf77dba40f040a1c4e61c4.png,\/img\/imagem\/thumb_fix_inscricoes-eleicao-conselho_95a71ccf77dba40f040a1c4e61c4.png","texto":"\u003Cp style=\u0022text-align: justify;\u0022\u003EA Prefeitura de Itabaiana, por meio da Secretaria Municipal de Cultura, publicou o edital com todas as informa\u0026ccedil;\u0026otilde;es sobre a elei\u0026ccedil;\u0026atilde;o para escolha de representantes da sociedade civil para o Conselho Municipal de Pol\u0026iacute;tica Cultural. O documento foi publicado no Di\u0026aacute;rio Oficial do Munic\u0026iacute;pio.\u003C\/p\u003E\r\n\u003Cp style=\u0022text-align: justify;\u0022\u003EO Conselho Municipal de Pol\u0026iacute;tica Cultural ter\u0026aacute; composi\u0026ccedil;\u0026atilde;o parit\u0026aacute;ria, sendo 50% de representantes do Poder P\u0026uacute;blico Municipal e 50% de representantes da sociedade civil, escolhidos por meio de elei\u0026ccedil;\u0026atilde;o direta. Para a sociedade civil, ser\u0026atilde;o eleitos tr\u0026ecirc;s representantes titulares e tr\u0026ecirc;s suplentes. A escolha ocorrer\u0026aacute; por vota\u0026ccedil;\u0026atilde;o geral entre os candidatos habilitados, sendo eleitos os mais votados, conforme o n\u0026uacute;mero de vagas estabelecido.\u003C\/p\u003E\r\n\u003Cp style=\u0022text-align: justify;\u0022\u003EPodem participar como eleitores pessoas f\u0026iacute;sicas maiores de 18 anos que sejam residentes ou domiciliadas em Itabaiana. Tamb\u0026eacute;m poder\u0026atilde;o votar representantes de entidades, coletivos, grupos, associa\u0026ccedil;\u0026otilde;es e demais organiza\u0026ccedil;\u0026otilde;es da sociedade civil com atua\u0026ccedil;\u0026atilde;o cultural no munic\u0026iacute;pio, desde que estejam regularmente cadastrados e sejam representados por pessoa f\u0026iacute;sica devidamente identificada.\u003C\/p\u003E\r\n\u003Cp style=\u0022text-align: justify;\u0022\u003ECada eleitor ter\u0026aacute; direito a um voto e dever\u0026aacute; apresentar documento oficial de identifica\u0026ccedil;\u0026atilde;o com fotografia no momento da vota\u0026ccedil;\u0026atilde;o.\u003C\/p\u003E\r\n\u003Cp style=\u0022text-align: justify;\u0022\u003E\u003Cstrong\u003EQuem pode se candidatar\u003C\/strong\u003E\u003C\/p\u003E\r\n\u003Cp style=\u0022text-align: justify;\u0022\u003EPara concorrer \u0026agrave;s vagas destinadas \u0026agrave; sociedade civil, os candidatos devem ser maiores de 18 anos, residir ou ter domic\u0026iacute;lio em Itabaiana e comprovar atua\u0026ccedil;\u0026atilde;o cultural no munic\u0026iacute;pio h\u0026aacute; pelo menos seis meses.\u003C\/p\u003E\r\n\u003Cp style=\u0022text-align: justify;\u0022\u003EA comprova\u0026ccedil;\u0026atilde;o poder\u0026aacute; ser feita por meio de portf\u0026oacute;lio art\u0026iacute;stico ou cultural, declara\u0026ccedil;\u0026otilde;es de entidades ou coletivos, registros de participa\u0026ccedil;\u0026atilde;o em eventos e projetos, mat\u0026eacute;rias jornal\u0026iacute;sticas, fotografias, certificados, comprovantes de participa\u0026ccedil;\u0026atilde;o em programas e editais, cadastro como agente cultural, entre outros documentos que demonstrem a atua\u0026ccedil;\u0026atilde;o na \u0026aacute;rea.\u003C\/p\u003E\r\n\u003Cp style=\u0022text-align: justify;\u0022\u003EO edital tamb\u0026eacute;m estabelece impedimentos para determinadas candidaturas. Entre eles est\u0026atilde;o pessoas que exercem mandato eletivo, integrantes da Comiss\u0026atilde;o Eleitoral e agentes p\u0026uacute;blicos ocupantes de cargo em comiss\u0026atilde;o ou fun\u0026ccedil;\u0026atilde;o de confian\u0026ccedil;a no munic\u0026iacute;pio, quando a participa\u0026ccedil;\u0026atilde;o puder comprometer a independ\u0026ecirc;ncia da representa\u0026ccedil;\u0026atilde;o da sociedade civil.\u003C\/p\u003E\r\n\u003Cp style=\u0022text-align: justify;\u0022\u003E\u003Cstrong\u003EInscri\u0026ccedil;\u0026otilde;es e vota\u0026ccedil;\u0026atilde;o\u003C\/strong\u003E\u003C\/p\u003E\r\n\u003Cp style=\u0022text-align: justify;\u0022\u003EAs inscri\u0026ccedil;\u0026otilde;es dos candidatos acontecem at\u0026eacute; o dia 08 de setembro, das 8h \u0026agrave;s 12h, mediante preenchimento da ficha de inscri\u0026ccedil;\u0026atilde;o, apresenta\u0026ccedil;\u0026atilde;o de documento oficial de identifica\u0026ccedil;\u0026atilde;o, comprovante de resid\u0026ecirc;ncia, declara\u0026ccedil;\u0026atilde;o de atendimento aos requisitos do edital e documenta\u0026ccedil;\u0026atilde;o que comprove a atua\u0026ccedil;\u0026atilde;o cultural.\u003C\/p\u003E\r\n\u003Cp style=\u0022text-align: justify;\u0022\u003EOs interessados poder\u0026atilde;o realizar a inscri\u0026ccedil;\u0026atilde;o presencialmente na Secretaria Municipal de Cultura, localizada na Rua \u0026Aacute;lvaro Fonseca de Oliveira, n\u0026ordm; 466, Centro, Itabaiana, ou por meio do s\u0026iacute;tio eletr\u0026ocirc;nico do munic\u0026iacute;pio.\u003C\/p\u003E\r\n\u003Cp style=\u0022text-align: justify;\u0022\u003EA elei\u0026ccedil;\u0026atilde;o est\u0026aacute; marcada para o dia 18 de setembro de 2026, das 8h \u0026agrave;s 12h, no Audit\u0026oacute;rio da Secretaria Municipal de Educa\u0026ccedil;\u0026atilde;o, localizado na Avenida Otoniel D\u0026oacute;rea, n\u0026ordm; 403, no Centro de Itabaiana.\u003C\/p\u003E\r\n\u003Cp style=\u0022text-align: justify;\u0022\u003EA apura\u0026ccedil;\u0026atilde;o ser\u0026aacute; realizada imediatamente ap\u0026oacute;s o encerramento da vota\u0026ccedil;\u0026atilde;o, em ato p\u0026uacute;blico. O resultado preliminar ser\u0026aacute; divulgado pela Comiss\u0026atilde;o Eleitoral e haver\u0026aacute; prazo para apresenta\u0026ccedil;\u0026atilde;o de recursos. O resultado definitivo ser\u0026aacute; posteriormente homologado e publicado no Di\u0026aacute;rio Oficial do Munic\u0026iacute;pio.\u003C\/p\u003E\r\n\u003Cp style=\u0022text-align: justify;\u0022\u003EOs representantes eleitos, titulares e suplentes, ter\u0026atilde;o mandato de dois anos, com possibilidade de recondu\u0026ccedil;\u0026atilde;o, conforme a legisla\u0026ccedil;\u0026atilde;o municipal.\u003C\/p\u003E\r\n\u003Cp style=\u0022text-align: justify;\u0022\u003E\u003Ca title=\u0022EDITAL - ELEI\u0026Ccedil;\u0026Atilde;O CONSELHO CULTURAL\u0022 href=\u0022https:\/\/itabaiana.se.gov.br\/download\/diario-oficial-edital-01-2026-secult-eleicoes-conselho-de-politica-cultural_de818471af8ef06616822.pdf\u0022 target=\u0022_blank\u0022 rel=\u0022noopener\u0022\u003E\u003Cstrong\u003EEDITAL - ELEI\u0026Ccedil;\u0026Atilde;O CONSELHO CULTURAL\u003C\/strong\u003E\u003C\/a\u003E\u003C\/p\u003E\r\n\u003Cp style=\u0022text-align: justify;\u0022\u003E\u003Ca href=\u0022https:\/\/accounts.google.com\/v3\/signin\/accountchooser?continue=https:\/\/docs.google.com\/forms\/d\/e\/1FAIpQLSf68ku6TMdATHm677NEAIm_gJrSPBPXjjb1o5reZ_u8aBm1Og\/viewform?usp%3Dsend_form\u0026amp;followup=https:\/\/docs.google.com\/forms\/d\/e\/1FAIpQLSf68ku6TMdATHm677NEAIm_gJrSPBPXjjb1o5reZ_u8aBm1Og\/viewform?usp%3Dsend_form\u0026amp;ltmpl=forms\u0026amp;osid=1\u0026amp;passive=1209600\u0026amp;service=wise\u0026amp;flowName=GlifWebSignIn\u0026amp;flowEntry=ServiceLogin\u0026amp;dsh=S689798599:1788360473679477\u0022 target=\u0022_blank\u0022 rel=\u0022noopener\u0022\u003E\u003Cstrong\u003ELINK PARA INSCRI\u0026Ccedil;\u0026Atilde;O\u003C\/strong\u003E\u003C\/a\u003E\u003C\/p\u003E","tags":"ELEICAO,CONSELHO,POLITICA,CULTURAL,ITABAIANA,PREFEITURA,SECRETARIA","destaque":1,"publicacao":"2026-09-02 11:49:00","criado":"2026-09-02 11:49:36","alterado":"2026-09-02 11:50:09"},"outros":[{"id":8807,"categoria_id":"23","categoria":{"id":23,"nome":"NOTA"},"autor_id":"43","autor":{"id":43,"nome":"Katiane Peixoto (Comunica\u00e7\u00e3o)","email":"cafeeprosa9@gmail.com"},"titulo":"Prefeitura de Itabaiana emite nota de esclarecimento sobre informa\u00e7\u00e3o envolvendo ve\u00edculo da sa\u00fade divulgada por ve\u00edculo de comunica\u00e7\u00e3o","slug":"prefeitura-de-itabaiana-emite-nota-de-esclarecimento-sobre-informacao-envolvendo-veiculo-da-saude-divulgada-por-veiculo-de-comunicacao","imagem":"\/img\/imagem\/img-1239_bfeeecb7842836182321f.png,\/img\/imagem\/media_img-1239_bfeeecb7842836182321f.png,\/img\/imagem\/thumb_img-1239_bfeeecb7842836182321f.png,\/img\/imagem\/thumb_fix_img-1239_bfeeecb7842836182321f.png","texto":"\u003Cp style=\u0022text-align: justify;\u0022\u003E\u003Cimg src=\u0022https:\/\/itabaiana.se.gov.br\/img\/imagem\/media_img-1239_bfeeecb7842836182321f.png\u0022 alt=\u0022img-1239_bfeeecb7842836182321f.png\u0022 width=\u0022400\u0022 height=\u0022500\u0022 \/\u003E\u003Cbr \/\u003E\u003Cbr \/\u003EA Prefeitura de Itabaiana esclarece, diante de informa\u0026ccedil;\u0026otilde;es divulgadas pela p\u0026aacute;gina Fato Sergipe, que mais uma vez \u0026eacute; apresentado \u0026agrave; popula\u0026ccedil;\u0026atilde;o apenas um recorte da realidade, deixando de lado informa\u0026ccedil;\u0026otilde;es importantes para a compreens\u0026atilde;o completa da situa\u0026ccedil;\u0026atilde;o.\u003C\/p\u003E\r\n\u003Cp style=\u0022text-align: justify;\u0022\u003EO ve\u0026iacute;culo mencionado \u0026eacute; utilizado para o transporte de pacientes que precisam realizar tratamento e acompanhamento m\u0026eacute;dico fora de Sergipe. S\u0026atilde;o pacientes oncol\u0026oacute;gicos, que fazem hemodi\u0026aacute;lise, tratamentos ortop\u0026eacute;dicos, oftalmol\u0026oacute;gicos, entre outras especialidades, que n\u0026atilde;o encontram a assist\u0026ecirc;ncia necess\u0026aacute;ria no Estado e precisam se deslocar para outros centros de refer\u0026ecirc;ncia, especialmente em Salvador.\u003C\/p\u003E\r\n\u003Cp style=\u0022text-align: justify;\u0022\u003ES\u0026atilde;o cerca de quatro viagens por semana, transportando, em m\u0026eacute;dia, de 2 a 4 pacientes por viagem. Muitos desses pacientes necessitam de acompanhante durante o deslocamento e o atendimento m\u0026eacute;dico. Os motoristas saem de Itabaiana por volta da meia-noite para que os pacientes cheguem a Salvador por volta das 7h da manh\u0026atilde;.\u003C\/p\u003E\r\n\u003Cp style=\u0022text-align: justify;\u0022\u003EEntre as unidades de sa\u0026uacute;de para as quais esses pacientes s\u0026atilde;o encaminhados est\u0026atilde;o o Hospital Sarah Kubitschek, Hospital Roberto Santos, Hospital Ana Nery e Hospital das Cl\u0026iacute;nicas. N\u0026atilde;o se trata, portanto, de viagens de passeio ou de qualquer finalidade alheia ao servi\u0026ccedil;o p\u0026uacute;blico de sa\u0026uacute;de. S\u0026atilde;o viagens realizadas para garantir que pacientes que precisam de tratamento especializado tenham acesso ao atendimento de que necessitam.\u003C\/p\u003E\r\n\u003Cp style=\u0022text-align: justify;\u0022\u003ETodos os pacientes possuem relat\u0026oacute;rios m\u0026eacute;dicos que comprovam a necessidade do atendimento. Da mesma forma, o munic\u0026iacute;pio mant\u0026eacute;m notas fiscais, mapas de viagens e demais registros referentes ao transporte realizado.\u003C\/p\u003E\r\n\u003Cp style=\u0022text-align: justify;\u0022\u003E\u0026Eacute; importante esclarecer tamb\u0026eacute;m que esse tipo de transporte para tratamento fora do Estado n\u0026atilde;o constitui uma obriga\u0026ccedil;\u0026atilde;o ordin\u0026aacute;ria do munic\u0026iacute;pio. O servi\u0026ccedil;o \u0026eacute; mantido porque o munic\u0026iacute;pio reconhece a necessidade desses pacientes e n\u0026atilde;o pode simplesmente ignorar pessoas que precisam de tratamento e n\u0026atilde;o t\u0026ecirc;m condi\u0026ccedil;\u0026otilde;es financeiras de custear as pr\u0026oacute;prias viagens.\u003C\/p\u003E\r\n\u003Cp style=\u0022text-align: justify;\u0022\u003EEssa iniciativa existe desde a primeira gest\u0026atilde;o do ent\u0026atilde;o prefeito Valmir de Francisquinho, quando ele se sensibilizou com a situa\u0026ccedil;\u0026atilde;o de pacientes que precisavam viajar para buscar tratamento de sa\u0026uacute;de e n\u0026atilde;o tinham condi\u0026ccedil;\u0026otilde;es de arcar com os custos dos deslocamentos.\u003C\/p\u003E\r\n\u003Cp style=\u0022text-align: justify;\u0022\u003EA cr\u0026iacute;tica e a fiscaliza\u0026ccedil;\u0026atilde;o fazem parte da democracia. O que se espera de qualquer ve\u0026iacute;culo de comunica\u0026ccedil;\u0026atilde;o, especialmente ao abordar recursos p\u0026uacute;blicos, \u0026eacute; que haja apura\u0026ccedil;\u0026atilde;o, que os envolvidos sejam ouvidos e que a popula\u0026ccedil;\u0026atilde;o tenha acesso ao contexto completo dos fatos. Porque, por tr\u0026aacute;s de cada uma dessas viagens, n\u0026atilde;o existe apenas um ve\u0026iacute;culo circulando pela estrada. Existem pacientes, fam\u0026iacute;lias e pessoas que precisam chegar ao tratamento.\u003C\/p\u003E\r\n\u003Cp style=\u0022text-align: justify;\u0022\u003EA Prefeitura de Itabaiana est\u0026aacute; \u0026agrave; disposi\u0026ccedil;\u0026atilde;o para prestar quaisquer esclarecimentos necess\u0026aacute;rios.\u003C\/p\u003E","tags":"prefeitura,Itabaiana,nota,esclarecimento,saude,veiculos,viagem,salvador","destaque":1,"publicacao":"2026-09-01 15:30:00","criado":"2026-09-01 15:30:50","alterado":"2026-09-01 15:31:38"},{"id":8806,"categoria_id":"10","categoria":{"id":10,"nome":"EVENTO"},"autor_id":"43","autor":{"id":43,"nome":"Katiane Peixoto (Comunica\u00e7\u00e3o)","email":"cafeeprosa9@gmail.com"},"titulo":"Prefeitura de Itabaiana realiza abertura da Semana da P\u00e1tria com participa\u00e7\u00e3o de estudantes da rede municipal","slug":"prefeitura-de-itabaiana-realiza-abertura-da-semana-da-patria-com-participacao-de-estudantes-da-rede-municipal","imagem":"\/img\/imagem\/4bb7a17e-00c2-4a4a-9643-27c1c6e56a0d_2df16390822217e1b863785d7a.jpeg,\/img\/imagem\/media_4bb7a17e-00c2-4a4a-9643-27c1c6e56a0d_2df16390822217e1b863785d7a.jpeg,\/img\/imagem\/thumb_4bb7a17e-00c2-4a4a-9643-27c1c6e56a0d_2df16390822217e1b863785d7a.jpeg,\/img\/imagem\/thumb_fix_4bb7a17e-00c2-4a4a-9643-27c1c6e56a0d_2df16390822217e1b863785d7a.jpeg","texto":"\u003Cp style=\u0022text-align: justify;\u0022\u003E\u003Cimg style=\u0022display: block; margin-left: auto; margin-right: auto;\u0022 src=\u0022https:\/\/itabaiana.se.gov.br\/img\/imagem\/media_139a5511-0c76-44bc-b14b-8c626b3263ea_3ab9a97d2f5b6fb42d11f.jpeg\u0022 alt=\u0022139a5511-0c76-44bc-b14b-8c626b3263ea_3ab9a97d2f5b6fb42d11f.jpeg\u0022 width=\u0022400\u0022 height=\u0022330\u0022 \/\u003E\u003Cimg style=\u0022display: block; margin-left: auto; margin-right: auto;\u0022 src=\u0022https:\/\/itabaiana.se.gov.br\/img\/imagem\/media_a3e2ba8d-94bd-4de6-99a6-30439247d719_66baa9de4bbbfeae15a0b4a1.jpeg\u0022 alt=\u0022a3e2ba8d-94bd-4de6-99a6-30439247d719_66baa9de4bbbfeae15a0b4a1.jpeg\u0022 width=\u0022400\u0022 height=\u0022300\u0022 \/\u003E\u003Cimg style=\u0022display: block; margin-left: auto; margin-right: auto;\u0022 src=\u0022https:\/\/itabaiana.se.gov.br\/img\/imagem\/media_a0b064d6-6171-4a35-905f-846fc8059916_e8d7d27932e36d1c33e8c1bffb34.jpeg\u0022 alt=\u0022a0b064d6-6171-4a35-905f-846fc8059916_e8d7d27932e36d1c33e8c1bffb34.jpeg\u0022 width=\u0022400\u0022 height=\u0022300\u0022 \/\u003E\u003Cbr \/\u003EA Prefeitura de Itabaiana deu in\u0026iacute;cio, nesta ter\u0026ccedil;a-feira, 1\u0026ordm; de setembro, \u0026agrave;s comemora\u0026ccedil;\u0026otilde;es da Semana da P\u0026aacute;tria. A programa\u0026ccedil;\u0026atilde;o foi realizada por meio da Secretaria Municipal de Educa\u0026ccedil;\u0026atilde;o, em parceria com o Servi\u0026ccedil;o de Conviv\u0026ecirc;ncia e Fortalecimento de V\u0026iacute;nculos (SCFV), e contou com a participa\u0026ccedil;\u0026atilde;o de estudantes e representantes de diferentes setores do munic\u0026iacute;pio.\u003C\/p\u003E\r\n\u003Cp style=\u0022text-align: justify;\u0022\u003EA abertura foi marcada por uma cerim\u0026ocirc;nia de hasteamento da bandeira do Brasil, na Prefeitura de Itabaiana, com a participa\u0026ccedil;\u0026atilde;o de alunos de escolas da rede municipal e apresenta\u0026ccedil;\u0026atilde;o da banda do SCFV.\u003C\/p\u003E\r\n\u003Cp style=\u0022text-align: justify;\u0022\u003E\u003Cimg style=\u0022display: block; margin-left: auto; margin-right: auto;\u0022 src=\u0022https:\/\/itabaiana.se.gov.br\/img\/imagem\/media_4bb7a17e-00c2-4a4a-9643-27c1c6e56a0d_2df16390822217e1b863785d7a.jpeg\u0022 alt=\u00224bb7a17e-00c2-4a4a-9643-27c1c6e56a0d_2df16390822217e1b863785d7a.jpeg\u0022 width=\u0022400\u0022 height=\u0022300\u0022 \/\u003E\u003Cspan style=\u0022letter-spacing: 0px; text-align: justify;\u0022\u003E\u003Cimg style=\u0022display: block; margin-left: auto; margin-right: auto;\u0022 src=\u0022https:\/\/itabaiana.se.gov.br\/img\/imagem\/media_d6841289-3e7e-4b48-b7ce-441e7a66e881_280709ddc5f28d4d58ad4.jpeg\u0022 alt=\u0022d6841289-3e7e-4b48-b7ce-441e7a66e881_280709ddc5f28d4d58ad4.jpeg\u0022 width=\u0022400\u0022 height=\u0022300\u0022 \/\u003E\u003Cimg style=\u0022display: block; margin-left: auto; margin-right: auto;\u0022 src=\u0022https:\/\/itabaiana.se.gov.br\/img\/imagem\/media_1ae07d3d-338b-4cb1-931b-81cfa308c589_2979416a250adaa0b3edc2.jpeg\u0022 alt=\u00221ae07d3d-338b-4cb1-931b-81cfa308c589_2979416a250adaa0b3edc2.jpeg\u0022 width=\u0022400\u0022 height=\u0022300\u0022 \/\u003E\u003Cbr \/\u003ETamb\u0026eacute;m participaram da cerim\u0026ocirc;nia, agentes da Superintend\u0026ecirc;ncia Municipal de Tr\u0026acirc;nsito e Transportes (SMTT), integrantes da Guarda Municipal de Itabaiana (GMI), o pelot\u0026atilde;o do Tiro de Guerra, al\u0026eacute;m de autoridades do munic\u0026iacute;pio, como o prefeito Zequinha da Cenoura, vereadores e secret\u0026aacute;rios.\u003C\/span\u003E\u003C\/p\u003E\r\n\u003Cp style=\u0022text-align: justify;\u0022\u003EA programa\u0026ccedil;\u0026atilde;o da Semana da P\u0026aacute;tria busca fortalecer, especialmente entre crian\u0026ccedil;as e adolescentes, o conhecimento sobre a hist\u0026oacute;ria do Brasil e o significado da Independ\u0026ecirc;ncia, celebrada no dia 07 de setembro, pr\u0026oacute;xima segunda-feira.\u003C\/p\u003E\r\n\u003Cp\u003E\u003Cimg style=\u0022display: block; margin-left: auto; margin-right: auto;\u0022 src=\u0022https:\/\/itabaiana.se.gov.br\/img\/imagem\/media_724c2880-9ae2-4e10-98b5-7b1fad05f069_ec399b1fc90ff4488fe24.jpeg\u0022 alt=\u0022724c2880-9ae2-4e10-98b5-7b1fad05f069_ec399b1fc90ff4488fe24.jpeg\u0022 width=\u0022400\u0022 height=\u0022300\u0022 \/\u003E\u003C\/p\u003E\r\n\u003Cp\u003E\u003Cimg style=\u0022display: block; margin-left: auto; margin-right: auto;\u0022 src=\u0022https:\/\/itabaiana.se.gov.br\/img\/imagem\/media_0fcd641e-ebc0-4e44-99cd-0da387771494_e76f2ac412838773f2b193.jpeg\u0022 alt=\u00220fcd641e-ebc0-4e44-99cd-0da387771494_e76f2ac412838773f2b193.jpeg\u0022 width=\u0022400\u0022 height=\u0022300\u0022 \/\u003E\u003C\/p\u003E\r\n\u003Cp\u003E\u003Cimg style=\u0022display: block; margin-left: auto; margin-right: auto;\u0022 src=\u0022https:\/\/itabaiana.se.gov.br\/img\/imagem\/media_0e849dd3-e35f-455c-9461-044aabd91d2c_9ad9295783143bfe320a41.jpeg\u0022 alt=\u00220e849dd3-e35f-455c-9461-044aabd91d2c_9ad9295783143bfe320a41.jpeg\u0022 width=\u0022400\u0022 height=\u0022300\u0022 \/\u003E\u003C\/p\u003E","tags":"prefeitura,itabaiana,semana,patria,abertura,hasteamento,bandeira,brasil,independ\u00eancia","destaque":1,"publicacao":"2026-09-01 14:03:00","criado":"2026-09-01 14:03:51","alterado":"2026-09-01 14:10:27"},{"id":8805,"categoria_id":"20","categoria":{"id":20,"nome":"FESTIVIDADES"},"autor_id":"43","autor":{"id":43,"nome":"Katiane Peixoto (Comunica\u00e7\u00e3o)","email":"cafeeprosa9@gmail.com"},"titulo":"Micarana faz hist\u00f3ria mais uma vez em Itabaiana! Corredor da folia recebeu mais de 100 mil foli\u00f5es durante a festa","slug":"micarana-faz-historia-mais-uma-vez-em-itabaiana-corredor-da-folia-recebeu-mais-de-100-mil-folioes-durante-a-festa","imagem":"\/img\/imagem\/whatsapp-image-2026-08-31-at-10-44-52_8ff1a4489294f9750999cc4bc1.jpeg,\/img\/imagem\/media_whatsapp-image-2026-08-31-at-10-44-52_8ff1a4489294f9750999cc4bc1.jpeg,\/img\/imagem\/thumb_whatsapp-image-2026-08-31-at-10-44-52_8ff1a4489294f9750999cc4bc1.jpeg,\/img\/imagem\/thumb_fix_whatsapp-image-2026-08-31-at-10-44-52_8ff1a4489294f9750999cc4bc1.jpeg","texto":"\u003Cp style=\u0022text-align: center;\u0022\u003E\u003Cimg src=\u0022https:\/\/itabaiana.se.gov.br\/img\/imagem\/media_whatsapp-image-2026-08-31-at-10-42-27-1_0efa33d8b909adb3b692e88.jpeg\u0022 alt=\u0022whatsapp-image-2026-08-31-at-10-42-27-1_0efa33d8b909adb3b692e88.jpeg\u0022 width=\u0022376\u0022 height=\u0022448\u0022 \/\u003E\u003C\/p\u003E\r\n\u003Cp style=\u0022text-align: justify;\u0022\u003EDe 27 a 30 de agosto, Itabaiana foi palco da maior festa de trio do interior de Sergipe: a Micarana, que misturou ritmos, movimentou a economia e teve encontros inesquec\u0026iacute;veis e momentos para guardar na mem\u0026oacute;ria. Durante os quatro dias, a corredor da folia recebeu mais de 100 mil foli\u0026otilde;es, conforme dados da organiza\u0026ccedil;\u0026atilde;o.\u003C\/p\u003E\r\n\u003Cp\u003E\u003Cimg style=\u0022display: block; margin-left: auto; margin-right: auto;\u0022 src=\u0022https:\/\/itabaiana.se.gov.br\/img\/imagem\/media_whatsapp-image-2026-08-31-at-10-48-19_c7f0e21f430dff3ac1fdf041.jpeg\u0022 alt=\u0022whatsapp-image-2026-08-31-at-10-48-19_c7f0e21f430dff3ac1fdf041.jpeg\u0022 width=\u0022378\u0022 height=\u0022448\u0022 \/\u003E\u003C\/p\u003E\r\n\u003Cp style=\u0022text-align: justify;\u0022\u003ECada dia, uma hist\u0026oacute;ria: na quinta-feira, 27, Jo\u0026atilde;o Vitor animou o p\u0026uacute;blico cat\u0026oacute;lico e levou a juventude e as fam\u0026iacute;lias para o Bloco Alerta, num momento de f\u0026eacute;, adora\u0026ccedil;\u0026atilde;o, agradecimentos e muita alegria.\u003C\/p\u003E\r\n\u003Cp style=\u0022text-align: justify;\u0022\u003EA sexta-feira, 28, feriado municipal, em comemora\u0026ccedil;\u0026atilde;o aos 138 anos de Itabaiana, foi marcada pela alvorada festiva. Os foli\u0026otilde;es desceram a avenida logo cedo, e curtiram as seguintes atra\u0026ccedil;\u0026otilde;es: Pagodandy, Julinho Porrad\u0026atilde;o, Pagodart e Timbalada. Tamb\u0026eacute;m teve a despedida da Banda Alma G\u0026ecirc;mea; foi um momento hist\u0026oacute;rico!\u003C\/p\u003E\r\n\u003Cp style=\u0022text-align: justify;\u0022\u003ENo s\u0026aacute;bado, 29, um mar de gente caiu na folia. Ax\u0026eacute; de Rua abriu a programa\u0026ccedil;\u0026atilde;o, seguido por ED Banda e Alex Lima, Alinne Rosa, Bell Marques, Banana Nativa, Igor Kann\u0026aacute;rio e Art Mania. A noite foi marcada por v\u0026aacute;rios encontros, incluindo o momento que os trios de Bell e Kann\u0026aacute;rio se encontraram e os dois fizeram a festa ficar ainda melhor.\u003C\/p\u003E\r\n\u003Cp\u003E\u003Cimg style=\u0022display: block; margin-left: auto; margin-right: auto;\u0022 src=\u0022https:\/\/itabaiana.se.gov.br\/img\/imagem\/media_whatsapp-image-2026-08-31-at-10-42-26_606e31c8a4c4df0af180b7.jpeg\u0022 alt=\u0022whatsapp-image-2026-08-31-at-10-42-26_606e31c8a4c4df0af180b7.jpeg\u0022 width=\u0022383\u0022 height=\u0022448\u0022 \/\u003E\u003C\/p\u003E\r\n\u003Cp style=\u0022text-align: justify;\u0022\u003EFechando a festa daquele jeito, veio a programa\u0026ccedil;\u0026atilde;o do domingo, 30, com as seguintes atra\u0026ccedil;\u0026otilde;es: Swing do Jordan, Dan Chicleteiro, Valneij\u0026oacute;s, Psirico, Rafa e Pipo e L\u0026eacute;o Santana.\u003C\/p\u003E\r\n\u003Cp style=\u0022text-align: justify;\u0022\u003EO prefeito de Itabaiana, Zequinha da Cenoura, comentou o sucesso da festa e agradeceu a todos que fizeram a Micarana acontecer: \u0026ldquo;Pra mim foi uma honra viver a minha primeira Micarana como prefeito. Foram quatro dias intensos, com quase 20 atra\u0026ccedil;\u0026otilde;es, locais e nacionais, arrastando uma multid\u0026atilde;o na avenida e levando alegria e anima\u0026ccedil;\u0026atilde;o para o nosso povo. A festa movimentou o com\u0026eacute;rcio, o turismo e mais uma vez, colocou Itabaiana em destaque. A nossa cidade fez bonito\u0026rdquo;, disse.\u003C\/p\u003E\r\n\u003Cp\u003E\u003Cimg style=\u0022display: block; margin-left: auto; margin-right: auto;\u0022 src=\u0022https:\/\/itabaiana.se.gov.br\/img\/imagem\/media_whatsapp-image-2026-08-31-at-10-44-52_8ff1a4489294f9750999cc4bc1.jpeg\u0022 alt=\u0022whatsapp-image-2026-08-31-at-10-44-52_8ff1a4489294f9750999cc4bc1.jpeg\u0022 width=\u0022404\u0022 height=\u0022449\u0022 \/\u003E\u003C\/p\u003E","tags":"micarana,itabaiana,programacao,folia,sucesso,publico","destaque":1,"publicacao":"2026-08-31 10:46:00","criado":"2026-08-31 10:46:28","alterado":"2026-08-31 10:49:08"}],"pagina_atualizada_em":"2026-09-02T11:50:09-03:00"}