{"pagina_atualizada_em":"2026-04-24T11:58:34-03:00","categorias":[{"id":13,"nome":"AGRICULTURA","criado":"2023-06-20 10:30:32","alterado":"2023-06-20 10:30:32"},{"id":19,"nome":"ASSIST\u00caNCIA","criado":"2023-08-08 08:58:10","alterado":"2023-08-08 08:58:10"},{"id":8,"nome":"CULTURA","criado":"2021-04-20 12:09:30","alterado":"2021-04-20 12:09:30"},{"id":9,"nome":"ECONOMIA","criado":"2021-04-22 11:53:46","alterado":"2021-04-22 11:53:46"},{"id":2,"nome":"EDUCA\u00c7\u00c3O","criado":"2021-04-20 12:06:51","alterado":"2021-04-20 12:06:51"},{"id":7,"nome":"ESPORTE","criado":"2021-04-20 12:09:22","alterado":"2021-04-20 12:09:22"},{"id":10,"nome":"EVENTO","criado":"2023-05-30 10:57:36","alterado":"2023-05-30 10:57:36"},{"id":11,"nome":"FESTA DOS CAMINHONEIROS","criado":"2023-06-05 12:14:21","alterado":"2023-06-05 12:14:21"},{"id":20,"nome":"FESTIVIDADES","criado":"2023-08-22 12:11:23","alterado":"2023-08-22 12:12:32"},{"id":12,"nome":"INAUGURA\u00c7\u00c3O","criado":"2023-06-16 11:49:28","alterado":"2023-06-16 11:49:28"},{"id":22,"nome":"MEIO AMBIENTE","criado":"2023-10-03 09:43:15","alterado":"2023-10-03 09:43:15"},{"id":21,"nome":"MICARANA 2023","criado":"2023-08-25 08:29:14","alterado":"2023-08-25 08:29:14"},{"id":23,"nome":"NOTA","criado":"2023-11-08 10:15:32","alterado":"2023-11-08 10:15:32"},{"id":3,"nome":"OBRAS","criado":"2021-04-20 12:07:05","alterado":"2021-04-20 12:07:05"},{"id":4,"nome":"OPORTUNIDADE","criado":"2021-04-20 12:07:32","alterado":"2023-10-25 08:11:14"},{"id":15,"nome":"PARCERIA","criado":"2023-06-23 12:20:02","alterado":"2023-06-23 12:20:02"},{"id":5,"nome":"PLANEJAMENTO","criado":"2021-04-20 12:09:05","alterado":"2021-04-20 12:09:05"},{"id":18,"nome":"RELIGIOSIDADE","criado":"2023-08-04 09:29:43","alterado":"2023-08-04 09:29:43"},{"id":1,"nome":"SA\u00daDE","criado":"2021-04-20 12:06:42","alterado":"2021-04-20 12:06:42"},{"id":16,"nome":"SEGURAN\u00c7A","criado":"2023-07-06 13:15:40","alterado":"2023-07-06 13:15:40"},{"id":6,"nome":"SOCIAL","criado":"2021-04-20 12:09:11","alterado":"2021-04-20 12:09:11"},{"id":14,"nome":"TECNOLOGIA","criado":"2023-06-21 11:05:02","alterado":"2023-06-21 11:05:02"},{"id":17,"nome":"TR\u00c2NSITO","criado":"2023-08-01 12:42:59","alterado":"2023-08-01 12:43:08"},{"id":24,"nome":"TURISMO","criado":"2024-03-26 10:52:52","alterado":"2024-03-26 10:52:52"}],"categoria":null,"paginacao":{"atual":300,"proxima":301,"anterior":299,"total_registros":4725,"total_paginas":394},"itens":[{"id":4515,"categoria_id":"19","categoria":{"id":19,"nome":"ASSIST\u00caNCIA"},"autor_id":"1526305","autor_show":1,"titulo":"Semana da P\u00e1tria e Desfile C\u00edvico","slug":"semana-da-patria-e-desfile-civico","subtitulo":"A Administra\u00e7\u00e3o Municipal de Itabaiana por meio da Secretaria Municipal de Educa\u00e7\u00e3o convida o com\u00e9rcio, entidades, igrejas e o povo em geral para participar do Desfile C\u00edvico em Comemora\u00e7\u00e3o aos 193 anos de Independ\u00eancia do Brasil.","descricao":"Semana da P\u00e1tria e Desfile C\u00edvico","imagem":"\/img\/imagem\/14764-d3i1n7c4q6s8p9v6.jpg,\/img\/imagem\/media_14764-d3i1n7c4q6s8p9v6.jpg,\/img\/imagem\/thumb_14764-d3i1n7c4q6s8p9v6.jpg,\/img\/imagem\/thumb_fix_14764-d3i1n7c4q6s8p9v6.jpg","texto":"\u003Cp style=\u0022text-align: justify;\u0022 class=\u0022fr-tag\u0022\u003EA Administra\u00e7\u00e3o Municipal de Itabaiana por meio da Secretaria Municipal de Educa\u00e7\u00e3o convida o com\u00e9rcio, entidades, igrejas e o povo em geral para participar do Desfile C\u00edvico em Comemora\u00e7\u00e3o aos 193 anos de Independ\u00eancia do Brasil na pr\u00f3xima segunda-feira, dia 07.\u003Cbr\u003E\u003Cbr\u003E O desfile contar\u00e1 com a participa\u00e7\u00e3o de escolas das Redes Municipal e Estadual de ensino. A Concentra\u00e7\u00e3o ser\u00e1 na Pra\u00e7a Fausto Cardoso, com previs\u00e3o de in\u00ed\u00adcio as 15h, fazendo o mesmo itiner\u00e1rio dos anos anteriores, ou seja, percorrendo as avenidas Ivo de Carvalho e Luiz Magalh\u00e3es.\u003Cbr\u003E\u003Cbr\u003E \u003Cimg class=\u0022fr-fin fr-tag\u0022 alt=\u0022Image title\u0022 src=\u0022http:\/\/www.acesso.org\/itabaiana\/i\/imagens\/14765-b6p3b9h1b8m3u9q2.jpg\u0022 width=\u0022300\u0022\u003EAo longo da semana sempre as 08 horas acontece o Hasteamento do Pavilh\u00e3o Nacional na Pra\u00e7a Fausto Cardoso com a presen\u00e7a de autoridades, alunos e professores das escolas das redes municipal, estadual e particular de ensino.\u003C\/p\u003E","tags":"noticias,prefeitura,itabaiana","publicacao":"2015-09-02 08:37:15","criado":"2015-09-02 08:37:15","alterado":"2015-09-02 08:44:23"},{"id":4514,"categoria_id":"22","categoria":{"id":22,"nome":"MEIO AMBIENTE"},"autor_id":"1526304","autor_show":1,"titulo":"OPERA\u00c7\u00c3O TAPA BURACO NO BAIRRO MARIANGA","slug":"operacao-tapa-buraco-no-bairro-marianga","descricao":"OPERA\u00c7\u00c3O TAPA BURACO NO BAIRRO MARIANGA","imagem":"\/img\/imagem\/14763-k7m1j3g5z3q4b4h6.jpg,\/img\/imagem\/media_14763-k7m1j3g5z3q4b4h6.jpg,\/img\/imagem\/thumb_14763-k7m1j3g5z3q4b4h6.jpg,\/img\/imagem\/thumb_fix_14763-k7m1j3g5z3q4b4h6.jpg","texto":"\u003Cp class=\u0022fr-tag\u0022\u003EOPERA\u00c7\u00c3O TAPA BURACO NO BAIRRO\u0026nbsp;MARIANGA\u0026nbsp;\u003C\/p\u003E\u003Cp class=\u0022fr-tag\u0022\u003E\u0026nbsp;A prefeitura de Itabaiana, atrav\u00e9s da Secretaria Municipal de obras segue desenvolvendo a opera\u00e7\u00e3o \u201ctapa buracos\u201d. Nesta ter\u00e7a-feira, as equipes atuaram no bairro Marianga. Conforme explicou o secret\u00e1rio Moacir Santana, esta a\u00e7\u00e3o foi prejudicada no per\u00edodo durante o qual as chuvas em Itabaiana foram constantes, mas retomada t\u00e3o logo o tempo melhorou. Segundo ele, a determina\u00e7\u00e3o do prefeito Valmir de Francisquinho \u00e9 estender o trabalho a todos os bairros e art\u00e9rias onde se fa\u00e7a necess\u00e1rio, para proporcionar uma melhor fluidez no tr\u00e2nsito.\u0026nbsp;\u003C\/p\u003E\u003Cp class=\u0022fr-tag\u0022\u003E\u0026nbsp;Prefeitura de Itabaiana\u0026nbsp;\u003C\/p\u003E\u003Cp class=\u0022fr-tag\u0022\u003EForte como o seu povo\u003C\/p\u003E","tags":"noticias,prefeitura,itabaiana","publicacao":"2015-09-01 12:27:59","criado":"2015-09-01 12:27:59","alterado":"2015-09-01 13:33:01"},{"id":4513,"categoria_id":"16","categoria":{"id":16,"nome":"SEGURAN\u00c7A"},"autor_id":"1526306","autor_show":1,"titulo":"PREFEITO ABRE OFICIALMENTE PROGRAMA\u00c7\u00c3O DA SEMANA DA P\u00c1TRIA EM ITABAIANA","slug":"prefeito-sobre-oficialmente-programacao-da-semana-da-patria-em-itabaiana","subtitulo":"O prefeito Valmir de Francisquinho abriu oficialmente a programa\u00e7\u00e3o oficial da Prefeitura de Itabaiana em comemora\u00e7\u00e3o a Semana da P\u00e1tria.","descricao":"PREFEITO ABRE OFICIALMENTE PROGRAMA\u00c7\u00c3O DA SEMANA DA P\u00c1TRIA EM ITABAIANA","imagem":"\/img\/imagem\/14759-e4h8w3e4z4w5k9f7.jpg,\/img\/imagem\/media_14759-e4h8w3e4z4w5k9f7.jpg,\/img\/imagem\/thumb_14759-e4h8w3e4z4w5k9f7.jpg,\/img\/imagem\/thumb_fix_14759-e4h8w3e4z4w5k9f7.jpg","texto":"\u003Cp class=\u0022fr-tag\u0022\u003E\u003Cspan style=\u0022line-height: 19.6000003814697px;\u0022\u003EO prefeito Valmir de Francisquinho abriu oficialmente a programa\u00e7\u00e3o oficial da Prefeitura de Itabaiana em comemora\u00e7\u00e3o a Semana da P\u00e1tria. A solenidade ocorreu com o hasteamento das bandeiras do Brasil, Sergipe e do Munic\u00edpio, ao som do Hino Nacional do Brasil executado pela Filarm\u00f4nica Nossa Senhora da Concei\u00e7\u00e3o.\u003Cimg class=\u0022fr-fin fr-tag\u0022 alt=\u0022Image title\u0022 src=\u0022http:\/\/www.acesso.org\/itabaiana\/i\/imagens\/14761-w9i8a5q4u9p3f3c7.jpg\u0022 width=\u0022251\u0022\u003E\u003C\/span\u003E\u003Cbr\u003E\u003C\/p\u003E\u003Cp class=\u0022fr-tag\u0022\u003EAbrilhantaram a solenidade alunos das escolas municipais Maria Irene Tavares, 30 de Agosto,\u003Cspan\u003E\u0026nbsp;\u003C\/span\u003E\u003Cspan\u003ERenascer, Creche Vov\u00f3 Nininha e Col\u00e9gio Arco Iris, que inclusive executaram o Hino de Itabaiana ao som de flautas. Presentes a vice-prefeita Maria de Lourdes Machado, deputada estadual Maria Mendon\u00e7a, presidente da C\u00e2mara de Vereadores, Jos\u00e9 Roberto, vereador Jo\u00e3o C\u00e2ndido, secret\u00e1rios municipais Bombeiros Civis e representantes da sociedade civil organizada.\u003Cimg class=\u0022fr-image-dropped fr-fin fr-tag\u0022 alt=\u0022Image title\u0022 src=\u0022http:\/\/www.acesso.org\/itabaiana\/i\/imagens\/14760-g1j5c2a2m2f5s5z8.jpg\u0022 width=\u0022241\u0022\u003E\u003C\/span\u003E\u003C\/p\u003E\u003Cp class=\u0022fr-tag\u0022\u003EA programa\u00e7\u00e3o, elaborada pela Secretaria Municipal da Educa\u00e7\u00e3o prossegue durante toda semana, com hasteamento das bandeiras, diariamente, em frente ao pr\u00e9dio da prefeitura, na Pra\u00e7a Fausto Cardoso, culminando com o Desfile C\u00edvico no dia 7 de setembro, a partir das 15h nas avenidas Ivo de Carvalho e Dr. Luis de Magalh\u00e3es.\u003C\/p\u003E\u003Cp class=\u0022fr-tag\u0022\u003EFotos: Jedilson Messias SECOM_ITA\u003C\/p\u003E","tags":"noticias,prefeitura,itabaiana","publicacao":"2015-09-01 09:54:17","criado":"2015-09-01 09:54:17","alterado":"2015-09-01 12:54:35"},{"id":4512,"categoria_id":"17","categoria":{"id":17,"nome":"TR\u00c2NSITO"},"autor_id":"1526305","autor_show":1,"titulo":"TV Sergipe presta homenagem aos 127 anos de Itabaiana","slug":"tv-sergipe-presta-homenagem-aos-127-anos-de-itabaiana","subtitulo":"Atendendo solicita\u00e7\u00e3o do prefeito Valmir de Francisquinho, a dire\u00e7\u00e3o da TV Sergipe fez uma cobertura jornal\u00edstica especial sobre os 127 anos de Itabaiana.","descricao":"TV Sergipe presta homenagem aos 127 anos de Itabaiana","imagem":"\/img\/imagem\/14757-h3e4c5c5t2n7s8r7.jpg,\/img\/imagem\/media_14757-h3e4c5c5t2n7s8r7.jpg,\/img\/imagem\/thumb_14757-h3e4c5c5t2n7s8r7.jpg,\/img\/imagem\/thumb_fix_14757-h3e4c5c5t2n7s8r7.jpg","texto":"\u003Cp class=\u0022fr-tag\u0022\u003EAtendendo solicita\u00e7\u00e3o do prefeito Valmir de Francisquinho, a dire\u00e7\u00e3o da TV Sergipe fez uma cobertura jornal\u00edstica especial sobre os 127 anos de Itabaiana. Durante uma semana os telejornais da emissora exibiram reportagens especiais sobre os costumes, tradi\u00e7\u00f5es, for\u00e7a do trabalho do seu povo, culin\u00e1ria, pontos tur\u00edsticos, cultura e o progresso da cidade que mais cresce no Nordeste.\u003C\/p\u003E\u003Cp class=\u0022fr-tag\u0022\u003EO SE TV 1\u00aa edi\u00e7\u00e3o foi exibido ao vivo da pra\u00e7a Fausto Cardoso sob o comando do jornalista Ricardo Marques. O prefeito Valmir de Francisquinho foi o entrevistado especial do programa, que mostrou a Filarm\u00f4nica Nossa Senhora da Concei\u00e7\u00e3o, teatro, quadrilha, violeiros, artistas pl\u00e1sticos e o povo itabaianense.\u003C\/p\u003E\u003Cp class=\u0022fr-tag\u0022\u003E\u003Cimg class=\u0022fr-fin fr-tag\u0022 alt=\u0022Image title\u0022 src=\u0022http:\/\/www.acesso.org\/itabaiana\/i\/imagens\/14758-n5u8t9k2b6i7b9w8.jpg\u0022 width=\u0022300\u0022\u003E\u003C\/p\u003E\u003Cp class=\u0022fr-tag\u0022\u003ENa oportunidade o prefeito Valmir e a deputada Maria Mendon\u00e7a entegaram uma placa de agradecimento a Albano Franco pelo bel\u00edssimo trabalho prestado pela TV Sergipe  a cidade de Itabaiana.\u003Cbr\u003E\u003C\/p\u003E","tags":"noticias,prefeitura,itabaiana","publicacao":"2015-08-31 14:48:12","criado":"2015-08-31 14:48:12","alterado":"2015-08-31 14:53:51"},{"id":4511,"categoria_id":"19","categoria":{"id":19,"nome":"ASSIST\u00caNCIA"},"autor_id":"1526305","autor_show":1,"titulo":"PREFEITO ENTREGA CRECHE COM PRESEN\u00c7A DO PRESIDENTE DO FNDE","slug":"tv-sergipe-homenageou-os-127-anos-de-itabaiana","subtitulo":"A presen\u00e7a do presidente do FNDE \u2013 Fundo Nacional de Desenvolvimento Estudantil, Idilvani Alencar mostra a import\u00e2ncia destas a\u00e7\u00f5es que contaram com recursos do Governo Federal e do pr\u00f3prio munic\u00edpio.","descricao":"PREFEITO ENTREGA CRECHE COM PRESEN\u00c7A DO PRESIDENTE DO FNDE","imagem":"\/img\/imagem\/14753-v5p5v3c5t1z4k6n8.jpg,\/img\/imagem\/media_14753-v5p5v3c5t1z4k6n8.jpg,\/img\/imagem\/thumb_14753-v5p5v3c5t1z4k6n8.jpg,\/img\/imagem\/thumb_fix_14753-v5p5v3c5t1z4k6n8.jpg","texto":"\u003Cp class=\u0022fr-tag\u0022\u003EO prefeito de Itabaiana, Valmir de Francisquinho, entregou oficialmente mais duas obras que melhoram a qualidade de vida da popula\u00e7\u00e3o. A quadra esportiva coberta Jos\u00e9 Pereira da Silva e a escola creche John Leno Cunha da Mota, ambas no bairro Sitio Porto. A presen\u00e7a do presidente do FNDE \u2013 Fundo Nacional de Desenvolvimento Estudantil, Idilvani Alencar mostra a import\u00e2ncia destas a\u00e7\u00f5es que contaram com recursos do Governo Federal e do pr\u00f3prio munic\u00edpio.\u003C\/p\u003E\u003Cp class=\u0022fr-tag\u0022\u003ENa quadra, integrada a Escola Municipal Clara Meireles, a emo\u00e7\u00e3o dos familiares do homenageado, alunos, professores e da comunidade, que a partir de agora tem um local decente e com toda estrutura para a pr\u00e1tica esportiva.\u003C\/p\u003E\u003Cp class=\u0022fr-tag\u0022\u003ENa escola creche, a confirma\u00e7\u00e3o do compromisso da administra\u00e7\u00e3o Forte como seu povo com a Educa\u00e7\u00e3o. O presidente do FNDE visitou todas as depend\u00eancias da escola e se confessou encantado com a constru\u00e7\u00e3o. Na oportunidade disse ao prefeito Valmir que fazia quest\u00e3o de levar todo registro fotogr\u00e1fico para a presidente Dilma Rousseff.\u003C\/p\u003E\u003Cp class=\u0022fr-tag\u0022\u003EUsaram a palavra, al\u00e9m do prefeito Valmir, a Secret\u00e1ria Municipal de Educa\u00e7\u00e3o, Carminha Mendon\u00e7a, a deputada estadual Maria Mendon\u00e7a, deputado federal Andr\u00e9 Moura e o pr\u00f3prio presidente do FNDE.\u003C\/p\u003E\u003Cp class=\u0022fr-tag\u0022\u003EEssa obra iniciou na administra\u00e7\u00e3o da ent\u00e3o prefeita Maria Mendon\u00e7a, ficou quatro anos paralisada durante a gest\u00e3o passada e finalmente agora, com Valmir de Francisquinho, o sonho de torna \u003Cimg class=\u0022fr-image-dropped fr-fin fr-tag\u0022 alt=\u0022Image title\u0022 src=\u0022http:\/\/www.acesso.org\/itabaiana\/i\/imagens\/14754-b7x1e6u2q6c1b2v7.jpg\u0022 width=\u0022300\u0022\u003Erealidade. Mais de 140 crian\u00e7as ser\u00e3o beneficiadas na escola creche, que conta com salas de leitura, ber\u00e7\u00e1rios, salas de aula, inform\u00e1tica, refeit\u00f3rio, parque infantil, cozinha, \u00e1rea de recrea\u00e7\u00e3o, dentre outras.\u003C\/p\u003E\u003Cp class=\u0022fr-tag\u0022\u003E\u003Cimg class=\u0022fr-fin fr-tag\u0022 alt=\u0022Image title\u0022 src=\u0022http:\/\/www.acesso.org\/itabaiana\/i\/imagens\/14755-v9i1m5v4m3d3a6q3.jpg\u0022 width=\u0022300\u0022\u003E\u003C\/p\u003E\u003Cp class=\u0022fr-tag\u0022\u003E\u003Cimg class=\u0022fr-fin fr-tag\u0022 alt=\u0022Image title\u0022 src=\u0022http:\/\/www.acesso.org\/itabaiana\/i\/imagens\/14756-z3v2v7h8z1n7q4w7.jpg\u0022 width=\u0022300\u0022\u003E\u003C\/p\u003E\u003Cp class=\u0022fr-tag\u0022\u003E\u003Cbr\u003E\u003C\/p\u003E\u003Cp class=\u0022fr-tag\u0022\u003E\u003Cbr\u003E\u003C\/p\u003E","tags":"noticias,prefeitura,itabaiana","publicacao":"2015-08-31 14:31:43","criado":"2015-08-31 14:31:43","alterado":"2015-08-31 14:46:24"},{"id":4510,"categoria_id":"22","categoria":{"id":22,"nome":"MEIO AMBIENTE"},"autor_id":"1526305","autor_show":1,"titulo":"Defesa civil Alerta","slug":"defesa-civil-alerta","subtitulo":"Para evitar que o pior aconte\u00e7a, a Defesa Civil Municipal conversou com o propriet\u00e1rio dos im\u00f3veis localizados na Avenida Engenheiro Carlos Reis e solicitou de forma definitiva a demoli\u00e7\u00e3o dos mesmos.","descricao":"Defesa civil Alerta","imagem":"\/img\/imagem\/14752-z6m7d8x9b1v5v7z4.jpg,\/img\/imagem\/media_14752-z6m7d8x9b1v5v7z4.jpg,\/img\/imagem\/thumb_14752-z6m7d8x9b1v5v7z4.jpg,\/img\/imagem\/thumb_fix_14752-z6m7d8x9b1v5v7z4.jpg","texto":"\u003Cp style=\u0022text-align: justify;\u0022 class=\u0022fr-tag\u0022\u003EPara evitar que o pior aconte\u00e7a, a Defesa Civil Municipal conversou com o propriet\u00e1rio dos im\u00f3veis localizados na Avenida Engenheiro Carlos Reis e solicitou de forma definitiva a demoli\u00e7\u00e3o dos mesmos.\u003C\/p\u003E\u003Cp style=\u0022text-align: justify;\u0022 class=\u0022fr-tag\u0022\u003E*Relembre o fato: H\u00e1 10 anos, num dia chuvoso, o piso destes im\u00f3veis cedeu, abrindo uma cratera e expondo o canal que passa por baixo. Na \u00e9poca, duas pessoas ca\u00edram dentro e tiveram ferimentos leves. Nestes 10 anos, os im\u00f3veis permaneceram interditados e nenhuma provid\u00eancia havia sido tomada. Sua estrutura vinha se deteriorando podendo desabar a qualquer momento e atingir os im\u00f3veis vizinhos. Sendo assim, o munic\u00edpio de Itabaiana atrav\u00e9s de sua Defesa Civil, resolveu atender \u00e0s reivindica\u00e7\u00f5es e solucionar definitivamente o problema de forma a garantir a integridade f\u00edsica de todos que moram nas proximidades. \u003C\/p\u003E","tags":"noticias,prefeitura,itabaiana","publicacao":"2015-08-31 14:26:43","criado":"2015-08-31 14:26:43","alterado":"2015-08-31 14:28:21"},{"id":4509,"categoria_id":"19","categoria":{"id":19,"nome":"ASSIST\u00caNCIA"},"autor_id":"1526305","autor_show":1,"titulo":"Novo Curso do Pronatec","slug":"novo-curso-do-pronatec","subtitulo":"Aten\u00e7\u00e3o, est\u00e3o abertas as inscri\u00e7\u00f5es para a turma de Eletricista Instalador Predial de Baixa Tens\u00e3o pelo PRONATEC. As inscri\u00e7\u00f5es deram inicio no dia de hoje, quinta-feira, 27.08.2015. As inscri\u00e7\u00f5es s\u00f3 ser\u00e3o realizadas presencialmente.","descricao":"Novo Curso do Pronatec","imagem":"\/img\/imagem\/14751-y8u2p7p4p9g7t9x2.jpg,\/img\/imagem\/media_14751-y8u2p7p4p9g7t9x2.jpg,\/img\/imagem\/thumb_14751-y8u2p7p4p9g7t9x2.jpg,\/img\/imagem\/thumb_fix_14751-y8u2p7p4p9g7t9x2.jpg","texto":"\u003Cp style=\u0022text-align: justify;\u0022 class=\u0022fr-tag\u0022\u003EAten\u00e7\u00e3o, est\u00e3o abertas as inscri\u00e7\u00f5es para a turma de Eletricista Instalador Predial de Baixa Tens\u00e3o pelo PRONATEC. As inscri\u00e7\u00f5es deram inicio no dia de hoje, quinta-feira, 27.08.2015. As inscri\u00e7\u00f5es s\u00f3 ser\u00e3o realizadas presencialmente. \u003C\/p\u003E\u003Cp style=\u0022text-align: justify;\u0022 class=\u0022fr-tag\u0022\u003EAs matr\u00edculas est\u00e3o sendo realizadas na sede do Pronatec, localizada, na Rua: Quintino de Lacerda S\/N (C.T.P). Para a realiza\u00e7\u00e3o do ato da matr\u00edcula o candidato deve estar munidos com a seguinte documenta\u00e7\u00e3o: \u003C\/p\u003E\u003Cp style=\u0022text-align: justify;\u0022 class=\u0022fr-tag\u0022\u003E- C.P.F; \u003C\/p\u003E\u003Cp style=\u0022text-align: justify;\u0022 class=\u0022fr-tag\u0022\u003E- Carteira de Identidade;\u003C\/p\u003E\u003Cp style=\u0022text-align: justify;\u0022 class=\u0022fr-tag\u0022\u003E- Comprovante de Resid\u00eancia;\u003C\/p\u003E\u003Cp style=\u0022text-align: justify;\u0022 class=\u0022fr-tag\u0022\u003E- Comprovante de Resid\u00eancia;\u003C\/p\u003E\u003Cp style=\u0022text-align: justify;\u0022 class=\u0022fr-tag\u0022\u003E- Comprovante de Escolaridade (ENSINO FUNDAMENTAL COMPLETO);\u003C\/p\u003E\u003Cp style=\u0022text-align: justify;\u0022 class=\u0022fr-tag\u0022\u003E- N.I.S (N\u00daMERO DE INSCRI\u00c7\u00c3O SOCIAL);\u003C\/p\u003E\u003Cp style=\u0022text-align: justify;\u0022 class=\u0022fr-tag\u0022\u003E- CONTA CAIXA (F\u00c1CIL, POUPAN\u00c7A, CORRENTE)\u003C\/p\u003E\u003Cp style=\u0022text-align: justify;\u0022 class=\u0022fr-tag\u0022\u003E*Obs: O candidato dever\u00e1 ter acima dos 16 anos completados, menor de idade s\u00f3 poder\u00e1 realizar a inscri\u00e7\u00e3o com os pais ou respons\u00e1vel!\u003C\/p\u003E\u003Cp style=\u0022text-align: justify;\u0022 class=\u0022fr-tag\u0022\u003EO inicio das aulas se dar\u00e1 no dia 21.09.2015 e finalizar\u00e1 02.12.2015! D\u00favidas entrar em contato atrav\u00e9s do (79) 3431-7455.\u0026nbsp;\u003C\/p\u003E","tags":"noticias,prefeitura,itabaiana","publicacao":"2015-08-31 14:19:30","criado":"2015-08-31 14:19:30","alterado":"2015-08-31 14:21:23"},{"id":4507,"autor_id":"1526306","autor_show":1,"titulo":"sdgsgjnsg","slug":"sdgsgjns-g","descricao":"sdgsgjnsg","imagem":"\/img\/imagem\/,\/img\/imagem\/media_,\/img\/imagem\/thumb_,\/img\/imagem\/thumb_fix_","tags":"noticias,prefeitura,itabaiana","publicacao":"2015-08-31 07:51:29","criado":"2015-08-31 07:51:29","alterado":"-0001-11-30 00:00:00"},{"id":4503,"categoria_id":"17","categoria":{"id":17,"nome":"TR\u00c2NSITO"},"autor_id":"1526305","autor_show":1,"titulo":"Programa\u00e7\u00e3o de Anivers\u00e1rio: Anivers\u00e1rio dos 127 Anos","slug":"programacao-de-aniversario-aniversario-dos-127-anos","subtitulo":"A solenidade de hasteamento das bandeiras do Brasil, Sergipe e do Munic\u00edpio marcou a abertura oficial da programa\u00e7\u00e3o que comemora os 127 anos de Itabaiana, na manh\u00e3 desta sexta-feira, 28.","descricao":"Programa\u00e7\u00e3o de Anivers\u00e1rio: Anivers\u00e1rio dos 127 Anos","imagem":"\/img\/imagem\/14732-y8b5m6j6g7p8e1t3.jpg,\/img\/imagem\/media_14732-y8b5m6j6g7p8e1t3.jpg,\/img\/imagem\/thumb_14732-y8b5m6j6g7p8e1t3.jpg,\/img\/imagem\/thumb_fix_14732-y8b5m6j6g7p8e1t3.jpg","texto":"\u003Cp style=\u0022text-align: justify;\u0022 class=\u0022fr-tag\u0022\u003EA solenidade de hasteamento das bandeiras do Brasil, Sergipe e do Munic\u00edpio marcou a abertura oficial da programa\u00e7\u00e3o que comemora os 127 anos de Itabaiana, na manh\u00e3 desta sexta-feira, 28. Presidiu o ato a vice-prefeita Maria de Lourdes Machado Bispo, representando o prefeito Valmir dos Santos Costa (Valmir de Francisquinho).\u003C\/p\u003E\u003Cp class=\u0022fr-tag\u0022\u003E\u003Cimg class=\u0022fr-fin fr-tag\u0022 alt=\u0022Image title\u0022 src=\u0022http:\/\/www.acesso.org\/itabaiana\/i\/imagens\/14734-i1e9u9p1b4w1g9s5.jpg\u0022 width=\u0022300\u0022\u003E\u003C\/p\u003E\u003Cp style=\u0022text-align: justify;\u0022 class=\u0022fr-tag\u0022\u003ENa oportunidade a vice-prefeita destacou a import\u00e2ncia de Itabaiana para o Estado de Sergipe, gra\u00e7as \u00e0 for\u00e7a de trabalho do seu povo e reafirmou o compromisso da administra\u00e7\u00e3o de continuar trabalhando por uma melhor qualidade de vida para todos.\u003C\/p\u003E\u003Cp style=\u0022text-align: justify;\u0022 class=\u0022fr-tag\u0022\u003EMARIA MENDON\u00c7A\u003C\/p\u003E\u003Cp style=\u0022text-align: justify;\u0022 class=\u0022fr-tag\u0022\u003EFez uso da palavra a deputada estadual Maria Mendon\u00e7a, que saudou todo povo do munic\u00edpio aniversariante, destacou a import\u00e2ncia da SOFIVA (Sociedade Filarm\u00f4nica Vinte e Oito de Agosto), tamb\u00e9m fazendo anivers\u00e1rio de funda\u00e7\u00e3o neste dia e lembrou que Itabaiana \u00e9 muito bem servida de m\u00fasicos, destacando ainda a atua\u00e7\u00e3o da Filarm\u00f4nica Nossa Senhora da Concei\u00e7\u00e3o que, a exemplo da SOFIVA, orgulha o itabaianense.\u003C\/p\u003E\u003Cp style=\u0022text-align: justify;\u0022 class=\u0022fr-tag\u0022\u003EMaria ainda destacou o trabalho do prefeito Valmir de Francisquinho \u00e0 frente da Administra\u00e7\u00e3o do munic\u00edpio, afirmando que Itabaiana tem muito que comemorar. \u201cS\u00e3o muitas obras e a\u00e7\u00f5es que melhoram a vida do nosso povo\u201d, disse.\u003C\/p\u003E\u003Cp style=\u0022text-align: justify;\u0022 class=\u0022fr-tag\u0022\u003ECANDIDO\u003C\/p\u003E\u003Cp style=\u0022text-align: justify;\u0022 class=\u0022fr-tag\u0022\u003EO vereador Jo\u00e3o C\u00e2ndido parabenizou a SOFIVA, inclusive pela sua apresenta\u00e7\u00e3o na TV Sergipe  e lembrou que Itabaiana, nos seus 127 anos tem realmente o que comemorar, pois vive um dos melhores momentos com uma administra\u00e7\u00e3o s\u00e9ria, competente e voltada para a melhoria da qualidade de vida da popula\u00e7\u00e3o.\u003C\/p\u003E\u003Cp style=\u0022text-align: justify;\u0022 class=\u0022fr-tag\u0022\u003EHOMENAGEM\u003C\/p\u003E\u003Cp class=\u0022fr-tag\u0022\u003E\u003Cimg class=\u0022fr-fin fr-tag\u0022 alt=\u0022Image title\u0022 src=\u0022http:\/\/www.acesso.org\/itabaiana\/i\/imagens\/14733-x3u8w7q7g5t2c8p9.jpg\u0022 width=\u0022300\u0022\u003E\u003C\/p\u003E\u003Cp style=\u0022text-align: justify;\u0022 class=\u0022fr-tag\u0022\u003ETamb\u00e9m durante a solenidade, a Secret\u00e1ria de Desenvolvimento Social, rose Chagas entregou uma placa comemorativa em homenagem aos quatro anos de funda\u00e7\u00e3o da SOFIVA. Receberam a honraria, o seu presidente de honra, Jos\u00e9 Hip\u00f3lito dos Santos, o primeiro presidente Anilson de Oliveira Santos e o atual presidente Anderson da Silva Nascimento.\u003C\/p\u003E","tags":"noticias,prefeitura,itabaiana","publicacao":"2015-08-29 07:35:45","criado":"2015-08-29 07:35:45","alterado":"2015-08-29 07:41:12"},{"id":4502,"categoria_id":"25","autor_id":"1526305","autor_show":1,"titulo":"SMTT Desenvolve Semana do Tr\u00e2nsito de 18 a 25 de Setembro","slug":"smtt-desenvolve-semana-do-transito-de-18-a-25-de-setembro","subtitulo":"A SMTT de Itabaiana estar\u00e1 desenvolvendo o projeto da Semana Nacional de Tr\u00e2nsito, a tem\u00e1tica desse ano \u00e9: \u0026quot;D\u00e9cada Mundial de A\u00e7\u00f5es Para a Seguran\u00e7a no Tr\u00e2nsito - 2011\/2020: Seja VOC\u00ca a mudan\u00e7a no Tr\u00e2nsito.\u0026quot;","descricao":"SMTT Desenvolve Semana do Tr\u00e2nsito de 18 a 25 de Setembro","imagem":"\/img\/imagem\/14731-u7y4y5c1m9c4d2p9.jpg,\/img\/imagem\/media_14731-u7y4y5c1m9c4d2p9.jpg,\/img\/imagem\/thumb_14731-u7y4y5c1m9c4d2p9.jpg,\/img\/imagem\/thumb_fix_14731-u7y4y5c1m9c4d2p9.jpg","texto":"\u003Cp style=\u0022text-align: justify;\u0022 class=\u0022fr-tag\u0022\u003EA SMTT de Itabaiana estar\u00e1 desenvolvendo o projeto da Semana Nacional de Tr\u00e2nsito, a tem\u00e1tica desse ano \u00e9: \u0022D\u00e9cada Mundial de A\u00e7\u00f5es Para a Seguran\u00e7a no Tr\u00e2nsito - 2011\/2020: Seja VOC\u00ca a mudan\u00e7a no Tr\u00e2nsito.\u0022\u003C\/p\u003E\u003Cp style=\u0022text-align: justify;\u0022 class=\u0022fr-tag\u0022\u003E\u003Cbr\u003EPrevista na Lei 9.503, de 23 de setembro de 1997 \u2013 C\u00f3digo de Tr\u00e2nsito Brasileiro, a Semana Nacional de Tr\u00e2nsito, a Semana Nacional \u00e9 comemorada entre os dias 18 e 25 de setembro, com a finalidade de conscientizar a sociedade, com vistas \u00e0 internaliza\u00e7\u00e3o de valores que contribuam para a cria\u00e7\u00e3o de um ambiente favor\u00e1vel ao atendimento de seu compromisso com a \u0022valoriza\u00e7\u00e3o da vida\u0022 focando o desenvolvimento de valores, posturas e atitudes, no sentido de garantir o direito de ir e vir dos cidad\u00e3os.\u003C\/p\u003E\u003Cp style=\u0022text-align: justify;\u0022 class=\u0022fr-tag\u0022\u003E\u003Cbr\u003ESer\u00e3o desenvolvidas a\u00e7\u00f5es ao longo da semana e principalmente no dia 23\/09\/2015. Est\u00e1 confirmada a parceria com a Secretaria de A\u00e7\u00e3o social, com a\u00e7\u00f5es previstas do Pronatec (Corte de Cabelo e Manicure - Gratuito) e Bolsa fam\u00edlia; com a Secretaria de Sa\u00fade, com a\u00e7\u00f5es previstas das equipes da Aten\u00e7\u00e3o B\u00e1sica (press\u00e3o arterial e Glicemia), do CTA (teste r\u00e1pido de HIV e S\u00edfilis), Vacina\u00e7\u00e3o e a equipe do NASF; com a ASEG\/DPVAT e com a SAMAM ve\u00edculos. \u003Cbr\u003E\u003Cbr\u003E\u003C\/p\u003E","tags":"noticias,prefeitura,itabaiana","publicacao":"2015-08-26 13:39:29","criado":"2015-08-26 13:39:29","alterado":"2015-08-26 13:40:33"},{"id":4501,"categoria_id":"19","categoria":{"id":19,"nome":"ASSIST\u00caNCIA"},"autor_id":"1526305","autor_show":1,"titulo":"Escola Municipal de Educa\u00e7\u00e3o Infantil ser\u00e1 Entregue a Popula\u00e7\u00e3o Itabaianense nesta quinta","slug":"escola-municipal-de-educacao-infantil-sera-entregue-a-populacao-itabaianense-nesta-quinta","subtitulo":"A Prefeitura de Itabaiana atrav\u00e9s da Gest\u00e3o Forte Como o Seu Povo estar\u00e1 entregando mais duas importantes obras a comunidade itabaianense no pr\u00f3ximo dia 27 de agosto.","descricao":"Escola Municipal de Educa\u00e7\u00e3o Infantil ser\u00e1 Entregue a Popula\u00e7\u00e3o Itabaianense nesta quinta","imagem":"\/img\/imagem\/14728-e8k8u6b1y5u6h4g6.jpg,\/img\/imagem\/media_14728-e8k8u6b1y5u6h4g6.jpg,\/img\/imagem\/thumb_14728-e8k8u6b1y5u6h4g6.jpg,\/img\/imagem\/thumb_fix_14728-e8k8u6b1y5u6h4g6.jpg","texto":"\u003Cp style=\u0022text-align: justify;\u0022 class=\u0022fr-tag\u0022\u003EA Prefeitura de Itabaiana atrav\u00e9s da Gest\u00e3o Forte Como o Seu Povo estar\u00e1 entregando mais duas importantes obras a comunidade itabaianense no pr\u00f3ximo dia 27 de agosto.\u003C\/p\u003E\u003Cp class=\u0022fr-tag\u0022\u003E\u003Cimg class=\u0022fr-fin fr-tag\u0022 alt=\u0022Image title\u0022 src=\u0022http:\/\/www.acesso.org\/itabaiana\/i\/imagens\/14729-e8s7n1g6r2q4d8d5.jpg\u0022 width=\u0022300\u0022\u003E\u003C\/p\u003E\u003Cp style=\u0022text-align: justify;\u0022 class=\u0022fr-tag\u0022\u003EInicialmente \u00e0s 16 horas ser\u00e1 entregue a Quadra Esportiva Coberta Jos\u00e9 Roberto Pereira da Silva na Escola Municipal Professora Clara Meireles Teles. Ainda na mesma tarde ser\u00e1 entregue a Escola Municipal de Educa\u00e7\u00e3o Infantil John Leno Cunha da Mota.\u003C\/p\u003E\u003Cp style=\u0022text-align: justify;\u0022 class=\u0022fr-tag\u0022\u003E\u201cA Escola-creche do Bairro Porto foi mais uma das que encontramos abandonadas pela gest\u00e3o anterior. A partir da inaugura\u00e7\u00e3o centenas de crian\u00e7as estar\u00e3o diariamente nessas salas de aulas que foram projetadas com todo cuidado e carinho para formar os itabaianenses do futuro. Temos a satisfa\u00e7\u00e3o de dizer ao cidad\u00e3o de Itabaiana que mais uma parte do nosso dever est\u00e1 sendo cumprido\u201d, disse Valmir.\u003C\/p\u003E\u003Cp class=\u0022fr-tag\u0022\u003E\u003Cimg class=\u0022fr-fin fr-tag\u0022 alt=\u0022Image title\u0022 src=\u0022http:\/\/www.acesso.org\/itabaiana\/i\/imagens\/14730-g5n6v4v3d9y5j5g4.jpg\u0022 width=\u0022300\u0022\u003E\u003C\/p\u003E\u003Cp style=\u0022text-align: justify;\u0022 class=\u0022fr-tag\u0022\u003E\u003Cbr\u003E\u003C\/p\u003E","tags":"noticias,prefeitura,itabaiana","publicacao":"2015-08-25 18:23:26","criado":"2015-08-25 18:23:26","alterado":"2015-08-25 18:29:07"},{"id":4500,"categoria_id":"17","categoria":{"id":17,"nome":"TR\u00c2NSITO"},"autor_id":"1526304","autor_show":1,"titulo":"Convite","slug":"convite-4","subtitulo":"Confira a Programa\u00e7\u00e3o festiva dos 127 anos de Anivers\u00e1rio de Itabaiana.","descricao":"Convite","imagem":"\/img\/imagem\/14727-v3k8z8f2g9e5s2g5.jpg,\/img\/imagem\/media_14727-v3k8z8f2g9e5s2g5.jpg,\/img\/imagem\/thumb_14727-v3k8z8f2g9e5s2g5.jpg,\/img\/imagem\/thumb_fix_14727-v3k8z8f2g9e5s2g5.jpg","texto":"\u003Cp class=\u0022fr-tag\u0022\u003EConfira a Programa\u00e7\u00e3o festiva dos 127 anos de Anivers\u00e1rio de Itabaiana.\u003C\/p\u003E\u003Cp class=\u0022fr-tag\u0022\u003E\u003Cbr\u003E\u003C\/p\u003E\u003Cp class=\u0022fr-tag\u0022\u003E\u003Cb\u003EDIA27\/08 \u003C\/b\u003E\u003C\/p\u003E\u003Cp class=\u0022fr-tag\u0022\u003EENTREGA DA COMENDA SEBR\u00c3O SOBRINHO\u003C\/p\u003E\u003Cp class=\u0022fr-tag\u0022\u003ELOCAL: C\u00c2MARA DE VEREADORES DE ITABAIANA\u003C\/p\u003E\u003Cp class=\u0022fr-tag\u0022\u003EHOR\u00c1RIO: 19:30H\u003C\/p\u003E\u003Cp class=\u0022fr-tag\u0022\u003E\u003Cb\u003EDIA 28\/08\u003C\/b\u003E\u003C\/p\u003E\u003Cul class=\u0022fr-tag\u0022\u003E  \u003Cli class=\u0022fr-tag\u0022\u003E\u003Cp class=\u0022fr-tag\u0022\u003EHASTEAMENTO DAS BANDEIRAS \u003C\/p\u003E\u003C\/li\u003E\u003C\/ul\u003E\u003Cp class=\u0022fr-tag\u0022\u003ELOCAL \u2013 PREFEITURA MUNICIPAL DE ITABAIANA\u003C\/p\u003E\u003Cp class=\u0022fr-tag\u0022\u003EHOR\u00c1RIO: 8H\u003C\/p\u003E\u003Cul class=\u0022fr-tag\u0022\u003E  \u003Cli class=\u0022fr-tag\u0022\u003E\u003Cp class=\u0022fr-tag\u0022\u003EATIVIDADES ESPORTIVAS\u003C\/p\u003E\u003C\/li\u003E\u003C\/ul\u003E\u003Cp class=\u0022fr-tag\u0022\u003ETORNEIOS DE FUTSAL, DE FUTEVOLEI, FUTEBOL SOCIETY E FUTEBOL DE CAMPO\u003C\/p\u003E\u003Cp class=\u0022fr-tag\u0022\u003ELOCAL: PRA\u00c7A DA JUVENTUDE\u003C\/p\u003E\u003Cp class=\u0022fr-tag\u0022\u003EHOR\u00c1RIO: A PARTIR DAS 8:30H\u003C\/p\u003E\u003Cul class=\u0022fr-tag\u0022\u003E  \u003Cli class=\u0022fr-tag\u0022\u003E\u003Cp class=\u0022fr-tag\u0022\u003EAPRESENTA\u00c7\u00c3O MUSICAL DA BANDA SINF\u00d4NICA DE ITABAIANA AO VIVO NO JORNAL SE 1\u00aa EDI\u00c7\u00c3O DA TV SERGIPE\u003C\/p\u003E\u003C\/li\u003E   \u003Cli class=\u0022fr-tag\u0022\u003E\u003Cp class=\u0022fr-tag\u0022\u003ELOCAL - PRA\u00c7A FAUSTO CARDOSO\u003C\/p\u003E\u003C\/li\u003E   \u003Cli class=\u0022fr-tag\u0022\u003E\u003Cp class=\u0022fr-tag\u0022\u003EHOR\u00c1RIO - 12H\u003C\/p\u003E\u003C\/li\u003E   \u003Cli class=\u0022fr-tag\u0022\u003E\u003Cp class=\u0022fr-tag\u0022\u003EAPRESENTA\u00c7\u00d5ES CULTURAIS\u003C\/p\u003E\u003C\/li\u003E   \u003Cli class=\u0022fr-tag\u0022\u003E\u003Cp class=\u0022fr-tag\u0022\u003E16H \u2013 CHEGAN\u00c7A SANTA CRUZ\u003C\/p\u003E\u003C\/li\u003E   \u003Cli class=\u0022fr-tag\u0022\u003E\u003Cp class=\u0022fr-tag\u0022\u003E16:30H \u2013 QUADRILHA BALAN\u00c7A MAIS N\u00c3O CAI\u003C\/p\u003E\u003C\/li\u003E   \u003Cli class=\u0022fr-tag\u0022\u003E\u003Cp class=\u0022fr-tag\u0022\u003E17:00H \u2013 REISADO BAILE ESTRELA\u003C\/p\u003E\u003C\/li\u003E   \u003Cli class=\u0022fr-tag\u0022\u003E\u003Cp class=\u0022fr-tag\u0022\u003E18:00H \u2013 GRUPO DE BACAMARTEIROS DEAGUADA\u003C\/p\u003E\u003C\/li\u003E   \u003Cli class=\u0022fr-tag\u0022\u003E\u003Cp class=\u0022fr-tag\u0022\u003EMISSA EM A\u00c7\u00c3O DE GRA\u00c7AS\u003C\/p\u003E\u003C\/li\u003E   \u003Cli class=\u0022fr-tag\u0022\u003E\u003Cp class=\u0022fr-tag\u0022\u003ELOCAL \u2013 IGREJA MATRIZ DE SANTO ANT\u00d4NIO \u003C\/p\u003E\u003C\/li\u003E   \u003Cli class=\u0022fr-tag\u0022\u003E\u003Cp class=\u0022fr-tag\u0022\u003EHOR\u00c1RIO \u2013 19:30H\u003C\/p\u003E\u003C\/li\u003E   \u003Cli class=\u0022fr-tag\u0022\u003E\u003Cp class=\u0022fr-tag\u0022\u003ESHOWS ART\u00cdSTICOS\u003C\/p\u003E\u003C\/li\u003E   \u003Cli class=\u0022fr-tag\u0022\u003E\u003Cp class=\u0022fr-tag\u0022\u003ELUCAS MONTEIRO\u003C\/p\u003E\u003C\/li\u003E   \u003Cli class=\u0022fr-tag\u0022\u003E\u003Cp class=\u0022fr-tag\u0022\u003ECHICO QUEIROGA, ANTONIO ROG\u00c9RIO E BANDA\u003C\/p\u003E\u003C\/li\u003E   \u003Cli class=\u0022fr-tag\u0022\u003E\u003Cp class=\u0022fr-tag\u0022\u003ELOCAL \u2013 PRA\u00c7A FAUSTO CARDOSO\u003C\/p\u003E\u003C\/li\u003E   \u003Cli class=\u0022fr-tag\u0022\u003E\u003Cp class=\u0022fr-tag\u0022\u003EHOR\u00c1RIO: 21:00H\u003C\/p\u003E\u003C\/li\u003E   \u003Cli class=\u0022fr-tag\u0022\u003E\u003Cp class=\u0022fr-tag\u0022\u003E\u003Cb\u003EDIA 29\/08\u003C\/b\u003E\u003C\/p\u003E\u003C\/li\u003E   \u003Cli class=\u0022fr-tag\u0022\u003E\u003Cp class=\u0022fr-tag\u0022\u003ECONCERTO COM A ORQUESTRA SINF\u00d4NICA DE ITABAIANA \u2013 COMEMORA\u00c7\u00c3O DOS SEUS 10 ANOS.\u003C\/p\u003E\u003C\/li\u003E   \u003Cli class=\u0022fr-tag\u0022\u003E\u003Cp class=\u0022fr-tag\u0022\u003ELOCAL \u2013 IGREJA NOSSA SENHORA DO CARMO\u003C\/p\u003E\u003C\/li\u003E   \u003Cli class=\u0022fr-tag\u0022\u003E\u003Cp class=\u0022fr-tag\u0022\u003EHOR\u00c1RIO \u2013 20:30H\u003C\/p\u003E\u003C\/li\u003E\u003C\/ul\u003E\u003Cp class=\u0022fr-tag\u0022\u003E\u003Cimg class=\u0022fr-image-dropped fr-fin fr-tag\u0022 alt=\u0022Image title\u0022 src=\u0022http:\/\/www.acesso.org\/itabaiana\/i\/imagens\/14726-g3w5e5x1v7w1a4s1.jpg\u0022 width=\u0022300\u0022\u003E\u003C\/p\u003E\u003Cp class=\u0022fr-tag\u0022\u003E\u003Cbr\u003E\u003C\/p\u003E","tags":"noticias,prefeitura,itabaiana","publicacao":"2015-08-24 11:47:41","criado":"2015-08-24 11:47:41","alterado":"2015-08-24 12:49:20"}],"busca":null}