{"pagina_atualizada_em":"2026-04-24T11:58:34-03:00","categorias":[{"id":13,"nome":"AGRICULTURA","criado":"2023-06-20 10:30:32","alterado":"2023-06-20 10:30:32"},{"id":19,"nome":"ASSIST\u00caNCIA","criado":"2023-08-08 08:58:10","alterado":"2023-08-08 08:58:10"},{"id":8,"nome":"CULTURA","criado":"2021-04-20 12:09:30","alterado":"2021-04-20 12:09:30"},{"id":9,"nome":"ECONOMIA","criado":"2021-04-22 11:53:46","alterado":"2021-04-22 11:53:46"},{"id":2,"nome":"EDUCA\u00c7\u00c3O","criado":"2021-04-20 12:06:51","alterado":"2021-04-20 12:06:51"},{"id":7,"nome":"ESPORTE","criado":"2021-04-20 12:09:22","alterado":"2021-04-20 12:09:22"},{"id":10,"nome":"EVENTO","criado":"2023-05-30 10:57:36","alterado":"2023-05-30 10:57:36"},{"id":11,"nome":"FESTA DOS CAMINHONEIROS","criado":"2023-06-05 12:14:21","alterado":"2023-06-05 12:14:21"},{"id":20,"nome":"FESTIVIDADES","criado":"2023-08-22 12:11:23","alterado":"2023-08-22 12:12:32"},{"id":12,"nome":"INAUGURA\u00c7\u00c3O","criado":"2023-06-16 11:49:28","alterado":"2023-06-16 11:49:28"},{"id":22,"nome":"MEIO AMBIENTE","criado":"2023-10-03 09:43:15","alterado":"2023-10-03 09:43:15"},{"id":21,"nome":"MICARANA 2023","criado":"2023-08-25 08:29:14","alterado":"2023-08-25 08:29:14"},{"id":23,"nome":"NOTA","criado":"2023-11-08 10:15:32","alterado":"2023-11-08 10:15:32"},{"id":3,"nome":"OBRAS","criado":"2021-04-20 12:07:05","alterado":"2021-04-20 12:07:05"},{"id":4,"nome":"OPORTUNIDADE","criado":"2021-04-20 12:07:32","alterado":"2023-10-25 08:11:14"},{"id":15,"nome":"PARCERIA","criado":"2023-06-23 12:20:02","alterado":"2023-06-23 12:20:02"},{"id":5,"nome":"PLANEJAMENTO","criado":"2021-04-20 12:09:05","alterado":"2021-04-20 12:09:05"},{"id":18,"nome":"RELIGIOSIDADE","criado":"2023-08-04 09:29:43","alterado":"2023-08-04 09:29:43"},{"id":1,"nome":"SA\u00daDE","criado":"2021-04-20 12:06:42","alterado":"2021-04-20 12:06:42"},{"id":16,"nome":"SEGURAN\u00c7A","criado":"2023-07-06 13:15:40","alterado":"2023-07-06 13:15:40"},{"id":6,"nome":"SOCIAL","criado":"2021-04-20 12:09:11","alterado":"2021-04-20 12:09:11"},{"id":14,"nome":"TECNOLOGIA","criado":"2023-06-21 11:05:02","alterado":"2023-06-21 11:05:02"},{"id":17,"nome":"TR\u00c2NSITO","criado":"2023-08-01 12:42:59","alterado":"2023-08-01 12:43:08"},{"id":24,"nome":"TURISMO","criado":"2024-03-26 10:52:52","alterado":"2024-03-26 10:52:52"}],"categoria":null,"paginacao":{"atual":375,"proxima":376,"anterior":374,"total_registros":4725,"total_paginas":394},"itens":[{"id":3419,"categoria_id":"12","categoria":{"id":12,"nome":"INAUGURA\u00c7\u00c3O"},"autor_show":1,"titulo":"Prefeitura Inaugura Servi\u00e7o de abastecimento de \u00e1gua no Povoado Taperinha","slug":"prefeitura-inaugura-servico-de-abastecimento-de-agua-no-povoado-taperinha","subtitulo":"Inaugura\u00e7\u00e3o ser\u00e1 neste domingo, dia 10, \u00e0s 10h.","descricao":"Prefeitura Inaugura Servi\u00e7o de abastecimento de \u00e1gua no Povoado Taperinha","imagem":"\/img\/imagem\/12518-j2d9s6t4h7v1f8h9.jpg,\/img\/imagem\/media_12518-j2d9s6t4h7v1f8h9.jpg,\/img\/imagem\/thumb_12518-j2d9s6t4h7v1f8h9.jpg,\/img\/imagem\/thumb_fix_12518-j2d9s6t4h7v1f8h9.jpg","texto":"A Prefeitura Municipal de Itabaiana atrav?s da Secretaria de Agricultura estar? inaugurando no pr?ximo domingo, dia 10, o Servi?o de Abastecimento de ?gua do Povoado Taperinha onde aproximadamente 64 fam?lias ser?o beneficiadas com o projeto que levar? ?gua de qualidade a custo zero aos moradores da regi?o.\u003Cbr \/\u003E\r\n\n?\u003Cbr \/\u003E\r\n\n\u0022Um sonho antigo dessa comunidade que gra?as a Deus estamos podendo realizar. Sinto-me feliz em estar prefeito de Itabaiana e realizando a??es que beneficiam o povo\u0022, disse Valmir de Francisquinho.\u003Cbr \/\u003E\r\n\n?\u003Cbr \/\u003E\r\n\nA Inaugura??o est? marcada para ?s 10 horas.\u003Cbr \/\u003E\r\n\n?","tags":"noticias,prefeitura,itabaiana","publicacao":"2013-11-04 07:49:24","criado":"2013-11-04 07:49:24","alterado":"-0001-11-30 00:00:00"},{"id":3418,"categoria_id":"6","categoria":{"id":6,"nome":"SOCIAL"},"autor_show":1,"titulo":"Projeto Gestante Saud\u00e1vel estar\u00e1 esta Semana no SESP e no Bom Jardim","slug":"projeto-gestante-saudavel-estara-esta-semana-no-sesp-e-no-bom-jardim","subtitulo":"Na pr\u00f3xima quarta-feira, 06, o Projeto Gestante Saud\u00e1vel estar\u00e1 no Centro de Sa\u00fade (SESP), e na quinta-feira no Posto de Sa\u00fade do Povoado Bom Jardim das 08 \u00e0s 12h.","descricao":"Projeto Gestante Saud\u00e1vel estar\u00e1 esta Semana no SESP e no Bom Jardim","imagem":"\/img\/imagem\/12517-f5y6v1i1d5u5t3j5.jpg,\/img\/imagem\/media_12517-f5y6v1i1d5u5t3j5.jpg,\/img\/imagem\/thumb_12517-f5y6v1i1d5u5t3j5.jpg,\/img\/imagem\/thumb_fix_12517-f5y6v1i1d5u5t3j5.jpg","texto":"A equipe do NASF (N?cleo de Apoio ao Programa Sa?de da Fam?lia) da Secretaria de Sa?de de Itabaiana est? desenvolvendo o Projeto Gestante saud?vel cujo objetivo ? orientar as gestantes no quesito alimenta??o, atividade f?sica, cuidados que devem ser mais intensos durante a gravidez, direitos e deveres da gestante, amamenta??o, dentre outros.\u003Cbr \/\u003E\r\n\nNa ?ltima sexta-feira, dia primeiro, as a??es foram realizadas no Posto de Sa?de do Povoado Caja?ba e contou com educadora f?sica, nutricionista, psic?loga, assistente social e fisioterapeuta.\u003Cbr \/\u003E\r\n\nNa pr?xima quarta-feira, 06, o Projeto Gestante Saud?vel estar? no Centro de Sa?de (SESP), e na quinta-feira no Posto de Sa?de do Povoado Bom Jardim das 08 ?s 12h.\u003Cbr \/\u003E\r\n\n?","tags":"noticias,prefeitura,itabaiana","publicacao":"2013-11-04 04:54:24","criado":"2013-11-04 04:54:24","alterado":"-0001-11-30 00:00:00"},{"id":3462,"autor_show":1,"titulo":"Prefeito Decreta Luto Oficial de Sete Dias","slug":"prefeito-decreta-luto-oficial-de-sete-dias","subtitulo":"O decreto \u00e9 em virtude do falecimento do Governador Marcelo D\u00e9da","descricao":"Prefeito Decreta Luto Oficial de Sete Dias","imagem":"\/img\/imagem\/12558-g8v8z9p1p4f1e3x8.jpg,\/img\/imagem\/media_12558-g8v8z9p1p4f1e3x8.jpg,\/img\/imagem\/thumb_12558-g8v8z9p1p4f1e3x8.jpg,\/img\/imagem\/thumb_fix_12558-g8v8z9p1p4f1e3x8.jpg","texto":"Em virtude do Falecimento na madrugada desta segunda-feira, 02, do Governador Marcelo D?da, o Prefeito Valmir de Francisquinho no uso de suas atribui??es legais decreta LUTO OFICIAL DE SETE (07) DIAS no munic?pio de Itabaiana.\u003Cbr \/\u003E\r\n\nO Decreto entra em vigor no dia 02 de dezembro de 2013.\u003Cbr \/\u003E\r\n\n?","tags":"noticias,prefeitura,itabaiana","publicacao":"2013-11-02 09:03:39","criado":"2013-11-02 09:03:39","alterado":"-0001-11-30 00:00:00"},{"id":3461,"categoria_id":"14","categoria":{"id":14,"nome":"TECNOLOGIA"},"autor_show":1,"titulo":"Decora\u00e7\u00e3o Natalina \u00e9 inaugurada em Itabaiana","slug":"decoracao-natalina-e-inaugurada-em-itabaiana","subtitulo":"A decora\u00e7\u00e3o foi inspirada na fraternidade e na harmonia do natal para proporcionar aos mun\u00edcipes mais um natal cheio de luzes.","descricao":"Decora\u00e7\u00e3o Natalina \u00e9 inaugurada em Itabaiana","imagem":"\/img\/imagem\/12557-p2e1b2p5f2q8x2y1.jpg,\/img\/imagem\/media_12557-p2e1b2p5f2q8x2y1.jpg,\/img\/imagem\/thumb_12557-p2e1b2p5f2q8x2y1.jpg,\/img\/imagem\/thumb_fix_12557-p2e1b2p5f2q8x2y1.jpg","texto":"As luzes do natal come?aram a brilhar em Itabaiana. Numa noite de muita luz a prefeitura de Itabaiana entregou neste domingo, 01, a decora??o natalina da Pra?a Fausto Cardoso.\u003Cbr \/\u003E\r\n\nForam acesas as luzes da decora??o instalada na pra?a, proporcionando o clima do natal para a popula??o e os visitantes. A decora??o foi inspirada na fraternidade e na harmonia do natal para proporcionar aos mun?cipes mais um natal cheio de luzes. \u003Cbr \/\u003E\r\n\n\u003Cbr \/\u003E\r\n\n\u003Cbr \/\u003E\r\n\n\u003Cbr \/\u003E\r\n\n\u003Cbr \/\u003E\r\n\nA popula??o itabaianense prestigiou a apresenta??o do Grupo de Flauta doce e Orquestra Experimental - SFNSC lotando a Pra?a Fausto Cardoso. \u003Cbr \/\u003E\r\n\nEste ano al?m da Pra?a Fausto Cardoso receberam decora??o para as festividades de final de ano as Pra?as General Jo?o Pereira e do Conjunto Euclides Paes Mendon?a. A decora??o ficou a cargo da equipe da secretaria de Cultura. \u003Cbr \/\u003E\r\n\nMarcaram presen?a no evento, o Prefeito Valmir de Francisquinho, a deputada Maria Mendon?a, secret?rios municipais, vereadores, dentre outros.\u003Cbr \/\u003E\r\n\nA programa??o prossegue durante este m?s de dezembro. Confira:\u003Cbr \/\u003E\r\n\n02\/12 - Grupo de C?mara ( Quinteto de Metais e Quinteto Sonata) - SFNSC03\/12 - Banda Sinf?nica da Sociedade Filarm?nica Nossa Senhora da Concei??o04\/12 - Banda Jovem da Sociedade Filarm?nica Nossa Senhora da Concei??o05\/12 - Grupo de C?maras ( Quinteto de Trombones e Quarteto de Sax ) - SFNSC06\/12 - Orquestra Sinf?nica de Itabaiana07\/12 - Banda Jovem da Sociedade Filarm?nica Nossa Senhora da Concei??o08\/12 - Orquestra Preparat?ria de Itabaiana- Filarm?nica da Funda??o Pedro Paes Mendon?a de Serra do Machado(Ribeir?polis)- Encerramento da Exposi??o de J. In?cio14\/12 - Concertos Natalinos - Pra?a Chiara Lubich15\/12 - Grupo de Dan?a Olga-Coral Luz e Vida - Grupo da terceira idade - Secretaria de Desenvolvimento Social-Show musical - Cantando sucessos do passado - Salom?o e Banda20\/12 - Show Musical - Kalil e Banda21\/12 - Show Musical - H?lio Lima e Banda22\/12 - Apresenta??o da Banda Sinf?nica da Filarm?nica Nossa Senhora da Concei??o;-Orquestra Sinf?nica de Moita Bonita\u003Cbr \/\u003E\r\n\nNo dia 31 de dezembro na Av. Dr. Luiz Magalh?es Reveillon da Cidadania com as seguintes atra??es:\u003Cbr \/\u003E\r\n\n22:00 - Jailson Lima e Banda (Palco)23:45 - Julinho Porrad?o (Trio)03:00 - Banda Cheia de Manias\u003Cbr \/\u003E\r\n\n\u003Cbr \/\u003E\r\n\n\u003Cbr \/\u003E\r\n\n?","tags":"noticias,prefeitura,itabaiana","publicacao":"2013-11-02 08:57:24","criado":"2013-11-02 08:57:24","alterado":"-0001-11-30 00:00:00"},{"id":3417,"autor_show":1,"titulo":"Prefeito recebe representantes do movimento LGBT","slug":"prefeito-recebe-representantes-do-movimento-lgbt","subtitulo":"Em 2013 ser\u00e1 realizada a 6\u00aa edi\u00e7\u00e3o da Parada Gay em Itabaiana","descricao":"Prefeito recebe representantes do movimento LGBT","imagem":"\/img\/imagem\/12516-x6j1e6d2b8z9i7j7.jpg,\/img\/imagem\/media_12516-x6j1e6d2b8z9i7j7.jpg,\/img\/imagem\/thumb_12516-x6j1e6d2b8z9i7j7.jpg,\/img\/imagem\/thumb_fix_12516-x6j1e6d2b8z9i7j7.jpg","texto":"\u0022Nossa miss?o ? buscar cidadania plena na defesa de gays, l?sbicas, travestis, transexuais e bissexuais no intuito de construir uma sociedade sem qualquer forma de discrimina??o, ficando a livre orienta??o sexual e identidade de g?nero\u0022. ? a mensagem da ASTRA (Direitos Humanos e Cidadania LGBT) que na manh? desta quinta-feira, 31, teve uma comiss?o recebida pelo prefeito Valmir de Francisquinho onde trataram da realiza??o da Parada Gay Itabaianense - Edi??o 2014 e a viabilidade do apoio da prefeitura na realiza??o do evento. \u003Cbr \/\u003E\r\n\n\u0022N?s recebemos os organizadores do evento, ouvimos suas solicita??es e vamos de acordo com as possibilidades do munic?pio viabilizar um apoio da Prefeitura. Por que ? inten??o deste governo dizer ao longo de nosso mandato, que ? contra a homofobia. Vamos ter respeito porque, com ele, somos capazes de vencer o preconceito\u0022, disse o prefeito Valmir de Francisquinho ap?s o t?rmino da reuni?o. \u003Cbr \/\u003E\r\n\nEsta ser? a 6? edi??o do evento. A popula??o sempre acompanha o arrast?o na avenida ao som de bandas destinadas ao p?blico nos moldes da Micarana que ? o Carnaval Itabaianense fora de ?poca e dever? estar retornando ? Avenida em Agosto de 2014. \u003Cbr \/\u003E\r\n\n\u0022Desde 1997, coordenamos a parada LGBT do agreste sergipano que ? realizada em parceria com a Astra, (Associa??o dos direitos humanos e cidadania LGBT) atuamos de forma incisiva na cobran?a de pol?ticas p?blicas que garantam nossos direitos e nossa cidadania\u0022, disse o Radialista Tony Cleverton um dos participantes da reuni?o.\u003Cbr \/\u003E\r\n\nParticiparam tamb?m do encontro a secret?ria de Fazenda Valdirene Rocha e representantes da parada.\u003Cbr \/\u003E\r\n\n?","tags":"noticias,prefeitura,itabaiana","publicacao":"2013-11-01 11:19:38","criado":"2013-11-01 11:19:38","alterado":"-0001-11-30 00:00:00"},{"id":3416,"categoria_id":"6","categoria":{"id":6,"nome":"SOCIAL"},"autor_show":1,"titulo":"Balan\u00e7o do Outubro Rosa e das Atividades do NUSB","slug":"balanco-do-outubro-rosa-e-das-atividades-do-nusb","subtitulo":"A secretaria de sa\u00fade de Itabaiana realizou durante o m\u00eas de Outubro v\u00e1rias atividades de preven\u00e7\u00e3o do C\u00e2ncer de Mama e \u00datero.","descricao":"Balan\u00e7o do Outubro Rosa e das Atividades do NUSB","imagem":"\/img\/imagem\/12515-k7u9t2n6n3u4j8x3.jpg,\/img\/imagem\/media_12515-k7u9t2n6n3u4j8x3.jpg,\/img\/imagem\/thumb_12515-k7u9t2n6n3u4j8x3.jpg,\/img\/imagem\/thumb_fix_12515-k7u9t2n6n3u4j8x3.jpg","texto":"A secretaria de sa?de de Itabaiana realizou durante o m?s de Outubro v?rias atividades de preven??o do C?ncer de Mama e ?tero. Palestras, orienta??o do auto-exame, preventivo do C?ncer do Colo do ?tero (exame de L?mina) e mamografias.\u003Cbr \/\u003E\r\n\nDurante a realiza??o do Outubro Rosa foi intensificada as a??es do cronograma mensal das enfermeiras. Totalizou-se 423 preventivos do C?ncer do Colo do ?tero e 364 marca??es de mamografia.\u003Cbr \/\u003E\r\n\n\u003Cbr \/\u003E\r\n\nAtividades no M?s de Outubro dos Dentistas\u003Cbr \/\u003E\r\n\n\u003Cbr \/\u003E\r\n\nDurante o m?s de outubro de 2013 os cirurgi?es-dentistas da rede municipal de sa?de de Itabaiana realizaram as seguintes atividades:\u003Cbr \/\u003E\r\n\n?\tTotal de usu?rios atendidos nas unidades b?sicas de sa?de e unidade m?vel odontol?gica: 1.923?\tTotal de a??es coletivas de escova??o dental supervisionada nas escolas: 952?\tTotal de a??es coletivas de aplica??o t?pica de fl?or gel nas escolas: 952?\tTotal geral de procedimentos realizados: 4.702\u003Cbr \/\u003E\r\n\n\u003Cbr \/\u003E\r\n\nProjeto Gestante Saud?vel\u003Cbr \/\u003E\r\n\n\u003Cbr \/\u003E\r\n\nA equipe do NASF estar? desenvolvendo nesta sexta-feira, 01, na Unidade de Sa?de do Povoado Caja?ba, o Projeto Gestante Saud?vel.  O objetivo ? orientar as gestantes no quesito alimenta??o, atividade f?sica, cuidados que devem ser mais intensos durante a gravidez, direitos e deveres da gestante, amamenta??o, dentre outros.\u003Cbr \/\u003E\r\n\n?","tags":"noticias,prefeitura,itabaiana","publicacao":"2013-11-01 06:58:15","criado":"2013-11-01 06:58:15","alterado":"-0001-11-30 00:00:00"},{"id":3415,"categoria_id":"8","categoria":{"id":8,"nome":"CULTURA"},"autor_show":1,"titulo":"Prefeito Sanciona Lei Para Idosos","slug":"prefeito-sanciona-lei-para-idosos","subtitulo":"A Secretaria de Desenvolvimento Social realizar\u00e1 o cadastro no Sistema de Cadastramento \u00danico Federal e emitir\u00e1 a Carteira do Idoso.","descricao":"Prefeito Sanciona Lei Para Idosos","imagem":"\/img\/imagem\/,\/img\/imagem\/media_,\/img\/imagem\/thumb_,\/img\/imagem\/thumb_fix_","texto":"Nesta quarta-feira, dia 30, o prefeito Valmir de Francisquinho sancionou e promulgou a lei de n? 1.671, que concede aos idosos gratuidade de entrada no Est?dio de futebol e gin?sios esportivos do munic?pio de Itabaiana-SE.\u003Cbr \/\u003E\r\n\nPara a confec??o da carteira, que ? emitida pelo Governo Federal, o idoso deve levar consigo os seguintes documentos: Comprovante de Resid?ncia, T?tulo de Eleitor, CPF regularizado e Carteira de Identidade.\u003Cbr \/\u003E\r\n\nA Secretaria de Desenvolvimento Social realizar? o cadastro no Sistema de Cadastramento ?nico Federal e emitir? a Carteira do Idoso.\u003Cbr \/\u003E\r\n\nVale salientar que s?o considerados idosos todos aqueles que tiverem idade igual ou superior a 60 anos.\u003Cbr \/\u003E\r\n\n?","tags":"noticias,prefeitura,itabaiana","publicacao":"2013-11-01 05:29:26","criado":"2013-11-01 05:29:26","alterado":"-0001-11-30 00:00:00"},{"id":3414,"categoria_id":"4","categoria":{"id":4,"nome":"OPORTUNIDADE"},"autor_show":1,"titulo":"Prefeitura Continua Trabalho de Melhoramento nas Estradas dos Povoados","slug":"prefeitura-continua-trabalho-de-melhoramento-nas-estradas-dos-povoados","subtitulo":"A prefeitura de Itabaiana, atrav\u00e9s da Secretaria de obras continua realizando obras de melhoramento nas estradas da zona rural da cidade.","descricao":"Prefeitura Continua Trabalho de Melhoramento nas Estradas dos Povoados","imagem":"\/img\/imagem\/12514-e7h9s3p1p4f6d8r2.jpg,\/img\/imagem\/media_12514-e7h9s3p1p4f6d8r2.jpg,\/img\/imagem\/thumb_12514-e7h9s3p1p4f6d8r2.jpg,\/img\/imagem\/thumb_fix_12514-e7h9s3p1p4f6d8r2.jpg","texto":"A prefeitura de Itabaiana, atrav?s da Secretaria de obras continua realizando obras de melhoramento nas estradas da zona rural da cidade. \u003Cbr \/\u003E\r\n\n\u003Cbr \/\u003E\r\n\nFoi realizada a  reconstru??o da malha rural do povoado Cabe?a do Russo que recebeu  em toda a sua extens?o materiais especiais que ir?o garantir a durabilidade e manuten??o da ?rea.\u003Cbr \/\u003E\r\n\n\u003Cbr \/\u003E\r\n\nAs a??es da gest?o municipal t?m garantido o escoamento da produ??o j? que por sua vez, a sede do munic?pio e outras regi?es do estado s?o mantidas economicamente pela distribui??o de alimentos da zona rural do munic?pio.\u003Cbr \/\u003E\r\n\n?","tags":"noticias,prefeitura,itabaiana","publicacao":"2013-10-31 06:32:00","criado":"2013-10-31 06:32:00","alterado":"-0001-11-30 00:00:00"},{"id":3413,"categoria_id":"12","categoria":{"id":12,"nome":"INAUGURA\u00c7\u00c3O"},"autor_show":1,"titulo":"Povoados de Itabaiana s\u00e3o contempladas com \u00e1gua encanada","slug":"povoados-de-itabaiana-sao-contempladas-com-agua-encanada","subtitulo":"A a\u00e7\u00e3o \u00e9 da Prefeitura de Itabaiana atrav\u00e9s da Secretaria de Agricultura do munic\u00edpio.","descricao":"Povoados de Itabaiana s\u00e3o contempladas com \u00e1gua encanada","imagem":"\/img\/imagem\/12513-v7i8k2a1m3y1x3v3.jpg,\/img\/imagem\/media_12513-v7i8k2a1m3y1x3v3.jpg,\/img\/imagem\/thumb_12513-v7i8k2a1m3y1x3v3.jpg,\/img\/imagem\/thumb_fix_12513-v7i8k2a1m3y1x3v3.jpg","texto":"A prefeitura de Itabaiana atrav?s da secretaria da agricultura est? levando ?gua encanada para o povoado Taperinha, zona rural do munic?pio. Cerca de sessenta fam?lias ser?o beneficiadas com o projeto que levar? ?gua de qualidade a custo zero aos moradores da regi?o.\u003Cbr \/\u003E\r\n\n\u003Cbr \/\u003E\r\n\n\u003Cbr \/\u003E\r\n\n\u003Cbr \/\u003E\r\n\n\u003Cbr \/\u003E\r\n\n\u003Cbr \/\u003E\r\n\nO projeto tem por objetivo garantir a qualidade de vida dos moradores da zona rural de Itabaiana estendendo-se tamb?m para outras ?reas rurais do munic?pio, a exemplo do povoado Rio das pedras onde est? sendo constru?do um novo reservat?rio de ?gua garantindo assim a sustentabilidade no per?odo de estiagem prolongada.\u003Cbr \/\u003E\r\n\n?","tags":"noticias,prefeitura,itabaiana","publicacao":"2013-10-31 05:46:36","criado":"2013-10-31 05:46:36","alterado":"-0001-11-30 00:00:00"},{"id":3412,"categoria_id":"10","categoria":{"id":10,"nome":"EVENTO"},"autor_show":1,"titulo":"Grupo de Idosos recebem orienta\u00e7\u00f5es sobre o C\u00e2ncer de Mama","slug":"grupo-de-idosos-recebem-orientacoes-sobre-o-cancer-de-mama","subtitulo":"Numa parceria entre as Secretarias Municipais de Desenvolvimento Social e Sa\u00fade, as senhoras integrantes do grupo de idosos receberam informa\u00e7\u00f5es importantes sobre o c\u00e2ncer de mama e o diagn\u00f3stico precoce.","descricao":"Grupo de Idosos recebem orienta\u00e7\u00f5es sobre o C\u00e2ncer de Mama","imagem":"\/img\/imagem\/12512-c3q6g6m6w9e7d4q1.jpg,\/img\/imagem\/media_12512-c3q6g6m6w9e7d4q1.jpg,\/img\/imagem\/thumb_12512-c3q6g6m6w9e7d4q1.jpg,\/img\/imagem\/thumb_fix_12512-c3q6g6m6w9e7d4q1.jpg","texto":"Outubro Rosa\u003Cbr \/\u003E\r\n\nNuma parceria entre as Secretarias Municipais de Desenvolvimento Social e Sa?de, as senhoras integrantes do grupo de idosos receberam informa??es importantes sobre o c?ncer de mama e o diagn?stico precoce. Essa a??o faz parte das atividades desenvolvidas dentro da programa??o do Outubro Rosa. Al?m das informa??es passadas, as senhoras ter?o consultas agendadas para um acompanhamento mais pr?ximo por profissionais m?dicos.\u003Cbr \/\u003E\r\n\n\u003Cbr \/\u003E\r\n\nCursos\u003Cbr \/\u003E\r\n\n\u003Cbr \/\u003E\r\n\nObjetivando a transforma??o da arte em renda familiar e a autonomia financeira feminina, a Coordenadoria da Mulher em Itabaiana est? promovendo cursos e oficinas para trabalhos manuais e instru??o deste p?blico. S?o trinta vagas ofertadas em cada op??o. As inscri??es s?o gratuitas e est?o ocorrendo na sede da Coordenadoria em anexo a Secretaria do Desenvolvimento Social das 7 ?s 13 horas.\u003Cbr \/\u003E\r\n\nCursos\u003Cbr \/\u003E\r\n\n?         Oficina de Sensibiliza??o: G?nero a Viol?ncia Contra a Mulher\u003Cbr \/\u003E\r\n\n?         Oficina de Sensibiliza??o: Cooperativismo, empreendedorismo e autonomia no mercado de trabalho\u003Cbr \/\u003E\r\n\n?         Curso de Modelagem em Gesso\u003Cbr \/\u003E\r\n\n?         Curso de Modelagem em Biscuit\u003Cbr \/\u003E\r\n\n?         Curso de Produ??o de Alimentos\u003Cbr \/\u003E\r\n\n?         Curso de Corte e Costura (modelagem industrial e confec??o de roupas com cria??o e capacita??o da cooperativa)\u003Cbr \/\u003E\r\n\n?         Curso de Confec??o de Bolsas de Tecidos e Chinelos\u003Cbr \/\u003E\r\n\n?         Curso de Decoupage em Madeira\u003Cbr \/\u003E\r\n\n?         Curso de Patchwork\u003Cbr \/\u003E\r\n\n?         Curso de Bordado a M?o\u003Cbr \/\u003E\r\n\n?         Curso de Bonecas de Pano\u003Cbr \/\u003E\r\n\n?","tags":"noticias,prefeitura,itabaiana","publicacao":"2013-10-30 12:00:57","criado":"2013-10-30 12:00:57","alterado":"-0001-11-30 00:00:00"},{"id":3411,"categoria_id":"13","categoria":{"id":13,"nome":"AGRICULTURA"},"autor_show":1,"titulo":"Prefeitura Paga Parcela de d\u00edvida dos Conselheiros","slug":"prefeitura-paga-parcela-de-divida-dos-conselheiros","subtitulo":"Resumo Cont\u00e1bil de folha dos conselheiros tutelares pagas mensalmente.","descricao":"Prefeitura Paga Parcela de d\u00edvida dos Conselheiros","imagem":"\/img\/imagem\/12511-y6z5w5w8n5f2z8t7.jpg,\/img\/imagem\/media_12511-y6z5w5w8n5f2z8t7.jpg,\/img\/imagem\/thumb_12511-y6z5w5w8n5f2z8t7.jpg,\/img\/imagem\/thumb_fix_12511-y6z5w5w8n5f2z8t7.jpg","texto":"O Munic?pio atrav?s do Procurador Geral, Dr. Lucas Cardinalli firmou um acordo com os Conselheiros que tiveram seus mandatos cessados em 01\/09\/2013, em se pagar o sal?rio de dezembro 2012, 13? sal?rio de 2012 que n?o foram pagos pelo ex-gestor, bem como os direitos indenizat?rios, como f?rias vencidas, f?rias proporcionais e 13? proporcional de 2013 em 06 parcelas iguais e sucessivas.\u003Cbr \/\u003E\r\n\nAs mesmas come?aram a ser pagas em setembro de 2013, totalizando um valor de R$ 8.377, 27, por m?s de um montante de R$50.263,62.\u003Cbr \/\u003E\r\n\nResumo Cont?bil de Folha - Conselho Tutelar\/Rescis?o\u003Cbr \/\u003E\r\n\n\u003Cbr \/\u003E\r\n\n\u003Cbr \/\u003E\r\n\n\u003Cbr \/\u003E\r\n\n\u003Cbr \/\u003E\r\n\n\u003Cbr \/\u003E\r\n\nNOME \u003Cbr \/\u003E\r\n\n12, 13\/12 E VERBA INDENIZAT?RIA\u003Cbr \/\u003E\r\n\nBRUTO\u003Cbr \/\u003E\r\n\nL?QUIDO\u003Cbr \/\u003E\r\n\n\u003Cbr \/\u003E\r\n\n\u003Cbr \/\u003E\r\n\nAL?CIO BARRETO SANTOS\u003Cbr \/\u003E\r\n\n5.958,42\u003Cbr \/\u003E\r\n\n1.005,12\u003Cbr \/\u003E\r\n\n993,07\u003Cbr \/\u003E\r\n\n\u003Cbr \/\u003E\r\n\n\u003Cbr \/\u003E\r\n\nBRUNA TAMISE AQUINO SANTOS\u003Cbr \/\u003E\r\n\n5.958,42\u003Cbr \/\u003E\r\n\n1.005,12\u003Cbr \/\u003E\r\n\n993,07\u003Cbr \/\u003E\r\n\n\u003Cbr \/\u003E\r\n\n\u003Cbr \/\u003E\r\n\nCLAUDIA PEREIRA SILVA\u003Cbr \/\u003E\r\n\n5.958,42\u003Cbr \/\u003E\r\n\n1.005,12\u003Cbr \/\u003E\r\n\n993,07\u003Cbr \/\u003E\r\n\n\u003Cbr \/\u003E\r\n\n\u003Cbr \/\u003E\r\n\nEDIVANIA DE ASSIS SILVA\u003Cbr \/\u003E\r\n\n5.629,50\u003Cbr \/\u003E\r\n\n950,30\u003Cbr \/\u003E\r\n\n938,25\u003Cbr \/\u003E\r\n\n\u003Cbr \/\u003E\r\n\n\u003Cbr \/\u003E\r\n\nGLAUCIA MOTA CUNHA DA PAIX?O\u003Cbr \/\u003E\r\n\n3.770,70\u003Cbr \/\u003E\r\n\n628,45\u003Cbr \/\u003E\r\n\n628,45\u003Cbr \/\u003E\r\n\n\u003Cbr \/\u003E\r\n\n\u003Cbr \/\u003E\r\n\nJACQUELINE VIEIRA SANTOS\u003Cbr \/\u003E\r\n\n5.958,42\u003Cbr \/\u003E\r\n\n1.005,12\u003Cbr \/\u003E\r\n\n993,07\u003Cbr \/\u003E\r\n\n\u003Cbr \/\u003E\r\n\n\u003Cbr \/\u003E\r\n\nJOS? ALVES DE ANDRADE\u003Cbr \/\u003E\r\n\n5.632,50\u003Cbr \/\u003E\r\n\n950,80\u003Cbr \/\u003E\r\n\n938,75\u003Cbr \/\u003E\r\n\n\u003Cbr \/\u003E\r\n\n\u003Cbr \/\u003E\r\n\nLUCIANA SANTOS DE REZENDE\u003Cbr \/\u003E\r\n\n3.874,68\u003Cbr \/\u003E\r\n\n647,28\u003Cbr \/\u003E\r\n\n645,78\u003Cbr \/\u003E\r\n\n\u003Cbr \/\u003E\r\n\n\u003Cbr \/\u003E\r\n\nLUCIANNA DE OLIVEIRA MENDON?A\u003Cbr \/\u003E\r\n\n4.645,32\u003Cbr \/\u003E\r\n\n789,27\u003Cbr \/\u003E\r\n\n774,22\u003Cbr \/\u003E\r\n\n\u003Cbr \/\u003E\r\n\n\u003Cbr \/\u003E\r\n\nWELTON KLAY GOMES PEREIRA\u003Cbr \/\u003E\r\n\n2.877,24\u003Cbr \/\u003E\r\n\n484,06\u003Cbr \/\u003E\r\n\n479,54\u003Cbr \/\u003E\r\n\n\u003Cbr \/\u003E\r\n\n\u003Cbr \/\u003E\r\n\nTOTAL\u003Cbr \/\u003E\r\n\n50.263,62\u003Cbr \/\u003E\r\n\n8.470,64\u003Cbr \/\u003E\r\n\n8.377,27","tags":"noticias,prefeitura,itabaiana","publicacao":"2013-10-30 10:06:33","criado":"2013-10-30 10:06:33","alterado":"-0001-11-30 00:00:00"},{"id":3410,"categoria_id":"6","categoria":{"id":6,"nome":"SOCIAL"},"autor_show":1,"titulo":"Secretaria de Sa\u00fade realiza Novo Mutir\u00e3o de Catarata","slug":"secretaria-de-saude-realiza-novo-mutirao-de-catarata","subtitulo":"A Secretaria Municipal de Sa\u00fade de Itabaiana em parceria com o Governo Federal e o IOSE (Instituto de Olhos de Sergipe) realizou nesta segunda-feira, 28 de Outubro mais um mutir\u00e3o para erradica\u00e7\u00e3o da catarata.","descricao":"Secretaria de Sa\u00fade realiza Novo Mutir\u00e3o de Catarata","imagem":"\/img\/imagem\/12510-w7k3h3g2p7c1e2x4.jpg,\/img\/imagem\/media_12510-w7k3h3g2p7c1e2x4.jpg,\/img\/imagem\/thumb_12510-w7k3h3g2p7c1e2x4.jpg,\/img\/imagem\/thumb_fix_12510-w7k3h3g2p7c1e2x4.jpg","texto":"A Secretaria Municipal de Sa?de de Itabaiana em parceria com o Governo Federal e o IOSE (Instituto de Olhos de Sergipe) realizou nesta segunda-feira, 28 de Outubro mais um mutir?o para erradica??o da catarata.\u003Cbr \/\u003E\r\n\n?\u003Cbr \/\u003E\r\n\n\u0022A procura ? grande e todos os usu?rios que necessitam da cirurgia est?o sendo cadastrados e encaminhados o mais r?pido poss?vel para o procedimento\u0022, disse Andr?a Reis, secret?ria de sa?de de Itabaiana.\u003Cbr \/\u003E\r\n\n?\u003Cbr \/\u003E\r\n\nSomente nesse ano j? foram realizados v?rios mutir?es de catarata e pter?gio para usu?rios que necessitavam realizar a cirurgia, e na ?ltima segunda-feira, 28, 150 usu?rios da regional foram beneficiados, e novos mutir?es est?o sendo programados.\u003Cbr \/\u003E\r\n\n?\u003Cbr \/\u003E\r\n\n?","tags":"noticias,prefeitura,itabaiana","publicacao":"2013-10-30 07:03:08","criado":"2013-10-30 07:03:08","alterado":"-0001-11-30 00:00:00"}],"busca":null}