{"pagina_atualizada_em":"2026-04-24T11:58:34-03:00","categorias":[{"id":13,"nome":"AGRICULTURA","criado":"2023-06-20 10:30:32","alterado":"2023-06-20 10:30:32"},{"id":19,"nome":"ASSIST\u00caNCIA","criado":"2023-08-08 08:58:10","alterado":"2023-08-08 08:58:10"},{"id":8,"nome":"CULTURA","criado":"2021-04-20 12:09:30","alterado":"2021-04-20 12:09:30"},{"id":9,"nome":"ECONOMIA","criado":"2021-04-22 11:53:46","alterado":"2021-04-22 11:53:46"},{"id":2,"nome":"EDUCA\u00c7\u00c3O","criado":"2021-04-20 12:06:51","alterado":"2021-04-20 12:06:51"},{"id":7,"nome":"ESPORTE","criado":"2021-04-20 12:09:22","alterado":"2021-04-20 12:09:22"},{"id":10,"nome":"EVENTO","criado":"2023-05-30 10:57:36","alterado":"2023-05-30 10:57:36"},{"id":11,"nome":"FESTA DOS CAMINHONEIROS","criado":"2023-06-05 12:14:21","alterado":"2023-06-05 12:14:21"},{"id":20,"nome":"FESTIVIDADES","criado":"2023-08-22 12:11:23","alterado":"2023-08-22 12:12:32"},{"id":12,"nome":"INAUGURA\u00c7\u00c3O","criado":"2023-06-16 11:49:28","alterado":"2023-06-16 11:49:28"},{"id":22,"nome":"MEIO AMBIENTE","criado":"2023-10-03 09:43:15","alterado":"2023-10-03 09:43:15"},{"id":21,"nome":"MICARANA 2023","criado":"2023-08-25 08:29:14","alterado":"2023-08-25 08:29:14"},{"id":23,"nome":"NOTA","criado":"2023-11-08 10:15:32","alterado":"2023-11-08 10:15:32"},{"id":3,"nome":"OBRAS","criado":"2021-04-20 12:07:05","alterado":"2021-04-20 12:07:05"},{"id":4,"nome":"OPORTUNIDADE","criado":"2021-04-20 12:07:32","alterado":"2023-10-25 08:11:14"},{"id":15,"nome":"PARCERIA","criado":"2023-06-23 12:20:02","alterado":"2023-06-23 12:20:02"},{"id":5,"nome":"PLANEJAMENTO","criado":"2021-04-20 12:09:05","alterado":"2021-04-20 12:09:05"},{"id":18,"nome":"RELIGIOSIDADE","criado":"2023-08-04 09:29:43","alterado":"2023-08-04 09:29:43"},{"id":1,"nome":"SA\u00daDE","criado":"2021-04-20 12:06:42","alterado":"2021-04-20 12:06:42"},{"id":16,"nome":"SEGURAN\u00c7A","criado":"2023-07-06 13:15:40","alterado":"2023-07-06 13:15:40"},{"id":6,"nome":"SOCIAL","criado":"2021-04-20 12:09:11","alterado":"2021-04-20 12:09:11"},{"id":14,"nome":"TECNOLOGIA","criado":"2023-06-21 11:05:02","alterado":"2023-06-21 11:05:02"},{"id":17,"nome":"TR\u00c2NSITO","criado":"2023-08-01 12:42:59","alterado":"2023-08-01 12:43:08"},{"id":24,"nome":"TURISMO","criado":"2024-03-26 10:52:52","alterado":"2024-03-26 10:52:52"}],"categoria":null,"paginacao":{"atual":376,"proxima":377,"anterior":375,"total_registros":4725,"total_paginas":394},"itens":[{"id":3409,"categoria_id":"13","categoria":{"id":13,"nome":"AGRICULTURA"},"autor_show":1,"titulo":"Prefeito decreta Antecipa\u00e7\u00e3o da Feira Livre de S\u00e1bado para Sexta","slug":"prefeito-decreta-antecipacao-da-feira-livre-de-sabado-para-sexta","subtitulo":"O prefeito de Itabaiana, Valmir de Francisquinho, assinou decreto 127\/2013 que antecipa a feira-livre do dia 02 de Novembro para o dia 01, em virtude do feriado do Dia de Finados.","descricao":"Prefeito decreta Antecipa\u00e7\u00e3o da Feira Livre de S\u00e1bado para Sexta","imagem":"\/img\/imagem\/12509-p7h8b3q1h2b7r6u5.jpg,\/img\/imagem\/media_12509-p7h8b3q1h2b7r6u5.jpg,\/img\/imagem\/thumb_12509-p7h8b3q1h2b7r6u5.jpg,\/img\/imagem\/thumb_fix_12509-p7h8b3q1h2b7r6u5.jpg","texto":"O prefeito de Itabaiana, Valmir de Francisquinho, assinou decreto 127\/2013 que antecipa a feira-livre do dia 02 de Novembro para o dia 01, em virtude do feriado do Dia de Finados.\u003Cbr \/\u003E\r\n\n\u003Cbr \/\u003E\r\n\nO decreto j? est? em vigor e foi publicado com o aval do prefeito Valmir dos Santos Costa e pelo Advogado Geral do munic?pio, Lucas Cardinali Pacheco.\u003Cbr \/\u003E\r\n\n?","tags":"noticias,prefeitura,itabaiana","publicacao":"2013-10-29 10:00:05","criado":"2013-10-29 10:00:05","alterado":"-0001-11-30 00:00:00"},{"id":3408,"categoria_id":"13","categoria":{"id":13,"nome":"AGRICULTURA"},"autor_show":1,"titulo":"Alerta \u00e0 Popula\u00e7\u00e3o do MPF","slug":"alerta-a-populacao-do-mpf","subtitulo":"as \u00e1guas do A\u00e7ude da Marcela s\u00e3o contaminadas por esgotamento dom\u00e9stico\/sanit\u00e1rio, sendo impr\u00f3pria para o consumo humano conforme laudos disponibilizados mensalmente no site da Adema.","descricao":"Alerta \u00e0 Popula\u00e7\u00e3o do MPF","imagem":"\/img\/imagem\/12508-n8r7v3q8q2w7n8x1.jpg,\/img\/imagem\/media_12508-n8r7v3q8q2w7n8x1.jpg,\/img\/imagem\/thumb_12508-n8r7v3q8q2w7n8x1.jpg,\/img\/imagem\/thumb_fix_12508-n8r7v3q8q2w7n8x1.jpg","texto":"Por determina??o do Minist?rio P?blico Federal na A??o Civil P?blica de n?mero 0001245-92.2011.4.05.8501 que corre na Justi?a Federal de Sergipe, na qual s?o r?s o Estado de Sergipe, a Prefeitura Municipal de Itabaiana, a ADEMA, a DESO e o DNOC, visando apurar crimes ambientais no A?ude da Marcela ocorridos ? partir do ano de 2009; vimos pelo presente alertar a popula??o em geral de que as ?guas do A?ude da Marcela s?o contaminadas por esgotamento dom?stico\/sanit?rio, sendo impr?pria para o consumo humano conforme laudos disponibilizados mensalmente no site da Adema. \u003Cbr \/\u003E\r\n\nN?o ? recomendado o banho, o consumo de ?gua e o consumo de peixes no local. Deve ser redobrado o preparo de alimentos, j? que as hortali?as produzidas na ?rea, irrigadas com estas ?guas, podem n?o ser apropriadas. ? igualmente importante que a popula??o local busque a EMDAGRO para aperfei?oarem o manejo de Agrot?xico, j? que seu uso indevido pode ser letal ? sa?de daqueles que plantam e consomem tais hortali?as.\u003Cbr \/\u003E\r\n\nComunicado do MPF\u003Cbr \/\u003E\r\n\n?","tags":"noticias,prefeitura,itabaiana","publicacao":"2013-10-29 05:38:11","criado":"2013-10-29 05:38:11","alterado":"-0001-11-30 00:00:00"},{"id":3407,"autor_show":1,"titulo":"Itabaiana celebra Centen\u00e1rio do Pr\u00e9dio do Poder Executivo","slug":"itabaiana-celebra-centenario-do-predio-do-poder-executivo","subtitulo":"a Secretaria de Cultura de Itabaiana comemorou o centen\u00e1rio da inaugura\u00e7\u00e3o do Pr\u00e9dio da Prefeitura, patrim\u00f4nio de inestim\u00e1vel valor hist\u00f3rico e cultural da cidade serrana.","descricao":"Itabaiana celebra Centen\u00e1rio do Pr\u00e9dio do Poder Executivo","imagem":"\/img\/imagem\/12507-a8b9q5t5t8y2h1v6.jpg,\/img\/imagem\/media_12507-a8b9q5t5t8y2h1v6.jpg,\/img\/imagem\/thumb_12507-a8b9q5t5t8y2h1v6.jpg,\/img\/imagem\/thumb_fix_12507-a8b9q5t5t8y2h1v6.jpg","texto":"Em solenidade realizada na noite, do ?ltimo s?bado, dia 26, a Secretaria de Cultura de Itabaiana comemorou o centen?rio da inaugura??o do Pr?dio da Prefeitura, patrim?nio de inestim?vel valor hist?rico e cultural da cidade serrana. \u003Cbr \/\u003E\r\n\n \u003Cbr \/\u003E\r\n\n\u003Cbr \/\u003E\r\n\n\u003Cbr \/\u003E\r\n\n\u003Cbr \/\u003E\r\n\nInicialmente o prefeito Valmir de Francisquinho e autoridades participaram da Missa em A??o de Gra?as na Igreja Matriz de Santo Ant?nio presidida pelo Padre Jos? Carlos.\u003Cbr \/\u003E\r\n\n \u003Cbr \/\u003E\r\n\n\u003Cbr \/\u003E\r\n\n\u003Cbr \/\u003E\r\n\n\u003Cbr \/\u003E\r\n\nLogo em seguida todos se dirigiram ? frente do Pr?dio da Prefeitura onde l? foram realizadas as comemora??es. Ap?s a execu??o do hino nacional e do hino de Itabaiana pela Filarm?nica Nossa Senhora da Concei??o, foi procedida ? ben??o do pr?dio pelo Padre, o descerramento da placa comemorativa e logo em seguida a fala do Prefeito Valmir.\u003Cbr \/\u003E\r\n\n \u0022? com muita alegria e emo??o que celebramos esta importante data para o munic?pio, que possui valor hist?rico imensur?vel. Sinto-me feliz em poder estar aqui participando destas comemora??es\u0022, declarou Valmir.\u003Cbr \/\u003E\r\n\nTamb?m foi feita a assinatura do Decreto do Poder Executivo onde fica definido que o pr?dio da prefeitura em seu centen?rio passa a se chamar Pal?cio Francisco Teles de Mendon?a em homenagem ao l?der pol?tico Chico de Miguel.\u003Cbr \/\u003E\r\n\nEsteve presente, entre outras autoridades, o Prefeito Valmir de Francisquinho, a deputada Maria Mendon?a, o Padre Jos? Carlos, os vereadores Jos? Roberto, Jo?o C?ndido e Z? Teles, secret?rios municipais, empres?rios da cidade, dentre outros.\u003Cbr \/\u003E\r\n\nNo final da solenidade houve a apresenta??o da Filarm?nica Nossa Senhora da Concei??o e do pianista Jo?o Moura.\u003Cbr \/\u003E\r\n\n?\u003Cbr \/\u003E\r\n\n?","tags":"noticias,prefeitura,itabaiana","publicacao":"2013-10-28 07:32:20","criado":"2013-10-28 07:32:20","alterado":"-0001-11-30 00:00:00"},{"id":3406,"categoria_id":"6","categoria":{"id":6,"nome":"SOCIAL"},"autor_show":1,"titulo":"Projeto Gestante Saud\u00e1vel do NASF estar\u00e1 no Povoado Caja\u00edba","slug":"projeto-gestante-saudavel-do-nasf-estara-no-povoado-cajaiba","subtitulo":"As a\u00e7\u00f5es ser\u00e3o desenvolvidas junto as equipes de sa\u00fade da fam\u00edlia.","descricao":"Projeto Gestante Saud\u00e1vel do NASF estar\u00e1 no Povoado Caja\u00edba","imagem":"\/img\/imagem\/12506-i1a1b4j4h8q4h8c1.jpg,\/img\/imagem\/media_12506-i1a1b4j4h8q4h8c1.jpg,\/img\/imagem\/thumb_12506-i1a1b4j4h8q4h8c1.jpg,\/img\/imagem\/thumb_fix_12506-i1a1b4j4h8q4h8c1.jpg","texto":"A equipe do NASF (N?cleo de Apoio ao Programa Sa?de da Fam?lia) da Secretaria de Sa?de de Itabaiana estar? desenvolvendo o Projeto Gestante saud?vel cujo objetivo ? orientar as gestantes no quesito alimenta??o, atividade f?sica, cuidados que devem ser mais intensos durante a gravidez, direitos e deveres da gestante, amamenta??o, dentre outros.\u003Cbr \/\u003E\r\n\n\u003Cbr \/\u003E\r\n\nO grupo ter? como principais orientadoras a educadora f?sica, a nutricionista, a psic?loga, e a assistente social tendo os fisioterapeutas de prontid?o para dar suporte.\u003Cbr \/\u003E\r\n\n\u003Cbr \/\u003E\r\n\nO projeto ser? lan?ado na pr?xima sexta-feira, dia 1, na Unidade de Sa?de do Povoado Caja?ba no per?odo da manh?.  Os temas a serem desenvolvidos s?o:\u003Cbr \/\u003E\r\n\nAmamenta??o (Gilv?nia)Atividade F?sica durante a gravidez (Andresa)Direitos da gestante (Alana)Alimenta??o na Gravidez (Juliana)\u003Cbr \/\u003E\r\n\n?","tags":"noticias,prefeitura,itabaiana","publicacao":"2013-10-26 08:04:58","criado":"2013-10-26 08:04:58","alterado":"-0001-11-30 00:00:00"},{"id":3405,"categoria_id":"10","categoria":{"id":10,"nome":"EVENTO"},"autor_show":1,"titulo":"Sedes recebe Grupo de Idosos da Bahia","slug":"sedes-recebe-grupo-de-idosos-da-bahia","subtitulo":"O Grupo de Idosos de Itabaiana recebeu a visita dos amigos da terceira idade de Rio Real-BA,","descricao":"Sedes recebe Grupo de Idosos da Bahia","imagem":"\/img\/imagem\/12505-r5a2e9k8a9y4z4d7.jpg,\/img\/imagem\/media_12505-r5a2e9k8a9y4z4d7.jpg,\/img\/imagem\/thumb_12505-r5a2e9k8a9y4z4d7.jpg,\/img\/imagem\/thumb_fix_12505-r5a2e9k8a9y4z4d7.jpg","texto":"Um dia de muita alegria, emo??o, m?sica e divers?o, ? assim que podemos definir esta quinta-feira (24).\u003Cbr \/\u003E\r\n\n\u003Cbr \/\u003E\r\n\n \u003Cbr \/\u003E\r\n\nO Grupo de Idosos de Itabaiana recebeu a visita dos amigos da terceira idade de Rio Real-BA, e a Secretaria do Desenvolvimento Social prestou todo apoio para que os baianos fossem bem recebidos e tivessem um dia proveitoso.\u003Cbr \/\u003E\r\n\n\u003Cbr \/\u003E\r\n\n \u003Cbr \/\u003E\r\n\nAtividades l?dicas preencheram a manh?, seguida por um almo?o especialmente preparado para os participantes do encontro. ? tarde mais atividades foram realizadas proporcionando um dia de conviv?ncia harmoniosa.\u003Cbr \/\u003E\r\n\n \u003Cbr \/\u003E\r\n\n?","tags":"noticias,prefeitura,itabaiana","publicacao":"2013-10-25 08:49:07","criado":"2013-10-25 08:49:07","alterado":"-0001-11-30 00:00:00"},{"id":3404,"categoria_id":"7","categoria":{"id":7,"nome":"ESPORTE"},"autor_show":1,"titulo":"Itabaiana ter\u00e1 investimento de R$ 10 milh\u00f5es em saneamento e pavimenta\u00e7\u00e3o","slug":"itabaiana-tera-investimento-de-r-10-milhoes-em-saneamento-e-pavimentacao","subtitulo":"A solenidade aconteceu no Pal\u00e1cio do Planalto e contou com a presen\u00e7a da presidenta Dilma Rousseff.","descricao":"Itabaiana ter\u00e1 investimento de R$ 10 milh\u00f5es em saneamento e pavimenta\u00e7\u00e3o","imagem":"\/img\/imagem\/12504-x7y5s1v2x5v2a3y7.jpg,\/img\/imagem\/media_12504-x7y5s1v2x5v2a3y7.jpg,\/img\/imagem\/thumb_12504-x7y5s1v2x5v2a3y7.jpg,\/img\/imagem\/thumb_fix_12504-x7y5s1v2x5v2a3y7.jpg","texto":"O prefeito de Itabaiana, Valmir dos Santos Costa (PR), esteve em Bras?lia na quinta-feira (24), para assinar conv?nios na ?rea de pavimenta??o e saneamento, inseridos no Plano de Acelera??o do Crescimento. A solenidade aconteceu no Pal?cio do Planalto e contou com a presen?a da presidenta Dilma Rousseff. Segundo Valmir, a presidente anunciou 310 projetos e Itabaiana est? inserida nesse contexto.\u003Cbr \/\u003E\r\n\nPara Valmir, o munic?pio serrano carece de investimentos dessa ordem, devido ao crescimento percebido nos ?ltimos anos. \u0022A pavimenta??o e o saneamento al?m de melhorar o paisagismo local, tamb?m, concebe sa?de\u0022, disse o prefeito confirmando um conv?nio de R$ 10,6 milh?es, que poder?o ser utilizados em pavimenta??o de vias e recapeamento, implanta??o de ciclovias, cal?adas e sinaliza??o. Tamb?m podem ser aplicados, na constru??o de sistema de drenagem de ?guas pluviais, redes de abastecimento de ?gua e esgoto sanit?rio.\u003Cbr \/\u003E\r\n\n\u0022Vamos alocar esses recursos em ?reas carentes de Itabaiana. Essa ? uma maneira de chegarmos at? as pessoas e de levar desenvolvimento. Vamos contar com a colabora??o do senador Eduardo Amorim, que sempre disponibilizou a equipe do seu gabinete para nos auxiliar\u0022, disse Vamir.\u003Cbr \/\u003E\r\n\n?\u003Cbr \/\u003E\r\n\n\u0022Esgoto n?o ? magn?fico na apar?ncia, tem que estar enterrado, tratado, bem coletado e se traduz em projetos t?cnicos de alta qualidade. Nesses dois anos e meio, um pouco mais, investimos R$ 39 bilh?es e vamos continuar investindo sistematicamente, porque tanto tratamento de esgoto como acesso a ?gua de qualidade s?o duas quest?es essenciais\u0022, afirmou Dilma Rousseff.\u003Cbr \/\u003E\r\n\n?\u003Cbr \/\u003E\r\n\nSegundo o senador Eduardo Amorim, o munic?pio de Itabaiana est? vivenciando um crescimento j? esperado e as pol?ticas p?blicas devem acompanhar esse avan?o. \u0022O prefeito est? fazendo a parte dele, ao visitar minist?rios, parlamentares e at? mesmo a presidenta em busca de recursos, n?o podemos retroceder\u0022, disse.\u003Cbr \/\u003E\r\n\n?\u003Cbr \/\u003E\r\n\n?","tags":"noticias,prefeitura,itabaiana","publicacao":"2013-10-25 08:37:12","criado":"2013-10-25 08:37:12","alterado":"-0001-11-30 00:00:00"},{"id":3403,"categoria_id":"3","categoria":{"id":3,"nome":"OBRAS"},"autor_show":1,"titulo":"Comemora\u00e7\u00f5es Alusivas ao Centen\u00e1rio do Pr\u00e9dio da Prefeitura","slug":"comemoracoes-alusivas-ao-centenario-do-predio-da-prefeitura","subtitulo":"Evento ser\u00e1 realizado pela Secretaria da Cultura neste s\u00e1bado, dia 26.","descricao":"Comemora\u00e7\u00f5es Alusivas ao Centen\u00e1rio do Pr\u00e9dio da Prefeitura","imagem":"\/img\/imagem\/12503-w4i9y1f2w4v3a9x2.jpg,\/img\/imagem\/media_12503-w4i9y1f2w4v3a9x2.jpg,\/img\/imagem\/thumb_12503-w4i9y1f2w4v3a9x2.jpg,\/img\/imagem\/thumb_fix_12503-w4i9y1f2w4v3a9x2.jpg","texto":"Convite\u003Cbr \/\u003E\r\n\n\u003Cbr \/\u003E\r\n\nA Prefeitura de Itabaiana atrav?s da Secretaria da Cultura convida toda a comunidade itabaianense para as comemora??es alusivas ao Centen?rio do Pr?dio da Prefeitura. Neste s?bado, dia 26, a partir das 19:30h com Missa em A??o de Gra?as e atividades na Pra?a Fausto Cardoso. Voc? ? o nosso convidado. Participe!\u003Cbr \/\u003E\r\n\n\u003Cbr \/\u003E\r\n\nPROGRAMA??O:\u003Cbr \/\u003E\r\n\n\u003Cbr \/\u003E\r\n\n19:30H - Missa em A??o de Gra?asLocal: Igreja Matriz de Santo Antonio\u003Cbr \/\u003E\r\n\n20:30h - Descerramento da Placa ComemorativaLocal: Seda da Prefeitura\u003Cbr \/\u003E\r\n\n20:40h - Ben??o do P?rocoLocal: Sede da Prefeitura\u003Cbr \/\u003E\r\n\n20:50h - Apresenta??o da Filarm?nica NOssa Senhora da Concei??oLocal: Pra?a Fausto Cardoso\u003Cbr \/\u003E\r\n\n21:30h - Concerto com o Pianista Jo?o MouraLocal: Pra?a Fausto Cardoso\u003Cbr \/\u003E\r\n\nExposi??es: Pra?a Fausto Cardoso\u003Cbr \/\u003E\r\n\n\u003Cbr \/\u003E\r\n\n \u003Cbr \/\u003E\r\n\n?","tags":"noticias,prefeitura,itabaiana","publicacao":"2013-10-24 08:01:32","criado":"2013-10-24 08:01:32","alterado":"-0001-11-30 00:00:00"},{"id":3402,"autor_show":1,"titulo":"Prefeito concede entrevista \u00e0 TV Atalaia e faz visita as obras da Rua S\u00e3o Domingos","slug":"prefeito-concede-entrevista-a-tv-atalaia-e-faz-visita-as-obras-da-rua-sao-domingos","subtitulo":"A rua que passa por tr\u00eas bairros de Itabaiana est\u00e1 sendo cal\u00e7ada por etapas","descricao":"Prefeito concede entrevista \u00e0 TV Atalaia e faz visita as obras da Rua S\u00e3o Domingos","imagem":"\/img\/imagem\/12502-e8h1j4g7b6t9a1c8.jpg,\/img\/imagem\/media_12502-e8h1j4g7b6t9a1c8.jpg,\/img\/imagem\/thumb_12502-e8h1j4g7b6t9a1c8.jpg,\/img\/imagem\/thumb_fix_12502-e8h1j4g7b6t9a1c8.jpg","texto":"Na manh? desta quarta-feira, 23, o prefeito Valmir de Francisquinho concedeu entrevista ao programa Balan?o Geral da TV Atalaia e em seguida fez uma visita ?s obras da Rua S?o Domingos. \u003Cbr \/\u003E\r\n\n\u003Cbr \/\u003E\r\n\n\u003Cbr \/\u003E\r\n\n\u003Cbr \/\u003E\r\n\n\u003Cbr \/\u003E\r\n\n\u003Cbr \/\u003E\r\n\nNa apresenta??o do Balan?o Geral, a TV Atalaia esteve inaugurando um novo link m?vel diretamente da feira de Itabaiana e Valmir falou da riqueza do com?rcio Itabaianense. \u0022Estamos ? frente da prefeitura desta terra e temos valorizado cada vez mais o povo de Itabaiana. Que ? um povo que j? nasce sendo guerreiro\u0022, disse o prefeito Valmir de Francisquinho. \u003Cbr \/\u003E\r\n\n\u003Cbr \/\u003E\r\n\n \u003Cbr \/\u003E\r\n\n\u003Cbr \/\u003E\r\n\n\u003Cbr \/\u003E\r\n\n\u003Cbr \/\u003E\r\n\n\u003Cbr \/\u003E\r\n\nAp?s a entrevista o prefeito seguiu com sua equipe rumo ?s obras da Rua S?o Domingos que passa pelo Bairro Porto, pelo Mamede Paes Mendon?a e pelo Bairro Baneneiras que tamb?m est?o sendo contemplados com novas obras. \u003Cbr \/\u003E\r\n\n\u003Cbr \/\u003E\r\n\nA satisfa??o do povo da localidade ? grande uma vez que foi garantido o direito de saneamento b?sico a todos.  A obra est? sendo realizada por etapas e em pouco tempo j? foi iniciada a segunda fase. \u003Cbr \/\u003E\r\n\n?","tags":"noticias,prefeitura,itabaiana","publicacao":"2013-10-24 07:27:16","criado":"2013-10-24 07:27:16","alterado":"-0001-11-30 00:00:00"},{"id":3401,"categoria_id":"4","categoria":{"id":4,"nome":"OPORTUNIDADE"},"autor_show":1,"titulo":"Prefeitura Realiza Amplia\u00e7\u00e3o, reforma, limpeza e Pintura de Cemit\u00e9rios Municipais","slug":"prefeitura-realiza-ampliacao-reforma-limpeza-e-pintura-de-cemiterios-municipais","subtitulo":"Nos cemit\u00e9rios do Campo Grande e P\u00e9 do Veado al\u00e9m da limpeza e pintura foi feita a amplia\u00e7\u00e3o e reforma dos mesmos.","descricao":"Prefeitura Realiza Amplia\u00e7\u00e3o, reforma, limpeza e Pintura de Cemit\u00e9rios Municipais","imagem":"\/img\/imagem\/12501-c6c6g8b5v5a6i9q9.jpg,\/img\/imagem\/media_12501-c6c6g8b5v5a6i9q9.jpg,\/img\/imagem\/thumb_12501-c6c6g8b5v5a6i9q9.jpg,\/img\/imagem\/thumb_fix_12501-c6c6g8b5v5a6i9q9.jpg","texto":"? comum a Prefeitura Municipal de Itabaiana realizar periodicamente atrav?s da Secretaria Municipal de Obras ? limpeza e manuten??o dos cemit?rios municipais.\u003Cbr \/\u003E\r\n\n?\u003Cbr \/\u003E\r\n\nCom a chegada do dia 02 de novembro, feriado de finados, esse trabalho se intensifica a fim de deixar os locais ainda mais limpos e conservados para receber as pessoas da cidade e da regi?o que far?o homenagens aos seus entes queridos neste dia de finados.\u003Cbr \/\u003E\r\n\n?\u003Cbr \/\u003E\r\n\nPara isso foram realizados nos ?ltimos dias servi?os de pintura dos muros, guias, revis?o da ilumina??o e limpeza de todos os cemit?rios do munic?pio. Nos cemit?rios do Campo Grande e P? do Veado al?m da limpeza e pintura foi feita a amplia??o e reforma dos mesmos.\u003Cbr \/\u003E\r\n\n?\u003Cbr \/\u003E\r\n\nSegundo Hamilton Rocha, respons?vel pelos servi?os, todos os cemit?rios est?o sendo limpos e pintados. \u0022Estamos trabalhando diariamente e praticamente todos j? est?o com os seus servi?os conclu?dos. Alguns cemit?rios est?o merecendo cuidados especiais. Mas, at? a pr?xima segunda-feira, 28, estaremos com tudo pronto\u0022, garantiu.\u003Cbr \/\u003E\r\n\n?","tags":"noticias,prefeitura,itabaiana","publicacao":"2013-10-24 07:18:33","criado":"2013-10-24 07:18:33","alterado":"-0001-11-30 00:00:00"},{"id":3400,"categoria_id":"11","categoria":{"id":11,"nome":"FESTA DOS CAMINHONEIROS"},"autor_show":1,"titulo":"SMTT alerta \u00e0 popula\u00e7\u00e3o quanto ao uso do servi\u00e7o de Mototaxistas","slug":"smtt-alerta-a-populacao-quanto-ao-uso-do-servico-de-mototaxistas","subtitulo":"\u00c9 importante que o passageiro exija o cumprimento de todas as normas de seguran\u00e7a, afinal sua vida pode estar em perigo.","descricao":"SMTT alerta \u00e0 popula\u00e7\u00e3o quanto ao uso do servi\u00e7o de Mototaxistas","imagem":"\/img\/imagem\/12500-x9u1u7m7t5c8v2t7.jpg,\/img\/imagem\/media_12500-x9u1u7m7t5c8v2t7.jpg,\/img\/imagem\/thumb_12500-x9u1u7m7t5c8v2t7.jpg,\/img\/imagem\/thumb_fix_12500-x9u1u7m7t5c8v2t7.jpg","texto":"A SMTT de Itabaiana orienta ? popula??o quanto ao uso do servi?o de Mototaxistas. ? importante que o passageiro exija o cumprimento de todas as normas de seguran?a, afinal sua vida pode estar em perigo. Vai algumas dicas de como proceder:\u003Cbr \/\u003E\r\n\n?\u003Cbr \/\u003E\r\n\n1? Esteja ciente que o servi?o de mototaxistas ? um transporte INDIVIDUAL e n?o coletivo, portanto cabe-se apenas UM PASSAGEIRO;\u003Cbr \/\u003E\r\n\n?\u003Cbr \/\u003E\r\n\n2? Um mototaxista legal ( que possui curso espec?fico para tal) utiliza:\u003Cbr \/\u003E\r\n\n?\u003Cbr \/\u003E\r\n\n- Colete Preto com Faixas Refletivas (Padr?o exigido pelo CONTRAN), contendo numera??o de controle expedida pela SMTT, bem como Logomarca e selo do INMETRO.\u003Cbr \/\u003E\r\n\n?\u003Cbr \/\u003E\r\n\n- Moto em bom estado de conserva??o contendo PLACA NA COR VERMELHA, caracterizando um ve?culo de ALUGUEL;\u003Cbr \/\u003E\r\n\n?\u003Cbr \/\u003E\r\n\n- Antena corta-pipa;\u003Cbr \/\u003E\r\n\n?\u003Cbr \/\u003E\r\n\n- O Mototaxista dever? est? utilizando trajes completos (Cal?as compridas, camisas por baixo do colete, bem como o uso de sand?lias com presilhas ou cal?ado totalmente fechado.\u003Cbr \/\u003E\r\n\n?\u003Cbr \/\u003E\r\n\n3? Negocie o pre?o do fretamento antes. Acerte o pre?o antes do servi?o e evite transtornos.\u003Cbr \/\u003E\r\n\n?","tags":"noticias,prefeitura,itabaiana","publicacao":"2013-10-23 05:57:33","criado":"2013-10-23 05:57:33","alterado":"-0001-11-30 00:00:00"},{"id":3399,"categoria_id":"10","categoria":{"id":10,"nome":"EVENTO"},"autor_show":1,"titulo":"Sedes realiza I Encontro da Rede Protetiva da Crian\u00e7a e do Adolescente em Situa\u00e7\u00e3o de Trabalho Infantil","slug":"sedes-realiza-i-encontro-da-rede-protetiva-da-crianca-e-do-adolescente-em-situacao-de-trabalho-infantil","subtitulo":"Encontro foi realizado no audit\u00f3rio da Secretaria de Educa\u00e7\u00e3o","descricao":"Sedes realiza I Encontro da Rede Protetiva da Crian\u00e7a e do Adolescente em Situa\u00e7\u00e3o de Trabalho Infantil","imagem":"\/img\/imagem\/12499-i5c3u8g9w6z4s8f4.jpg,\/img\/imagem\/media_12499-i5c3u8g9w6z4s8f4.jpg,\/img\/imagem\/thumb_12499-i5c3u8g9w6z4s8f4.jpg,\/img\/imagem\/thumb_fix_12499-i5c3u8g9w6z4s8f4.jpg","texto":"O I Encontro da Rede Protetiva da Crian?a e do Adolescente em Situa??o de Trabalho Infantil foi realizado na manh? desta ter?a-feira, 22, no Audit?rio da Secretaria de Educa??o de Itabaiana.\u003Cbr \/\u003E\r\n\n?\u003Cbr \/\u003E\r\n\nNuma iniciativa do CREAS foram debatidas a??es estrat?gicas do programa de erradica??o do trabalho infantil. Ap?s a apresenta??o do Grupo de Flauta Doce \u0022Crescendo com a M?sica\u0022 foram proferidas tr?s palestras: Josevanda Mendon?a Franco falou sobre o Sistema de Garantia de Defesa da Crian?a e do Adolescente, Rita de C?ssia Ferreira explanou sobre a Apresenta??o do programa de Erradica??o do Trabalho Infantil e por fim Tamires Dayane Almeida e ?lvaro Marcel Dantas apresentaram o Projeto do PETI em Itabaiana.\u003Cbr \/\u003E\r\n\n?\u003Cbr \/\u003E\r\n\nO Prefeito de Itabaiana, Valmir de Francisquinho e a Secret?ria do Desenvolvimento Social, Maria de Lourdes Machado, exaltaram a import?ncia do assunto debatido e pediram o empenho de profissionais e cidad?os na conscientiza??o e mobiliza??o da nossa sociedade.\u003Cbr \/\u003E\r\n\n?","tags":"noticias,prefeitura,itabaiana","publicacao":"2013-10-23 05:45:05","criado":"2013-10-23 05:45:05","alterado":"-0001-11-30 00:00:00"},{"id":3398,"categoria_id":"6","categoria":{"id":6,"nome":"SOCIAL"},"autor_show":1,"titulo":"Sa\u00fade Lan\u00e7a Campanha de Combate a S\u00edfilis","slug":"saude-lanca-campanha-de-combate-a-sifilis","subtitulo":"Em Itabaiana o teste pode ser feito nas unidades b\u00e1sicas de sa\u00fade dos Povoados para as gestantes, e no CTA (Centro de Testagem e Aconselhamento) de segunda \u00e0 sexta, das 07 \u00e0s 12h","descricao":"Sa\u00fade Lan\u00e7a Campanha de Combate a S\u00edfilis","imagem":"\/img\/imagem\/12498-x1t6j3x9r2y2n4z6.jpg,\/img\/imagem\/media_12498-x1t6j3x9r2y2n4z6.jpg,\/img\/imagem\/thumb_12498-x1t6j3x9r2y2n4z6.jpg,\/img\/imagem\/thumb_fix_12498-x1t6j3x9r2y2n4z6.jpg","texto":"O Minist?rio da Sa?de lan?ou no s?bado, 19, a campanha de incentivo ao diagn?stico da S?filis ?s gestantes. A a??o marcou o Dia Nacional da S?filis. A campanha tem como objetivo sensibilizar os profissionais da sa?de para que recomendem a seus pacientes a realiza??o do diagn?stico durante o pr?-natal. Os testes r?pidos e tradicionais para detec??o da doen?a s?o oferecidos gratuitamente nos postos de sa?de e dispon?veis em todo o pa?s.\u003Cbr \/\u003E\r\n\n?\u003Cbr \/\u003E\r\n\nDurante todo o m?s de outubro, em todo o pa?s, a??es tratar?o do tema na aten??o b?sica de sa?de.\u003Cbr \/\u003E\r\n\n?\u003Cbr \/\u003E\r\n\nAo mesmo tempo em que conscientiza as m?es para a realiza??o do diagn?stico no pr?-natal, a campanha refor?a o papel fundamental dos profissionais de sa?de para o sucesso desta iniciativa. \u0022A s?filis durante a gesta??o pode trazer consequ?ncias como m?-forma??o do feto e aborto.\u003Cbr \/\u003E\r\n\n?\u003Cbr \/\u003E\r\n\nEm Itabaiana o teste pode ser feito nas unidades b?sicas de sa?de dos Povoados para as gestantes, e no CTA (Centro de Testagem e Aconselhamento) de segunda ? sexta, das 07 ?s 12h que fica localizado anexo ao Centro de Especialidades Odontol?gicas ao lado do Hospital. \u0022O teste ? r?pido e simples de ser feito\u0022, enfatiza a Coordenadora do CTA Josefa Menezes.\u003Cbr \/\u003E\r\n\n?","tags":"noticias,prefeitura,itabaiana","publicacao":"2013-10-22 06:56:14","criado":"2013-10-22 06:56:14","alterado":"-0001-11-30 00:00:00"}],"busca":null}