{"pagina_atualizada_em":"2026-04-24T11:58:34-03:00","categorias":[{"id":13,"nome":"AGRICULTURA","criado":"2023-06-20 10:30:32","alterado":"2023-06-20 10:30:32"},{"id":19,"nome":"ASSIST\u00caNCIA","criado":"2023-08-08 08:58:10","alterado":"2023-08-08 08:58:10"},{"id":8,"nome":"CULTURA","criado":"2021-04-20 12:09:30","alterado":"2021-04-20 12:09:30"},{"id":9,"nome":"ECONOMIA","criado":"2021-04-22 11:53:46","alterado":"2021-04-22 11:53:46"},{"id":2,"nome":"EDUCA\u00c7\u00c3O","criado":"2021-04-20 12:06:51","alterado":"2021-04-20 12:06:51"},{"id":7,"nome":"ESPORTE","criado":"2021-04-20 12:09:22","alterado":"2021-04-20 12:09:22"},{"id":10,"nome":"EVENTO","criado":"2023-05-30 10:57:36","alterado":"2023-05-30 10:57:36"},{"id":11,"nome":"FESTA DOS CAMINHONEIROS","criado":"2023-06-05 12:14:21","alterado":"2023-06-05 12:14:21"},{"id":20,"nome":"FESTIVIDADES","criado":"2023-08-22 12:11:23","alterado":"2023-08-22 12:12:32"},{"id":12,"nome":"INAUGURA\u00c7\u00c3O","criado":"2023-06-16 11:49:28","alterado":"2023-06-16 11:49:28"},{"id":22,"nome":"MEIO AMBIENTE","criado":"2023-10-03 09:43:15","alterado":"2023-10-03 09:43:15"},{"id":21,"nome":"MICARANA 2023","criado":"2023-08-25 08:29:14","alterado":"2023-08-25 08:29:14"},{"id":23,"nome":"NOTA","criado":"2023-11-08 10:15:32","alterado":"2023-11-08 10:15:32"},{"id":3,"nome":"OBRAS","criado":"2021-04-20 12:07:05","alterado":"2021-04-20 12:07:05"},{"id":4,"nome":"OPORTUNIDADE","criado":"2021-04-20 12:07:32","alterado":"2023-10-25 08:11:14"},{"id":15,"nome":"PARCERIA","criado":"2023-06-23 12:20:02","alterado":"2023-06-23 12:20:02"},{"id":5,"nome":"PLANEJAMENTO","criado":"2021-04-20 12:09:05","alterado":"2021-04-20 12:09:05"},{"id":18,"nome":"RELIGIOSIDADE","criado":"2023-08-04 09:29:43","alterado":"2023-08-04 09:29:43"},{"id":1,"nome":"SA\u00daDE","criado":"2021-04-20 12:06:42","alterado":"2021-04-20 12:06:42"},{"id":16,"nome":"SEGURAN\u00c7A","criado":"2023-07-06 13:15:40","alterado":"2023-07-06 13:15:40"},{"id":6,"nome":"SOCIAL","criado":"2021-04-20 12:09:11","alterado":"2021-04-20 12:09:11"},{"id":14,"nome":"TECNOLOGIA","criado":"2023-06-21 11:05:02","alterado":"2023-06-21 11:05:02"},{"id":17,"nome":"TR\u00c2NSITO","criado":"2023-08-01 12:42:59","alterado":"2023-08-01 12:43:08"},{"id":24,"nome":"TURISMO","criado":"2024-03-26 10:52:52","alterado":"2024-03-26 10:52:52"}],"categoria":null,"paginacao":{"atual":377,"proxima":378,"anterior":376,"total_registros":4725,"total_paginas":394},"itens":[{"id":3397,"categoria_id":"10","categoria":{"id":10,"nome":"EVENTO"},"autor_show":1,"titulo":"I Encontro da Rede Protetiva da Crian\u00e7a e do Adolescente em situa\u00e7\u00e3o de trabalho infantil","slug":"i-encontro-da-rede-protetiva-da-crianca-e-do-adolescente-em-situacao-de-trabalho-infantil-2","subtitulo":"Ser\u00e1 realizada nesta ter\u00e7a-feira, 22, no audit\u00f3rio da Secretaria de Educa\u00e7\u00e3o","descricao":"I Encontro da Rede Protetiva da Crian\u00e7a e do Adolescente em situa\u00e7\u00e3o de trabalho infantil","imagem":"\/img\/imagem\/12497-u5q9u1s4r2x8c1q7.jpg,\/img\/imagem\/media_12497-u5q9u1s4r2x8c1q7.jpg,\/img\/imagem\/thumb_12497-u5q9u1s4r2x8c1q7.jpg,\/img\/imagem\/thumb_fix_12497-u5q9u1s4r2x8c1q7.jpg","texto":"Convite\u003Cbr \/\u003E\r\n\nA Secretaria Municipal do Desenvolvimento Social, juntamente com a Coordenadora do Centro de Refer?ncia Especializada da Assist?ncia Social (CREAS) e do Programa de Erradica??o do Trabalho Infantil (PETI), tem a honra de convidar voc? e sua fam?lia a participar do I Encontro da Rede Protetiva da Crian?a e do Adolescente em situa??o de trabalho infantil, que ocorrer? no dia 22 de outubro de 2013, ?s 8 hs, no audit?rio da Secretaria Municipal de Educa??o, na Rua Quintino Bocai?va n? 845.\u003Cbr \/\u003E\r\n\n?","tags":"noticias,prefeitura,itabaiana","publicacao":"2013-10-21 08:49:31","criado":"2013-10-21 08:49:31","alterado":"-0001-11-30 00:00:00"},{"id":3396,"autor_show":1,"titulo":"II Bienal do Livro \u00e9 encerrada e stands da Prefeitura batem a marca de mil visitantes","slug":"ii-bienal-do-livro-e-encerrada-e-stands-da-prefeitura-batem-a-marca-de-mil-visitantes","subtitulo":"Dois stands da Prefeitura Municipal de Itabaiana foram visitados pelos que passaram nos corredores da Bienal","descricao":"II Bienal do Livro \u00e9 encerrada e stands da Prefeitura batem a marca de mil visitantes","imagem":"\/img\/imagem\/12496-y6e4a9j5g4d5c9s1.jpg,\/img\/imagem\/media_12496-y6e4a9j5g4d5c9s1.jpg,\/img\/imagem\/thumb_12496-y6e4a9j5g4d5c9s1.jpg,\/img\/imagem\/thumb_fix_12496-y6e4a9j5g4d5c9s1.jpg","texto":"A II Bienal do Livro encerrou-se na noite deste s?bado, 19, batendo a marca de mais de 100 livros lan?ados e 2000 exemplares de escritores sergipanos vendidos. Centenas de pessoas estiveram visitando e assistindo as palestras proferidas na C?mara Municipal e as Mesas de Debate e Apresenta??es Culturais no tablado. Al?m de apreciarem exposi??es art?sticas e de colecionadores, como a exposi??o de carros antigos que foi feita no estacionamento da Ciretran de Itabaiana. \u003Cbr \/\u003E\r\n\n\u003Cbr \/\u003E\r\n\nA Prefeitura Municipal de Itabaiana esteve com dois stands na Bienal, o primeiro montado pela Secretaria Municipal de Ind?stria e Com?rcio mostrou em fotos o potencial tur?stico de Itabaiana, o segundo foi montado pela Secretaria Municipal de Cultura, contou com exposi??es de livros de autores da terra e pe?as do Museu Municipal.\u003Cbr \/\u003E\r\n\n\u003Cbr \/\u003E\r\n\n\u0022O p?blico que passou pela Bienal se satisfez com os resultados e cada um que sa? daqui leva uma lembran?a dela para casa. Seja um livro ou at? mesmo um panfleto. Quem sai ganhando ? o munic?pio de Itabaiana que mant?m cada vez mais viva e forte sua cultura, assim como nosso povo que ? forte e trabalhador acima de tudo\u0022, disse o prefeito Valmir de Francisquinho. \u003Cbr \/\u003E\r\n\n\u003Cbr \/\u003E\r\n\nMais de mil pessoas visitaram os stands que contaram ainda com televisores que exibiam todas as realiza??es das secretarias municipais. Personalidades como o ex-governador Albano Franco e o Vice-Prefeito de Aracaju, Jos? Carlos Machado tamb?m prestigiaram as exposi??es. \u003Cbr \/\u003E\r\n\nAl?m de Terra da Cebola e Terra do Caminhoneiro, Itabaiana sai da Bienal com mais um t?tulo que deixa o povo ainda mais orgulhoso, o de Terra da Cultura. \u003Cbr \/\u003E\r\n\n?","tags":"noticias,prefeitura,itabaiana","publicacao":"2013-10-21 05:16:54","criado":"2013-10-21 05:16:54","alterado":"-0001-11-30 00:00:00"},{"id":3395,"categoria_id":"10","categoria":{"id":10,"nome":"EVENTO"},"autor_show":1,"titulo":"Itabaiana em rede Nacional de R\u00e1dio e TV","slug":"itabaiana-em-rede-nacional-de-radio-e-tv","subtitulo":"O Programa do Governo Federal \u201cBolsa Fam\u00edlia\u201d est\u00e1 completando 10 anos de exist\u00eancia, como forma de comemora\u00e7\u00e3o uma reportagem especial est\u00e1 sendo preparada pela NBR","descricao":"Itabaiana em rede Nacional de R\u00e1dio e TV","imagem":"\/img\/imagem\/12495-u9k5d2z4f4g7y7z9.jpg,\/img\/imagem\/media_12495-u9k5d2z4f4g7y7z9.jpg,\/img\/imagem\/thumb_12495-u9k5d2z4f4g7y7z9.jpg,\/img\/imagem\/thumb_fix_12495-u9k5d2z4f4g7y7z9.jpg","texto":"O Programa do Governo Federal \u0022Bolsa Fam?lia\u0022 est? completando 10 anos de exist?ncia, como forma de comemora??o uma reportagem especial est? sendo preparada pela NBR e deve ser exibida na TV e no r?dio durante o programa Voz do Brasil.\u003Cbr \/\u003E\r\n\nA nossa Itabaiana foi uma das cidades escolhidas pela produ??o da mat?ria para ser filmada e destacada em n?vel nacional, estiveram, durante est? quinta-feira (17), Daniela Almeida e sua equipe de reportagem, eles promoveram v?rias entrevistas com comerciantes, benefici?rios e secret?rios municipais.\u003Cbr \/\u003E\r\n\nGra?as ao trabalho e empenho da equipe do \u0022Bolsa Fam?lia\u0022 da SEDES Itabaiana atualmente atende 11.027 fam?lias, tendo a perspectiva de aumento. O crescimento do munic?pio foi um dos fatores favor?veis para nos transformar em \u0022pauta\u0022, a mat?ria deve ser veiculada em rede nacional na ?ltima semana deste m?s de outubro.\u003Cbr \/\u003E\r\n\n?","tags":"noticias,prefeitura,itabaiana","publicacao":"2013-10-19 11:02:41","criado":"2013-10-19 11:02:41","alterado":"-0001-11-30 00:00:00"},{"id":3394,"autor_show":1,"titulo":"Projeto Brincando para Crescer da SEDES \u00e9 realizado com Sucesso","slug":"projeto-brincando-para-crescer-da-sedes-e-realizado-com-sucesso","subtitulo":"A Secretaria de Desenvolvimento Social (SEDES) realizou nesta sexta-feira, 18, o Projeto \\\u0022Brincando para Crescer\\\u0022.","descricao":"Projeto Brincando para Crescer da SEDES \u00e9 realizado com Sucesso","imagem":"\/img\/imagem\/12494-s1a8w7j7m2n5y8p7.jpg,\/img\/imagem\/media_12494-s1a8w7j7m2n5y8p7.jpg,\/img\/imagem\/thumb_12494-s1a8w7j7m2n5y8p7.jpg,\/img\/imagem\/thumb_fix_12494-s1a8w7j7m2n5y8p7.jpg","texto":"A Secretaria de Desenvolvimento Social (SEDES) realizou nesta sexta-feira, 18, o Projeto \u0022Brincando para Crescer\u0022. Crian?as de fam?lias acompanhadas pelos CRAS integrantes do PAIF e consequentemente no servi?o de conviv?ncia e fortalecimento de v?nculos foram presenteadas com um dia no parque.\u003Cbr \/\u003E\r\n\nCinema, brinquedos, din?micas, algod?o doce, cachorro-quente, picol? e muitas outras coisas fizeram parte desse dia festivo voltado para a crian?ada dentro do seu m?s.\u003Cbr \/\u003E\r\n\nO prefeito Valmir de Francisquinho, que fez quest?o de participar, disse que o evento superou todas as expectativas, pois as crian?as e os pais sa?ram muito satisfeitos. \u0022? um trabalho feito com muito carinho para todos. E Levar alegria a estes pequenos ? um dever de todos n?s. Estamos muito felizes com o resultado\u0022, observou.\u003Cbr \/\u003E\r\n\nA Vice-Prefeita e Secret?ria do Desenvolvimento Social Lourdes Machado, demonstrou muita alegria pelo sucesso do projeto. \u0022N?o tenho palavras para dizer muito obrigada, a todos que colaboraram, as secretarias municipais, os funcion?rios e toda minha equipe que se dedicaram ativamente, enfim, a todos que nos ajudaram a realizar esta festa para estes pequeninos\u0022, disse emocionada Lourdinha.\u003Cbr \/\u003E\r\n\n?","tags":"noticias,prefeitura,itabaiana","publicacao":"2013-10-18 07:16:58","criado":"2013-10-18 07:16:58","alterado":"-0001-11-30 00:00:00"},{"id":3393,"autor_show":1,"titulo":"Abertura da II Bienal do Livro \u00e9 realizada na C\u00e2mara de Vereadores do Munic\u00edpio","slug":"abertura-da-ii-bienal-do-livro-e-realizada-na-camara-de-vereadores-do-municipio","subtitulo":"Grande festa foi preparada para recepcionar os convidados","descricao":"Abertura da II Bienal do Livro \u00e9 realizada na C\u00e2mara de Vereadores do Munic\u00edpio","imagem":"\/img\/imagem\/12493-g8w9n1q5h5z3d1m4.jpg,\/img\/imagem\/media_12493-g8w9n1q5h5z3d1m4.jpg,\/img\/imagem\/thumb_12493-g8w9n1q5h5z3d1m4.jpg,\/img\/imagem\/thumb_fix_12493-g8w9n1q5h5z3d1m4.jpg","texto":"Na noite desta quinta-feira, 17, foi realizada na C?mara Municipal de Itabaiana a abertura da II Bienal do Livro que est? atraindo olhares de todo o Brasil para nossa Itabaiana. Na abertura, foi lan?ado um selo oficial dos Correios que imortalizar? a realiza??o da Bienal. \u003Cbr \/\u003E\r\n\n\u0022Itabaiana tem ganhado cada vez mais destaque a n?vel nacional. Temos filhos de Itabaiana espalhados por todo o mundo que hoje se orgulham de nossa terra que cada vez mais exibe o potencial do nosso povo que j? tem o trabalho como parte do DNA. Parabenizo a todos os que estiveram envolvidos de maneira direta ou indireta na realiza??o desse grande evento\u0022, disse Valmir de Francisquinho. \u003Cbr \/\u003E\r\n\n\u003Cbr \/\u003E\r\n\n\u003Cbr \/\u003E\r\n\n\u003Cbr \/\u003E\r\n\n\u003Cbr \/\u003E\r\n\nAinda na noite de ontem a comiss?o organizadora do evento composta por Jamysson Machado, Honorino J?nior e Carlos Eloy fizeram a entrega de trof?us em homenagem aos que contribu?ram com a realiza??o do evento.  Dentre eles esteve a Deputada Estadual Maria Mendon?a que representou tamb?m o poder legislativo estadual e o Prefeito de Itabaiana Valmir dos Santos Costa.  Os organizadores estimam que mais de cinco mil pessoas passem nos corredores da Bienal onde ser?o lan?adas mais de 100 obras. Para o palco s?o esperadas apresenta??es culturais como, por exemplo, grupos teatrais, capoeira al?m de algumas palestras que ser?o proferidas. \u003Cbr \/\u003E\r\n\n?","tags":"noticias,prefeitura,itabaiana","publicacao":"2013-10-18 06:16:14","criado":"2013-10-18 06:16:14","alterado":"-0001-11-30 00:00:00"},{"id":3392,"categoria_id":"6","categoria":{"id":6,"nome":"SOCIAL"},"autor_show":1,"titulo":"Secretaria de Sa\u00fade realiza atividades de Preven\u00e7\u00e3o do C\u00e2ncer de Mama nesta Sexta","slug":"secretaria-de-saude-realiza-atividades-de-prevencao-do-cancer-de-mama-nesta-sexta","subtitulo":"As a\u00e7\u00f5es ser\u00e3o realizadas nesta sexta no Posto Souto Diniz das 8 \u00e0s 13 horas.","descricao":"Secretaria de Sa\u00fade realiza atividades de Preven\u00e7\u00e3o do C\u00e2ncer de Mama nesta Sexta","imagem":"\/img\/imagem\/12492-z1n1w1g6d7z6k5n7.jpg,\/img\/imagem\/media_12492-z1n1w1g6d7z6k5n7.jpg,\/img\/imagem\/thumb_12492-z1n1w1g6d7z6k5n7.jpg,\/img\/imagem\/thumb_fix_12492-z1n1w1g6d7z6k5n7.jpg","texto":"Mais uma a??o da campanha Outubro Rosa vai ser realizada nesta sexta-feira, 18, pela Prefeitura de Itabaiana.\u003Cbr \/\u003E\r\n\nA iniciativa da Secretaria Municipal de Sa?de ser? realizada no Posto Souto Diniz (Postinho da Feira das Panelas) das 8 ?s 13 horas e contar? com orienta??es sobre o auto-exame das mamas, preventivo de c?ncer do colo do ?tero (exame de l?mina), palestras e marca??o direta de mamografias (para mulheres maiores de 40 anos).\u003Cbr \/\u003E\r\n\nAs atividades visam alertar a popula??o sobre a preven??o ao c?ncer de mama. \u0022A inten??o ? unir for?as contra essa doen?a, a fim de sensibilizar o maior n?mero de servidores quanto ? preven??o de todo tipo de c?ncer\u0022, disse Andr?a Reis, secret?ria de Sa?de.\u003Cbr \/\u003E\r\n\n?","tags":"noticias,prefeitura,itabaiana","publicacao":"2013-10-17 06:22:12","criado":"2013-10-17 06:22:12","alterado":"-0001-11-30 00:00:00"},{"id":3391,"categoria_id":"10","categoria":{"id":10,"nome":"EVENTO"},"autor_show":1,"titulo":"Prefeitura realiza Projeto Brincando para Crescer","slug":"prefeitura-realiza-projeto-brincando-para-crescer","subtitulo":"Al\u00e9m de um parque infl\u00e1vel com 22 brinquedos para proporcionar divers\u00e3o ser\u00e3o desenvolvidas atividades e din\u00e2micas na Pra\u00e7a General Jo\u00e3o Pereira das 8 \u00e0s 11 e das 14 \u00e0s 17 horas.","descricao":"Prefeitura realiza Projeto Brincando para Crescer","imagem":"\/img\/imagem\/12491-q1c3v1f4f7n4u5e8.jpg,\/img\/imagem\/media_12491-q1c3v1f4f7n4u5e8.jpg,\/img\/imagem\/thumb_12491-q1c3v1f4f7n4u5e8.jpg,\/img\/imagem\/thumb_fix_12491-q1c3v1f4f7n4u5e8.jpg","texto":"A Prefeitura Municipal de Itabaiana, atrav?s da Secretaria de Inclus?o Social ir? realizar nesta sexta-feira, 18, o Projeto \u0022Brincando para Crescer\u0022 dando continuidade ?s comemora??es do Dia das Crian?as.\u003Cbr \/\u003E\r\n\n\u003Cbr \/\u003E\r\n\nAl?m de um parque infl?vel com 22 brinquedos para proporcionar divers?o ser?o desenvolvidas atividades e din?micas na Pra?a General Jo?o Pereira das 8 ?s 11 e das 14 ?s 17 horas.\u003Cbr \/\u003E\r\n\n\u003Cbr \/\u003E\r\n\nParticipar?o desse dia festivo as crian?as das fam?lias referenciadas assistidas pelos CRAS I e II inclusas no Servi?o de Prote??o e Atendimento Integral ? Fam?lia (PAIF), um trabalho de car?ter continuado que visa fortalecer a fun??o de prote??o das fam?lias, prevenindo a ruptura de la?os, promovendo o acesso e usufruto de direitos e contribuindo para a melhoria da qualidade de vida numa a??o do servi?o de conviv?ncia e fortalecimento de v?nculos. \u003Cbr \/\u003E\r\n\n?","tags":"noticias,prefeitura,itabaiana","publicacao":"2013-10-17 05:45:48","criado":"2013-10-17 05:45:48","alterado":"-0001-11-30 00:00:00"},{"id":3389,"categoria_id":"10","categoria":{"id":10,"nome":"EVENTO"},"autor_show":1,"titulo":"Aten\u00e7\u00e3o: Nomes da segunda etapa do Programa Minha Casa Minha Vida","slug":"atencao-nomes-da-segunda-etapa-do-programa-minha-casa-minha-vida","subtitulo":"A Secretaria do Desenvolvimento Social de Itabaiana comunica e convida os 173 benefici\u00e1rios do empreendimento residencial Manoel Sobral","descricao":"Aten\u00e7\u00e3o: Nomes da segunda etapa do Programa Minha Casa Minha Vida","imagem":"\/img\/imagem\/,\/img\/imagem\/media_,\/img\/imagem\/thumb_,\/img\/imagem\/thumb_fix_","texto":"A Secretaria do Desenvolvimento Social de Itabaiana comunica e convida os 173 benefici?rios do empreendimento residencial Manoel Sobral, os relacionados na lista devem comparecer nesta quarta (16), ?s 9hs da manh? na Associa??o Atl?tica de Itabaiana para que possam participar da reuni?o de sensibiliza??o com representantes da Caixa Econ?mica, na oportunidade ser?o expostos detalhes sobre essa segunda etapa do Programa Minha Casa Minha Vida.\u003Cbr \/\u003E\r\n\n\u003Cbr \/\u003E\r\n\n\u003Cbr \/\u003E\r\n\n\u003Cbr \/\u003E\r\n\n\u003Cbr \/\u003E\r\n\nITEN\u003Cbr \/\u003E\r\n\n\u003Cbr \/\u003E\r\n\n\u003Cbr \/\u003E\r\n\nNIS\u003Cbr \/\u003E\r\n\n\u003Cbr \/\u003E\r\n\n\u003Cbr \/\u003E\r\n\nPROPONENTE IDOSOS\u003Cbr \/\u003E\r\n\n\u003Cbr \/\u003E\r\n\n\u003Cbr \/\u003E\r\n\n\u003Cbr \/\u003E\r\n\n\u003Cbr \/\u003E\r\n\n01\u003Cbr \/\u003E\r\n\n\u003Cbr \/\u003E\r\n\n\u003Cbr \/\u003E\r\n\n1290415576-9\u003Cbr \/\u003E\r\n\n\u003Cbr \/\u003E\r\n\n\u003Cbr \/\u003E\r\n\nCOSMO DIAS SANTOS\u003Cbr \/\u003E\r\n\n\u003Cbr \/\u003E\r\n\n\u003Cbr \/\u003E\r\n\n\u003Cbr \/\u003E\r\n\n\u003Cbr \/\u003E\r\n\n02\u003Cbr \/\u003E\r\n\n\u003Cbr \/\u003E\r\n\n\u003Cbr \/\u003E\r\n\n1079662512-0\u003Cbr \/\u003E\r\n\n\u003Cbr \/\u003E\r\n\n\u003Cbr \/\u003E\r\n\nMARIA DE LOURDES CARVALHO DO NASCIMENTO\u003Cbr \/\u003E\r\n\n\u003Cbr \/\u003E\r\n\n\u003Cbr \/\u003E\r\n\n\u003Cbr \/\u003E\r\n\n\u003Cbr \/\u003E\r\n\n03\u003Cbr \/\u003E\r\n\n\u003Cbr \/\u003E\r\n\n\u003Cbr \/\u003E\r\n\n1210781232-4\u003Cbr \/\u003E\r\n\n\u003Cbr \/\u003E\r\n\n\u003Cbr \/\u003E\r\n\nLINDINALVA PRADO DE OLIVEIRA\u003Cbr \/\u003E\r\n\n\u003Cbr \/\u003E\r\n\n\u003Cbr \/\u003E\r\n\n\u003Cbr \/\u003E\r\n\n\u003Cbr \/\u003E\r\n\n04\u003Cbr \/\u003E\r\n\n\u003Cbr \/\u003E\r\n\n\u003Cbr \/\u003E\r\n\n1290193976-9\u003Cbr \/\u003E\r\n\n\u003Cbr \/\u003E\r\n\n\u003Cbr \/\u003E\r\n\nMARIA VALDETE DO CARMO\u003Cbr \/\u003E\r\n\n\u003Cbr \/\u003E\r\n\n\u003Cbr \/\u003E\r\n\n\u003Cbr \/\u003E\r\n\n\u003Cbr \/\u003E\r\n\n05\u003Cbr \/\u003E\r\n\n\u003Cbr \/\u003E\r\n\n\u003Cbr \/\u003E\r\n\n1064935846-2\u003Cbr \/\u003E\r\n\n\u003Cbr \/\u003E\r\n\n\u003Cbr \/\u003E\r\n\nJOSE BRITO DE LIMA\u003Cbr \/\u003E\r\n\n\u003Cbr \/\u003E\r\n\n\u003Cbr \/\u003E\r\n\n\u003Cbr \/\u003E\r\n\n\u003Cbr \/\u003E\r\n\n06\u003Cbr \/\u003E\r\n\n\u003Cbr \/\u003E\r\n\n\u003Cbr \/\u003E\r\n\n2095982414-0\u003Cbr \/\u003E\r\n\n\u003Cbr \/\u003E\r\n\n\u003Cbr \/\u003E\r\n\nMARIA ROSA DOS SANTOS\u003Cbr \/\u003E\r\n\n\u003Cbr \/\u003E\r\n\n\u003Cbr \/\u003E\r\n\n\u003Cbr \/\u003E\r\n\n\u003Cbr \/\u003E\r\n\n?\u003Cbr \/\u003E\r\n\n\u003Cbr \/\u003E\r\n\n\u003Cbr \/\u003E\r\n\n?\u003Cbr \/\u003E\r\n\n\u003Cbr \/\u003E\r\n\n\u003Cbr \/\u003E\r\n\nPORTADORES DE DEFICI?NCIA\u003Cbr \/\u003E\r\n\n\u003Cbr \/\u003E\r\n\n\u003Cbr \/\u003E\r\n\n\u003Cbr \/\u003E\r\n\n\u003Cbr \/\u003E\r\n\n01\u003Cbr \/\u003E\r\n\n\u003Cbr \/\u003E\r\n\n\u003Cbr \/\u003E\r\n\n1232927360-8\u003Cbr \/\u003E\r\n\n\u003Cbr \/\u003E\r\n\n\u003Cbr \/\u003E\r\n\nMARIA SALETE CALADO SILVA\u003Cbr \/\u003E\r\n\n\u003Cbr \/\u003E\r\n\n\u003Cbr \/\u003E\r\n\n\u003Cbr \/\u003E\r\n\n\u003Cbr \/\u003E\r\n\n02\u003Cbr \/\u003E\r\n\n\u003Cbr \/\u003E\r\n\n\u003Cbr \/\u003E\r\n\n2061094136-9\u003Cbr \/\u003E\r\n\n\u003Cbr \/\u003E\r\n\n\u003Cbr \/\u003E\r\n\nJOSEILDE DOS SANTOS CORREIA\u003Cbr \/\u003E\r\n\n\u003Cbr \/\u003E\r\n\n\u003Cbr \/\u003E\r\n\n\u003Cbr \/\u003E\r\n\n\u003Cbr \/\u003E\r\n\n03\u003Cbr \/\u003E\r\n\n\u003Cbr \/\u003E\r\n\n\u003Cbr \/\u003E\r\n\n1255760477-3\u003Cbr \/\u003E\r\n\n\u003Cbr \/\u003E\r\n\n\u003Cbr \/\u003E\r\n\nMARIA SONIA DOS SANTOS\u003Cbr \/\u003E\r\n\n\u003Cbr \/\u003E\r\n\n\u003Cbr \/\u003E\r\n\n\u003Cbr \/\u003E\r\n\n\u003Cbr \/\u003E\r\n\n04\u003Cbr \/\u003E\r\n\n\u003Cbr \/\u003E\r\n\n\u003Cbr \/\u003E\r\n\n2362759309-6\u003Cbr \/\u003E\r\n\n\u003Cbr \/\u003E\r\n\n\u003Cbr \/\u003E\r\n\nALBERTINO DIAS DA SILVA\u003Cbr \/\u003E\r\n\n\u003Cbr \/\u003E\r\n\n\u003Cbr \/\u003E\r\n\n\u003Cbr \/\u003E\r\n\n\u003Cbr \/\u003E\r\n\n05\u003Cbr \/\u003E\r\n\n\u003Cbr \/\u003E\r\n\n\u003Cbr \/\u003E\r\n\n2281187284-0\u003Cbr \/\u003E\r\n\n\u003Cbr \/\u003E\r\n\n\u003Cbr \/\u003E\r\n\nMARINEIDE SILVA\u003Cbr \/\u003E\r\n\n\u003Cbr \/\u003E\r\n\n\u003Cbr \/\u003E\r\n\n\u003Cbr \/\u003E\r\n\n\u003Cbr \/\u003E\r\n\n06\u003Cbr \/\u003E\r\n\n\u003Cbr \/\u003E\r\n\n\u003Cbr \/\u003E\r\n\n2098363194-2\u003Cbr \/\u003E\r\n\n\u003Cbr \/\u003E\r\n\n\u003Cbr \/\u003E\r\n\nEDIJAN CARVALHO DE SOUZA\u003Cbr \/\u003E\r\n\n\u003Cbr \/\u003E\r\n\n\u003Cbr \/\u003E\r\n\n\u003Cbr \/\u003E\r\n\n\u003Cbr \/\u003E\r\n\n?\u003Cbr \/\u003E\r\n\n\u003Cbr \/\u003E\r\n\n\u003Cbr \/\u003E\r\n\n?\u003Cbr \/\u003E\r\n\n\u003Cbr \/\u003E\r\n\n\u003Cbr \/\u003E\r\n\nGRUPO GERAL\u003Cbr \/\u003E\r\n\n\u003Cbr \/\u003E\r\n\n\u003Cbr \/\u003E\r\n\n\u003Cbr \/\u003E\r\n\n\u003Cbr \/\u003E\r\n\n01\u003Cbr \/\u003E\r\n\n\u003Cbr \/\u003E\r\n\n\u003Cbr \/\u003E\r\n\n2060774251-2\u003Cbr \/\u003E\r\n\n\u003Cbr \/\u003E\r\n\n\u003Cbr \/\u003E\r\n\nMARIA ELZA DOS ANJOS ALVES DE JESUS\u003Cbr \/\u003E\r\n\n\u003Cbr \/\u003E\r\n\n\u003Cbr \/\u003E\r\n\n\u003Cbr \/\u003E\r\n\n\u003Cbr \/\u003E\r\n\n02\u003Cbr \/\u003E\r\n\n\u003Cbr \/\u003E\r\n\n\u003Cbr \/\u003E\r\n\n2013209407\u003Cbr \/\u003E\r\n\n\u003Cbr \/\u003E\r\n\n\u003Cbr \/\u003E\r\n\nERALDO DE JESUS BARROS\u003Cbr \/\u003E\r\n\n\u003Cbr \/\u003E\r\n\n\u003Cbr \/\u003E\r\n\n\u003Cbr \/\u003E\r\n\n\u003Cbr \/\u003E\r\n\n03\u003Cbr \/\u003E\r\n\n\u003Cbr \/\u003E\r\n\n\u003Cbr \/\u003E\r\n\n2095982414-0\u003Cbr \/\u003E\r\n\n\u003Cbr \/\u003E\r\n\n\u003Cbr \/\u003E\r\n\nMARIA ROSA DOS SANTOS\u003Cbr \/\u003E\r\n\n\u003Cbr \/\u003E\r\n\n\u003Cbr \/\u003E\r\n\n\u003Cbr \/\u003E\r\n\n\u003Cbr \/\u003E\r\n\n04\u003Cbr \/\u003E\r\n\n\u003Cbr \/\u003E\r\n\n\u003Cbr \/\u003E\r\n\n1900443381-6\u003Cbr \/\u003E\r\n\n\u003Cbr \/\u003E\r\n\n\u003Cbr \/\u003E\r\n\nMARIA LOURDES DOS SANTOS\u003Cbr \/\u003E\r\n\n\u003Cbr \/\u003E\r\n\n\u003Cbr \/\u003E\r\n\n\u003Cbr \/\u003E\r\n\n\u003Cbr \/\u003E\r\n\n05\u003Cbr \/\u003E\r\n\n\u003Cbr \/\u003E\r\n\n\u003Cbr \/\u003E\r\n\n1635716115-3\u003Cbr \/\u003E\r\n\n\u003Cbr \/\u003E\r\n\n\u003Cbr \/\u003E\r\n\nMARIA DE LOURDES MENEZES\u003Cbr \/\u003E\r\n\n\u003Cbr \/\u003E\r\n\n\u003Cbr \/\u003E\r\n\n\u003Cbr \/\u003E\r\n\n\u003Cbr \/\u003E\r\n\n06\u003Cbr \/\u003E\r\n\n\u003Cbr \/\u003E\r\n\n\u003Cbr \/\u003E\r\n\n2362342145-2\u003Cbr \/\u003E\r\n\n\u003Cbr \/\u003E\r\n\n\u003Cbr \/\u003E\r\n\nSANTINHA OLIVEIRA DE JESUS\u003Cbr \/\u003E\r\n\n\u003Cbr \/\u003E\r\n\n\u003Cbr \/\u003E\r\n\n\u003Cbr \/\u003E\r\n\n\u003Cbr \/\u003E\r\n\n07\u003Cbr \/\u003E\r\n\n\u003Cbr \/\u003E\r\n\n\u003Cbr \/\u003E\r\n\n1213111619-7\u003Cbr \/\u003E\r\n\n\u003Cbr \/\u003E\r\n\n\u003Cbr \/\u003E\r\n\nJOSE DOS DANTOS\u003Cbr \/\u003E\r\n\n\u003Cbr \/\u003E\r\n\n\u003Cbr \/\u003E\r\n\n\u003Cbr \/\u003E\r\n\n\u003Cbr \/\u003E\r\n\n08\u003Cbr \/\u003E\r\n\n\u003Cbr \/\u003E\r\n\n\u003Cbr \/\u003E\r\n\n2091399465-5\u003Cbr \/\u003E\r\n\n\u003Cbr \/\u003E\r\n\n\u003Cbr \/\u003E\r\n\nJOSEFA DANTASDE ALMEIDA\u003Cbr \/\u003E\r\n\n\u003Cbr \/\u003E\r\n\n\u003Cbr \/\u003E\r\n\n\u003Cbr \/\u003E\r\n\n\u003Cbr \/\u003E\r\n\n09\u003Cbr \/\u003E\r\n\n\u003Cbr \/\u003E\r\n\n\u003Cbr \/\u003E\r\n\n1010738876-3\u003Cbr \/\u003E\r\n\n\u003Cbr \/\u003E\r\n\n\u003Cbr \/\u003E\r\n\nMARIA LUCIA DE LIMA\u003Cbr \/\u003E\r\n\n\u003Cbr \/\u003E\r\n\n\u003Cbr \/\u003E\r\n\n\u003Cbr \/\u003E\r\n\n\u003Cbr \/\u003E\r\n\n10\u003Cbr \/\u003E\r\n\n\u003Cbr \/\u003E\r\n\n\u003Cbr \/\u003E\r\n\n2363726535-0\u003Cbr \/\u003E\r\n\n\u003Cbr \/\u003E\r\n\n\u003Cbr \/\u003E\r\n\nANEZIA GRA?A DE LIMA\u003Cbr \/\u003E\r\n\n\u003Cbr \/\u003E\r\n\n\u003Cbr \/\u003E\r\n\n\u003Cbr \/\u003E\r\n\n\u003Cbr \/\u003E\r\n\n11\u003Cbr \/\u003E\r\n\n\u003Cbr \/\u003E\r\n\n\u003Cbr \/\u003E\r\n\n1037781615-6\u003Cbr \/\u003E\r\n\n\u003Cbr \/\u003E\r\n\n\u003Cbr \/\u003E\r\n\nJOSE CARLOS DOS SANTOS\u003Cbr \/\u003E\r\n\n\u003Cbr \/\u003E\r\n\n\u003Cbr \/\u003E\r\n\n\u003Cbr \/\u003E\r\n\n\u003Cbr \/\u003E\r\n\n12\u003Cbr \/\u003E\r\n\n\u003Cbr \/\u003E\r\n\n\u003Cbr \/\u003E\r\n\n2090913327-6\u003Cbr \/\u003E\r\n\n\u003Cbr \/\u003E\r\n\n\u003Cbr \/\u003E\r\n\nMARIA DOS SANTOS\u003Cbr \/\u003E\r\n\n\u003Cbr \/\u003E\r\n\n\u003Cbr \/\u003E\r\n\n\u003Cbr \/\u003E\r\n\n\u003Cbr \/\u003E\r\n\n13\u003Cbr \/\u003E\r\n\n\u003Cbr \/\u003E\r\n\n\u003Cbr \/\u003E\r\n\n2039692138-2\u003Cbr \/\u003E\r\n\n\u003Cbr \/\u003E\r\n\n\u003Cbr \/\u003E\r\n\nMARIA BERNADETE DOS SANTOS\u003Cbr \/\u003E\r\n\n\u003Cbr \/\u003E\r\n\n\u003Cbr \/\u003E\r\n\n\u003Cbr \/\u003E\r\n\n\u003Cbr \/\u003E\r\n\n14\u003Cbr \/\u003E\r\n\n\u003Cbr \/\u003E\r\n\n\u003Cbr \/\u003E\r\n\n2073655083-0\u003Cbr \/\u003E\r\n\n\u003Cbr \/\u003E\r\n\n\u003Cbr \/\u003E\r\n\nJOSE NIVALDO DE ANDRADE\u003Cbr \/\u003E\r\n\n\u003Cbr \/\u003E\r\n\n\u003Cbr \/\u003E\r\n\n\u003Cbr \/\u003E\r\n\n\u003Cbr \/\u003E\r\n\n15\u003Cbr \/\u003E\r\n\n\u003Cbr \/\u003E\r\n\n\u003Cbr \/\u003E\r\n\n1637447665-5\u003Cbr \/\u003E\r\n\n\u003Cbr \/\u003E\r\n\n\u003Cbr \/\u003E\r\n\nMARCOS SILVA DE MENDON?A\u003Cbr \/\u003E\r\n\n\u003Cbr \/\u003E\r\n\n\u003Cbr \/\u003E\r\n\n\u003Cbr \/\u003E\r\n\n\u003Cbr \/\u003E\r\n\n16\u003Cbr \/\u003E\r\n\n\u003Cbr \/\u003E\r\n\n\u003Cbr \/\u003E\r\n\n2065683985-0\u003Cbr \/\u003E\r\n\n\u003Cbr \/\u003E\r\n\n\u003Cbr \/\u003E\r\n\nHILDA MARIA DA COSTA\u003Cbr \/\u003E\r\n\n\u003Cbr \/\u003E\r\n\n\u003Cbr \/\u003E\r\n\n\u003Cbr \/\u003E\r\n\n\u003Cbr \/\u003E\r\n\n17\u003Cbr \/\u003E\r\n\n\u003Cbr \/\u003E\r\n\n\u003Cbr \/\u003E\r\n\n2363563742-0\u003Cbr \/\u003E\r\n\n\u003Cbr \/\u003E\r\n\n\u003Cbr \/\u003E\r\n\nMARIA ESTER DE JESUS RIBEIRO\u003Cbr \/\u003E\r\n\n\u003Cbr \/\u003E\r\n\n\u003Cbr \/\u003E\r\n\n\u003Cbr \/\u003E\r\n\n\u003Cbr \/\u003E\r\n\n18\u003Cbr \/\u003E\r\n\n\u003Cbr \/\u003E\r\n\n\u003Cbr \/\u003E\r\n\n1630573752-6\u003Cbr \/\u003E\r\n\n\u003Cbr \/\u003E\r\n\n\u003Cbr \/\u003E\r\n\nJOSE ROBERTO CHAVES\u003Cbr \/\u003E\r\n\n\u003Cbr \/\u003E\r\n\n\u003Cbr \/\u003E\r\n\n\u003Cbr \/\u003E\r\n\n\u003Cbr \/\u003E\r\n\n19\u003Cbr \/\u003E\r\n\n\u003Cbr \/\u003E\r\n\n\u003Cbr \/\u003E\r\n\n2034335187-5\u003Cbr \/\u003E\r\n\n\u003Cbr \/\u003E\r\n\n\u003Cbr \/\u003E\r\n\nJOELMA DOS SANTOS\u003Cbr \/\u003E\r\n\n\u003Cbr \/\u003E\r\n\n\u003Cbr \/\u003E\r\n\n\u003Cbr \/\u003E\r\n\n\u003Cbr \/\u003E\r\n\n20\u003Cbr \/\u003E\r\n\n\u003Cbr \/\u003E\r\n\n\u003Cbr \/\u003E\r\n\n1010738876-3\u003Cbr \/\u003E\r\n\n\u003Cbr \/\u003E\r\n\n\u003Cbr \/\u003E\r\n\nMARIA LUCIA DE LIMA\u003Cbr \/\u003E\r\n\n\u003Cbr \/\u003E\r\n\n\u003Cbr \/\u003E\r\n\n\u003Cbr \/\u003E\r\n\n\u003Cbr \/\u003E\r\n\n21\u003Cbr \/\u003E\r\n\n\u003Cbr \/\u003E\r\n\n\u003Cbr \/\u003E\r\n\n2363726535-0\u003Cbr \/\u003E\r\n\n\u003Cbr \/\u003E\r\n\n\u003Cbr \/\u003E\r\n\nANEZIA GRA?A DE LIMA\u003Cbr \/\u003E\r\n\n\u003Cbr \/\u003E\r\n\n\u003Cbr \/\u003E\r\n\n\u003Cbr \/\u003E\r\n\n\u003Cbr \/\u003E\r\n\n22\u003Cbr \/\u003E\r\n\n\u003Cbr \/\u003E\r\n\n\u003Cbr \/\u003E\r\n\n1037781615-6\u003Cbr \/\u003E\r\n\n\u003Cbr \/\u003E\r\n\n\u003Cbr \/\u003E\r\n\nJOSE CARLOS DOS SANTOS\u003Cbr \/\u003E\r\n\n\u003Cbr \/\u003E\r\n\n\u003Cbr \/\u003E\r\n\n\u003Cbr \/\u003E\r\n\n\u003Cbr \/\u003E\r\n\n23\u003Cbr \/\u003E\r\n\n\u003Cbr \/\u003E\r\n\n\u003Cbr \/\u003E\r\n\n2090913327-6\u003Cbr \/\u003E\r\n\n\u003Cbr \/\u003E\r\n\n\u003Cbr \/\u003E\r\n\nMARIA DOS SANTOS\u003Cbr \/\u003E\r\n\n\u003Cbr \/\u003E\r\n\n\u003Cbr \/\u003E\r\n\n\u003Cbr \/\u003E\r\n\n\u003Cbr \/\u003E\r\n\n24\u003Cbr \/\u003E\r\n\n\u003Cbr \/\u003E\r\n\n\u003Cbr \/\u003E\r\n\n2039692138-2\u003Cbr \/\u003E\r\n\n\u003Cbr \/\u003E\r\n\n\u003Cbr \/\u003E\r\n\nMARIA BERNADETE DOS SANTOS\u003Cbr \/\u003E\r\n\n\u003Cbr \/\u003E\r\n\n\u003Cbr \/\u003E\r\n\n\u003Cbr \/\u003E\r\n\n\u003Cbr \/\u003E\r\n\n25\u003Cbr \/\u003E\r\n\n\u003Cbr \/\u003E\r\n\n\u003Cbr \/\u003E\r\n\n2073655083-0\u003Cbr \/\u003E\r\n\n\u003Cbr \/\u003E\r\n\n\u003Cbr \/\u003E\r\n\nJOSE NIVALDO DE ANDRADE\u003Cbr \/\u003E\r\n\n\u003Cbr \/\u003E\r\n\n\u003Cbr \/\u003E\r\n\n\u003Cbr \/\u003E\r\n\n\u003Cbr \/\u003E\r\n\n26\u003Cbr \/\u003E\r\n\n\u003Cbr \/\u003E\r\n\n\u003Cbr \/\u003E\r\n\n1637447665-5\u003Cbr \/\u003E\r\n\n\u003Cbr \/\u003E\r\n\n\u003Cbr \/\u003E\r\n\nMARCOS SILVA DE MENDON?A\u003Cbr \/\u003E\r\n\n\u003Cbr \/\u003E\r\n\n\u003Cbr \/\u003E\r\n\n\u003Cbr \/\u003E\r\n\n\u003Cbr \/\u003E\r\n\n27\u003Cbr \/\u003E\r\n\n\u003Cbr \/\u003E\r\n\n\u003Cbr \/\u003E\r\n\n2065683985-0\u003Cbr \/\u003E\r\n\n\u003Cbr \/\u003E\r\n\n\u003Cbr \/\u003E\r\n\nHILDA MARIA DA COSTA\u003Cbr \/\u003E\r\n\n\u003Cbr \/\u003E\r\n\n\u003Cbr \/\u003E\r\n\n\u003Cbr \/\u003E\r\n\n\u003Cbr \/\u003E\r\n\n28\u003Cbr \/\u003E\r\n\n\u003Cbr \/\u003E\r\n\n\u003Cbr \/\u003E\r\n\n2363563742-0\u003Cbr \/\u003E\r\n\n\u003Cbr \/\u003E\r\n\n\u003Cbr \/\u003E\r\n\nMARIA ESTER DE JESUS RIBEIRO\u003Cbr \/\u003E\r\n\n\u003Cbr \/\u003E\r\n\n\u003Cbr \/\u003E\r\n\n\u003Cbr \/\u003E\r\n\n\u003Cbr \/\u003E\r\n\n29\u003Cbr \/\u003E\r\n\n\u003Cbr \/\u003E\r\n\n\u003Cbr \/\u003E\r\n\n1630573752-6\u003Cbr \/\u003E\r\n\n\u003Cbr \/\u003E\r\n\n\u003Cbr \/\u003E\r\n\nJOSE ROBERTO CHAVES\u003Cbr \/\u003E\r\n\n\u003Cbr \/\u003E\r\n\n\u003Cbr \/\u003E\r\n\n\u003Cbr \/\u003E\r\n\n\u003Cbr \/\u003E\r\n\n30\u003Cbr \/\u003E\r\n\n\u003Cbr \/\u003E\r\n\n\u003Cbr \/\u003E\r\n\n2034335187-5\u003Cbr \/\u003E\r\n\n\u003Cbr \/\u003E\r\n\n\u003Cbr \/\u003E\r\n\nJOELMA DOS SANTOS\u003Cbr \/\u003E\r\n\n\u003Cbr \/\u003E\r\n\n\u003Cbr \/\u003E\r\n\n\u003Cbr \/\u003E\r\n\n\u003Cbr \/\u003E\r\n\n31\u003Cbr \/\u003E\r\n\n\u003Cbr \/\u003E\r\n\n\u003Cbr \/\u003E\r\n\n1026549361-4\u003Cbr \/\u003E\r\n\n\u003Cbr \/\u003E\r\n\n\u003Cbr \/\u003E\r\n\nJOAO BOSCO DOS SANTOS\u003Cbr \/\u003E\r\n\n\u003Cbr \/\u003E\r\n\n\u003Cbr \/\u003E\r\n\n\u003Cbr \/\u003E\r\n\n\u003Cbr \/\u003E\r\n\n32\u003Cbr \/\u003E\r\n\n\u003Cbr \/\u003E\r\n\n\u003Cbr \/\u003E\r\n\n2003720757-6\u003Cbr \/\u003E\r\n\n\u003Cbr \/\u003E\r\n\n\u003Cbr \/\u003E\r\n\nEDIVANDA TAVARES DE JESUS\u003Cbr \/\u003E\r\n\n\u003Cbr \/\u003E\r\n\n\u003Cbr \/\u003E\r\n\n\u003Cbr \/\u003E\r\n\n\u003Cbr \/\u003E\r\n\n33\u003Cbr \/\u003E\r\n\n\u003Cbr \/\u003E\r\n\n\u003Cbr \/\u003E\r\n\n1536731727-1\u003Cbr \/\u003E\r\n\n\u003Cbr \/\u003E\r\n\n\u003Cbr \/\u003E\r\n\nJOSEFA BARRETO\u003Cbr \/\u003E\r\n\n\u003Cbr \/\u003E\r\n\n\u003Cbr \/\u003E\r\n\n\u003Cbr \/\u003E\r\n\n\u003Cbr \/\u003E\r\n\n34\u003Cbr \/\u003E\r\n\n\u003Cbr \/\u003E\r\n\n\u003Cbr \/\u003E\r\n\n1082911235-6\u003Cbr \/\u003E\r\n\n\u003Cbr \/\u003E\r\n\n\u003Cbr \/\u003E\r\n\nMARIA DA GRA?A PRUDENTE DOS SANTOS\u003Cbr \/\u003E\r\n\n\u003Cbr \/\u003E\r\n\n\u003Cbr \/\u003E\r\n\n\u003Cbr \/\u003E\r\n\n\u003Cbr \/\u003E\r\n\n35\u003Cbr \/\u003E\r\n\n\u003Cbr \/\u003E\r\n\n\u003Cbr \/\u003E\r\n\n2363247672-8\u003Cbr \/\u003E\r\n\n\u003Cbr \/\u003E\r\n\n\u003Cbr \/\u003E\r\n\nJOSEFA FRANCISCA DOS REIS\u003Cbr \/\u003E\r\n\n\u003Cbr \/\u003E\r\n\n\u003Cbr \/\u003E\r\n\n\u003Cbr \/\u003E\r\n\n\u003Cbr \/\u003E\r\n\n36\u003Cbr \/\u003E\r\n\n\u003Cbr \/\u003E\r\n\n\u003Cbr \/\u003E\r\n\n1628639154-2\u003Cbr \/\u003E\r\n\n\u003Cbr \/\u003E\r\n\n\u003Cbr \/\u003E\r\n\nGILTON MOREIRA SANTOS\u003Cbr \/\u003E\r\n\n\u003Cbr \/\u003E\r\n\n\u003Cbr \/\u003E\r\n\n\u003Cbr \/\u003E\r\n\n\u003Cbr \/\u003E\r\n\n37\u003Cbr \/\u003E\r\n\n\u003Cbr \/\u003E\r\n\n\u003Cbr \/\u003E\r\n\n1642253145-2\u003Cbr \/\u003E\r\n\n\u003Cbr \/\u003E\r\n\n\u003Cbr \/\u003E\r\n\nMARIA DO SOCORRO COELHO DO NASCIMENTO\u003Cbr \/\u003E\r\n\n\u003Cbr \/\u003E\r\n\n\u003Cbr \/\u003E\r\n\n\u003Cbr \/\u003E\r\n\n\u003Cbr \/\u003E\r\n\n38\u003Cbr \/\u003E\r\n\n\u003Cbr \/\u003E\r\n\n\u003Cbr \/\u003E\r\n\n1616126311-5\u003Cbr \/\u003E\r\n\n\u003Cbr \/\u003E\r\n\n\u003Cbr \/\u003E\r\n\nFABIANA RIBEIRO PASSOS\u003Cbr \/\u003E\r\n\n\u003Cbr \/\u003E\r\n\n\u003Cbr \/\u003E\r\n\n\u003Cbr \/\u003E\r\n\n\u003Cbr \/\u003E\r\n\n39\u003Cbr \/\u003E\r\n\n\u003Cbr \/\u003E\r\n\n\u003Cbr \/\u003E\r\n\n1616676536-4\u003Cbr \/\u003E\r\n\n\u003Cbr \/\u003E\r\n\n\u003Cbr \/\u003E\r\n\nANTONIETA OLIVEIRA SANTOS\u003Cbr \/\u003E\r\n\n\u003Cbr \/\u003E\r\n\n\u003Cbr \/\u003E\r\n\n\u003Cbr \/\u003E\r\n\n\u003Cbr \/\u003E\r\n\n40\u003Cbr \/\u003E\r\n\n\u003Cbr \/\u003E\r\n\n\u003Cbr \/\u003E\r\n\n1602539249-9\u003Cbr \/\u003E\r\n\n\u003Cbr \/\u003E\r\n\n\u003Cbr \/\u003E\r\n\nEDIVANIA BARBOSA DA SILVA\u003Cbr \/\u003E\r\n\n\u003Cbr \/\u003E\r\n\n\u003Cbr \/\u003E\r\n\n\u003Cbr \/\u003E\r\n\n\u003Cbr \/\u003E\r\n\n41\u003Cbr \/\u003E\r\n\n\u003Cbr \/\u003E\r\n\n\u003Cbr \/\u003E\r\n\n1616673855-3\u003Cbr \/\u003E\r\n\n\u003Cbr \/\u003E\r\n\n\u003Cbr \/\u003E\r\n\nADNALVA SUTERO DOS SANTOS\u003Cbr \/\u003E\r\n\n\u003Cbr \/\u003E\r\n\n\u003Cbr \/\u003E\r\n\n\u003Cbr \/\u003E\r\n\n\u003Cbr \/\u003E\r\n\n42\u003Cbr \/\u003E\r\n\n\u003Cbr \/\u003E\r\n\n\u003Cbr \/\u003E\r\n\n1652131349-6\u003Cbr \/\u003E\r\n\n\u003Cbr \/\u003E\r\n\n\u003Cbr \/\u003E\r\n\nLAISSE COSTA SANTOS\u003Cbr \/\u003E\r\n\n\u003Cbr \/\u003E\r\n\n\u003Cbr \/\u003E\r\n\n\u003Cbr \/\u003E\r\n\n\u003Cbr \/\u003E\r\n\n43\u003Cbr \/\u003E\r\n\n\u003Cbr \/\u003E\r\n\n\u003Cbr \/\u003E\r\n\n2013209860-6\u003Cbr \/\u003E\r\n\n\u003Cbr \/\u003E\r\n\n\u003Cbr \/\u003E\r\n\nHOZANA DE JESUS\u003Cbr \/\u003E\r\n\n\u003Cbr \/\u003E\r\n\n\u003Cbr \/\u003E\r\n\n\u003Cbr \/\u003E\r\n\n\u003Cbr \/\u003E\r\n\n44\u003Cbr \/\u003E\r\n\n\u003Cbr \/\u003E\r\n\n\u003Cbr \/\u003E\r\n\n1902864269-5\u003Cbr \/\u003E\r\n\n\u003Cbr \/\u003E\r\n\n\u003Cbr \/\u003E\r\n\nEDIVANIA SANTOS MELO\u003Cbr \/\u003E\r\n\n\u003Cbr \/\u003E\r\n\n\u003Cbr \/\u003E\r\n\n\u003Cbr \/\u003E\r\n\n\u003Cbr \/\u003E\r\n\n45\u003Cbr \/\u003E\r\n\n\u003Cbr \/\u003E\r\n\n\u003Cbr \/\u003E\r\n\n1259468376-2\u003Cbr \/\u003E\r\n\n\u003Cbr \/\u003E\r\n\n\u003Cbr \/\u003E\r\n\nALESSANDRA OLIVEIRA SOUZA\u003Cbr \/\u003E\r\n\n\u003Cbr \/\u003E\r\n\n\u003Cbr \/\u003E\r\n\n\u003Cbr \/\u003E\r\n\n\u003Cbr \/\u003E\r\n\n46\u003Cbr \/\u003E\r\n\n\u003Cbr \/\u003E\r\n\n\u003Cbr \/\u003E\r\n\n1646035603-4\u003Cbr \/\u003E\r\n\n\u003Cbr \/\u003E\r\n\n\u003Cbr \/\u003E\r\n\nLUCIANA BISPO DOS SANTOS\u003Cbr \/\u003E\r\n\n\u003Cbr \/\u003E\r\n\n\u003Cbr \/\u003E\r\n\n\u003Cbr \/\u003E\r\n\n\u003Cbr \/\u003E\r\n\n47\u003Cbr \/\u003E\r\n\n\u003Cbr \/\u003E\r\n\n\u003Cbr \/\u003E\r\n\n1280261076-9\u003Cbr \/\u003E\r\n\n\u003Cbr \/\u003E\r\n\n\u003Cbr \/\u003E\r\n\nMARIA DO CARMO DE JESUS\u003Cbr \/\u003E\r\n\n\u003Cbr \/\u003E\r\n\n\u003Cbr \/\u003E\r\n\n\u003Cbr \/\u003E\r\n\n\u003Cbr \/\u003E\r\n\n48\u003Cbr \/\u003E\r\n\n\u003Cbr \/\u003E\r\n\n\u003Cbr \/\u003E\r\n\n1581073227-9\u003Cbr \/\u003E\r\n\n\u003Cbr \/\u003E\r\n\n\u003Cbr \/\u003E\r\n\nLUCIMARA ANDRADE NUNES\u003Cbr \/\u003E\r\n\n\u003Cbr \/\u003E\r\n\n\u003Cbr \/\u003E\r\n\n\u003Cbr \/\u003E\r\n\n\u003Cbr \/\u003E\r\n\n49\u003Cbr \/\u003E\r\n\n\u003Cbr \/\u003E\r\n\n\u003Cbr \/\u003E\r\n\n1616683592-3\u003Cbr \/\u003E\r\n\n\u003Cbr \/\u003E\r\n\n\u003Cbr \/\u003E\r\n\nELISANGELA DE JESUS ARAUJO\u003Cbr \/\u003E\r\n\n\u003Cbr \/\u003E\r\n\n\u003Cbr \/\u003E\r\n\n\u003Cbr \/\u003E\r\n\n\u003Cbr \/\u003E\r\n\n50\u003Cbr \/\u003E\r\n\n\u003Cbr \/\u003E\r\n\n\u003Cbr \/\u003E\r\n\n1607481616-7\u003Cbr \/\u003E\r\n\n\u003Cbr \/\u003E\r\n\n\u003Cbr \/\u003E\r\n\nJOSENILDE DE JESUS SANTOS\u003Cbr \/\u003E\r\n\n\u003Cbr \/\u003E\r\n\n\u003Cbr \/\u003E\r\n\n\u003Cbr \/\u003E\r\n\n\u003Cbr \/\u003E\r\n\n51\u003Cbr \/\u003E\r\n\n\u003Cbr \/\u003E\r\n\n\u003Cbr \/\u003E\r\n\n1272261476-8\u003Cbr \/\u003E\r\n\n\u003Cbr \/\u003E\r\n\n\u003Cbr \/\u003E\r\n\nEDENILZA OLIVEIRA DOS SANTOS\u003Cbr \/\u003E\r\n\n\u003Cbr \/\u003E\r\n\n\u003Cbr \/\u003E\r\n\n\u003Cbr \/\u003E\r\n\n\u003Cbr \/\u003E\r\n\n52\u003Cbr \/\u003E\r\n\n\u003Cbr \/\u003E\r\n\n\u003Cbr \/\u003E\r\n\n2074238637-0\u003Cbr \/\u003E\r\n\n\u003Cbr \/\u003E\r\n\n\u003Cbr \/\u003E\r\n\nJANDIRA MARIA DE MENEZES\u003Cbr \/\u003E\r\n\n\u003Cbr \/\u003E\r\n\n\u003Cbr \/\u003E\r\n\n\u003Cbr \/\u003E\r\n\n\u003Cbr \/\u003E\r\n\n53\u003Cbr \/\u003E\r\n\n\u003Cbr \/\u003E\r\n\n\u003Cbr \/\u003E\r\n\n1607325140-9\u003Cbr \/\u003E\r\n\n\u003Cbr \/\u003E\r\n\n\u003Cbr \/\u003E\r\n\nSONIA SILVA SANTOS\u003Cbr \/\u003E\r\n\n\u003Cbr \/\u003E\r\n\n\u003Cbr \/\u003E\r\n\n\u003Cbr \/\u003E\r\n\n\u003Cbr \/\u003E\r\n\n54\u003Cbr \/\u003E\r\n\n\u003Cbr \/\u003E\r\n\n\u003Cbr \/\u003E\r\n\n2039692502-7\u003Cbr \/\u003E\r\n\n\u003Cbr \/\u003E\r\n\n\u003Cbr \/\u003E\r\n\nMARIA CASSEMIRA DE MENEZES\u003Cbr \/\u003E\r\n\n\u003Cbr \/\u003E\r\n\n\u003Cbr \/\u003E\r\n\n\u003Cbr \/\u003E\r\n\n\u003Cbr \/\u003E\r\n\n55\u003Cbr \/\u003E\r\n\n\u003Cbr \/\u003E\r\n\n\u003Cbr \/\u003E\r\n\n2015009401-3\u003Cbr \/\u003E\r\n\n\u003Cbr \/\u003E\r\n\n\u003Cbr \/\u003E\r\n\nMARIA JOSE DA SILVA VIEIRA\u003Cbr \/\u003E\r\n\n\u003Cbr \/\u003E\r\n\n\u003Cbr \/\u003E\r\n\n\u003Cbr \/\u003E\r\n\n\u003Cbr \/\u003E\r\n\n56\u003Cbr \/\u003E\r\n\n\u003Cbr \/\u003E\r\n\n\u003Cbr \/\u003E\r\n\n1654753100-8\u003Cbr \/\u003E\r\n\n\u003Cbr \/\u003E\r\n\n\u003Cbr \/\u003E\r\n\nTAMARA CRISTINA DOS SANTOS\u003Cbr \/\u003E\r\n\n\u003Cbr \/\u003E\r\n\n\u003Cbr \/\u003E\r\n\n\u003Cbr \/\u003E\r\n\n\u003Cbr \/\u003E\r\n\n57\u003Cbr \/\u003E\r\n\n\u003Cbr \/\u003E\r\n\n\u003Cbr \/\u003E\r\n\n2067808887-4\u003Cbr \/\u003E\r\n\n\u003Cbr \/\u003E\r\n\n\u003Cbr \/\u003E\r\n\nSUELI SOUZA RIBEIRO\u003Cbr \/\u003E\r\n\n\u003Cbr \/\u003E\r\n\n\u003Cbr \/\u003E\r\n\n\u003Cbr \/\u003E\r\n\n\u003Cbr \/\u003E\r\n\n58\u003Cbr \/\u003E\r\n\n\u003Cbr \/\u003E\r\n\n\u003Cbr \/\u003E\r\n\n2360263324-8\u003Cbr \/\u003E\r\n\n\u003Cbr \/\u003E\r\n\n\u003Cbr \/\u003E\r\n\nROSANGELA DOS SANTOS? SOUZA\u003Cbr \/\u003E\r\n\n\u003Cbr \/\u003E\r\n\n\u003Cbr \/\u003E\r\n\n\u003Cbr \/\u003E\r\n\n\u003Cbr \/\u003E\r\n\n59\u003Cbr \/\u003E\r\n\n\u003Cbr \/\u003E\r\n\n\u003Cbr \/\u003E\r\n\n2061094060-5\u003Cbr \/\u003E\r\n\n\u003Cbr \/\u003E\r\n\n\u003Cbr \/\u003E\r\n\nSILVANA ARAUJO SANTOS\u003Cbr \/\u003E\r\n\n\u003Cbr \/\u003E\r\n\n\u003Cbr \/\u003E\r\n\n\u003Cbr \/\u003E\r\n\n\u003Cbr \/\u003E\r\n\n60\u003Cbr \/\u003E\r\n\n\u003Cbr \/\u003E\r\n\n\u003Cbr \/\u003E\r\n\n2091372629-4\u003Cbr \/\u003E\r\n\n\u003Cbr \/\u003E\r\n\n\u003Cbr \/\u003E\r\n\nJOSEFA ANGELICA ALVES DOS SANTOS\u003Cbr \/\u003E\r\n\n\u003Cbr \/\u003E\r\n\n\u003Cbr \/\u003E\r\n\n\u003Cbr \/\u003E\r\n\n\u003Cbr \/\u003E\r\n\n61\u003Cbr \/\u003E\r\n\n\u003Cbr \/\u003E\r\n\n\u003Cbr \/\u003E\r\n\n1645960594-8\u003Cbr \/\u003E\r\n\n\u003Cbr \/\u003E\r\n\n\u003Cbr \/\u003E\r\n\nMARIA IZABEL RIBEIRO SANTOS CORREIA\u003Cbr \/\u003E\r\n\n\u003Cbr \/\u003E\r\n\n\u003Cbr \/\u003E\r\n\n\u003Cbr \/\u003E\r\n\n\u003Cbr \/\u003E\r\n\n62\u003Cbr \/\u003E\r\n\n\u003Cbr \/\u003E\r\n\n\u003Cbr \/\u003E\r\n\n2034189159-7\u003Cbr \/\u003E\r\n\n\u003Cbr \/\u003E\r\n\n\u003Cbr \/\u003E\r\n\nMARIA DEISEVAN DOS SANTOS\u003Cbr \/\u003E\r\n\n\u003Cbr \/\u003E\r\n\n\u003Cbr \/\u003E\r\n\n\u003Cbr \/\u003E\r\n\n\u003Cbr \/\u003E\r\n\n63\u003Cbr \/\u003E\r\n\n\u003Cbr \/\u003E\r\n\n\u003Cbr \/\u003E\r\n\n1620047883-0\u003Cbr \/\u003E\r\n\n\u003Cbr \/\u003E\r\n\n\u003Cbr \/\u003E\r\n\nKEITH ANNE MENEZES SANTOS\u003Cbr \/\u003E\r\n\n\u003Cbr \/\u003E\r\n\n\u003Cbr \/\u003E\r\n\n\u003Cbr \/\u003E\r\n\n\u003Cbr \/\u003E\r\n\n64\u003Cbr \/\u003E\r\n\n\u003Cbr \/\u003E\r\n\n\u003Cbr \/\u003E\r\n\n1620026629-9\u003Cbr \/\u003E\r\n\n\u003Cbr \/\u003E\r\n\n\u003Cbr \/\u003E\r\n\nGILVANETE SANTOS LIMA\u003Cbr \/\u003E\r\n\n\u003Cbr \/\u003E\r\n\n\u003Cbr \/\u003E\r\n\n\u003Cbr \/\u003E\r\n\n\u003Cbr \/\u003E\r\n\n65\u003Cbr \/\u003E\r\n\n\u003Cbr \/\u003E\r\n\n\u003Cbr \/\u003E\r\n\n1275369676-6\u003Cbr \/\u003E\r\n\n\u003Cbr \/\u003E\r\n\n\u003Cbr \/\u003E\r\n\nCLAUDIA MARIA RIBEIRO\u003Cbr \/\u003E\r\n\n\u003Cbr \/\u003E\r\n\n\u003Cbr \/\u003E\r\n\n\u003Cbr \/\u003E\r\n\n\u003Cbr \/\u003E\r\n\n66\u003Cbr \/\u003E\r\n\n\u003Cbr \/\u003E\r\n\n\u003Cbr \/\u003E\r\n\n2202433251-9\u003Cbr \/\u003E\r\n\n\u003Cbr \/\u003E\r\n\n\u003Cbr \/\u003E\r\n\nJOSEFAMAGNA ALVES GOIS\u003Cbr \/\u003E\r\n\n\u003Cbr \/\u003E\r\n\n\u003Cbr \/\u003E\r\n\n\u003Cbr \/\u003E\r\n\n\u003Cbr \/\u003E\r\n\n67\u003Cbr \/\u003E\r\n\n\u003Cbr \/\u003E\r\n\n\u003Cbr \/\u003E\r\n\n1646572393-0\u003Cbr \/\u003E\r\n\n\u003Cbr \/\u003E\r\n\n\u003Cbr \/\u003E\r\n\nLOURDES DE JESUS ANDRADE\u003Cbr \/\u003E\r\n\n\u003Cbr \/\u003E\r\n\n\u003Cbr \/\u003E\r\n\n\u003Cbr \/\u003E\r\n\n\u003Cbr \/\u003E\r\n\n68\u003Cbr \/\u003E\r\n\n\u003Cbr \/\u003E\r\n\n\u003Cbr \/\u003E\r\n\n1639433929-7\u003Cbr \/\u003E\r\n\n\u003Cbr \/\u003E\r\n\n\u003Cbr \/\u003E\r\n\nCLAUDEANE DOS SANTOS\u003Cbr \/\u003E\r\n\n\u003Cbr \/\u003E\r\n\n\u003Cbr \/\u003E\r\n\n\u003Cbr \/\u003E\r\n\n\u003Cbr \/\u003E\r\n\n69\u003Cbr \/\u003E\r\n\n\u003Cbr \/\u003E\r\n\n\u003Cbr \/\u003E\r\n\n1607724229-3\u003Cbr \/\u003E\r\n\n\u003Cbr \/\u003E\r\n\n\u003Cbr \/\u003E\r\n\nEDILMA VEN?NCIO NETO\u003Cbr \/\u003E\r\n\n\u003Cbr \/\u003E\r\n\n\u003Cbr \/\u003E\r\n\n\u003Cbr \/\u003E\r\n\n\u003Cbr \/\u003E\r\n\n70\u003Cbr \/\u003E\r\n\n\u003Cbr \/\u003E\r\n\n\u003Cbr \/\u003E\r\n\n1275216176-1\u003Cbr \/\u003E\r\n\n\u003Cbr \/\u003E\r\n\n\u003Cbr \/\u003E\r\n\nANG?LICA COSTA SANTOS\u003Cbr \/\u003E\r\n\n\u003Cbr \/\u003E\r\n\n\u003Cbr \/\u003E\r\n\n\u003Cbr \/\u003E\r\n\n\u003Cbr \/\u003E\r\n\n71\u003Cbr \/\u003E\r\n\n\u003Cbr \/\u003E\r\n\n\u003Cbr \/\u003E\r\n\n1664325874-0\u003Cbr \/\u003E\r\n\n\u003Cbr \/\u003E\r\n\n\u003Cbr \/\u003E\r\n\nSANDRA DE JESUS\u003Cbr \/\u003E\r\n\n\u003Cbr \/\u003E\r\n\n\u003Cbr \/\u003E\r\n\n\u003Cbr \/\u003E\r\n\n\u003Cbr \/\u003E\r\n\n72\u003Cbr \/\u003E\r\n\n\u003Cbr \/\u003E\r\n\n\u003Cbr \/\u003E\r\n\n2034437759-2\u003Cbr \/\u003E\r\n\n\u003Cbr \/\u003E\r\n\n\u003Cbr \/\u003E\r\n\nJOVELINAJESUS ANDRADE\u003Cbr \/\u003E\r\n\n\u003Cbr \/\u003E\r\n\n\u003Cbr \/\u003E\r\n\n\u003Cbr \/\u003E\r\n\n\u003Cbr \/\u003E\r\n\n73\u003Cbr \/\u003E\r\n\n\u003Cbr \/\u003E\r\n\n\u003Cbr \/\u003E\r\n\n1653202510-1\u003Cbr \/\u003E\r\n\n\u003Cbr \/\u003E\r\n\n\u003Cbr \/\u003E\r\n\nVANILZA ARA?JO SANTOS\u003Cbr \/\u003E\r\n\n\u003Cbr \/\u003E\r\n\n\u003Cbr \/\u003E\r\n\n\u003Cbr \/\u003E\r\n\n\u003Cbr \/\u003E\r\n\n74\u003Cbr \/\u003E\r\n\n\u003Cbr \/\u003E\r\n\n\u003Cbr \/\u003E\r\n\n1646787828-1\u003Cbr \/\u003E\r\n\n\u003Cbr \/\u003E\r\n\n\u003Cbr \/\u003E\r\n\nLUCINEIDE DO NASCIMENTO LIMA\u003Cbr \/\u003E\r\n\n\u003Cbr \/\u003E\r\n\n\u003Cbr \/\u003E\r\n\n\u003Cbr \/\u003E\r\n\n\u003Cbr \/\u003E\r\n\n75\u003Cbr \/\u003E\r\n\n\u003Cbr \/\u003E\r\n\n\u003Cbr \/\u003E\r\n\n1253990154-0\u003Cbr \/\u003E\r\n\n\u003Cbr \/\u003E\r\n\n\u003Cbr \/\u003E\r\n\nLUCIANA CANDIDO DA SILVA\u003Cbr \/\u003E\r\n\n\u003Cbr \/\u003E\r\n\n\u003Cbr \/\u003E\r\n\n\u003Cbr \/\u003E\r\n\n\u003Cbr \/\u003E\r\n\n76\u003Cbr \/\u003E\r\n\n\u003Cbr \/\u003E\r\n\n\u003Cbr \/\u003E\r\n\n1273507976-9\u003Cbr \/\u003E\r\n\n\u003Cbr \/\u003E\r\n\n\u003Cbr \/\u003E\r\n\nMARIA MERCIA ANDRADE\u003Cbr \/\u003E\r\n\n\u003Cbr \/\u003E\r\n\n\u003Cbr \/\u003E\r\n\n\u003Cbr \/\u003E\r\n\n\u003Cbr \/\u003E\r\n\n77\u003Cbr \/\u003E\r\n\n\u003Cbr \/\u003E\r\n\n\u003Cbr \/\u003E\r\n\n2000680181-6\u003Cbr \/\u003E\r\n\n\u003Cbr \/\u003E\r\n\n\u003Cbr \/\u003E\r\n\nMARIA JOSE ALVES DE MENEZES COSTA\u003Cbr \/\u003E\r\n\n\u003Cbr \/\u003E\r\n\n\u003Cbr \/\u003E\r\n\n\u003Cbr \/\u003E\r\n\n\u003Cbr \/\u003E\r\n\n78\u003Cbr \/\u003E\r\n\n\u003Cbr \/\u003E\r\n\n\u003Cbr \/\u003E\r\n\n1663572468-1\u003Cbr \/\u003E\r\n\n\u003Cbr \/\u003E\r\n\n\u003Cbr \/\u003E\r\n\nMONICA DE JESUS LIMA\u003Cbr \/\u003E\r\n\n\u003Cbr \/\u003E\r\n\n\u003Cbr \/\u003E\r\n\n\u003Cbr \/\u003E\r\n\n\u003Cbr \/\u003E\r\n\n79\u003Cbr \/\u003E\r\n\n\u003Cbr \/\u003E\r\n\n\u003Cbr \/\u003E\r\n\n1278651476-4\u003Cbr \/\u003E\r\n\n\u003Cbr \/\u003E\r\n\n\u003Cbr \/\u003E\r\n\nEDINALVA SANTOS LIMA\u003Cbr \/\u003E\r\n\n\u003Cbr \/\u003E\r\n\n\u003Cbr \/\u003E\r\n\n\u003Cbr \/\u003E\r\n\n\u003Cbr \/\u003E\r\n\n80\u003Cbr \/\u003E\r\n\n\u003Cbr \/\u003E\r\n\n\u003Cbr \/\u003E\r\n\n1615936938-6\u003Cbr \/\u003E\r\n\n\u003Cbr \/\u003E\r\n\n\u003Cbr \/\u003E\r\n\nEDINALVA ANDRADE LIMA\u003Cbr \/\u003E\r\n\n\u003Cbr \/\u003E\r\n\n\u003Cbr \/\u003E\r\n\n\u003Cbr \/\u003E\r\n\n\u003Cbr \/\u003E\r\n\n81\u003Cbr \/\u003E\r\n\n\u003Cbr \/\u003E\r\n\n\u003Cbr \/\u003E\r\n\n1637481403-8\u003Cbr \/\u003E\r\n\n\u003Cbr \/\u003E\r\n\n\u003Cbr \/\u003E\r\n\nMARIA JOSENILDE DOS SANTOS\u003Cbr \/\u003E\r\n\n\u003Cbr \/\u003E\r\n\n\u003Cbr \/\u003E\r\n\n\u003Cbr \/\u003E\r\n\n\u003Cbr \/\u003E\r\n\n82\u003Cbr \/\u003E\r\n\n\u003Cbr \/\u003E\r\n\n\u003Cbr \/\u003E\r\n\n2360620487-2\u003Cbr \/\u003E\r\n\n\u003Cbr \/\u003E\r\n\n\u003Cbr \/\u003E\r\n\nVERONICA DE OLIVEIRA\u003Cbr \/\u003E\r\n\n\u003Cbr \/\u003E\r\n\n\u003Cbr \/\u003E\r\n\n\u003Cbr \/\u003E\r\n\n\u003Cbr \/\u003E\r\n\n83\u003Cbr \/\u003E\r\n\n\u003Cbr \/\u003E\r\n\n\u003Cbr \/\u003E\r\n\n1654115558-6\u003Cbr \/\u003E\r\n\n\u003Cbr \/\u003E\r\n\n\u003Cbr \/\u003E\r\n\nROSEANE OLIVEIRA DA SILVA\u003Cbr \/\u003E\r\n\n\u003Cbr \/\u003E\r\n\n\u003Cbr \/\u003E\r\n\n\u003Cbr \/\u003E\r\n\n\u003Cbr \/\u003E\r\n\n84\u003Cbr \/\u003E\r\n\n\u003Cbr \/\u003E\r\n\n\u003Cbr \/\u003E\r\n\n2280198138-8\u003Cbr \/\u003E\r\n\n\u003Cbr \/\u003E\r\n\n\u003Cbr \/\u003E\r\n\nMARIA DE FATIMA BISPO DOS SANTOS\u003Cbr \/\u003E\r\n\n\u003Cbr \/\u003E\r\n\n\u003Cbr \/\u003E\r\n\n\u003Cbr \/\u003E\r\n\n\u003Cbr \/\u003E\r\n\n85\u003Cbr \/\u003E\r\n\n\u003Cbr \/\u003E\r\n\n\u003Cbr \/\u003E\r\n\n1664324248-8\u003Cbr \/\u003E\r\n\n\u003Cbr \/\u003E\r\n\n\u003Cbr \/\u003E\r\n\nRIENE DE ALMEIDA SANTOS\u003Cbr \/\u003E\r\n\n\u003Cbr \/\u003E\r\n\n\u003Cbr \/\u003E\r\n\n\u003Cbr \/\u003E\r\n\n\u003Cbr \/\u003E\r\n\n86\u003Cbr \/\u003E\r\n\n\u003Cbr \/\u003E\r\n\n\u003Cbr \/\u003E\r\n\n1605735771-0\u003Cbr \/\u003E\r\n\n\u003Cbr \/\u003E\r\n\n\u003Cbr \/\u003E\r\n\nVALDENICE DOS SANTOS\u003Cbr \/\u003E\r\n\n\u003Cbr \/\u003E\r\n\n\u003Cbr \/\u003E\r\n\n\u003Cbr \/\u003E\r\n\n\u003Cbr \/\u003E\r\n\n87\u003Cbr \/\u003E\r\n\n\u003Cbr \/\u003E\r\n\n\u003Cbr \/\u003E\r\n\n1636391387-0\u003Cbr \/\u003E\r\n\n\u003Cbr \/\u003E\r\n\n\u003Cbr \/\u003E\r\n\nMARIA JOSE SANTOS RAMOS\u003Cbr \/\u003E\r\n\n\u003Cbr \/\u003E\r\n\n\u003Cbr \/\u003E\r\n\n\u003Cbr \/\u003E\r\n\n\u003Cbr \/\u003E\r\n\n88\u003Cbr \/\u003E\r\n\n\u003Cbr \/\u003E\r\n\n\u003Cbr \/\u003E\r\n\n2015010323-3\u003Cbr \/\u003E\r\n\n\u003Cbr \/\u003E\r\n\n\u003Cbr \/\u003E\r\n\nMARIA JOSE ALVES SANTOS\u003Cbr \/\u003E\r\n\n\u003Cbr \/\u003E\r\n\n\u003Cbr \/\u003E\r\n\n\u003Cbr \/\u003E\r\n\n\u003Cbr \/\u003E\r\n\n89\u003Cbr \/\u003E\r\n\n\u003Cbr \/\u003E\r\n\n\u003Cbr \/\u003E\r\n\n1658571122-0\u003Cbr \/\u003E\r\n\n\u003Cbr \/\u003E\r\n\n\u003Cbr \/\u003E\r\n\nRAQUEL LUZIA DE ALMEIDA\u003Cbr \/\u003E\r\n\n\u003Cbr \/\u003E\r\n\n\u003Cbr \/\u003E\r\n\n\u003Cbr \/\u003E\r\n\n\u003Cbr \/\u003E\r\n\n90\u003Cbr \/\u003E\r\n\n\u003Cbr \/\u003E\r\n\n\u003Cbr \/\u003E\r\n\n1901646615-3\u003Cbr \/\u003E\r\n\n\u003Cbr \/\u003E\r\n\n\u003Cbr \/\u003E\r\n\nSHIRLEY ALEXANDRA DE JESUS\u003Cbr \/\u003E\r\n\n\u003Cbr \/\u003E\r\n\n\u003Cbr \/\u003E\r\n\n\u003Cbr \/\u003E\r\n\n\u003Cbr \/\u003E\r\n\n91\u003Cbr \/\u003E\r\n\n\u003Cbr \/\u003E\r\n\n\u003Cbr \/\u003E\r\n\n1026532893-1\u003Cbr \/\u003E\r\n\n\u003Cbr \/\u003E\r\n\n\u003Cbr \/\u003E\r\n\nFRANCINEIDE PEREIRA DOS REIS\u003Cbr \/\u003E\r\n\n\u003Cbr \/\u003E\r\n\n\u003Cbr \/\u003E\r\n\n\u003Cbr \/\u003E\r\n\n\u003Cbr \/\u003E\r\n\n92\u003Cbr \/\u003E\r\n\n\u003Cbr \/\u003E\r\n\n\u003Cbr \/\u003E\r\n\n1600227695-6\u003Cbr \/\u003E\r\n\n\u003Cbr \/\u003E\r\n\n\u003Cbr \/\u003E\r\n\nEDILEUZA DE SOUZA\u003Cbr \/\u003E\r\n\n\u003Cbr \/\u003E\r\n\n\u003Cbr \/\u003E\r\n\n\u003Cbr \/\u003E\r\n\n\u003Cbr \/\u003E\r\n\n93\u003Cbr \/\u003E\r\n\n\u003Cbr \/\u003E\r\n\n\u003Cbr \/\u003E\r\n\n1631903180-9\u003Cbr \/\u003E\r\n\n\u003Cbr \/\u003E\r\n\n\u003Cbr \/\u003E\r\n\nGLAUCIA DE MOURA SOUZA\u003Cbr \/\u003E\r\n\n\u003Cbr \/\u003E\r\n\n\u003Cbr \/\u003E\r\n\n\u003Cbr \/\u003E\r\n\n\u003Cbr \/\u003E\r\n\n94\u003Cbr \/\u003E\r\n\n\u003Cbr \/\u003E\r\n\n\u003Cbr \/\u003E\r\n\n2123592153-2\u003Cbr \/\u003E\r\n\n\u003Cbr \/\u003E\r\n\n\u003Cbr \/\u003E\r\n\nADENILZA LIMA DA CONCEI??O\u003Cbr \/\u003E\r\n\n\u003Cbr \/\u003E\r\n\n\u003Cbr \/\u003E\r\n\n\u003Cbr \/\u003E\r\n\n\u003Cbr \/\u003E\r\n\n95\u003Cbr \/\u003E\r\n\n\u003Cbr \/\u003E\r\n\n\u003Cbr \/\u003E\r\n\n2032933121-8\u003Cbr \/\u003E\r\n\n\u003Cbr \/\u003E\r\n\n\u003Cbr \/\u003E\r\n\nOZANA DOS SANTOS\u003Cbr \/\u003E\r\n\n\u003Cbr \/\u003E\r\n\n\u003Cbr \/\u003E\r\n\n\u003Cbr \/\u003E\r\n\n\u003Cbr \/\u003E\r\n\n96\u003Cbr \/\u003E\r\n\n\u003Cbr \/\u003E\r\n\n\u003Cbr \/\u003E\r\n\n2031695778-4\u003Cbr \/\u003E\r\n\n\u003Cbr \/\u003E\r\n\n\u003Cbr \/\u003E\r\n\nELIANE SANTOS DE JESUS\u003Cbr \/\u003E\r\n\n\u003Cbr \/\u003E\r\n\n\u003Cbr \/\u003E\r\n\n\u003Cbr \/\u003E\r\n\n\u003Cbr \/\u003E\r\n\n97\u003Cbr \/\u003E\r\n\n\u003Cbr \/\u003E\r\n\n\u003Cbr \/\u003E\r\n\n2061312939-8\u003Cbr \/\u003E\r\n\n\u003Cbr \/\u003E\r\n\n\u003Cbr \/\u003E\r\n\nMARIA APARECIDA DE MOURA\u003Cbr \/\u003E\r\n\n\u003Cbr \/\u003E\r\n\n\u003Cbr \/\u003E\r\n\n\u003Cbr \/\u003E\r\n\n\u003Cbr \/\u003E\r\n\n98\u003Cbr \/\u003E\r\n\n\u003Cbr \/\u003E\r\n\n\u003Cbr \/\u003E\r\n\n2090914111-2\u003Cbr \/\u003E\r\n\n\u003Cbr \/\u003E\r\n\n\u003Cbr \/\u003E\r\n\nLOURDES? CARLOS FARIAS\u003Cbr \/\u003E\r\n\n\u003Cbr \/\u003E\r\n\n\u003Cbr \/\u003E\r\n\n\u003Cbr \/\u003E\r\n\n\u003Cbr \/\u003E\r\n\n99\u003Cbr \/\u003E\r\n\n\u003Cbr \/\u003E\r\n\n\u003Cbr \/\u003E\r\n\n1280808976-9\u003Cbr \/\u003E\r\n\n\u003Cbr \/\u003E\r\n\n\u003Cbr \/\u003E\r\n\nELIANA VIEIRA PASSOS\u003Cbr \/\u003E\r\n\n\u003Cbr \/\u003E\r\n\n\u003Cbr \/\u003E\r\n\n\u003Cbr \/\u003E\r\n\n\u003Cbr \/\u003E\r\n\n101\u003Cbr \/\u003E\r\n\n\u003Cbr \/\u003E\r\n\n\u003Cbr \/\u003E\r\n\n1623605502-6\u003Cbr \/\u003E\r\n\n\u003Cbr \/\u003E\r\n\n\u003Cbr \/\u003E\r\n\nGRAYCE CARLA ALVES DOS SANTOS\u003Cbr \/\u003E\r\n\n\u003Cbr \/\u003E\r\n\n\u003Cbr \/\u003E\r\n\n\u003Cbr \/\u003E\r\n\n\u003Cbr \/\u003E\r\n\n102\u003Cbr \/\u003E\r\n\n\u003Cbr \/\u003E\r\n\n\u003Cbr \/\u003E\r\n\n1620024903-3\u003Cbr \/\u003E\r\n\n\u003Cbr \/\u003E\r\n\n\u003Cbr \/\u003E\r\n\nGELZA SANTIAGO DE FARIAS\u003Cbr \/\u003E\r\n\n\u003Cbr \/\u003E\r\n\n\u003Cbr \/\u003E\r\n\n\u003Cbr \/\u003E\r\n\n\u003Cbr \/\u003E\r\n\n103\u003Cbr \/\u003E\r\n\n\u003Cbr \/\u003E\r\n\n\u003Cbr \/\u003E\r\n\n1664327361-8\u003Cbr \/\u003E\r\n\n\u003Cbr \/\u003E\r\n\n\u003Cbr \/\u003E\r\n\nSUELI DOS SANTOS MENEZES\u003Cbr \/\u003E\r\n\n\u003Cbr \/\u003E\r\n\n\u003Cbr \/\u003E\r\n\n\u003Cbr \/\u003E\r\n\n\u003Cbr \/\u003E\r\n\n104\u003Cbr \/\u003E\r\n\n\u003Cbr \/\u003E\r\n\n\u003Cbr \/\u003E\r\n\n1283143976-2\u003Cbr \/\u003E\r\n\n\u003Cbr \/\u003E\r\n\n\u003Cbr \/\u003E\r\n\nNICIANA LIMA\u003Cbr \/\u003E\r\n\n\u003Cbr \/\u003E\r\n\n\u003Cbr \/\u003E\r\n\n\u003Cbr \/\u003E\r\n\n\u003Cbr \/\u003E\r\n\n105\u003Cbr \/\u003E\r\n\n\u003Cbr \/\u003E\r\n\n\u003Cbr \/\u003E\r\n\n1271956976-5\u003Cbr \/\u003E\r\n\n\u003Cbr \/\u003E\r\n\n\u003Cbr \/\u003E\r\n\nJOSEFA EDNA SANTOS\u003Cbr \/\u003E\r\n\n\u003Cbr \/\u003E\r\n\n\u003Cbr \/\u003E\r\n\n\u003Cbr \/\u003E\r\n\n\u003Cbr \/\u003E\r\n\n106\u003Cbr \/\u003E\r\n\n\u003Cbr \/\u003E\r\n\n\u003Cbr \/\u003E\r\n\n1276105876-5\u003Cbr \/\u003E\r\n\n\u003Cbr \/\u003E\r\n\n\u003Cbr \/\u003E\r\n\nNEIDE REIS DOS ANJOS\u003Cbr \/\u003E\r\n\n\u003Cbr \/\u003E\r\n\n\u003Cbr \/\u003E\r\n\n\u003Cbr \/\u003E\r\n\n\u003Cbr \/\u003E\r\n\n107\u003Cbr \/\u003E\r\n\n\u003Cbr \/\u003E\r\n\n\u003Cbr \/\u003E\r\n\n1259637976-9\u003Cbr \/\u003E\r\n\n\u003Cbr \/\u003E\r\n\n\u003Cbr \/\u003E\r\n\nJEANE MENEZES BARRETO\u003Cbr \/\u003E\r\n\n\u003Cbr \/\u003E\r\n\n\u003Cbr \/\u003E\r\n\n\u003Cbr \/\u003E\r\n\n\u003Cbr \/\u003E\r\n\n108\u003Cbr \/\u003E\r\n\n\u003Cbr \/\u003E\r\n\n\u003Cbr \/\u003E\r\n\n2363871068-4\u003Cbr \/\u003E\r\n\n\u003Cbr \/\u003E\r\n\n\u003Cbr \/\u003E\r\n\nSUELEN DOS SANTOS FERREIRA\u003Cbr \/\u003E\r\n\n\u003Cbr \/\u003E\r\n\n\u003Cbr \/\u003E\r\n\n\u003Cbr \/\u003E\r\n\n\u003Cbr \/\u003E\r\n\n109\u003Cbr \/\u003E\r\n\n\u003Cbr \/\u003E\r\n\n\u003Cbr \/\u003E\r\n\n1600073097-8\u003Cbr \/\u003E\r\n\n\u003Cbr \/\u003E\r\n\n\u003Cbr \/\u003E\r\n\nACACIA MARIA SANTOS SILVA\u003Cbr \/\u003E\r\n\n\u003Cbr \/\u003E\r\n\n\u003Cbr \/\u003E\r\n\n\u003Cbr \/\u003E\r\n\n\u003Cbr \/\u003E\r\n\n110\u003Cbr \/\u003E\r\n\n\u003Cbr \/\u003E\r\n\n\u003Cbr \/\u003E\r\n\n2091580253-2\u003Cbr \/\u003E\r\n\n\u003Cbr \/\u003E\r\n\n\u003Cbr \/\u003E\r\n\nVILMA DA SILVA CELESTINO LIMA\u003Cbr \/\u003E\r\n\n\u003Cbr \/\u003E\r\n\n\u003Cbr \/\u003E\r\n\n\u003Cbr \/\u003E\r\n\n\u003Cbr \/\u003E\r\n\n111\u003Cbr \/\u003E\r\n\n\u003Cbr \/\u003E\r\n\n\u003Cbr \/\u003E\r\n\n1302204076-7\u003Cbr \/\u003E\r\n\n\u003Cbr \/\u003E\r\n\n\u003Cbr \/\u003E\r\n\nMARIA DA GLORIA DOS SANTOS\u003Cbr \/\u003E\r\n\n\u003Cbr \/\u003E\r\n\n\u003Cbr \/\u003E\r\n\n\u003Cbr \/\u003E\r\n\n\u003Cbr \/\u003E\r\n\n112\u003Cbr \/\u003E\r\n\n\u003Cbr \/\u003E\r\n\n\u003Cbr \/\u003E\r\n\n2120923515-5\u003Cbr \/\u003E\r\n\n\u003Cbr \/\u003E\r\n\n\u003Cbr \/\u003E\r\n\nANA PAULA SANTOS SOUZA\u003Cbr \/\u003E\r\n\n\u003Cbr \/\u003E\r\n\n\u003Cbr \/\u003E\r\n\n\u003Cbr \/\u003E\r\n\n\u003Cbr \/\u003E\r\n\n113\u003Cbr \/\u003E\r\n\n\u003Cbr \/\u003E\r\n\n\u003Cbr \/\u003E\r\n\n1606625562-3\u003Cbr \/\u003E\r\n\n\u003Cbr \/\u003E\r\n\n\u003Cbr \/\u003E\r\n\nFRANCIELE DE MENEZES BRITO\u003Cbr \/\u003E\r\n\n\u003Cbr \/\u003E\r\n\n\u003Cbr \/\u003E\r\n\n\u003Cbr \/\u003E\r\n\n\u003Cbr \/\u003E\r\n\n114\u003Cbr \/\u003E\r\n\n\u003Cbr \/\u003E\r\n\n\u003Cbr \/\u003E\r\n\n2361926479-8\u003Cbr \/\u003E\r\n\n\u003Cbr \/\u003E\r\n\n\u003Cbr \/\u003E\r\n\nPATR?CIA IN?CIO DA SILVA\u003Cbr \/\u003E\r\n\n\u003Cbr \/\u003E\r\n\n\u003Cbr \/\u003E\r\n\n\u003Cbr \/\u003E\r\n\n\u003Cbr \/\u003E\r\n\n115\u003Cbr \/\u003E\r\n\n\u003Cbr \/\u003E\r\n\n\u003Cbr \/\u003E\r\n\n1622797058-2\u003Cbr \/\u003E\r\n\n\u003Cbr \/\u003E\r\n\n\u003Cbr \/\u003E\r\n\nJOSEFA MARIA DE ANDRADE\u003Cbr \/\u003E\r\n\n\u003Cbr \/\u003E\r\n\n\u003Cbr \/\u003E\r\n\n\u003Cbr \/\u003E\r\n\n\u003Cbr \/\u003E\r\n\n116\u003Cbr \/\u003E\r\n\n\u003Cbr \/\u003E\r\n\n\u003Cbr \/\u003E\r\n\n1637446947-0\u003Cbr \/\u003E\r\n\n\u003Cbr \/\u003E\r\n\n\u003Cbr \/\u003E\r\n\nMARIA VALDELICE SANTOS DA SILVA\u003Cbr \/\u003E\r\n\n\u003Cbr \/\u003E\r\n\n\u003Cbr \/\u003E\r\n\n\u003Cbr \/\u003E\r\n\n\u003Cbr \/\u003E\r\n\n117\u003Cbr \/\u003E\r\n\n\u003Cbr \/\u003E\r\n\n\u003Cbr \/\u003E\r\n\n1628816710-0\u003Cbr \/\u003E\r\n\n\u003Cbr \/\u003E\r\n\n\u003Cbr \/\u003E\r\n\nJOSELITA MARIA DAS NEVES\u003Cbr \/\u003E\r\n\n\u003Cbr \/\u003E\r\n\n\u003Cbr \/\u003E\r\n\n\u003Cbr \/\u003E\r\n\n\u003Cbr \/\u003E\r\n\n118\u003Cbr \/\u003E\r\n\n\u003Cbr \/\u003E\r\n\n\u003Cbr \/\u003E\r\n\n2362602388-1\u003Cbr \/\u003E\r\n\n\u003Cbr \/\u003E\r\n\n\u003Cbr \/\u003E\r\n\nMEIRELENE SILVA SANTOS GONZAGA\u003Cbr \/\u003E\r\n\n\u003Cbr \/\u003E\r\n\n\u003Cbr \/\u003E\r\n\n\u003Cbr \/\u003E\r\n\n\u003Cbr \/\u003E\r\n\n119\u003Cbr \/\u003E\r\n\n\u003Cbr \/\u003E\r\n\n\u003Cbr \/\u003E\r\n\n1641008177-5\u003Cbr \/\u003E\r\n\n\u003Cbr \/\u003E\r\n\n\u003Cbr \/\u003E\r\n\nMARIA APARECIDA LIBERATO SANTOS\u003Cbr \/\u003E\r\n\n\u003Cbr \/\u003E\r\n\n\u003Cbr \/\u003E\r\n\n\u003Cbr \/\u003E\r\n\n\u003Cbr \/\u003E\r\n\n120\u003Cbr \/\u003E\r\n\n\u003Cbr \/\u003E\r\n\n\u003Cbr \/\u003E\r\n\n1356358827-8\u003Cbr \/\u003E\r\n\n\u003Cbr \/\u003E\r\n\n\u003Cbr \/\u003E\r\n\nLAIS NUNES OLIVEIRA\u003Cbr \/\u003E\r\n\n\u003Cbr \/\u003E\r\n\n\u003Cbr \/\u003E\r\n\n\u003Cbr \/\u003E\r\n\n\u003Cbr \/\u003E\r\n\n121\u003Cbr \/\u003E\r\n\n\u003Cbr \/\u003E\r\n\n\u003Cbr \/\u003E\r\n\n1901454499-8\u003Cbr \/\u003E\r\n\n\u003Cbr \/\u003E\r\n\n\u003Cbr \/\u003E\r\n\nMIRIAN DO CARMO DOS SANTOS NUNES DE JESUS\u003Cbr \/\u003E\r\n\n\u003Cbr \/\u003E\r\n\n\u003Cbr \/\u003E\r\n\n\u003Cbr \/\u003E\r\n\n\u003Cbr \/\u003E\r\n\n122\u003Cbr \/\u003E\r\n\n\u003Cbr \/\u003E\r\n\n\u003Cbr \/\u003E\r\n\n1637475768-9\u003Cbr \/\u003E\r\n\n\u003Cbr \/\u003E\r\n\n\u003Cbr \/\u003E\r\n\nMARIA QUITERIA BASTOS DA MOTA\u003Cbr \/\u003E\r\n\n\u003Cbr \/\u003E\r\n\n\u003Cbr \/\u003E\r\n\n\u003Cbr \/\u003E\r\n\n\u003Cbr \/\u003E\r\n\n123\u003Cbr \/\u003E\r\n\n\u003Cbr \/\u003E\r\n\n\u003Cbr \/\u003E\r\n\n1648639330-1\u003Cbr \/\u003E\r\n\n\u003Cbr \/\u003E\r\n\n\u003Cbr \/\u003E\r\n\nMARIA COSMIANA DOS SANTOS\u003Cbr \/\u003E\r\n\n\u003Cbr \/\u003E\r\n\n\u003Cbr \/\u003E\r\n\n\u003Cbr \/\u003E\r\n\n\u003Cbr \/\u003E\r\n\n124\u003Cbr \/\u003E\r\n\n\u003Cbr \/\u003E\r\n\n\u003Cbr \/\u003E\r\n\n1239433155-2\u003Cbr \/\u003E\r\n\n\u003Cbr \/\u003E\r\n\n\u003Cbr \/\u003E\r\n\nRAQUELINE DE JESUS SILVA\u003Cbr \/\u003E\r\n\n\u003Cbr \/\u003E\r\n\n\u003Cbr \/\u003E\r\n\n\u003Cbr \/\u003E\r\n\n\u003Cbr \/\u003E\r\n\n125\u003Cbr \/\u003E\r\n\n\u003Cbr \/\u003E\r\n\n\u003Cbr \/\u003E\r\n\n1663590862-6\u003Cbr \/\u003E\r\n\n\u003Cbr \/\u003E\r\n\n\u003Cbr \/\u003E\r\n\nTELMA MARIA SANTOS DE SANTANA\u003Cbr \/\u003E\r\n\n\u003Cbr \/\u003E\r\n\n\u003Cbr \/\u003E\r\n\n\u003Cbr \/\u003E\r\n\n\u003Cbr \/\u003E\r\n\n126\u003Cbr \/\u003E\r\n\n\u003Cbr \/\u003E\r\n\n\u003Cbr \/\u003E\r\n\n1606365888-3\u003Cbr \/\u003E\r\n\n\u003Cbr \/\u003E\r\n\n\u003Cbr \/\u003E\r\n\nMARIA OLIVEIRA DOS SANTOS\u003Cbr \/\u003E\r\n\n\u003Cbr \/\u003E\r\n\n\u003Cbr \/\u003E\r\n\n\u003Cbr \/\u003E\r\n\n\u003Cbr \/\u003E\r\n\n127\u003Cbr \/\u003E\r\n\n\u003Cbr \/\u003E\r\n\n\u003Cbr \/\u003E\r\n\n1651843120-3\u003Cbr \/\u003E\r\n\n\u003Cbr \/\u003E\r\n\n\u003Cbr \/\u003E\r\n\nLUCILENE DA SILVA NOBRE\u003Cbr \/\u003E\r\n\n\u003Cbr \/\u003E\r\n\n\u003Cbr \/\u003E\r\n\n\u003Cbr \/\u003E\r\n\n\u003Cbr \/\u003E\r\n\n128\u003Cbr \/\u003E\r\n\n\u003Cbr \/\u003E\r\n\n\u003Cbr \/\u003E\r\n\n1619803949-9\u003Cbr \/\u003E\r\n\n\u003Cbr \/\u003E\r\n\n\u003Cbr \/\u003E\r\n\nGENIVALDA BISPO DA CONCEI??O\u003Cbr \/\u003E\r\n\n\u003Cbr \/\u003E\r\n\n\u003Cbr \/\u003E\r\n\n\u003Cbr \/\u003E\r\n\n\u003Cbr \/\u003E\r\n\n129\u003Cbr \/\u003E\r\n\n\u003Cbr \/\u003E\r\n\n\u003Cbr \/\u003E\r\n\n2091014648-3\u003Cbr \/\u003E\r\n\n\u003Cbr \/\u003E\r\n\n\u003Cbr \/\u003E\r\n\nLUCIVANIA LEANDRO DOS SANTOS\u003Cbr \/\u003E\r\n\n\u003Cbr \/\u003E\r\n\n\u003Cbr \/\u003E\r\n\n\u003Cbr \/\u003E\r\n\n\u003Cbr \/\u003E\r\n\n130\u003Cbr \/\u003E\r\n\n\u003Cbr \/\u003E\r\n\n\u003Cbr \/\u003E\r\n\n1653205839-5\u003Cbr \/\u003E\r\n\n\u003Cbr \/\u003E\r\n\n\u003Cbr \/\u003E\r\n\nVIVIANE SANTOS SOUZA\u003Cbr \/\u003E\r\n\n\u003Cbr \/\u003E\r\n\n\u003Cbr \/\u003E\r\n\n\u003Cbr \/\u003E\r\n\n\u003Cbr \/\u003E\r\n\n131\u003Cbr \/\u003E\r\n\n\u003Cbr \/\u003E\r\n\n\u003Cbr \/\u003E\r\n\n2045855470-1\u003Cbr \/\u003E\r\n\n\u003Cbr \/\u003E\r\n\n\u003Cbr \/\u003E\r\n\nACACIA MARQUES LIMA\u003Cbr \/\u003E\r\n\n\u003Cbr \/\u003E\r\n\n\u003Cbr \/\u003E\r\n\n\u003Cbr \/\u003E\r\n\n\u003Cbr \/\u003E\r\n\n132\u003Cbr \/\u003E\r\n\n\u003Cbr \/\u003E\r\n\n\u003Cbr \/\u003E\r\n\n2045855439-6\u003Cbr \/\u003E\r\n\n\u003Cbr \/\u003E\r\n\n\u003Cbr \/\u003E\r\n\nMICAELE DOS SANTOS SANTANA\u003Cbr \/\u003E\r\n\n\u003Cbr \/\u003E\r\n\n\u003Cbr \/\u003E\r\n\n\u003Cbr \/\u003E\r\n\n\u003Cbr \/\u003E\r\n\n133\u003Cbr \/\u003E\r\n\n\u003Cbr \/\u003E\r\n\n\u003Cbr \/\u003E\r\n\n1642989703-7\u003Cbr \/\u003E\r\n\n\u003Cbr \/\u003E\r\n\n\u003Cbr \/\u003E\r\n\nLIDIANE SILVA COSTA\u003Cbr \/\u003E\r\n\n\u003Cbr \/\u003E\r\n\n\u003Cbr \/\u003E\r\n\n\u003Cbr \/\u003E\r\n\n\u003Cbr \/\u003E\r\n\n134\u003Cbr \/\u003E\r\n\n\u003Cbr \/\u003E\r\n\n\u003Cbr \/\u003E\r\n\n2003721062-3\u003Cbr \/\u003E\r\n\n\u003Cbr \/\u003E\r\n\n\u003Cbr \/\u003E\r\n\nFABIANA SANTOS SAMPAIO\u003Cbr \/\u003E\r\n\n\u003Cbr \/\u003E\r\n\n\u003Cbr \/\u003E\r\n\n\u003Cbr \/\u003E\r\n\n\u003Cbr \/\u003E\r\n\n135\u003Cbr \/\u003E\r\n\n\u003Cbr \/\u003E\r\n\n\u003Cbr \/\u003E\r\n\n1616131313-9\u003Cbr \/\u003E\r\n\n\u003Cbr \/\u003E\r\n\n\u003Cbr \/\u003E\r\n\nDAIANE GOIS DE JESUS\u003Cbr \/\u003E\r\n\n\u003Cbr \/\u003E\r\n\n\u003Cbr \/\u003E\r\n\n\u003Cbr \/\u003E\r\n\n\u003Cbr \/\u003E\r\n\n136\u003Cbr \/\u003E\r\n\n\u003Cbr \/\u003E\r\n\n\u003Cbr \/\u003E\r\n\n2094720393-6\u003Cbr \/\u003E\r\n\n\u003Cbr \/\u003E\r\n\n\u003Cbr \/\u003E\r\n\nADRIANA DOS SANTOS\u003Cbr \/\u003E\r\n\n\u003Cbr \/\u003E\r\n\n\u003Cbr \/\u003E\r\n\n\u003Cbr \/\u003E\r\n\n\u003Cbr \/\u003E\r\n\n137\u003Cbr \/\u003E\r\n\n\u003Cbr \/\u003E\r\n\n\u003Cbr \/\u003E\r\n\n1246639094-0\u003Cbr \/\u003E\r\n\n\u003Cbr \/\u003E\r\n\n\u003Cbr \/\u003E\r\n\nMARIA JOSE PEREIRA DE SOUZA\u003Cbr \/\u003E\r\n\n\u003Cbr \/\u003E\r\n\n\u003Cbr \/\u003E\r\n\n\u003Cbr \/\u003E\r\n\n\u003Cbr \/\u003E\r\n\n138\u003Cbr \/\u003E\r\n\n\u003Cbr \/\u003E\r\n\n\u003Cbr \/\u003E\r\n\n2005323307-1\u003Cbr \/\u003E\r\n\n\u003Cbr \/\u003E\r\n\n\u003Cbr \/\u003E\r\n\nTAMIRES VIRGINIA OLIVEIRA DOS SANTOS\u003Cbr \/\u003E\r\n\n\u003Cbr \/\u003E\r\n\n\u003Cbr \/\u003E\r\n\n\u003Cbr \/\u003E\r\n\n\u003Cbr \/\u003E\r\n\n139\u003Cbr \/\u003E\r\n\n\u003Cbr \/\u003E\r\n\n\u003Cbr \/\u003E\r\n\n1665038516-7\u003Cbr \/\u003E\r\n\n\u003Cbr \/\u003E\r\n\n\u003Cbr \/\u003E\r\n\nTAMIRES DOS SANTOS\u003Cbr \/\u003E\r\n\n\u003Cbr \/\u003E\r\n\n\u003Cbr \/\u003E\r\n\n\u003Cbr \/\u003E\r\n\n\u003Cbr \/\u003E\r\n\n140\u003Cbr \/\u003E\r\n\n\u003Cbr \/\u003E\r\n\n\u003Cbr \/\u003E\r\n\n2095029910-8\u003Cbr \/\u003E\r\n\n\u003Cbr \/\u003E\r\n\n\u003Cbr \/\u003E\r\n\nCINTIA OLIVEIRA SANTOS\u003Cbr \/\u003E\r\n\n\u003Cbr \/\u003E\r\n\n\u003Cbr \/\u003E\r\n\n\u003Cbr \/\u003E\r\n\n\u003Cbr \/\u003E\r\n\n141\u003Cbr \/\u003E\r\n\n\u003Cbr \/\u003E\r\n\n\u003Cbr \/\u003E\r\n\n2065654975-5\u003Cbr \/\u003E\r\n\n\u003Cbr \/\u003E\r\n\n\u003Cbr \/\u003E\r\n\nEDJANE DE LIMA\u003Cbr \/\u003E\r\n\n\u003Cbr \/\u003E\r\n\n\u003Cbr \/\u003E\r\n\n\u003Cbr \/\u003E\r\n\n\u003Cbr \/\u003E\r\n\n142\u003Cbr \/\u003E\r\n\n\u003Cbr \/\u003E\r\n\n\u003Cbr \/\u003E\r\n\n2045853940-0\u003Cbr \/\u003E\r\n\n\u003Cbr \/\u003E\r\n\n\u003Cbr \/\u003E\r\n\nLAIANE DANTAS SANTOS\u003Cbr \/\u003E\r\n\n\u003Cbr \/\u003E\r\n\n\u003Cbr \/\u003E\r\n\n\u003Cbr \/\u003E\r\n\n\u003Cbr \/\u003E\r\n\n143\u003Cbr \/\u003E\r\n\n\u003Cbr \/\u003E\r\n\n\u003Cbr \/\u003E\r\n\n2034206454-6\u003Cbr \/\u003E\r\n\n\u003Cbr \/\u003E\r\n\n\u003Cbr \/\u003E\r\n\nCLEUMA SANTOS MENEZES\u003Cbr \/\u003E\r\n\n\u003Cbr \/\u003E\r\n\n\u003Cbr \/\u003E\r\n\n\u003Cbr \/\u003E\r\n\n\u003Cbr \/\u003E\r\n\n144\u003Cbr \/\u003E\r\n\n\u003Cbr \/\u003E\r\n\n\u003Cbr \/\u003E\r\n\n2000354704-8\u003Cbr \/\u003E\r\n\n\u003Cbr \/\u003E\r\n\n\u003Cbr \/\u003E\r\n\nALEXANDRA RIBEIRO DA SILVA\u003Cbr \/\u003E\r\n\n\u003Cbr \/\u003E\r\n\n\u003Cbr \/\u003E\r\n\n\u003Cbr \/\u003E\r\n\n\u003Cbr \/\u003E\r\n\n145\u003Cbr \/\u003E\r\n\n\u003Cbr \/\u003E\r\n\n\u003Cbr \/\u003E\r\n\n1606334421-8\u003Cbr \/\u003E\r\n\n\u003Cbr \/\u003E\r\n\n\u003Cbr \/\u003E\r\n\nVALESCA SANTOS LIMA\u003Cbr \/\u003E\r\n\n\u003Cbr \/\u003E\r\n\n\u003Cbr \/\u003E\r\n\n\u003Cbr \/\u003E\r\n\n\u003Cbr \/\u003E\r\n\n146\u003Cbr \/\u003E\r\n\n\u003Cbr \/\u003E\r\n\n\u003Cbr \/\u003E\r\n\n1283614076-5\u003Cbr \/\u003E\r\n\n\u003Cbr \/\u003E\r\n\n\u003Cbr \/\u003E\r\n\nMARIA DOMINGAS ALVES\u003Cbr \/\u003E\r\n\n\u003Cbr \/\u003E\r\n\n\u003Cbr \/\u003E\r\n\n\u003Cbr \/\u003E\r\n\n\u003Cbr \/\u003E\r\n\n147\u003Cbr \/\u003E\r\n\n\u003Cbr \/\u003E\r\n\n\u003Cbr \/\u003E\r\n\n?\u003Cbr \/\u003E\r\n\n\u003Cbr \/\u003E\r\n\n\u003Cbr \/\u003E\r\n\nANA MARIA ANDRADE DE SANTANA\u003Cbr \/\u003E\r\n\n\u003Cbr \/\u003E\r\n\n\u003Cbr \/\u003E\r\n\n\u003Cbr \/\u003E\r\n\n\u003Cbr \/\u003E\r\n\n148\u003Cbr \/\u003E\r\n\n\u003Cbr \/\u003E\r\n\n\u003Cbr \/\u003E\r\n\n1620047979-9\u003Cbr \/\u003E\r\n\n\u003Cbr \/\u003E\r\n\n\u003Cbr \/\u003E\r\n\nKELLY SANTANA DEJESUS\u003Cbr \/\u003E\r\n\n\u003Cbr \/\u003E\r\n\n\u003Cbr \/\u003E\r\n\n\u003Cbr \/\u003E\r\n\n\u003Cbr \/\u003E\r\n\n149\u003Cbr \/\u003E\r\n\n\u003Cbr \/\u003E\r\n\n\u003Cbr \/\u003E\r\n\n1610782889-4\u003Cbr \/\u003E\r\n\n\u003Cbr \/\u003E\r\n\n\u003Cbr \/\u003E\r\n\nEDILENE DOS SANTOS\u003Cbr \/\u003E\r\n\n\u003Cbr \/\u003E\r\n\n\u003Cbr \/\u003E\r\n\n\u003Cbr \/\u003E\r\n\n\u003Cbr \/\u003E\r\n\n150\u003Cbr \/\u003E\r\n\n\u003Cbr \/\u003E\r\n\n\u003Cbr \/\u003E\r\n\n1244963588-4\u003Cbr \/\u003E\r\n\n\u003Cbr \/\u003E\r\n\n\u003Cbr \/\u003E\r\n\nLUCIANABORGES OLIVEIRA CARDOSO\u003Cbr \/\u003E\r\n\n\u003Cbr \/\u003E\r\n\n\u003Cbr \/\u003E\r\n\n\u003Cbr \/\u003E\r\n\n\u003Cbr \/\u003E\r\n\n151\u003Cbr \/\u003E\r\n\n\u003Cbr \/\u003E\r\n\n\u003Cbr \/\u003E\r\n\n2037070815-0\u003Cbr \/\u003E\r\n\n\u003Cbr \/\u003E\r\n\n\u003Cbr \/\u003E\r\n\nPATRICIA OLIVEIRA SANTOS\u003Cbr \/\u003E\r\n\n\u003Cbr \/\u003E\r\n\n\u003Cbr \/\u003E\r\n\n\u003Cbr \/\u003E\r\n\n\u003Cbr \/\u003E\r\n\n152\u003Cbr \/\u003E\r\n\n\u003Cbr \/\u003E\r\n\n\u003Cbr \/\u003E\r\n\n2095981803-5\u003Cbr \/\u003E\r\n\n\u003Cbr \/\u003E\r\n\n\u003Cbr \/\u003E\r\n\nDEISE KELLY SILVA SANTOS DE JESUS\u003Cbr \/\u003E\r\n\n\u003Cbr \/\u003E\r\n\n\u003Cbr \/\u003E\r\n\n\u003Cbr \/\u003E\r\n\n\u003Cbr \/\u003E\r\n\n153\u003Cbr \/\u003E\r\n\n\u003Cbr \/\u003E\r\n\n\u003Cbr \/\u003E\r\n\n2003720900-5\u003Cbr \/\u003E\r\n\n\u003Cbr \/\u003E\r\n\n\u003Cbr \/\u003E\r\n\nANA CARLA CONCEI??O DO NASCIMENTO\u003Cbr \/\u003E\r\n\n\u003Cbr \/\u003E\r\n\n\u003Cbr \/\u003E\r\n\n\u003Cbr \/\u003E\r\n\n\u003Cbr \/\u003E\r\n\n154\u003Cbr \/\u003E\r\n\n\u003Cbr \/\u003E\r\n\n\u003Cbr \/\u003E\r\n\n1646040766-6\u003Cbr \/\u003E\r\n\n\u003Cbr \/\u003E\r\n\n\u003Cbr \/\u003E\r\n\nMARIA IVANILDE DOS SANTOS MOTA\u003Cbr \/\u003E\r\n\n\u003Cbr \/\u003E\r\n\n\u003Cbr \/\u003E\r\n\n\u003Cbr \/\u003E\r\n\n\u003Cbr \/\u003E\r\n\n155\u003Cbr \/\u003E\r\n\n\u003Cbr \/\u003E\r\n\n\u003Cbr \/\u003E\r\n\n1255708676-4\u003Cbr \/\u003E\r\n\n\u003Cbr \/\u003E\r\n\n\u003Cbr \/\u003E\r\n\nJOSENEIDE DOS SANTOS\u003Cbr \/\u003E\r\n\n\u003Cbr \/\u003E\r\n\n\u003Cbr \/\u003E\r\n\n\u003Cbr \/\u003E\r\n\n\u003Cbr \/\u003E\r\n\n156\u003Cbr \/\u003E\r\n\n\u003Cbr \/\u003E\r\n\n\u003Cbr \/\u003E\r\n\n1633904990-8\u003Cbr \/\u003E\r\n\n\u003Cbr \/\u003E\r\n\n\u003Cbr \/\u003E\r\n\nJOSEFA FRANCISCA CORREIA\u003Cbr \/\u003E\r\n\n\u003Cbr \/\u003E\r\n\n\u003Cbr \/\u003E\r\n\n\u003Cbr \/\u003E\r\n\n\u003Cbr \/\u003E\r\n\n157\u003Cbr \/\u003E\r\n\n\u003Cbr \/\u003E\r\n\n\u003Cbr \/\u003E\r\n\n2004976083-6\u003Cbr \/\u003E\r\n\n\u003Cbr \/\u003E\r\n\n\u003Cbr \/\u003E\r\n\nMANUELA FRANCISCA DA SILVA\u003Cbr \/\u003E\r\n\n\u003Cbr \/\u003E\r\n\n\u003Cbr \/\u003E\r\n\n\u003Cbr \/\u003E\r\n\n\u003Cbr \/\u003E\r\n\n158\u003Cbr \/\u003E\r\n\n\u003Cbr \/\u003E\r\n\n\u003Cbr \/\u003E\r\n\n1280253476-0\u003Cbr \/\u003E\r\n\n\u003Cbr \/\u003E\r\n\n\u003Cbr \/\u003E\r\n\nMARLEIDE OLIVEIRA LIMA\u003Cbr \/\u003E\r\n\n\u003Cbr \/\u003E\r\n\n\u003Cbr \/\u003E\r\n\n\u003Cbr \/\u003E\r\n\n\u003Cbr \/\u003E\r\n\n159\u003Cbr \/\u003E\r\n\n\u003Cbr \/\u003E\r\n\n\u003Cbr \/\u003E\r\n\n2061312863-4\u003Cbr \/\u003E\r\n\n\u003Cbr \/\u003E\r\n\n\u003Cbr \/\u003E\r\n\nJUSSARA DA SILVA\u003Cbr \/\u003E\r\n\n\u003Cbr \/\u003E\r\n\n\u003Cbr \/\u003E\r\n\n\u003Cbr \/\u003E\r\n\n\u003Cbr \/\u003E\r\n\n160\u003Cbr \/\u003E\r\n\n\u003Cbr \/\u003E\r\n\n\u003Cbr \/\u003E\r\n\n2045855407-8\u003Cbr \/\u003E\r\n\n\u003Cbr \/\u003E\r\n\n\u003Cbr \/\u003E\r\n\nPAULO RICARDO BARBOSA DE ANDRADE\u003Cbr \/\u003E\r\n\n\u003Cbr \/\u003E\r\n\n\u003Cbr \/\u003E\r\n\n\u003Cbr \/\u003E\r\n\n\u003Cbr \/\u003E\r\n\n161\u003Cbr \/\u003E\r\n\n\u003Cbr \/\u003E\r\n\n\u003Cbr \/\u003E\r\n\n1088508899-6\u003Cbr \/\u003E\r\n\n\u003Cbr \/\u003E\r\n\n\u003Cbr \/\u003E\r\n\nANTONIO FERNANDES CARVALHO\u003Cbr \/\u003E\r\n\n\u003Cbr \/\u003E\r\n\n\u003Cbr \/\u003E\r\n\n\u003Cbr \/\u003E\r\n\n\u003Cbr \/\u003E\r\n\n162\u003Cbr \/\u003E\r\n\n\u003Cbr \/\u003E\r\n\n\u003Cbr \/\u003E\r\n\n2034206504-6\u003Cbr \/\u003E\r\n\n\u003Cbr \/\u003E\r\n\n\u003Cbr \/\u003E\r\n\nALESSANDRO DE MENEZES MOTA\u003Cbr \/\u003E\r\n\n\u003Cbr \/\u003E\r\n\n\u003Cbr \/\u003E\r\n\n\u003Cbr \/\u003E\r\n\n\u003Cbr \/\u003E\r\n\n163\u003Cbr \/\u003E\r\n\n\u003Cbr \/\u003E\r\n\n\u003Cbr \/\u003E\r\n\n1232777594-0\u003Cbr \/\u003E\r\n\n\u003Cbr \/\u003E\r\n\n\u003Cbr \/\u003E\r\n\nJOSE ALENILSON FRANCISCO DOS SANTOS\u003Cbr \/\u003E\r\n\n\u003Cbr \/\u003E\r\n\n\u003Cbr \/\u003E\r\n\n\u003Cbr \/\u003E\r\n\n\u003Cbr \/\u003E\r\n\n164\u003Cbr \/\u003E\r\n\n\u003Cbr \/\u003E\r\n\n\u003Cbr \/\u003E\r\n\n1220237599-8\u003Cbr \/\u003E\r\n\n\u003Cbr \/\u003E\r\n\n\u003Cbr \/\u003E\r\n\nSERGIO MURILO ANDRADE DOS SANTOS\u003Cbr \/\u003E\r\n\n\u003Cbr \/\u003E\r\n\n\u003Cbr \/\u003E\r\n\n\u003Cbr \/\u003E\r\n\n\u003Cbr \/\u003E\r\n\n165\u003Cbr \/\u003E\r\n\n\u003Cbr \/\u003E\r\n\n\u003Cbr \/\u003E\r\n\n1218413311-8\u003Cbr \/\u003E\r\n\n\u003Cbr \/\u003E\r\n\n\u003Cbr \/\u003E\r\n\nJO?O ERALDO DOS SANTOS\u003Cbr \/\u003E\r\n\n\u003Cbr \/\u003E\r\n\n\u003Cbr \/\u003E\r\n\n\u003Cbr \/\u003E\r\n\n\u003Cbr \/\u003E\r\n\n166\u003Cbr \/\u003E\r\n\n\u003Cbr \/\u003E\r\n\n\u003Cbr \/\u003E\r\n\n2093189546-9\u003Cbr \/\u003E\r\n\n\u003Cbr \/\u003E\r\n\n\u003Cbr \/\u003E\r\n\nJOSE AUGUSTO DE ARAUJO MENEZES\u003Cbr \/\u003E\r\n\n\u003Cbr \/\u003E\r\n\n\u003Cbr \/\u003E\r\n\n\u003Cbr \/\u003E\r\n\n\u003Cbr \/\u003E\r\n\n167\u003Cbr \/\u003E\r\n\n\u003Cbr \/\u003E\r\n\n\u003Cbr \/\u003E\r\n\n1274097676-5\u003Cbr \/\u003E\r\n\n\u003Cbr \/\u003E\r\n\n\u003Cbr \/\u003E\r\n\nANDRE LUIZ VIANA DA SILVA\u003Cbr \/\u003E\r\n\n\u003Cbr \/\u003E\r\n\n\u003Cbr \/\u003E\r\n\n\u003Cbr \/\u003E\r\n\n\u003Cbr \/\u003E\r\n\n168\u003Cbr \/\u003E\r\n\n\u003Cbr \/\u003E\r\n\n\u003Cbr \/\u003E\r\n\n1241284670-9\u003Cbr \/\u003E\r\n\n\u003Cbr \/\u003E\r\n\n\u003Cbr \/\u003E\r\n\nCLAUDIONOR DOS SANTOS\u003Cbr \/\u003E\r\n\n\u003Cbr \/\u003E\r\n\n\u003Cbr \/\u003E\r\n\n\u003Cbr \/\u003E\r\n\n\u003Cbr \/\u003E\r\n\n169\u003Cbr \/\u003E\r\n\n\u003Cbr \/\u003E\r\n\n\u003Cbr \/\u003E\r\n\n1251121195-7\u003Cbr \/\u003E\r\n\n\u003Cbr \/\u003E\r\n\n\u003Cbr \/\u003E\r\n\nVALDO DE CARVALHO\u003Cbr \/\u003E\r\n\n\u003Cbr \/\u003E\r\n\n\u003Cbr \/\u003E\r\n\n\u003Cbr \/\u003E\r\n\n\u003Cbr \/\u003E\r\n\n170\u003Cbr \/\u003E\r\n\n\u003Cbr \/\u003E\r\n\n\u003Cbr \/\u003E\r\n\n1276782776-0\u003Cbr \/\u003E\r\n\n\u003Cbr \/\u003E\r\n\n\u003Cbr \/\u003E\r\n\nWESLEY ANDRADE DO NASCIMENTO\u003Cbr \/\u003E\r\n\n\u003Cbr \/\u003E\r\n\n\u003Cbr \/\u003E\r\n\n\u003Cbr \/\u003E\r\n\n\u003Cbr \/\u003E\r\n\n171\u003Cbr \/\u003E\r\n\n\u003Cbr \/\u003E\r\n\n\u003Cbr \/\u003E\r\n\n1291620776-9\u003Cbr \/\u003E\r\n\n\u003Cbr \/\u003E\r\n\n\u003Cbr \/\u003E\r\n\nJOSE CLAUDIO SILVA SANTOS\u003Cbr \/\u003E\r\n\n\u003Cbr \/\u003E\r\n\n\u003Cbr \/\u003E\r\n\n\u003Cbr \/\u003E\r\n\n\u003Cbr \/\u003E\r\n\n172\u003Cbr \/\u003E\r\n\n\u003Cbr \/\u003E\r\n\n\u003Cbr \/\u003E\r\n\n1266594176-9\u003Cbr \/\u003E\r\n\n\u003Cbr \/\u003E\r\n\n\u003Cbr \/\u003E\r\n\nJANISSON DE MENEZES CUNHA\u003Cbr \/\u003E\r\n\n\u003Cbr \/\u003E\r\n\n\u003Cbr \/\u003E\r\n\n\u003Cbr \/\u003E\r\n\n\u003Cbr \/\u003E\r\n\n173\u003Cbr \/\u003E\r\n\n\u003Cbr \/\u003E\r\n\n\u003Cbr \/\u003E\r\n\n1702955215-4\u003Cbr \/\u003E\r\n\n\u003Cbr \/\u003E\r\n\n\u003Cbr \/\u003E\r\n\nANTONIO JOS? MENEZES\u003Cbr \/\u003E\r\n\n\u003Cbr \/\u003E\r\n\n\u003Cbr \/\u003E\r\n\n\u003Cbr \/\u003E\r\n\n\u003Cbr \/\u003E\r\n\n174\u003Cbr \/\u003E\r\n\n\u003Cbr \/\u003E\r\n\n\u003Cbr \/\u003E\r\n\n2362761183-3\u003Cbr \/\u003E\r\n\n\u003Cbr \/\u003E\r\n\n\u003Cbr \/\u003E\r\n\nOSVALDO JOS? DE SANTANA","tags":"noticias,prefeitura,itabaiana","publicacao":"2013-10-15 09:16:57","criado":"2013-10-15 09:16:57","alterado":"-0001-11-30 00:00:00"},{"id":3388,"categoria_id":"6","categoria":{"id":6,"nome":"SOCIAL"},"autor_show":1,"titulo":"Vacina\u00e7\u00e3o Antirr\u00e1bica Prossegue at\u00e9 o dia 19","slug":"vacinacao-antirrabica-prossegue-ate-o-dia-19","subtitulo":"A vacina\u00e7\u00e3o contra a raiva \u00e9 indicada para todos os animais acima de tr\u00eas meses de idade.","descricao":"Vacina\u00e7\u00e3o Antirr\u00e1bica Prossegue at\u00e9 o dia 19","imagem":"\/img\/imagem\/12489-u6c4n6q1i2m4a8p2.jpg,\/img\/imagem\/media_12489-u6c4n6q1i2m4a8p2.jpg,\/img\/imagem\/thumb_12489-u6c4n6q1i2m4a8p2.jpg,\/img\/imagem\/thumb_fix_12489-u6c4n6q1i2m4a8p2.jpg","texto":"A Campanha de Vacina??o Antirr?bica desenvolvida pela secretaria de sa?de de Itabaiana j? atingiu 80% da popula??o estimada de c?es e gatos. A vacina??o prosseguir? at? o pr?ximo dia 19 e os donos de c?es e gatos podem levar o animal at? a secretaria e quem necessitar pode ligar para a secretaria 3431 - 4923 solicitando que o vacinador v? at? a sua resid?ncia.\u003Cbr \/\u003E\r\n\nA vacina??o contra a raiva ? indicada para todos os animais acima de tr?s meses de idade. Mesmo aqueles que j? foram imunizados em anos anteriores devem receber nova dose.\u003Cbr \/\u003E\r\n\nA raiva ? uma doen?a fatal. Cuide do seu melhor amigo!\u003Cbr \/\u003E\r\n\n?","tags":"noticias,prefeitura,itabaiana","publicacao":"2013-10-15 08:09:30","criado":"2013-10-15 08:09:30","alterado":"-0001-11-30 00:00:00"},{"id":3390,"categoria_id":"3","categoria":{"id":3,"nome":"OBRAS"},"autor_show":1,"titulo":"Prefeitura realiza Jantar para os Professores","slug":"prefeitura-realiza-jantar-para-os-professores","subtitulo":"A festa foi animada por H\u00e9lio Lima e Banda e Alma G\u00eamea.","descricao":"Prefeitura realiza Jantar para os Professores","imagem":"\/img\/imagem\/12490-a9g3v2x7t4u3n4n8.jpg,\/img\/imagem\/media_12490-a9g3v2x7t4u3n4n8.jpg,\/img\/imagem\/thumb_12490-a9g3v2x7t4u3n4n8.jpg,\/img\/imagem\/thumb_fix_12490-a9g3v2x7t4u3n4n8.jpg","texto":"A Prefeitura de Itabaiana atrav?s da Secretaria de Educa??o realizou com muito brilho na noite desta ter?a-feira, 15, jantar dan?ante em Comemora??o ao Dia dos Professores. \u003Cbr \/\u003E\r\n\nA secret?ria Maria do Carmo Mendon?a Andrade falou sobre a import?ncia do Professor na vida do cidad?o e agradeceu o empenho e a dedica??o dos colegas de magist?rio da rede municipal.\u003Cbr \/\u003E\r\n\n\u0022Sinto-me feliz em poder estar ? frente desta secretaria tendo profissionais dedicados e compromissados com a educa??o\u0022, disse.\u003Cbr \/\u003E\r\n\nO Prefeito Valmir dos Santos Costa parabenizou os professores e relatou as conquistas j? poss?veis da categoria em seu governo. \u0022Estamos trabalhando incansavelmente para dar melhores condi??es de trabalho a voc?s professores. No nosso governo j? pagamos o 13? de 2012 deixados em atraso, o sal?rio de dezembro de 2012 j? est? sendo pago, as f?rias, 60% do 13? de 2013 j? foi pago no anivers?rio de cada professor, al?m de avan?armos no escalonamento da carreira de 1% para 1,5%. S?o conquistas que com muito esfor?o estamos oferecendo nesses 10 primeiros meses de administra??o, sem contar com o sal?rio do m?s sendo pago rigorosamente em dia\u0022, ressaltou Valmir.\u003Cbr \/\u003E\r\n\n\u003Cbr \/\u003E\r\n\n\u003Cbr \/\u003E\r\n\n\u003Cbr \/\u003E\r\n\n\u003Cbr \/\u003E\r\n\nDurante o jantar foi feita uma homenagem aos familiares de duas professoras da rede que faleceram este ano: Clessiane Lima e Zeilde dos Santos. A deputada Maria Mendon?a entregou uma Placa a senhora Josefa Lima, m?e de Clessiane, enquanto o prefeito Valmir entregou a Elis?ngela Santos, filha de Zeilde.\u003Cbr \/\u003E\r\n\nAl?m dos professores e familiares esteve prestigiando o evento ? deputada Maria Mendon?a, a Vice-Prefeita Lourdes Machado, os Vereadores Jos? Roberto de Oliveira e Roosevelt Santana, os secret?rios municipais, conselheiros municipais, dentre outros.\u003Cbr \/\u003E\r\n\nA festa foi animada por H?lio Lima e Banda e Alma G?mea.\u003Cbr \/\u003E\r\n\n?\u003Cbr \/\u003E\r\n\n?","tags":"noticias,prefeitura,itabaiana","publicacao":"2013-10-15 07:23:47","criado":"2013-10-15 07:23:47","alterado":"-0001-11-30 00:00:00"},{"id":3387,"categoria_id":"9","categoria":{"id":9,"nome":"ECONOMIA"},"autor_show":1,"titulo":"Prefeito d\u00e1 posse a dois novos Agentes de Transito e um Auditor Tribut\u00e1rio","slug":"prefeito-da-posse-a-dois-novos-agentes-de-transito-e-um-auditor-tributario","subtitulo":"Dois novos agentes de transito passar\u00e3o a atuar no tr\u00e2nsito Itabaianense","descricao":"Prefeito d\u00e1 posse a dois novos Agentes de Transito e um Auditor Tribut\u00e1rio","imagem":"\/img\/imagem\/12488-k8h3t2p2e8j6s2g8.jpg,\/img\/imagem\/media_12488-k8h3t2p2e8j6s2g8.jpg,\/img\/imagem\/thumb_12488-k8h3t2p2e8j6s2g8.jpg,\/img\/imagem\/thumb_fix_12488-k8h3t2p2e8j6s2g8.jpg","texto":"Na manh? desta segunda-feira, 14, o prefeito Valmir de Francisquinho deu posse a dois novos agentes de tr?nsito. A admiss?o dos mesmos ? mais uma a??o que visa organizar o transito Itabaianense. Al?m dos agentes um auditor tribut?rio tamb?m foi empossado.\u003Cbr \/\u003E\r\n\n\\\u0022? com muito esfor?o que aos poucos estamos dando uma nova sintonia ao tr?nsito de Itabaiana. N?o ? um trabalho f?cil, mas ao longo desses 10 meses de gest?o j? realizamos muito atrav?s da Superintend?ncia Municipal de Transito e Transporte. O trabalho do tenente Wagno Nascimento tem sido reconhecido tamb?m pela popula??o\\\u0022, disse o prefeito Valmir de Francisquinho durante o ato de assinatura dos termos de posse.\u003Cbr \/\u003E\r\n\nOs novos funcion?rios do munic?pio foram convocados atrav?s do concurso em vig?ncia. Avelar Santos Souza, Samuel Santos Matos e Lucas Silva Santos iniciar?o os trabalhos com entusiasmo, que foi demonstrado pelo Agente Lucas, \\\u0022O intuito primeiramente ? de ajudar no crescimento e desenvolvimento da cidade atrav?s da organiza??o do tr?nsito buscando trabalhar principalmente de uma forma correta e justa, fazendo com que as pessoas tenham consci?ncia de que estamos ali para ajudar. Esperamos tamb?m ter uma boa rela??o com a popula??o\\\u0022.\u003Cbr \/\u003E\r\n\nEstiveram presentes, al?m do prefeito, o Secret?rio de Administra??o, Adailton Sousa, o Secret?rio de Obras, Moacir Santana, o Secret?rio de Ind?stria e Com?rcio, Altamiro Brasil, o Advogado Geral do Munic?pio, Lucas Cardinalli e o Vereador David Mota.\u003Cbr \/\u003E\r\n\n?","tags":"noticias,prefeitura,itabaiana","publicacao":"2013-10-14 13:09:21","criado":"2013-10-14 13:09:21","alterado":"-0001-11-30 00:00:00"},{"id":3386,"categoria_id":"6","categoria":{"id":6,"nome":"SOCIAL"},"autor_show":1,"titulo":"Outubro Rosa e Projeto Crian\u00e7a Feliz s\u00e3o realizados pela Secretaria de Sa\u00fade","slug":"outubro-rosa-e-projeto-crianca-feliz-sao-realizados-pela-secretaria-de-saude","subtitulo":"Ambos os projetos foram realizados na \u00faltima sexta.","descricao":"Outubro Rosa e Projeto Crian\u00e7a Feliz s\u00e3o realizados pela Secretaria de Sa\u00fade","imagem":"\/img\/imagem\/,\/img\/imagem\/media_,\/img\/imagem\/thumb_,\/img\/imagem\/thumb_fix_","texto":"Projeto Crian?a Feliz\u003Cbr \/\u003E\r\n\n?\u003Cbr \/\u003E\r\n\nA secretaria de sa?de de Itabaiana atrav?s do NASF vem realizando neste m?s de outubro o Projeto Crian?a Feliz Crescer Forte como seu Povo.\u003Cbr \/\u003E\r\n\nNa ?ltima sexta-feira, 11, a Creche do Povoado Bom Jardim recebeu os profissionais do NASF que em conjunto com a equipe de sa?de da comunidade realizou v?rias brincadeiras, al?m de distribuir v?rios brindes com a crian?ada.\u003Cbr \/\u003E\r\n\n?\u003Cbr \/\u003E\r\n\nOUTUBRO ROSA\u003Cbr \/\u003E\r\n\n?\u003Cbr \/\u003E\r\n\nTamb?m na sexta-feira,11, a secretaria realizou na Cl?nica de Sa?de Manoel Pereira do Bairro Porto, o Outubro Rosa. Durante toda manh? v?rios profissionais realizaram exame de l?mina, fizeram palestras, deram orienta??es sobre o auto-exame da mama, al?m de marca??o de mamografias em diversas mulheres.\u003Cbr \/\u003E\r\n\nNa pr?xima sexta-feira, 18, as a??es ser?o realizadas no Posto de Sa?de Souto Diniz a partir das 8 horas.\u003Cbr \/\u003E\r\n\n?","tags":"noticias,prefeitura,itabaiana","publicacao":"2013-10-12 16:44:30","criado":"2013-10-12 16:44:30","alterado":"-0001-11-30 00:00:00"}],"busca":null}