{"pagina_atualizada_em":"2026-04-24T11:58:34-03:00","categorias":[{"id":13,"nome":"AGRICULTURA","criado":"2023-06-20 10:30:32","alterado":"2023-06-20 10:30:32"},{"id":19,"nome":"ASSIST\u00caNCIA","criado":"2023-08-08 08:58:10","alterado":"2023-08-08 08:58:10"},{"id":8,"nome":"CULTURA","criado":"2021-04-20 12:09:30","alterado":"2021-04-20 12:09:30"},{"id":9,"nome":"ECONOMIA","criado":"2021-04-22 11:53:46","alterado":"2021-04-22 11:53:46"},{"id":2,"nome":"EDUCA\u00c7\u00c3O","criado":"2021-04-20 12:06:51","alterado":"2021-04-20 12:06:51"},{"id":7,"nome":"ESPORTE","criado":"2021-04-20 12:09:22","alterado":"2021-04-20 12:09:22"},{"id":10,"nome":"EVENTO","criado":"2023-05-30 10:57:36","alterado":"2023-05-30 10:57:36"},{"id":11,"nome":"FESTA DOS CAMINHONEIROS","criado":"2023-06-05 12:14:21","alterado":"2023-06-05 12:14:21"},{"id":20,"nome":"FESTIVIDADES","criado":"2023-08-22 12:11:23","alterado":"2023-08-22 12:12:32"},{"id":12,"nome":"INAUGURA\u00c7\u00c3O","criado":"2023-06-16 11:49:28","alterado":"2023-06-16 11:49:28"},{"id":22,"nome":"MEIO AMBIENTE","criado":"2023-10-03 09:43:15","alterado":"2023-10-03 09:43:15"},{"id":21,"nome":"MICARANA 2023","criado":"2023-08-25 08:29:14","alterado":"2023-08-25 08:29:14"},{"id":23,"nome":"NOTA","criado":"2023-11-08 10:15:32","alterado":"2023-11-08 10:15:32"},{"id":3,"nome":"OBRAS","criado":"2021-04-20 12:07:05","alterado":"2021-04-20 12:07:05"},{"id":4,"nome":"OPORTUNIDADE","criado":"2021-04-20 12:07:32","alterado":"2023-10-25 08:11:14"},{"id":15,"nome":"PARCERIA","criado":"2023-06-23 12:20:02","alterado":"2023-06-23 12:20:02"},{"id":5,"nome":"PLANEJAMENTO","criado":"2021-04-20 12:09:05","alterado":"2021-04-20 12:09:05"},{"id":18,"nome":"RELIGIOSIDADE","criado":"2023-08-04 09:29:43","alterado":"2023-08-04 09:29:43"},{"id":1,"nome":"SA\u00daDE","criado":"2021-04-20 12:06:42","alterado":"2021-04-20 12:06:42"},{"id":16,"nome":"SEGURAN\u00c7A","criado":"2023-07-06 13:15:40","alterado":"2023-07-06 13:15:40"},{"id":6,"nome":"SOCIAL","criado":"2021-04-20 12:09:11","alterado":"2021-04-20 12:09:11"},{"id":14,"nome":"TECNOLOGIA","criado":"2023-06-21 11:05:02","alterado":"2023-06-21 11:05:02"},{"id":17,"nome":"TR\u00c2NSITO","criado":"2023-08-01 12:42:59","alterado":"2023-08-01 12:43:08"},{"id":24,"nome":"TURISMO","criado":"2024-03-26 10:52:52","alterado":"2024-03-26 10:52:52"}],"categoria":null,"paginacao":{"atual":378,"proxima":379,"anterior":377,"total_registros":4725,"total_paginas":394},"itens":[{"id":3385,"categoria_id":"3","categoria":{"id":3,"nome":"OBRAS"},"autor_show":1,"titulo":"Educa\u00e7\u00e3o: 3\u00ba Encontro Cultural do Mais Educa\u00e7\u00e3o e Festividades do M\u00eas de Outubro","slug":"educacao-3o-encontro-cultural-do-mais-educacao-e-festividades-do-mes-de-outubro","subtitulo":"A Escola Municipal Professora Maria Vieira de Mendon\u00e7a (Povoado Taboca), preparou uma s\u00e9rie de atividades previstas para o m\u00eas de outubro, entre elas dois dias de lazer","descricao":"Educa\u00e7\u00e3o: 3\u00ba Encontro Cultural do Mais Educa\u00e7\u00e3o e Festividades do M\u00eas de Outubro","imagem":"\/img\/imagem\/12487-y5a4r6h6g2t4h3f2.jpg,\/img\/imagem\/media_12487-y5a4r6h6g2t4h3f2.jpg,\/img\/imagem\/thumb_12487-y5a4r6h6g2t4h3f2.jpg,\/img\/imagem\/thumb_fix_12487-y5a4r6h6g2t4h3f2.jpg","texto":"3? Encontro Cultural do Mais Educa??o de Sergipe\u003Cbr \/\u003E\r\n\nAconteceu na ?ltima ter?a-feira, 8, no Gin?sio Const?ncio Vieira (Aracaju), um grandioso evento do programa Mais Educa??o, envolvendo alguns munic?pios do estado. Alunos da nossa cidade apresentaram v?rias oficinas que s?o realizadas pelo programa.\u003Cbr \/\u003E\r\n\n?\u003Cbr \/\u003E\r\n\nItabaiana ? refer?ncia do Mais Educa??o em Sergipe, por isso a coordenadora geral do PME no estado, ?ngela Maria de Carvalho, solicitou o apoio do munic?pio de Itabaiana para ofertar o registro oficial do evento, atrav?s da contrata??o de uma equipe de filmagem profissional.\u003Cbr \/\u003E\r\n\n?\u003Cbr \/\u003E\r\n\nA apresenta??o foi realizada por um grupo de setenta e cinco crian?as e adolescentes, todas elas participantes do Programa Mais Educa??o nas escolas municipais de ltabaiana. O grupo fez uma breve demonstra??o art?stica baseada na arte circense, envolvendo palha?os, equilibristas, malabaristas e ilusionistas que encantou a plateia.\u003Cbr \/\u003E\r\n\n?\u003Cbr \/\u003E\r\n\nA referida apresenta??o foi o resultado da dedica??o e criatividade dos monitores Josemar Santos Santana (capoeira), Carla Andr?a da Silva (Orienta??o de estudos e leitura), Graziela Ferreira Brasil (teatro), Ronise Tavares Andrade (teatro) e Adelson Chagas Cabral (dan?a).\u003Cbr \/\u003E\r\n\n?\u003Cbr \/\u003E\r\n\nEscola do Povoado Taboca\u003Cbr \/\u003E\r\n\n?\u003Cbr \/\u003E\r\n\n\u003Cbr \/\u003E\r\n\n\u003Cbr \/\u003E\r\n\nA Escola Municipal Professora Maria Vieira de Mendon?a (Povoado Taboca), preparou uma s?rie de atividades previstas para o m?s de outubro, entre elas dois dias de lazer, um dia para os alunos com a responsabilidade dos professores e outro apenas para os professores e funcion?rios da escola. Tamb?m ser?o realizadas apresenta??es de capoeira e teatro.\u003Cbr \/\u003E\r\n\nDia 07\/10\/2013 ? Dia de lazer no balne?rio ?guas da Serra;\u003Cbr \/\u003E\r\n\nDia 10\/10\/2013 ? Apresenta??o do grupo de teatro da professora In?s, da Esc. Mun. Benedito Figueiredo;\u003Cbr \/\u003E\r\n\nDia 11\/10\/2013 ? Apresenta??o do grupo de capoeira e maculel? do professor Tito;\u003Cbr \/\u003E\r\n\nDia 18\/10\/2013 ? Dia de lazer para os professores e funcion?rios.","tags":"noticias,prefeitura,itabaiana","publicacao":"2013-10-10 20:22:40","criado":"2013-10-10 20:22:40","alterado":"-0001-11-30 00:00:00"},{"id":3384,"categoria_id":"4","categoria":{"id":4,"nome":"OPORTUNIDADE"},"autor_show":1,"titulo":"Itabaiana Avan\u00e7a com Trabalho","slug":"itabaiana-avanca-com-trabalho","subtitulo":"S\u00e3o v\u00e1rias a\u00e7\u00f5es realizadas em pavimenta\u00e7\u00f5es","descricao":"Itabaiana Avan\u00e7a com Trabalho","imagem":"\/img\/imagem\/12486-x6a2e9w9k6a6t4u6.jpg,\/img\/imagem\/media_12486-x6a2e9w9k6a6t4u6.jpg,\/img\/imagem\/thumb_12486-x6a2e9w9k6a6t4u6.jpg,\/img\/imagem\/thumb_fix_12486-x6a2e9w9k6a6t4u6.jpg","texto":"A secretaria de obras do munic?pio vem realizando obras de pavimenta??o em diversas ruas da cidade. Agora foi a vez da Rua 28 de agosto uma comunidade que, h? v?rios anos aguardavam a realiza??o de saneamento b?sico no bairro.\u003Cbr \/\u003E\r\n\nOs moradores comemoram a chegada de uma obra de fundamental import?ncia na vida daqueles que nela residem, pessoas que viveram ao longo dos anos enfrentando no inverno a lama, j? no ver?o a poeira passam agora a viver com dec?ncia e dignidade. A obra acompanhada de rede de esgoto para cuidar da sa?de dos moradores contemplados com a pavimenta??o.\u003Cbr \/\u003E\r\n\nAvenida Padre Airton Gon?alves\u003Cbr \/\u003E\r\n\nQuem n?o lembra do descaso da Avenida Padre A?rton Gon?alves no conjunto Maria Do Esp?rito Santo, uma avenida que estava esquecida, agora ganha uma cara nova. Todo o cal?amento est? sendo feito com rede de esgoto pela secretaria de obras para dar uma melhor qualidade de vida a quem mora naquela regi?o.\u003Cbr \/\u003E\r\n\n?","tags":"noticias,prefeitura,itabaiana","publicacao":"2013-10-10 20:06:00","criado":"2013-10-10 20:06:00","alterado":"-0001-11-30 00:00:00"},{"id":3383,"categoria_id":"6","categoria":{"id":6,"nome":"SOCIAL"},"autor_show":1,"titulo":"Escola do Povoado Agrovila recebe equipe de Sa\u00fade Bucal","slug":"escola-do-povoado-agrovila-recebe-equipe-de-saude-bucal","subtitulo":"Nesta quarta-feira, 09, a equipe de sa\u00fade bucal da Secretaria Municipal de Sa\u00fade de Itabaiana visitou a unidade de ensino Jo\u00e3o Alves Filho no povoado Agrovila.","descricao":"Escola do Povoado Agrovila recebe equipe de Sa\u00fade Bucal","imagem":"\/img\/imagem\/12485-m7m9y6h4m2y9w2u3.jpg,\/img\/imagem\/media_12485-m7m9y6h4m2y9w2u3.jpg,\/img\/imagem\/thumb_12485-m7m9y6h4m2y9w2u3.jpg,\/img\/imagem\/thumb_fix_12485-m7m9y6h4m2y9w2u3.jpg","texto":"Nesta quarta-feira, 09, a equipe de sa?de bucal da Secretaria Municipal de Sa?de de Itabaiana visitou a unidade de ensino Jo?o Alves Filho no povoado Agrovila. L? os alunos receberam orienta??es de especialistas na ?rea de sa?de bucal e ganharam um quite com escova e creme dental.\u003Cbr \/\u003E\r\n\nO projeto tem como objetivo garantir a sa?de de crian?as que moram em ?reas distantes da sede do munic?pioe que seus pais por sua vez passam parte do dia trabalhando no campo de onde ? retirado o sustento da fam?lia e n?o disp?e de tempo para levar seu filho ao dentista.\u003Cbr \/\u003E\r\n\nSegundo a Secret?ria Andr?a Reis Mendon?a a meta ? que sejam visitadas todas as unidades escolares da rede municipal de ensino para levar tratamento bucal a todas as crian?as da zona rural de Itabaiana.\u003Cbr \/\u003E\r\n\n?","tags":"noticias,prefeitura,itabaiana","publicacao":"2013-10-10 06:13:09","criado":"2013-10-10 06:13:09","alterado":"-0001-11-30 00:00:00"},{"id":3382,"categoria_id":"4","categoria":{"id":4,"nome":"OPORTUNIDADE"},"autor_show":1,"titulo":"Prefeitura de Itabaiana retoma as obras de escolas, quadras cobertas, creche e a Pra\u00e7a da Juventude","slug":"prefeitura-de-itabaiana-retoma-as-obras-de-escolas-quadras-cobertas-creche-e-a-praca-da-juventude","subtitulo":"Mat\u00e9ria realizada pela Itnet.","descricao":"Prefeitura de Itabaiana retoma as obras de escolas, quadras cobertas, creche e a Pra\u00e7a da Juventude","imagem":"\/img\/imagem\/12484-p6m2a8v2w5n6p4z2.jpg,\/img\/imagem\/media_12484-p6m2a8v2w5n6p4z2.jpg,\/img\/imagem\/thumb_12484-p6m2a8v2w5n6p4z2.jpg,\/img\/imagem\/thumb_fix_12484-p6m2a8v2w5n6p4z2.jpg","texto":"A equipe de jornalismo do Portal Itnet fez um tour pelas ruas da cidade em busca de verificar o andamento das obras da atual gest?o, nos primeiros nove meses de administra??o do Prefeito Valmir dos Santos Costa (PR).\u003Cbr \/\u003E\r\n\n\u003Cbr \/\u003E\r\n\n\u003Cbr \/\u003E\r\n\n\u003Cbr \/\u003E\r\n\n\u003Cbr \/\u003E\r\n\nNa Avenida Zefinha de Capitulino, no Bairro S?tio Porto, a prefeitura reiniciou a constru??o da Escola de Educa??o Infantil - Creche Pr? Inf?ncia. O beneficio foi conquistado na administra??o da ex-prefeita Maria Mendon?a e os recursos j? estavam liberados, mas o ex-prefeito n?o deu andamento ?s obras.\u003Cbr \/\u003E\r\n\n\u003Cbr \/\u003E\r\n\n\u003Cbr \/\u003E\r\n\n\u003Cbr \/\u003E\r\n\n\u003Cbr \/\u003E\r\n\nA Creche ter? capacidade para atender 224 crian?as nos dois turnos e ser? composta de um bloco administrativo, um de servi?os multiuso, um refeit?rio, uma pr?-escola, tr?s creches, um anfiteatro, al?m de ?reas para recrea??o e p?tio, totalizando uma ?rea de aproximadamente 1.118,46 m?.\u003Cbr \/\u003E\r\n\n\u003Cbr \/\u003E\r\n\n\u003Cbr \/\u003E\r\n\n\u003Cbr \/\u003E\r\n\n\u003Cbr \/\u003E\r\n\nAinda no bairro Porto a prefeitura deu in?cio ao cal?amento da Rua S?o Domingos, que passa por tr?s bairros de Itabaiana, e deu inicio a constru??o de uma nova escola no loteamento Jardim Universit?rio.\u003Cbr \/\u003E\r\n\n\u003Cbr \/\u003E\r\n\n\u003Cbr \/\u003E\r\n\n\u003Cbr \/\u003E\r\n\n\u003Cbr \/\u003E\r\n\nAl?m das obras p?blicas, com investimento do governo federal, a prefeitura, em parceria com o setor privado, tamb?m constr?i no bairro mais de um quilometro de avenida com canteiro central.\u003Cbr \/\u003E\r\n\nConstru??o de quadras esportivas cobertas\u003Cbr \/\u003E\r\n\n\u003Cbr \/\u003E\r\n\n\u003Cbr \/\u003E\r\n\n\u003Cbr \/\u003E\r\n\n\u003Cbr \/\u003E\r\n\nAtrav?s de recursos do Programa de Acelera??o do Crescimento (PAC 2), est?o sendo constru?das quatro quadras cobertas. Para a constru??o das obras foram liberados R$ 2.318.000,07 (dois milh?es trezentos e dezoito mil e sete centavos), sendo 01 (uma) quadra esportiva coberta - Clara Meireles, no valor de R$ 618.219,88; constru??o de 01 (uma) quadra esportiva coberta - Escola Dom Jos? Tomaz, no valor de R$ 605.045,78; constru??o de 01 (uma) quadra esportiva coberta - Escola Nivalda Lima, no valor de R$ 546.358,37 e a constru??o de 01 (uma) quadra esportiva coberta - Miguel Teles, no valor de R$ 548.376,04.\u003Cbr \/\u003E\r\n\n\u003Cbr \/\u003E\r\n\n\u003Cbr \/\u003E\r\n\n\u003Cbr \/\u003E\r\n\n\u003Cbr \/\u003E\r\n\nNo complexo de conjuntos do Bairro S?o Crist?v?o, est? em fase de conclus?o a Pra?a da Juventude do munic?pio. A obra est? or?amentada em R$ 1.593.206,39 (Um milh?o, quinhentos e noventa e tr?s mil, duzentos e seis reais e trinta e nove centavos).\u003Cbr \/\u003E\r\n\n?\u003Cbr \/\u003E\r\n\nMat?ria publicada no site da Itnet: http:\/\/itnet.com.br\/materia-21871\u003Cbr \/\u003E\r\n\n?","tags":"noticias,prefeitura,itabaiana","publicacao":"2013-10-09 08:41:54","criado":"2013-10-09 08:41:54","alterado":"-0001-11-30 00:00:00"},{"id":3381,"categoria_id":"11","categoria":{"id":11,"nome":"FESTA DOS CAMINHONEIROS"},"autor_show":1,"titulo":"SMTT Realiza Reuni\u00e3o com Motoristas do Transporte Escolar","slug":"smtt-realiza-reuniao-com-motoristas-do-transporte-escolar","subtitulo":"\u00d4nibus que ficam estacionados no cal\u00e7ad\u00e3o Dr. Airton Teles dever\u00e3o ser estacionados no espa\u00e7o jovem","descricao":"SMTT Realiza Reuni\u00e3o com Motoristas do Transporte Escolar","imagem":"\/img\/imagem\/12483-d2r3k2e1d5g6k5q5.jpg,\/img\/imagem\/media_12483-d2r3k2e1d5g6k5q5.jpg,\/img\/imagem\/thumb_12483-d2r3k2e1d5g6k5q5.jpg,\/img\/imagem\/thumb_fix_12483-d2r3k2e1d5g6k5q5.jpg","texto":"Na tarde desta ter?a-feira, dia 08, no audit?rio da Secretaria de Educa??o de Itabaiana, aconteceu uma reuni?o com os motoristas dos ?nibus que ficam estacionados no cal?ad?o Dr. Airton Teles e em um consenso dentre os presentes, a proposta apresentada pelo Superintendente Municipal de Transito, Tenente Wagno Nascimento, foi acatada e a partir do dia 14 os mesmos passar?o a ficar estacionados no Espa?o Jovem de Itabaiana.\u003Cbr \/\u003E\r\n\nOs motoristas do transporte municipal para alunos usavam frequentemente o local como estacionamento, a partir da pr?xima segunda os mesmos usar?o o local apenas para embarque e desembarque dos alunos que estudam em escolas localizadas no centro comercial ou pr?ximas ao mesmo, como o Col?gio Estadual Murilo Braga.\u003Cbr \/\u003E\r\n\nA a??o da SMTT visa organizar o tr?nsito itabaianense que hoje conta com uma das maiores frotas proporcional de ve?culos no estado de Sergipe. Os estacionamentos do Cal?ad?o Dr. Airton Teles servir?o para carros de pequeno porte, o que n?o atrapalhar? tanto quanto os ?nibus na localidade. Al?m desta a??o, as vagas para estacionamentos est?o sendo ampliadas no munic?pio com a reforma da Pra?a Jo?o Pessoa que contar? com estacionamentos na diagonal, o que facilitar? o dia a dia dos itabaianenses que usam autom?veis.\u003Cbr \/\u003E\r\n\n?","tags":"noticias,prefeitura,itabaiana","publicacao":"2013-10-09 06:43:37","criado":"2013-10-09 06:43:37","alterado":"-0001-11-30 00:00:00"},{"id":3380,"categoria_id":"6","categoria":{"id":6,"nome":"SOCIAL"},"autor_show":1,"titulo":"Creche do CSU Recebe Equipe do NASF com o Projeto Crian\u00e7a Feliz","slug":"creche-do-csu-recebe-equipe-do-nasf-com-o-projeto-crianca-feliz","subtitulo":"A Secretaria de Sa\u00fade de Itabaiana atrav\u00e9s do NASF (N\u00facleo de Apoio \u00e1 Sa\u00fade da Fam\u00edlia) vem realizando ao longo do m\u00eas de Outubro o projeto \\\\","descricao":"Creche do CSU Recebe Equipe do NASF com o Projeto Crian\u00e7a Feliz","imagem":"\/img\/imagem\/12482-x9y3x9b7k9t8s2i5.jpg,\/img\/imagem\/media_12482-x9y3x9b7k9t8s2i5.jpg,\/img\/imagem\/thumb_12482-x9y3x9b7k9t8s2i5.jpg,\/img\/imagem\/thumb_fix_12482-x9y3x9b7k9t8s2i5.jpg","texto":"A Secretaria  de Sa?de de Itabaiana atrav?s do NASF (N?cleo de Apoio ? Sa?de da Fam?lia) vem realizando ao longo do m?s de Outubro o projeto \\\u0022Crian?a Feliz Cresce Forte Como Seu Povo\\\u0022.\u003Cbr \/\u003E\r\n\nQuando da execu??o do seu trabalho em conviv?ncia di?ria com as comunidades carentes do munic?pio, os profissionais do NASF verificou a necessidade de ser realizado um projeto de interven??o destinado ?s crian?as carentes, com o intuito de faz?-las felizes mesmo com as dificuldades cotidianas que j? enfrentam em seu seio familiar.\u003Cbr \/\u003E\r\n\nO projeto tem como objetivo elevar a autoestima dessas crian?as, em especial as que ficam nas creches municipais, de uma forma recreativa e divertida por meio de din?micas, distribui??o de brindes, presen?a de palha?os e brincadeiras educativas.\u003Cbr \/\u003E\r\n\nNesta ter?a-feira, 08, o Projeto foi realizado na Creche do CSU com a parceria da dire??o e dos professores da creche.\u003Cbr \/\u003E\r\n\n?","tags":"noticias,prefeitura,itabaiana","publicacao":"2013-10-08 11:28:34","criado":"2013-10-08 11:28:34","alterado":"-0001-11-30 00:00:00"},{"id":3379,"categoria_id":"6","categoria":{"id":6,"nome":"SOCIAL"},"autor_show":1,"titulo":"Prefeitura Realiza Caminhada no Dia Mundial de Sa\u00fade Mental","slug":"prefeitura-realiza-caminhada-no-dia-mundial-de-saude-mental","subtitulo":"A caminhada buscou atrair a aten\u00e7\u00e3o e divulgar para a comunidade o trabalho desenvolvido pelo munic\u00edpio atrav\u00e9s da secretaria municipal de sa\u00fade com os portadores de transtornos mentais.","descricao":"Prefeitura Realiza Caminhada no Dia Mundial de Sa\u00fade Mental","imagem":"\/img\/imagem\/12481-v1p4r6u4d5h3t4n1.jpg,\/img\/imagem\/media_12481-v1p4r6u4d5h3t4n1.jpg,\/img\/imagem\/thumb_12481-v1p4r6u4d5h3t4n1.jpg,\/img\/imagem\/thumb_fix_12481-v1p4r6u4d5h3t4n1.jpg","texto":"Na manh? desta segunda-feira, dia 7, o \\\\\\\u0022CAPS\\\\\\\u0022 da cidade Itabaiana realizou uma caminhada pelas ruas do centro comercial da cidade, comemorando o dia mundial de sa?de mental.\u003Cbr \/\u003E\r\n\nA caminhada buscou atrair a aten??o e divulgar para a comunidade o trabalho desenvolvido pelo munic?pio atrav?s da secretaria municipal de sa?de com os portadores de transtornos mentais.\u003Cbr \/\u003E\r\n\n\\\\\\\u0022O papel do CAPS ? de suma import?ncia, pois, ajudamos a  inibir as barreiras e o preconceito que infelizmente ainda excluem aqueles que sofrem de doen?as mentais e psicol?gicas\\\\\\\u0022, disse a Coordenadora de Sa?de Mental do munic?pio Aline de Santana Andrade.\u003Cbr \/\u003E\r\n\nAtualmente o CAPS de Itabaiana atende cerca de setenta pessoas dando-lhes aten??o e buscando sempre tratamentos adequados ao quadro cl?nico de sa?de.\u003Cbr \/\u003E\r\n\n?","tags":"noticias,prefeitura,itabaiana","publicacao":"2013-10-08 06:19:26","criado":"2013-10-08 06:19:26","alterado":"-0001-11-30 00:00:00"},{"id":3378,"categoria_id":"4","categoria":{"id":4,"nome":"OPORTUNIDADE"},"autor_show":1,"titulo":"Itabaiana hoje: Um Canteiro de Obras","slug":"itabaiana-hoje-um-canteiro-de-obras","subtitulo":"Povo Mais Feliz","descricao":"Itabaiana hoje: Um Canteiro de Obras","imagem":"\/img\/imagem\/12480-p3q8y8m2c8q7t2n4.jpg,\/img\/imagem\/media_12480-p3q8y8m2c8q7t2n4.jpg,\/img\/imagem\/thumb_12480-p3q8y8m2c8q7t2n4.jpg,\/img\/imagem\/thumb_fix_12480-p3q8y8m2c8q7t2n4.jpg","texto":"A cidade de Itabaiana se tornou um verdadeiro canteiro de obras, uma determina??o do prefeito Valmir dos Santos Costa, que vem transformando a vida de pessoas que moram na zona perif?rica da cidade serrana. S?o v?rias ruas sendo pavimentadas em todo o munic?pio que hoje, beira pr?ximo dos cem mil habitantes.\u003Cbr \/\u003E\r\n\n?\u003Cbr \/\u003E\r\n\nA rua S?o Domingos ? um exemplo do trabalho que est? sendo realizado na cidade melhorando ainda mais a vida das pessoas que residem em ?reas de expans?o do munic?pio. Toda a rua est? recebendo pavimenta??o com drenagem e claro, preocupado com a sa?de das pessoas recebe tamb?m a rede de esgoto o que ir? garantir a sa?de de quem por l? reside.\u003Cbr \/\u003E\r\n\nS?o aproximadamente cinquenta ruas at? o fim do ano contempladas com pavimenta??o, drenagem e rede de esgoto.\u003Cbr \/\u003E\r\n\n?\u003Cbr \/\u003E\r\n\nAt? o final desta gest?o aproximadamente duzentas e vinte ruas j? estar?o pavimentadas uma meta do gestor municipal em garantir qualidade de vida ao povo serrano.\u003Cbr \/\u003E\r\n\n?","tags":"noticias,prefeitura,itabaiana","publicacao":"2013-10-08 05:50:48","criado":"2013-10-08 05:50:48","alterado":"-0001-11-30 00:00:00"},{"id":3377,"categoria_id":"11","categoria":{"id":11,"nome":"FESTA DOS CAMINHONEIROS"},"autor_show":1,"titulo":"SMTT Instala Sinaliza\u00e7\u00e3o Horizontal e N\u00facleo Psicossocial realiza palestras em Escolas","slug":"smtt-instala-sinalizacao-horizontal-e-nucleo-psicossocial-realiza-palestras-em-escolas","subtitulo":"A sinaliza\u00e7\u00e3o tem como finalidade organizar o tr\u00e2nsito e proporcionar mais seguran\u00e7a aos pedestres.","descricao":"SMTT Instala Sinaliza\u00e7\u00e3o Horizontal e N\u00facleo Psicossocial realiza palestras em Escolas","imagem":"\/img\/imagem\/12479-h5b9e7a6w4k7j2y4.jpg,\/img\/imagem\/media_12479-h5b9e7a6w4k7j2y4.jpg,\/img\/imagem\/thumb_12479-h5b9e7a6w4k7j2y4.jpg,\/img\/imagem\/thumb_fix_12479-h5b9e7a6w4k7j2y4.jpg","texto":"SMTT INSTALA SINALIZA??O HORIZONTAL\u003Cbr \/\u003E\r\n\nAtendendo uma reivindica??o de alunos das Universidades Tiradentes e Federal, bem como, da popula??o daquela regi?o e dos motoristas que ali trafegam a Superintend?ncia Municipal de Transporte e Tr?nsito (SMTT) juntamente com a secretaria de obras instalou no entorno das Avenidas Zefinha de Capitulino, Perc?lio Andrade, Antonio Corn?lio da Fonseca, Engenheiro Carlos Reis e Ol?mpio Arcanjo sinaliza??o horizontal com rotat?ria, localizado no Bairro Porto em Itabaiana.\u003Cbr \/\u003E\r\n\nA sinaliza??o tem como finalidade organizar o tr?nsito e proporcionar mais seguran?a aos pedestres. Os Agentes de Tr?nsito ficar?o presente no local durante o per?odo de conscientiza??o.\u003Cbr \/\u003E\r\n\nN?CLEO PSICOSSOCIAL DA SMTT REALIZA PALESTRAS EDUCATIVAS NA REDE DE ENSINO\u003Cbr \/\u003E\r\n\n\u003Cbr \/\u003E\r\n\n\u003Cbr \/\u003E\r\n\n\u003Cbr \/\u003E\r\n\n\u003Cbr \/\u003E\r\n\nNo ?ltimo dia 5, na escola agr?cola de Itabaiana, o N?cleo psicossocial da SMTT, realizou palestra educativa para os alunos.\u003Cbr \/\u003E\r\n\nNa oportunidade, o Psic?logo Igor Dantas e a assistente social Maria da Gra?a, trabalharam as seguintes tem?ticas: ?lcool e outras drogas no tr?nsito; acidentes de tr?nsito; seguran?a no tr?nsito e tr?nsito e cidadania.\u003Cbr \/\u003E\r\n\nALERTA SOBRE A OBRIGATORIEDADE DO USO DOS RETROVISORES.\u003Cbr \/\u003E\r\n\nA Superintend?ncia Municipal de Tr?nsito e Transportes de Itabaiana\/SE alerta os condutores de motocicletas quanto ? obrigatoriedade do uso dos retrovisores. Diariamente est?o sendo registrados v?rios autos de infra??o quanto ao n?o uso do equipamento obrigat?rio.\u003Cbr \/\u003E\r\n\nO n?o uso dos retrovisores se enquadra nas seguintes penalidades:\u003Cbr \/\u003E\r\n\nArtigo 230 CTB: Conduzir ve?culo:\u003Cbr \/\u003E\r\n\nlX - Sem equipamento obrigat?rio ou estando este ineficiente ou inoperante.\u003Cbr \/\u003E\r\n\nX - Com equipamento obrigat?rio em desacordo com o estabelecido pelo CONTRAN.\u003Cbr \/\u003E\r\n\nXll - Com equipamento ou acess?rio proibido.\u003Cbr \/\u003E\r\n\nInfra??o - Grave\u003Cbr \/\u003E\r\n\nPenalidade - Multa $ 127,69 (cinco pontos na CNH)\u003Cbr \/\u003E\r\n\nMedida Administrativa - Reten??o do ve?culo para regulariza??o.\u003Cbr \/\u003E\r\n\n?","tags":"noticias,prefeitura,itabaiana","publicacao":"2013-10-06 06:22:31","criado":"2013-10-06 06:22:31","alterado":"-0001-11-30 00:00:00"},{"id":3376,"categoria_id":"10","categoria":{"id":10,"nome":"EVENTO"},"autor_show":1,"titulo":"Secretaria Prepara Casamento Comunit\u00e1rio","slug":"secretaria-prepara-casamento-comunitario","subtitulo":"Interessados procurar a Secretaria de Desenvolvimento Social de Itabaiana.","descricao":"Secretaria Prepara Casamento Comunit\u00e1rio","imagem":"\/img\/imagem\/12478-v7w1i8y6v4m3k5j9.jpg,\/img\/imagem\/media_12478-v7w1i8y6v4m3k5j9.jpg,\/img\/imagem\/thumb_12478-v7w1i8y6v4m3k5j9.jpg,\/img\/imagem\/thumb_fix_12478-v7w1i8y6v4m3k5j9.jpg","texto":"A Secretaria Municipal do Desenvolvimento Social de Itabaiana est? organizando a realiza??o do enlace matrimonial para 40 casais. Eles ter?o a oportunidade de oficializar o relacionamento afetivo, hetero ou homossexual.\u003Cbr \/\u003E\r\n\n A solenidade ocorrer? no dia 18 de dezembro ?s 8:00hs no F?rum Maur?cio Graccho Cardoso (Av. Dr. Luiz Magalh?es).\u003Cbr \/\u003E\r\n\nAs inscri??es para o casamento (civil) comunit?rio est?o sendo realizadas na sede da Secretaria, e ? necess?rio que os interessados levem a documenta??o abaixo relacionada at? o pr?ximo dia 14 do corrente m?s: \u003Cbr \/\u003E\r\n\nCertid?o de nascimento original dos noivos;C?pias de carteira de identidade e CPF;Comprovante de resid?ncia dos noivos;Duas testemunhas maiores de 18 anos com documento de identidade, n?o podendo ser parente dos noivos;Caso algum dos noivos seja divorciado, levar a certid?o do casamento anterior com averba??o do div?rcio;Noivos com idade entre 16 e 18 anos incompletos devem comparecer acompanhados dos pais ou respons?veis legais, com a devida identifica??o para autorizar o casamento;Se estrangeiro, levar c?pia autenticada do Registro Nacional de Estrangeiro (RNE);Se vi?vo, levar c?pia autenticada de certid?o de casamento anterior e da certid?o de ?bito do c?njuge, certid?o de invent?rio. \u003Cbr \/\u003E\r\n\nMaiores informa??es: 3431-9724\u003Cbr \/\u003E\r\n\n?","tags":"noticias,prefeitura,itabaiana","publicacao":"2013-10-04 16:25:29","criado":"2013-10-04 16:25:29","alterado":"-0001-11-30 00:00:00"},{"id":3374,"categoria_id":"6","categoria":{"id":6,"nome":"SOCIAL"},"autor_show":1,"titulo":"Outubro Rosa: Secretaria de Sa\u00fade realiza atividades de Preven\u00e7\u00e3o do C\u00e2ncer de Mama","slug":"outubro-rosa-secretaria-de-saude-realiza-atividades-de-prevencao-do-cancer-de-mama","subtitulo":"As A\u00e7\u00f5es ser\u00e3o realizadas durante todo o M\u00eas de Outubro","descricao":"Outubro Rosa: Secretaria de Sa\u00fade realiza atividades de Preven\u00e7\u00e3o do C\u00e2ncer de Mama","imagem":"\/img\/imagem\/12476-x9j2q2i2c7q4j7v2.jpg,\/img\/imagem\/media_12476-x9j2q2i2c7q4j7v2.jpg,\/img\/imagem\/thumb_12476-x9j2q2i2c7q4j7v2.jpg,\/img\/imagem\/thumb_fix_12476-x9j2q2i2c7q4j7v2.jpg","texto":"A Prefeitura de Itabaiana atrav?s da Secretaria de Sa?de estar? realizando durante este m?s de Outubro ?s sextas feiras, a partir do dia 11, atividades de sa?de em comemora??o ao Outubro Rosa. O p?blico alvo deste projeto ser? mulheres a partir dos 16 anos de idade. \u003Cbr \/\u003E\r\n\n\u003Cbr \/\u003E\r\n\n \u003Cbr \/\u003E\r\n\nO Outubro Rosa ? um movimento popular internacional que busca incentivar a detec??o precoce do C?ncer de Mama. Hoje,  o c?ncer de mama mata cerca de 32 mulheres por dia em nosso pa?s, de  acordo com o Instituto Nacional de C?ncer (INCA). \u003Cbr \/\u003E\r\n\n\u003Cbr \/\u003E\r\n\nDurante os dias de atividades ser?o desenvolvidos: preventivo de c?ncer do colo do ?tero (exame de l?mina), orienta??es sobre o auto-exame das mamas, palestras e marca??o direta de mamografias (para mulheres maiores de 40 anos). \u003Cbr \/\u003E\r\n\n\u003Cbr \/\u003E\r\n\n\\\\\\\u0022Precisamos direcionar as mulheres para um diagn?stico precoce da doen?a. O C?ncer quando diagnosticado precocemente, h? at? 95% de chance de cura. Por isso, ? importante que toda mulher de 40 a 69 anos fa?a mamografia no m?nimo a cada dois anos. O exame preventivo salva vidas\\\\\\\u0022, enfatizou a secret?ria Andr?a Reis Mendon?a.\u003Cbr \/\u003E\r\n\n\u003Cbr \/\u003E\r\n\n \u003Cbr \/\u003E\r\n\nConfiram o cronograma desta a??o:\u003Cbr \/\u003E\r\n\n\u003Cbr \/\u003E\r\n\n \u003Cbr \/\u003E\r\n\n11\/10\/2013 das 08:00h ?s 13:00h - Unidade de Sa?de Manoel Pereira de Andrade - Bairro Porto.\u003Cbr \/\u003E\r\n\n \u003Cbr \/\u003E\r\n\n18\/10\/2013 das 08:00h ?s 13:00h - Unidade de Sa?de Souto Diniz - Avenida Otoniel D?rea.\u003Cbr \/\u003E\r\n\n \u003Cbr \/\u003E\r\n\n25\/10\/2013 das 08:00h ?s 13:00h  - Unidade de Sa?de Ormeil C?mara - Bairro S?o Crist?v?o. \u003Cbr \/\u003E\r\n\n?","tags":"noticias,prefeitura,itabaiana","publicacao":"2013-10-04 09:23:11","criado":"2013-10-04 09:23:11","alterado":"-0001-11-30 00:00:00"},{"id":3375,"categoria_id":"6","categoria":{"id":6,"nome":"SOCIAL"},"autor_show":1,"titulo":"NASF de Itabaiana realiza Projeto Crian\u00e7a Feliz nas Creches Municipais","slug":"nasf-de-itabaiana-realiza-projeto-crianca-feliz-nas-creches-municipais","subtitulo":"Projeto est\u00e1 sendo desenvolvido durante o M\u00eas de Outubro nas creches.","descricao":"NASF de Itabaiana realiza Projeto Crian\u00e7a Feliz nas Creches Municipais","imagem":"\/img\/imagem\/12477-a4i9j7d2h4i9v9x2.jpg,\/img\/imagem\/media_12477-a4i9j7d2h4i9v9x2.jpg,\/img\/imagem\/thumb_12477-a4i9j7d2h4i9v9x2.jpg,\/img\/imagem\/thumb_fix_12477-a4i9j7d2h4i9v9x2.jpg","texto":"A Equipe do NASF (N?cleo de Apoio ao Programa Sa?de da Fam?lia) da Secretaria de Sa?de de Itabaiana est? desenvolvendo o Projeto Crian?a Feliz - Forte Como o Seu Povo. O objetivo ? elevar a autoestima das crian?as, em especial ?s que ficam nas creches do munic?pio, de uma forma recreativa e divertida por meio de din?micas, distribui??o de brindes, presen?a de palha?os e brincadeiras educativas que ser?o realizadas em todo o m?s de outubro com a equipe que integra o n?cleo.\u003Cbr \/\u003E\r\n\nNa ?ltima ter?a-feira, 01, o Projeto foi realizado na Creche Maria Nunes Peixoto com a parceria de toda equipe do PSF do Bairro S?o Cristov?o.\u003Cbr \/\u003E\r\n\nOs profissionais de sa?de do NASF acreditam que ? de extrema import?ncia levar um pouco de felicidade ? rotina das crian?as, para que eles tenham esperan?a de dias melhores e cres?am com amor e dignidade, pois crian?as felizes s?o mais criativas e inteligentes, sabendo lidar melhor com os desafios que j? enfrentam, mesmo ainda sendo muito pequenos.\u003Cbr \/\u003E\r\n\nAl?m do que, o que se faz agora com as crian?as ir? refletir no que elas far?o amanh? com a sociedade, e todos n?s somos respons?veis.\u003Cbr \/\u003E\r\n\nNa Pr?xima semana os Profissionais do NASF estar?o realizando o projeto na Creche do CSU.\u003Cbr \/\u003E\r\n\n?","tags":"noticias,prefeitura,itabaiana","publicacao":"2013-10-03 11:41:23","criado":"2013-10-03 11:41:23","alterado":"-0001-11-30 00:00:00"}],"busca":null}