{"pagina_atualizada_em":"2026-04-24T11:58:34-03:00","categorias":[{"id":13,"nome":"AGRICULTURA","criado":"2023-06-20 10:30:32","alterado":"2023-06-20 10:30:32"},{"id":19,"nome":"ASSIST\u00caNCIA","criado":"2023-08-08 08:58:10","alterado":"2023-08-08 08:58:10"},{"id":8,"nome":"CULTURA","criado":"2021-04-20 12:09:30","alterado":"2021-04-20 12:09:30"},{"id":9,"nome":"ECONOMIA","criado":"2021-04-22 11:53:46","alterado":"2021-04-22 11:53:46"},{"id":2,"nome":"EDUCA\u00c7\u00c3O","criado":"2021-04-20 12:06:51","alterado":"2021-04-20 12:06:51"},{"id":7,"nome":"ESPORTE","criado":"2021-04-20 12:09:22","alterado":"2021-04-20 12:09:22"},{"id":10,"nome":"EVENTO","criado":"2023-05-30 10:57:36","alterado":"2023-05-30 10:57:36"},{"id":11,"nome":"FESTA DOS CAMINHONEIROS","criado":"2023-06-05 12:14:21","alterado":"2023-06-05 12:14:21"},{"id":20,"nome":"FESTIVIDADES","criado":"2023-08-22 12:11:23","alterado":"2023-08-22 12:12:32"},{"id":12,"nome":"INAUGURA\u00c7\u00c3O","criado":"2023-06-16 11:49:28","alterado":"2023-06-16 11:49:28"},{"id":22,"nome":"MEIO AMBIENTE","criado":"2023-10-03 09:43:15","alterado":"2023-10-03 09:43:15"},{"id":21,"nome":"MICARANA 2023","criado":"2023-08-25 08:29:14","alterado":"2023-08-25 08:29:14"},{"id":23,"nome":"NOTA","criado":"2023-11-08 10:15:32","alterado":"2023-11-08 10:15:32"},{"id":3,"nome":"OBRAS","criado":"2021-04-20 12:07:05","alterado":"2021-04-20 12:07:05"},{"id":4,"nome":"OPORTUNIDADE","criado":"2021-04-20 12:07:32","alterado":"2023-10-25 08:11:14"},{"id":15,"nome":"PARCERIA","criado":"2023-06-23 12:20:02","alterado":"2023-06-23 12:20:02"},{"id":5,"nome":"PLANEJAMENTO","criado":"2021-04-20 12:09:05","alterado":"2021-04-20 12:09:05"},{"id":18,"nome":"RELIGIOSIDADE","criado":"2023-08-04 09:29:43","alterado":"2023-08-04 09:29:43"},{"id":1,"nome":"SA\u00daDE","criado":"2021-04-20 12:06:42","alterado":"2021-04-20 12:06:42"},{"id":16,"nome":"SEGURAN\u00c7A","criado":"2023-07-06 13:15:40","alterado":"2023-07-06 13:15:40"},{"id":6,"nome":"SOCIAL","criado":"2021-04-20 12:09:11","alterado":"2021-04-20 12:09:11"},{"id":14,"nome":"TECNOLOGIA","criado":"2023-06-21 11:05:02","alterado":"2023-06-21 11:05:02"},{"id":17,"nome":"TR\u00c2NSITO","criado":"2023-08-01 12:42:59","alterado":"2023-08-01 12:43:08"},{"id":24,"nome":"TURISMO","criado":"2024-03-26 10:52:52","alterado":"2024-03-26 10:52:52"}],"categoria":null,"paginacao":{"atual":381,"proxima":382,"anterior":380,"total_registros":4725,"total_paginas":394},"itens":[{"id":3349,"categoria_id":"7","categoria":{"id":7,"nome":"ESPORTE"},"autor_show":1,"titulo":"Itabaiana 125 anos: projeto Cebolada une rock e folclore","slug":"itabaiana-125-anos-projeto-cebolada-une-rock-e-folclore","subtitulo":"Apresenta\u00e7\u00f5es aconteceram na Associa\u00e7\u00e3o Atl\u00e9tica de Itabaiana e foram caracterizadas pela valoriza\u00e7\u00e3o da cultura itabaianense","descricao":"Itabaiana 125 anos: projeto Cebolada une rock e folclore","imagem":"\/img\/imagem\/12451-k6z8q9g6f4g4j7w3.jpg,\/img\/imagem\/media_12451-k6z8q9g6f4g4j7w3.jpg,\/img\/imagem\/thumb_12451-k6z8q9g6f4g4j7w3.jpg,\/img\/imagem\/thumb_fix_12451-k6z8q9g6f4g4j7w3.jpg","texto":"Para abrilhantar ainda mais as comemora??es de 125 anos da cidade, domingo, 25, aconteceu na Associa??o Atl?tica de Itabaiana o projeto Cebolada. Com bel?ssimas apresenta??es e som de primeira qualidade preencheram as atividades iniciadas ?s 14h. O projeto Cebolada foi realizado atrav?s de uma parceria de seus idealizadores com a prefeitura, atrav?s da Secretaria de Cultura, atualmente vinculada ? Educa??o, promoveu este evento. \u003Cbr \/\u003E\r\n\n?Nossa cultura musical ? muito rica, como se sabe. Itabaiana tem grandes artistas de os todos os estilos. E por isso apoiamos integralmente a Cebolada, para que esses jovens possam mostrar seus talentos tamb?m no ritmo do rock?, destacou o prefeito Valmir de Francisquinho, que tamb?m marcou presen?a no evento. O prefeito, inclusive, se fez presente e conversou com os organizadores do projeto Cebolada, colocando-se a disposi??o de novas parcerias em eventos futuros. \u003Cbr \/\u003E\r\n\nSegundo a respons?vel pela secretaria de Cultura, a diretora Rose Mary das Chagas Machado, o projeto Cebolada vinha sendo apresentado ao poder p?blico municipal h? um bom tempo, mas s? encontrou respaldo este ano. ?Por isso que unimos apresenta??es folcl?ricas aos shows de rock, de forma a garantir o acesso ? cultura por parte de todos, pois ? isso o que intenciona esse projeto?, disse a diretora.\u003Cbr \/\u003E\r\n\n?\u003Cbr \/\u003E\r\n\nBandas como Perrengue, Dr. Garage, Karranca, Naur?a, Couto Orchestra, al?m de atra??es variadas como a Chegan?a Santa Cruz, Grupo Abad? de Capoeira, Grupo Power (Dan?a de Rua e Hip Hop), Banda Afro (Projeto Mais Educa??o), demonstraram com muita propriedade que Itabaiana e regi?o s?o ricas em cultura.","tags":"noticias,prefeitura,itabaiana","publicacao":"2013-08-26 18:56:12","criado":"2013-08-26 18:56:12","alterado":"-0001-11-30 00:00:00"},{"id":3348,"categoria_id":"7","categoria":{"id":7,"nome":"ESPORTE"},"autor_show":1,"titulo":"Itabaiana 125 anos: Feira Agropecu\u00e1ria 2013 marcou in\u00edcio oficial das festividades","slug":"itabaiana-125-anos-feira-agropecuaria-2013-marcou-inicio-oficial-das-festividades","subtitulo":"Comemora\u00e7\u00e3o da eleva\u00e7\u00e3o de Itabaiana \u00e0 categoria de cidade come\u00e7ou no \u00faltimo s\u00e1bado, dia 24","descricao":"Itabaiana 125 anos: Feira Agropecu\u00e1ria 2013 marcou in\u00edcio oficial das festividades","imagem":"\/img\/imagem\/12450-s7e6t2t7d5n4i5a3.jpg,\/img\/imagem\/media_12450-s7e6t2t7d5n4i5a3.jpg,\/img\/imagem\/thumb_12450-s7e6t2t7d5n4i5a3.jpg,\/img\/imagem\/thumb_fix_12450-s7e6t2t7d5n4i5a3.jpg","texto":"Com muita musica, alegria e exposi??es agropecu?rias come?aram os festejos em comemora??o aos 125 anos de Itabaiana. A abertura oficial da Feira Agropecu?ria 2013 marcou o in?cio da festa pelo anivers?rio da cidade.\u003Cbr \/\u003E\r\n\n?Nossa maior alegria ? ver que estamos comemorando os 125 anos de Itabaiana bem do jeito e da maneira de ser de todos os itabaianenses: com muito trabalho e disposi??o. E essa feira demonstra exatamente isso, pois gra?as ao empenho do nosso povo, hoje Itabaiana ? um destaque no agroneg?cio?, destacou o prefeito Valmir de Francisquinho.\u003Cbr \/\u003E\r\n\nEstiveram presentes todos os secret?rios que comp?e a administra??o municipal, o prefeito Valmir de Francisquinho e diversos parceiros que contribu?ram para o engrandecimento da Feira Agropecu?ria. Ap?s breve pronunciamento do prefeito, a Quadrilha Balan?a Mais n?o cai, mostrou todo seu brilho numa apresenta??o perfeita e com vocal do inconfund?vel Salom?o, fundador do grupo.\u003Cbr \/\u003E\r\n\n?\u003Cbr \/\u003E\r\n\nSeguindo as festividades, e com prefer?ncia para a exibi??o de artistas locais, se apresentaram Jailson Lima e Gal? da Vaquejada, bandas de muita qualidade que merecem destaque, promovendo assim o resgate de uma festa tradicional que ao longo dos anos teve uma diminui??o no interesse da popula??o, projetando mais uma vez o nome da cidade para todo o Estado e al?m fronteiras.","tags":"noticias,prefeitura,itabaiana","publicacao":"2013-08-26 18:52:00","criado":"2013-08-26 18:52:00","alterado":"-0001-11-30 00:00:00"},{"id":3347,"categoria_id":"3","categoria":{"id":3,"nome":"OBRAS"},"autor_show":1,"titulo":"Valmir de Francisquinho recebe visita de alunos da rede municipal de ensino","slug":"valmir-de-francisquinho-recebe-visita-de-alunos-da-rede-municipal-de-ensino","subtitulo":"Alunos da Escola Municipal Dom Jos\u00e9 Thom\u00e1z, localizada no povoado Rio das Pedras, tiraram d\u00favidas e levaram pleitos ao prefeito de Itabaiana","descricao":"Valmir de Francisquinho recebe visita de alunos da rede municipal de ensino","imagem":"\/img\/imagem\/12449-i4s3m2m1i6i5i8i2.jpg,\/img\/imagem\/media_12449-i4s3m2m1i6i5i8i2.jpg,\/img\/imagem\/thumb_12449-i4s3m2m1i6i5i8i2.jpg,\/img\/imagem\/thumb_fix_12449-i4s3m2m1i6i5i8i2.jpg","texto":"Na tarde desta sexta-feira, 23, alunos da Escola Municipal Dom Jos? Thom?z, localizada no povoado Rio das Pedras, fizeram uma visita ?s instala??es da Prefeitura Municipal de Itabaiana e, num momento descontra?do e de grande aprendizagem para os que presenciaram a visita, os alunos fizeram um jogo r?pido de perguntas e respostas ao prefeito Valmir de Francisquinho.\u003Cbr \/\u003E\r\n\n?Eu vim de escola p?blica, sei a import?ncia de um ensino qualificado para que as pessoas alcan?arem os seus objetivos na vida. E por isso que trabalho, juntamente com a secret?ria Carminha (Mendon?a, Educa??o) para que a educa??o de Itabaiana seja a melhor, pois esses jovens merecem isso?, destacou Valmir de Francisquinho.\u003Cbr \/\u003E\r\n\nOs alunos, acompanhados da diretora da unidade de ensino, Maria Jos? G?is, al?m de perguntarem curiosidades sobre a vida de um homem p?blico, aproveitaram para fazer algumas reivindica??es e o prefeito, prontamente, se comprometeu a atender aos pedidos.\u003Cbr \/\u003E\r\n\n?\u003Cbr \/\u003E\r\n\nO prefeito aproveitou para anunciar aos alunos que a Deputada Maria Mendon?a fez uma visita ao DNIT e solicitou uma passarela para o povoado que est? localizado ?s margens da BR 235, o que seria ideal devido ao grande fluxo de carros na localidade.?","tags":"noticias,prefeitura,itabaiana","publicacao":"2013-08-26 14:50:19","criado":"2013-08-26 14:50:19","alterado":"-0001-11-30 00:00:00"},{"id":3346,"categoria_id":"10","categoria":{"id":10,"nome":"EVENTO"},"autor_show":1,"titulo":"Conselho Tutelar de Itabaiana \u00e9 eleito com 80% de renova\u00e7\u00e3o","slug":"conselho-tutelar-de-itabaiana-e-eleito-com-80-de-renovacao","subtitulo":"Do total de dez vagas, apenas duas tiveram conselheiros reconduzidos ao cargo atrav\u00e9s do voto popular","descricao":"Conselho Tutelar de Itabaiana \u00e9 eleito com 80% de renova\u00e7\u00e3o","imagem":"\/img\/imagem\/12448-f3s4j5n1d3i3e5p4.jpg,\/img\/imagem\/media_12448-f3s4j5n1d3i3e5p4.jpg,\/img\/imagem\/thumb_12448-f3s4j5n1d3i3e5p4.jpg,\/img\/imagem\/thumb_fix_12448-f3s4j5n1d3i3e5p4.jpg","texto":"Com vota??o e a apura??o da elei??o para o Conselho Tutelar de Itabaiana realizadas no ?ltimo s?bado, 24, no Col?gio Airton Teles, entre ?s 7h e 17h, o saldo foi de 80% de renova??o no conselho, sendo apenas que Jackeline Vieira, a popular ?Kelly? e Bruna Tamise foram as ?nicas reeleitas. O resultado foi imediato, pois o pleito foi realizado em urnas eletr?nicas, assim, agilizando n?o s? a vota??o, mas tamb?m a divulga??o dos eleitos.\u003Cbr \/\u003E\r\n\n?\u003Cbr \/\u003E\r\n\n?Essa ? mais uma festa da democracia realizada em Itabaiana, dessa vez, o nosso povo foi ?s urnas para eleger pessoas que ser?o respons?veis pela garantia dos direitos das nossas crian?as e adolescentes, al?m de investigar e punir quem esteja violando esses direitos.?, declarou o prefeito Valmir de Francisquinho, que ap?s a apura??o e a declara??o dos eleitos, convidou a todos para um jantar de comemora??o e confraterniza??o no Restaurante Espinheiro.\u003Cbr \/\u003E\r\n\n?\u003Cbr \/\u003E\r\n\nPara a secret?ria de Desenvolvimento Social, Lourdinha Machado, a participa??o popular ? muito importante nestes momentos. ?O trabalho dos conselheiros ? de suma import?ncia para que possamos atender melhor as nossas crian?as e adolescentes. E queremos que a popula??o continue participativa, assim como fez no processo eleitoral dos conselheiros, vindo at? n?s, at? os conselheiros, e denunciando situa??es de risco em que nossos jovens possam estar envolvidos?, destacou a secret?ria.\u003Cbr \/\u003E\r\n\n?\u003Cbr \/\u003E\r\n\n?\u003Cbr \/\u003E\r\n\nForam computados 3.373 votos v?lidos, 4.509 brancos e 1.399 nulos. Sendo que cada eleitor poderia votar em cinco candidatos, sendo opcional votar necessariamente nos cinco, podendo o eleitor escolher apenas um ou dois para votar e ter anulado ou votado em branco para as demais vagas.\u003Cbr \/\u003E\r\n\n?\u003Cbr \/\u003E\r\n\nConfira a lista dos eleitos e votados:\u003Cbr \/\u003E\r\n\n?\u003Cbr \/\u003E\r\n\nElizamara Ferreira, 977 votos. ELEITA\u003Cbr \/\u003E\r\n\nGeralda Barreto, 974 votos. ELEITA.\u003Cbr \/\u003E\r\n\nBruna Tamise, 912 votos. REELEITA.\u003Cbr \/\u003E\r\n\nBruna Paula, 881 votos. ELEITA.\u003Cbr \/\u003E\r\n\nJackeline Vieira, 871. REELEITA.\u003Cbr \/\u003E\r\n\nNino, 716 votos. ELEITO.\u003Cbr \/\u003E\r\n\nSerj?o, 713 votos. ELEITO.\u003Cbr \/\u003E\r\n\nN?vea, 664 votos. ELEITA.\u003Cbr \/\u003E\r\n\nProfessor Josivaldo, 591 votos. ELEITO.\u003Cbr \/\u003E\r\n\nAdriano, 449 votos. ELEITO.\u003Cbr \/\u003E\r\n\nCida, 447 votos.\u003Cbr \/\u003E\r\n\nIlka, 443 votos.\u003Cbr \/\u003E\r\n\nLuciana, 439 votos.\u003Cbr \/\u003E\r\n\nGenilza, 316 votos.\u003Cbr \/\u003E\r\n\nGiselma, 305 votos.\u003Cbr \/\u003E\r\n\n?\u003Cbr \/\u003E\r\n\nFagner, 291 votos.","tags":"noticias,prefeitura,itabaiana","publicacao":"2013-08-26 11:08:16","criado":"2013-08-26 11:08:16","alterado":"-0001-11-30 00:00:00"},{"id":3345,"categoria_id":"12","categoria":{"id":12,"nome":"INAUGURA\u00c7\u00c3O"},"autor_show":1,"titulo":"Feira Agropecu\u00e1ria de Itabaiana inicia comemora\u00e7\u00f5es do anivers\u00e1rio da cidade","slug":"feira-agropecuaria-de-itabaiana-inicia-comemoracoes-do-aniversario-da-cidade","subtitulo":"Evento acontece de 24 a 28 de agosto, das 08 \u00e0s 22 horas, hor\u00e1rio para visita\u00e7\u00e3o do p\u00fablico, na Pra\u00e7a de Eventos","descricao":"Feira Agropecu\u00e1ria de Itabaiana inicia comemora\u00e7\u00f5es do anivers\u00e1rio da cidade","imagem":"\/img\/imagem\/12447-w7e9p2s9t9t7s8h3.jpg,\/img\/imagem\/media_12447-w7e9p2s9t9t7s8h3.jpg,\/img\/imagem\/thumb_12447-w7e9p2s9t9t7s8h3.jpg,\/img\/imagem\/thumb_fix_12447-w7e9p2s9t9t7s8h3.jpg","texto":"A Feira Agropecu?ria de Itabaiana, neste ano de 2013, retoma um evento de sucesso que, nos ?ltimos anos, sofreu com a descontinuidade na sua realiza??o. Para garantir que mais a??es econ?micas do povo itabaianense ganhem o destaque merecido, a administra??o Itabaiana Forte Como Seu Povo incluiu a feira dentro da programa??o comemorativa dos 125 anos de eleva??o de Itabaiana ? categoria de munic?pio.\u003Cbr \/\u003E\r\n\nPara o prefeito, Valmir de Francisquinho, a feira tem grande import?ncia para todos os cidad?os e ressalta que parcerias, que acontecer?o durante e feira e posteriormente, s?o fundamentais para o crescimento do setor. ?Itabaiana ? uma cidade forte em todas as suas atividades econ?micas. E o setor agropecu?rio merecia mesmo um evento desse porte, pois estamos valorizando nossa gente, que produz e que trabalha incansavelmente?, disse o prefeito.\u003Cbr \/\u003E\r\n\nO secret?rio de Agricultura, Erotildes de Jesus, garante todos os esfor?os necess?rios para o sucesso da feira que ? de importante para a economia do munic?pio. ?Estamos trabalhando diuturnamente para que essa feira seja um sucesso. E tenho certeza que, com a qualidade do que ser? apresentado, com os bons neg?cios que ser?o realizados e com a participa??o de toda a popula??o, retomaremos a grandiosidade da nossa Feira Agropecu?ria?, avaliou Erotildes.\u003Cbr \/\u003E\r\n\nExposi??o\u003Cbr \/\u003E\r\n\nA exposi??o de animais e de produtos agr?colas, principal foco da feira, acontece na Pra?a de Eventos de Itabaiana, local onde ocorrem as principais festas particulares e p?blicas da cidade, a exemplo da Feira do Caminh?o, evento de ?mbito nacional realizado no m?s de junho.  No segmento agr?cola teremos a feira de produtos org?nicos, j? tradicional no munic?pio, a disposi??o de visitantes e compradores durante o per?odo de realiza??o do evento.\u003Cbr \/\u003E\r\n\nE o destaque principal ser? a exposi??o de animais. Bovinos, eq?inos, caprinos e ovinos ser?o expostos para visita??o p?blica durante os quatro dias da feira. Al?m do acesso aos animais para aprecia??o, todos selecionados e de primeira qualidade, a Feira Agropecu?ria de Itabaiana ser? um espa?o prop?cio para a realiza??o de bons neg?cios para quem entende do segmento. Outro atrativo ser? a premia??o dos melhores animais expostos durante a feira.  Em termos quantitativos, a Feira Agropecu?ria de Itabaiana j? se configura num sucesso mesmo antes de seu in?cio. Ser?o cerca de 40 expositores no total, sendo a maioria dos criadores oriundos de Itabaiana, mas com a toda regi?o participando, com confirma??es de propriet?rios de Campo do Brito at? Nossa Senhora da Gl?ria, al?m de criadores paulistas que tamb?m marcar?o presen?a.\u003Cbr \/\u003E\r\n\nS?o esperados aproximadamente 50 eq?inos das ra?as Manga larga e Quarto de Milha. Dentre os bovinos, a expectativa ? de que a exposi??o atinja cerca de 120 animais, com destaque para Nelore e Guzer?. E entre os ovinos e caprinos, as ra?as Santa In?s e Dorper devem ser respons?veis pela presen?a de algo entre 150 e 200 animais.\u003Cbr \/\u003E\r\n\nParceiros e atra??es\u003Cbr \/\u003E\r\n\nVale destacar que o Sebrae ser? parceiro do evento, inclusive ministrando cursos de neg?cios voltados para o segmento. E grandes empresas do setor, com destaque para a itabaianense M Sobral, tamb?m marcar?o presen?a na Feira Agropecu?ria de Itabaiana.\u003Cbr \/\u003E\r\n\nPor fim, destaque para atra??es culturais, tur?sticas e art?sticas, com exposi??o sobre o Parque dos Falc?es, o Museu do Capunga, exposi??o de artesanato, apresenta??o de atra??es musicais da terra e com foco voltado para a m?sica regional.\u003Cbr \/\u003E\r\n\nAtra??es art?sticas e hor?rios de funcionamento\u003Cbr \/\u003E\r\n\n?\u003Cbr \/\u003E\r\n\nS?bado, 24\u003Cbr \/\u003E\r\n\n19 horas - Abertura oficial: presen?a do prefeito, do secretariado e demais autoridades, al?m dos expositores.\u003Cbr \/\u003E\r\n\n20 horas - Quadrilha Balan?a Mas N?o Cai\u003Cbr \/\u003E\r\n\n21 horas - Jailson Lima\u003Cbr \/\u003E\r\n\n22 horas - Gal? da Vaquejada\u003Cbr \/\u003E\r\n\nDomingo, 25\u003Cbr \/\u003E\r\n\n08 as 22 horas - visita??o p?blica\u003Cbr \/\u003E\r\n\n18 horas - Apresenta??o de Violeiros\u003Cbr \/\u003E\r\n\n19 horas - Toinho e Banda Cheia de Manias\u003Cbr \/\u003E\r\n\n20:30 horas - Agnaldo Maraial e L?o\u003Cbr \/\u003E\r\n\nSegunda, 26\u003Cbr \/\u003E\r\n\n08 as 22 horas - visita??o p?blica\u003Cbr \/\u003E\r\n\n20 horas - Show Gospel com o cantor Regis Danese\u003Cbr \/\u003E\r\n\nTer?a, 27\u003Cbr \/\u003E\r\n\n08 as 22 horas - visita??o p?blica\u003Cbr \/\u003E\r\n\nQuarta, 28\u003Cbr \/\u003E\r\n\n08 as 22 horas - visita??o p?blica (encerramento)","tags":"noticias,prefeitura,itabaiana","publicacao":"2013-08-23 13:50:19","criado":"2013-08-23 13:50:19","alterado":"-0001-11-30 00:00:00"},{"id":3344,"categoria_id":"8","categoria":{"id":8,"nome":"CULTURA"},"autor_show":1,"titulo":"Prefeito antecipa feira-livre dos dias 28 de agosto e 07 de setembro","slug":"prefeito-antecipa-feira-livre-dos-dias-28-de-agosto-e-07-de-setembro","subtitulo":"Do dia 28, quarta, a feira passar\u00e1 para a ter\u00e7a, 27. E do dia 7 de setembro, s\u00e1bado, a feira ir\u00e1 para o dia 6, sexta-feira","descricao":"Prefeito antecipa feira-livre dos dias 28 de agosto e 07 de setembro","imagem":"\/img\/imagem\/,\/img\/imagem\/media_,\/img\/imagem\/thumb_,\/img\/imagem\/thumb_fix_","texto":"O prefeito de Itabaiana, Valmir de Francisquinho, assinou o decreto N? 104\/2013 que antecipa a feira-livre do dia 28 de agosto para o dia 27 e o decreto N? 105\/2013 que antecipa a do dia 07 de setembro para o dia 06.\u003Cbr \/\u003E\r\n\n?Essas s?o datas importantes em nosso calend?rio que coincidiram com dias de feira livre em nossa cidade. Antecip?-las foi uma decis?o sensata, pois como prefeito eu n?o quero ver nenhuma complica??o de locomo??o e tr?fego nesses dias de festa. Bem como n?o gostaria de ver nenhum comerciante sendo prejudicado com a redu??o nas suas vendas em virtude dos feriados?, declarou Valmir de Francisquinho.\u003Cbr \/\u003E\r\n\nCom essa decis?o, ficam excepcionalmente antecipadas as feiras-livres dos citados dias, levando em considera??o que a quarta-feira, 28 de agosto, ? o anivers?rio da cidade e ficaria invi?vel a realiza??o da feira devido ?s festividades dos 125 anos de Itabaiana.\u003Cbr \/\u003E\r\n\nJ? o dia 07 de setembro, trata-se de um s?bado, tamb?m dia de feira-livre na cidade, por?m, tamb?m necess?rio antecip?-la para n?o interferir nas comemora??es alusivas ao dia da Independ?ncia do Brasil.\u003Cbr \/\u003E\r\n\n?\u003Cbr \/\u003E\r\n\nOs decretos j? est?o em vigor e foram publicados com o aval do prefeito Valmir dos Santos Costa e pelo Advogado Geral do munic?pio, Lucas Cardinali Pacheco.","tags":"noticias,prefeitura,itabaiana","publicacao":"2013-08-23 11:27:46","criado":"2013-08-23 11:27:46","alterado":"-0001-11-30 00:00:00"},{"id":3343,"categoria_id":"10","categoria":{"id":10,"nome":"EVENTO"},"autor_show":1,"titulo":"Elei\u00e7\u00f5es para Conselheiro Tutelar acontecem neste s\u00e1bado em Itabaiana","slug":"eleicoes-para-conselheiro-tutelar-acontecem-neste-sabado-em-itabaiana","subtitulo":"Est\u00e1 tudo pronto para que a comunidade escolha as pessoas que atuar\u00e3o na defesa dos direitos das crian\u00e7as e dos adolescentes","descricao":"Elei\u00e7\u00f5es para Conselheiro Tutelar acontecem neste s\u00e1bado em Itabaiana","imagem":"\/img\/imagem\/12446-e9z9u5p4c8h8z8u5.jpg,\/img\/imagem\/media_12446-e9z9u5p4c8h8z8u5.jpg,\/img\/imagem\/thumb_12446-e9z9u5p4c8h8z8u5.jpg,\/img\/imagem\/thumb_fix_12446-e9z9u5p4c8h8z8u5.jpg","texto":"Acontece neste s?bado, 24, das 8 ?s 17 horas, no Col?gio Estadual Dr. Airton Teles, a vota??o para escolher os dez novos Conselheiros Tutelares de Itabaiana. Para participar da escolha basta que o eleitor compare?a ao local de vota??o com um documento de identifica??o e o t?tulo de eleitor. H? a possibilidade de votar em at? 5 candidatos diferentes.\u003Cbr \/\u003E\r\n\n?A festa da democracia estar? presente em Itabaiana neste s?bado. E ? uma ?tima oportunidade para a popula??o participar diretamente da vida e dos interesses da cidade. E tenho certeza que esta elei??o contar? com grande participa??o popular?, disse o prefeito Valmir de Francisquinho, destacando que, com a parceria junto ao Tribunal Regional Eleitoral (TRE\/SE), a urnas eletr?nicas foram preparadas e os volunt?rios para o trabalho de mes?rio j? receberam treinamento adequado.\u003Cbr \/\u003E\r\n\nO resultado deve ser divulgado no mesmo dia em um curto espa?o de temp. Ap?s o t?rmino da vota??o, os novos conselheiros ir?o participar de uma capacita??o para melhor desempenho da fun??o. E o in?cio das atividades? dos novos membros do CT tem data prevista para 02 de setembro.\u003Cbr \/\u003E\r\n\nPrepara??o\u003Cbr \/\u003E\r\n\nNa manh? da ?ltima quarta-feira, 21, vinte funcion?rios das secretarias de Sa?de, Educa??o e Desenvolvimento Social, volunt?rios para o trabalho de mes?rios na elei??o do Conselho Tutelar, receberam treinamento junto ao equipamento eletr?nico.\u003Cbr \/\u003E\r\n\nUrnas eletr?nicas foram utilizadas para facilitar a capacita??o dos volunt?rios que estar?o trabalhando no pleito para a escolha dos novos conselheiros tutelares do nosso munic?pio.\u003Cbr \/\u003E\r\n\nOs t?cnicos do cart?rio eleitoral de Itabaiana apresentaram as formas corretas de manuseio das m?quinas e exemplificaram na pr?tica situa??es prov?veis para o dia da elei??o. O treinamento ocorreu no audit?rio do PRONATEC (CTP).\u003Cbr \/\u003E\r\n\nRela??o de Candidatos por ordem num?rica:\u003Cbr \/\u003E\r\n\n1001 - Geralda Barreto\u003Cbr \/\u003E\r\n\n1002 - Giselma de Jesus Menezes\u003Cbr \/\u003E\r\n\n1003 - Bruna Paula Rocha Silva\u003Cbr \/\u003E\r\n\n1005 - Jacqueline Vieira Santos\u003Cbr \/\u003E\r\n\n1006 - N?vea Merielle Costa Silva\u003Cbr \/\u003E\r\n\n1008 - Genivaldo da Silva Passos\u003Cbr \/\u003E\r\n\n1009 - Maria Aparecida Mendon?a dos Santos\u003Cbr \/\u003E\r\n\n1010 - Josivaldo Francisco da Mota\u003Cbr \/\u003E\r\n\n1011 - Ilka Tamires de Melo Vasconcelos\u003Cbr \/\u003E\r\n\n1012 - Fagner Alves Neris\u003Cbr \/\u003E\r\n\n1013 - Genilza Pereira de Rezende Nascimento\u003Cbr \/\u003E\r\n\n1014 - Carlos Ant?nio dos Santos\u003Cbr \/\u003E\r\n\n1015 - Shirleide Cunha de Andrade\u003Cbr \/\u003E\r\n\n1019 - Douglas de Souza Santos\u003Cbr \/\u003E\r\n\n1020 - Adriano Teles de Menezes\u003Cbr \/\u003E\r\n\n1022 - David de Oliveira Nascimento\u003Cbr \/\u003E\r\n\n1023 - Lucianna de Oliveira Mendon?a\u003Cbr \/\u003E\r\n\n1024 - Bruna Tamise Aquino Santos\u003Cbr \/\u003E\r\n\n1025 - Luiz Carlos Santana dos Santos\u003Cbr \/\u003E\r\n\n1026 - S?rgio Carlos dos Santos\u003Cbr \/\u003E\r\n\n1028 - Sabrina de Oliveira Souza Almeida\u003Cbr \/\u003E\r\n\n1032 - Leonan Leite Leal\u003Cbr \/\u003E\r\n\n1033 - Leidiane de Barros Felix\u003Cbr \/\u003E\r\n\n1035 - Elyzamara Souza Ferreira","tags":"noticias,prefeitura,itabaiana","publicacao":"2013-08-23 09:43:26","criado":"2013-08-23 09:43:26","alterado":"-0001-11-30 00:00:00"},{"id":3342,"categoria_id":"6","categoria":{"id":6,"nome":"SOCIAL"},"autor_show":1,"titulo":"Pr\u00f3ximo s\u00e1bado, 24, \u00e9 o \u2018Dia D\u2019 da vacina\u00e7\u00e3o infantil","slug":"proximo-sabado-24-e-o-dia-d-da-vacinacao-infantil","subtitulo":"Campanha Nacional de Atualiza\u00e7\u00e3o da Caderneta de Vacina\u00e7\u00e3o ser\u00e1 coordenada em Itabaiana pela secretaria de Sa\u00fade","descricao":"Pr\u00f3ximo s\u00e1bado, 24, \u00e9 o \u2018Dia D\u2019 da vacina\u00e7\u00e3o infantil","imagem":"\/img\/imagem\/12445-z5w8b2m3d4i6j9p4.jpg,\/img\/imagem\/media_12445-z5w8b2m3d4i6j9p4.jpg,\/img\/imagem\/thumb_12445-z5w8b2m3d4i6j9p4.jpg,\/img\/imagem\/thumb_fix_12445-z5w8b2m3d4i6j9p4.jpg","texto":"Para ampliar a cobertura vacinal das crian?as, o Minist?rio da Sa?de realizar? em todo o pa?s Campanha Nacional de Atualiza??o da caderneta de vacina??o. A atividade em Itabaiana ser? executada pela Secretaria Municipal de Sa?de de 24 a 30 de agosto, sendo o dia 24 o grande Dia D de divulga??o e mobiliza??o nacional.\u003Cbr \/\u003E\r\n\nNa Campanha, ser?o oferecidas todas as vacinas do calend?rio infantil: BCG, hepatite B, Pentavalente, inativada Poliomielite (VIP), oral poliomielite (VOP), rotav?rus, pneumoc?cia 10 valente, meningoc?cica C conjugada, febre amarela, tr?plice viral (sarampo, rub?ola e caxumba) e DTP.\u003Cbr \/\u003E\r\n\nPostos que funcionar?o no dia ?D? (24\/08):\u003Cbr \/\u003E\r\n\n????? - Centro de sa?de III (Sesp);\u003Cbr \/\u003E\r\n\n???? - Bairro Miguel Teles;\u003Cbr \/\u003E\r\n\n???? - Centro de Sa?de Souto Diniz;\u003Cbr \/\u003E\r\n\n???? - Cl?nica de Sa?de da Fam?lia do Bairro S?o Cristov?o;\u003Cbr \/\u003E\r\n\n???? - Mutir?o;\u003Cbr \/\u003E\r\n\n???? - Bairro Bananeira (Luciano Siqueira);\u003Cbr \/\u003E\r\n\n???? - Lauro Maia, na Perc?lio Andrade;\u003Cbr \/\u003E\r\n\n?\u003Cbr \/\u003E\r\n\n????? - Cl?nica de Sa?de do Bairro Porto.","tags":"noticias,prefeitura,itabaiana","publicacao":"2013-08-22 11:17:34","criado":"2013-08-22 11:17:34","alterado":"-0001-11-30 00:00:00"},{"id":3341,"categoria_id":"3","categoria":{"id":3,"nome":"OBRAS"},"autor_show":1,"titulo":"Escola Agr\u00edcola de Itabaiana realiza etapa da Confer\u00eancia de Meio Ambiente","slug":"escola-agricola-de-itabaiana-realiza-etapa-da-conferencia-de-meio-ambiente","subtitulo":"O projeto envolveu alunos, professores e a dire\u00e7\u00e3o em atividades e palestras ao longo de todo o dia","descricao":"Escola Agr\u00edcola de Itabaiana realiza etapa da Confer\u00eancia de Meio Ambiente","imagem":"\/img\/imagem\/12444-a8b8j9b9d1f7t2r3.jpg,\/img\/imagem\/media_12444-a8b8j9b9d1f7t2r3.jpg,\/img\/imagem\/thumb_12444-a8b8j9b9d1f7t2r3.jpg,\/img\/imagem\/thumb_fix_12444-a8b8j9b9d1f7t2r3.jpg","texto":"?? um pequeno gesto no presente que ir? transformar-se em um grande resultado no futuro desses jovens?. Estas foram as palavras da diretora Joelma Alves ao comemorar o resultado da etapa municipal da Confer?ncia de Meio Ambiente, realizada na Escola T?cnica Agr?cola da cidade de Itabaiana nesta quarta, 21.\u003Cbr \/\u003E\r\n\nDurante o dia, os alunos assistiram palestras te?ricas e pr?ticas que foram ministradas por t?cnicos do SEBRAE e da escola. Durante a tarde a vez foi dos alunos, que expuseram trabalhos sobre o tema.\u003Cbr \/\u003E\r\n\n?A import?ncia para n?s alunos ? extrema, pois com essas palestras n?s nos conscientizamos para utilizar coisas que encontramos at? mesmo nas ruas na confec??o de brinquedos ou de materiais para paisagismo?, disse o aluno Henrique de Jesus que cursa a 8? s?rie do ensino fundamental na unidade de ensino.\u003Cbr \/\u003E\r\n\nJ? a aluna Vanessa Santos Moreira, que cursa a 6? s?rie do ensino fundamental, frisou a import?ncia da escola para o munic?pio de Itabaiana. ?Aqui n?s aprendemos de tudo um pouco durante o dia. Essa escola ? diferente, ? meu primeiro ano aqui e aprendi, nesse pouco tempo, coisas que passo at? para meus pais. Essa sem d?vidas, ? uma das melhores de Itabaiana?, finalizou.","tags":"noticias,prefeitura,itabaiana","publicacao":"2013-08-21 16:32:03","criado":"2013-08-21 16:32:03","alterado":"-0001-11-30 00:00:00"},{"id":3340,"categoria_id":"10","categoria":{"id":10,"nome":"EVENTO"},"autor_show":1,"titulo":"Pronatec em Itabaiana deu in\u00edcio a quatro novos cursos","slug":"pronatec-em-itabaiana-deu-inicio-a-quatro-novos-cursos","subtitulo":"Parceria entre a prefeitura municipal e o Governo Federal j\u00e1 \u00e9 sucesso absoluto na cidade serrana","descricao":"Pronatec em Itabaiana deu in\u00edcio a quatro novos cursos","imagem":"\/img\/imagem\/12443-c4v3n4r7j5c2c6m2.jpg,\/img\/imagem\/media_12443-c4v3n4r7j5c2c6m2.jpg,\/img\/imagem\/thumb_12443-c4v3n4r7j5c2c6m2.jpg,\/img\/imagem\/thumb_fix_12443-c4v3n4r7j5c2c6m2.jpg","texto":"No ?ltimo dia 14, o Pronatec de Itabaiana iniciou quatro novos cursos: Manicure e Pedicure, Auxiliar Administrativo, Inform?tica B?sica e Mec?nico em Motocicletas, com um total de 160 alunos inscritos nestas novas turmas.\u003Cbr \/\u003E\r\n\n?Profissionalizar ? dar uma chance de futuro para os jovens. Profissionalizar ? capacitar as pessoas para o mercado de trabalho e tamb?m para a vida, pois quem tem uma profiss?o, tem mais chances de ser feliz, constituir fam?lia e ser um cidad?o ou uma cidad? de bem. Por isso que o Pronatec conta com todo nosso apoio?, disse o prefeito de Itabaiana, Valmir de Francisquinho.\u003Cbr \/\u003E\r\n\nA reuni?o de sensibiliza??o contou com a presen?a do presidente da C?mara de Vereadores, Z? Roberto Imperador e do secret?rio de Ind?stria e Com?rcio, Altamiro Brasil, orador respons?vel pela palestra de Incentivo ao Mundo do Trabalho.\u003Cbr \/\u003E\r\n\n?\u003Cbr \/\u003E\r\n\nS?o mais de 2.200 pessoas inscritas nos cursos aguardando o chamado para cursos futuros, h? inscri??es abertas para mais de 20 cursos diferentes na forma??o de novas turmas: Mec?nico em motor a Diesel, Mec?nico em Motocicletas, Eletricista Predial, Cabeleireiro, Corte e Costura, Higienista em sa?de, Aux. Administrativo, Balconista de Farm?cia, Manicure, Ingl?s B?sico, Espanhol B?sico, Bordado, Costura Industrial, dentre outros cursos.","tags":"noticias,prefeitura,itabaiana","publicacao":"2013-08-20 16:25:19","criado":"2013-08-20 16:25:19","alterado":"-0001-11-30 00:00:00"},{"id":3339,"categoria_id":"5","categoria":{"id":5,"nome":"PLANEJAMENTO"},"autor_show":1,"titulo":"Reuni\u00e3o define detalhes dos eventos alusivos \u00e0 Semana da P\u00e1tria","slug":"reuniao-define-detalhes-dos-eventos-alusivos-a-semana-da-patria","subtitulo":"Com o tema \u2018A\u00e7\u00e3o Sustent\u00e1vel \u2013 Semana da Independ\u00eancia\u2019, comemora\u00e7\u00f5es focar\u00e3o nos cuidados com o meio ambiente","descricao":"Reuni\u00e3o define detalhes dos eventos alusivos \u00e0 Semana da P\u00e1tria","imagem":"\/img\/imagem\/12442-x1s1q2g7r4a5u5m7.jpg,\/img\/imagem\/media_12442-x1s1q2g7r4a5u5m7.jpg,\/img\/imagem\/thumb_12442-x1s1q2g7r4a5u5m7.jpg,\/img\/imagem\/thumb_fix_12442-x1s1q2g7r4a5u5m7.jpg","texto":"Na manh? desta ter?a-feira, 20, a Secretaria Municipal de Ind?stria e Com?rcio de Itabaiana realizou uma reuni?o junto ?s demais secretarias onde foi definida a programa??o do projeto ?A??o Sustent?vel ? Semana da Independ?ncia?.\u003Cbr \/\u003E\r\n\nMais uma vez a prefeitura de Itabaiana saiu na frente com o lan?amento deste projeto grandioso e in?dito no interior do estado. Na reuni?o foi definido o papel de cada secretaria no evento que ser? realizado na Pra?a General Jo?o Pereira. Cada secretaria contar? com um stand de exposi??es e atendimento ? popula??o.\u003Cbr \/\u003E\r\n\nO projeto ser? realizado dentre os dias 1? e 7 de setembro e contar? com palestras, atendimentos b?sicos de sa?de, passei cicl?stico, al?m de outros eventos que visam valorizar a independ?ncia brasileira, bem como conscientizar a popula??o da import?ncia da sustentabilidade para a preserva??o da vida e do meio ambiente.","tags":"noticias,prefeitura,itabaiana","publicacao":"2013-08-20 14:39:38","criado":"2013-08-20 14:39:38","alterado":"-0001-11-30 00:00:00"},{"id":3338,"categoria_id":"10","categoria":{"id":10,"nome":"EVENTO"},"autor_show":1,"titulo":"Equipe do Desenvolvimento Social participa de capacita\u00e7\u00e3o","slug":"equipe-do-desenvolvimento-social-participa-de-capacitacao","subtitulo":"Capacita SUAS ser\u00e1 ministrado durante tr\u00eas meses na Universidade Tiradentes e contribuir\u00e1 no melhoramento da gest\u00e3o","descricao":"Equipe do Desenvolvimento Social participa de capacita\u00e7\u00e3o","imagem":"\/img\/imagem\/12441-t8b8q4b8b5h2e4q6.jpg,\/img\/imagem\/media_12441-t8b8q4b8b5h2e4q6.jpg,\/img\/imagem\/thumb_12441-t8b8q4b8b5h2e4q6.jpg,\/img\/imagem\/thumb_fix_12441-t8b8q4b8b5h2e4q6.jpg","texto":"Visando ampliar os seus conhecimentos e humanizar ainda mais o acolhimento da popula??o itabaianense, a equipe t?cnica de Secretaria de Desenvolvimento Social (SEDES) participou do Capacita SUAS. Durante os pr?ximos tr?s meses, na Universidade Tiradentes (Unit\/campus Farol?ndia), informa??es ser?o passadas sobre gest?o financeira e or?ament?ria, nivelamento e gest?o de indicadores para diagn?sticos de acompanhamento do plano BSM e SUAS.\u003Cbr \/\u003E\r\n\nCiente da import?ncia de se qualificar sempre as pessoas que atuam na gest?o p?blica, o prefeito de Itabaiana, Valmir de Francisquinho, considera a iniciativa de fundamental import?ncia. ?Tudo o que vier para melhorar a qualidade das pessoas que atuam em nossa administra??o ser? bem vindo e contar? com nosso total apoio?, disse o prefeito.\u003Cbr \/\u003E\r\n\n?\u003Cbr \/\u003E\r\n\n?Com essa qualifica??o melhoraremos o atendimento das necessidades b?sicas dos indiv?duos, mais precisamente em prol da fam?lia, maternidade, inf?ncia, adolesc?ncia, velhice, o amparo ?s crian?as e aos adolescentes carentes, promo??o da integra??o ao mercado de trabalho, bem como a habilita??o e reabilita??o das pessoas portadoras de defici?ncia e a promo??o de sua integra??o ? vida comunit?ria?, observou a secret?ria de Desenvolvimento Social, Lourdinha Machado.","tags":"noticias,prefeitura,itabaiana","publicacao":"2013-08-19 14:18:00","criado":"2013-08-19 14:18:00","alterado":"-0001-11-30 00:00:00"}],"busca":null}