{"pagina_atualizada_em":"2026-04-24T11:58:34-03:00","categorias":[{"id":13,"nome":"AGRICULTURA","criado":"2023-06-20 10:30:32","alterado":"2023-06-20 10:30:32"},{"id":19,"nome":"ASSIST\u00caNCIA","criado":"2023-08-08 08:58:10","alterado":"2023-08-08 08:58:10"},{"id":8,"nome":"CULTURA","criado":"2021-04-20 12:09:30","alterado":"2021-04-20 12:09:30"},{"id":9,"nome":"ECONOMIA","criado":"2021-04-22 11:53:46","alterado":"2021-04-22 11:53:46"},{"id":2,"nome":"EDUCA\u00c7\u00c3O","criado":"2021-04-20 12:06:51","alterado":"2021-04-20 12:06:51"},{"id":7,"nome":"ESPORTE","criado":"2021-04-20 12:09:22","alterado":"2021-04-20 12:09:22"},{"id":10,"nome":"EVENTO","criado":"2023-05-30 10:57:36","alterado":"2023-05-30 10:57:36"},{"id":11,"nome":"FESTA DOS CAMINHONEIROS","criado":"2023-06-05 12:14:21","alterado":"2023-06-05 12:14:21"},{"id":20,"nome":"FESTIVIDADES","criado":"2023-08-22 12:11:23","alterado":"2023-08-22 12:12:32"},{"id":12,"nome":"INAUGURA\u00c7\u00c3O","criado":"2023-06-16 11:49:28","alterado":"2023-06-16 11:49:28"},{"id":22,"nome":"MEIO AMBIENTE","criado":"2023-10-03 09:43:15","alterado":"2023-10-03 09:43:15"},{"id":21,"nome":"MICARANA 2023","criado":"2023-08-25 08:29:14","alterado":"2023-08-25 08:29:14"},{"id":23,"nome":"NOTA","criado":"2023-11-08 10:15:32","alterado":"2023-11-08 10:15:32"},{"id":3,"nome":"OBRAS","criado":"2021-04-20 12:07:05","alterado":"2021-04-20 12:07:05"},{"id":4,"nome":"OPORTUNIDADE","criado":"2021-04-20 12:07:32","alterado":"2023-10-25 08:11:14"},{"id":15,"nome":"PARCERIA","criado":"2023-06-23 12:20:02","alterado":"2023-06-23 12:20:02"},{"id":5,"nome":"PLANEJAMENTO","criado":"2021-04-20 12:09:05","alterado":"2021-04-20 12:09:05"},{"id":18,"nome":"RELIGIOSIDADE","criado":"2023-08-04 09:29:43","alterado":"2023-08-04 09:29:43"},{"id":1,"nome":"SA\u00daDE","criado":"2021-04-20 12:06:42","alterado":"2021-04-20 12:06:42"},{"id":16,"nome":"SEGURAN\u00c7A","criado":"2023-07-06 13:15:40","alterado":"2023-07-06 13:15:40"},{"id":6,"nome":"SOCIAL","criado":"2021-04-20 12:09:11","alterado":"2021-04-20 12:09:11"},{"id":14,"nome":"TECNOLOGIA","criado":"2023-06-21 11:05:02","alterado":"2023-06-21 11:05:02"},{"id":17,"nome":"TR\u00c2NSITO","criado":"2023-08-01 12:42:59","alterado":"2023-08-01 12:43:08"},{"id":24,"nome":"TURISMO","criado":"2024-03-26 10:52:52","alterado":"2024-03-26 10:52:52"}],"categoria":null,"paginacao":{"atual":383,"proxima":384,"anterior":382,"total_registros":4725,"total_paginas":394},"itens":[{"id":3325,"categoria_id":"10","categoria":{"id":10,"nome":"EVENTO"},"autor_show":1,"titulo":"Desenvolvimento Social entrega kits para gestantes","slug":"desenvolvimento-social-entrega-kits-para-gestantes","subtitulo":"A\u00e7\u00e3o faz parte das atividades Centro de Refer\u00eancia da Assist\u00eancia Social (CRAS I) da cidade de Itabaiana","descricao":"Desenvolvimento Social entrega kits para gestantes","imagem":"\/img\/imagem\/12428-d3u4a2w5f6f3j9i4.jpg,\/img\/imagem\/media_12428-d3u4a2w5f6f3j9i4.jpg,\/img\/imagem\/thumb_12428-d3u4a2w5f6f3j9i4.jpg,\/img\/imagem\/thumb_fix_12428-d3u4a2w5f6f3j9i4.jpg","texto":"Dando prosseguimento ?s a??es que visam ofertar qualidade e respeito ? popula??o itabaianense, o Centro de Refer?ncia da Assist?ncia Social (CRAS I), vinculado ? secretaria de Desenvolvimento Social, vem realizando um trabalho voltado para a vida dos mun?cipes atendidos pela unidade. E na ?ltima quarta-feira, 7, agosto foram entregues kits as gestantes integrantes do grupo de acompanhamento do CRAS.\u003Cbr \/\u003E\r\n\nPra o prefeito Valmir de Francisquinho, o resultado de a??es desse tipo s?o determinantes para um aprimoramento da rela??o entre assistentes e assistidos. ?Se convencionou, de forma errada, inclusive, a tratar as pessoas necessitadas como coitadas. O correto ? trat?-las com respeito e com dignidade. E atividades como essa, em que gestantes s?o agraciadas com esse kit, mostra que a nossa aten??o est? em quem necessita, mas mantendo o respeito, sem que essas mesmas pessoas sejam obrigadas a passar por filas intermin?veis antes de serem atendidas em suas necessidades?, destacou o prefeito Valmir de Francisquinho.\u003Cbr \/\u003E\r\n\n?N?o se trata apenas de presentear as gestantes com o kit. Na verdade, essa ? uma experi?ncia que valoriza a vida tamb?m, pois voc? d? apoio a mulher num instante em que ela mais necessita de apoio e aten??o. Acaba sendo uma forma de carinho para com essas futuras mam?es?, destacou a secret?ria de Desenvolvimento Social, Lourdinha Machado.\u003Cbr \/\u003E\r\n\nO servi?o, que tem por objetivo favorecer a troca de experi?ncias, aprendizados e conviv?ncias atrav?s de palestras, tamb?m oferta aulas de bordado. Com isso, a integra??o ? completa e as a??es da ?rea social passam a contar com? uma atua??o participativa de toda a sociedade.","tags":"noticias,prefeitura,itabaiana","publicacao":"2013-08-09 17:07:58","criado":"2013-08-09 17:07:58","alterado":"-0001-11-30 00:00:00"},{"id":3324,"categoria_id":"8","categoria":{"id":8,"nome":"CULTURA"},"autor_show":1,"titulo":"Prefeito de Itabaiana participa de palestras na C\u00e2mara","slug":"prefeito-de-itabaiana-participa-de-palestras-na-camara","subtitulo":"Juiz Manoel da Costa Neto e procurador Deijaniro Jonas palestraram sobre temas relacionados \u00e0 crian\u00e7a e ao adolescente","descricao":"Prefeito de Itabaiana participa de palestras na C\u00e2mara","imagem":"\/img\/imagem\/12427-e8t6j7p6u6b6t1y9.jpg,\/img\/imagem\/media_12427-e8t6j7p6u6b6t1y9.jpg,\/img\/imagem\/thumb_12427-e8t6j7p6u6b6t1y9.jpg,\/img\/imagem\/thumb_fix_12427-e8t6j7p6u6b6t1y9.jpg","texto":"Na manh? desta quinta-feira, 8, o prefeito Valmir de Francisquinho marcou presen?a no plen?rio Ol?mpio Arcanjo de Santana para assistir a mais uma se??o ordin?ria da C?mara de Vereadores. Durante a se??o, foram proferidas duas palestras, uma pelo juiz Manoel da Costa Neto e outra pelo procurador do MPE, Deijaniro Jonas.\u003Cbr \/\u003E\r\n\n?Estar em uma casa legislativa que tem o compromisso de trazer ? popula??o dois expoentes como Manoel da Costa Neto e Deijaniro Jonas ? uma grande satisfa??o. Nossos vereadores est?o de parab?ns pela iniciativa?, registrou o prefeito Valmir de Francisquinho, elogiando ainda a import?ncia dos temas debatidos.\u003Cbr \/\u003E\r\n\nAmbas as palestras abordaram temas como tortura ?s crian?as, pedofilia, redu??o da maioridade penal e temas relacionados que tamb?m foram anexados nas discuss?es. Os palestrantes diversas vezes foram aparteados pelos parlamentares presentes no plen?rio da casa legislativa.\u003Cbr \/\u003E\r\n\n?\u003Cbr \/\u003E\r\n\nO que mais chamou a aten??o dos palestrantes e dos parlamentares foi a presen?a dos estudantes da rede privada de ensino de Itabaiana que lotaram as galerias da c?mara. Tamb?m estiveram presentes, alunos da APAE de Itabaiana.","tags":"noticias,prefeitura,itabaiana","publicacao":"2013-08-08 14:39:50","criado":"2013-08-08 14:39:50","alterado":"-0001-11-30 00:00:00"},{"id":3323,"categoria_id":"10","categoria":{"id":10,"nome":"EVENTO"},"autor_show":1,"titulo":"Itabaiana realiza IX Confer\u00eancia de Assist\u00eancia Social","slug":"itabaiana-realiza-ix-conferencia-de-assistencia-social","subtitulo":"Evento celebrou os oito anos de conquistas alcan\u00e7adas com o Sistema \u00danico de Assist\u00eancia Social (SUAS)","descricao":"Itabaiana realiza IX Confer\u00eancia de Assist\u00eancia Social","imagem":"\/img\/imagem\/12426-b1p6s9i1m3m3i8t9.jpg,\/img\/imagem\/media_12426-b1p6s9i1m3m3i8t9.jpg,\/img\/imagem\/thumb_12426-b1p6s9i1m3m3i8t9.jpg,\/img\/imagem\/thumb_fix_12426-b1p6s9i1m3m3i8t9.jpg","texto":"A IX Confer?ncia Municipal de Assist?ncia Social, organizada pela Secretaria de Desenvolvimento Social, aconteceu nesta quinta-feira, 8, no audit?rio da Universidade Tiradentes, campus Itabaiana, e teve com tema ?A Gest?o e o financiamento na efetiva??o do SUAS (Sistema ?nico da Assist?ncia Social)?. \u003Cbr \/\u003E\r\n\nA mesa foi composta pelo prefeito Valmir de Francisquinho, a vice e secret?ria de Desenvolvimento Social, Lourdinha Machado, representantes dos conselhos municipal e estadual de assist?ncia social, representantes dos usu?rios das pol?ticas de assist?ncia social e a palestrante, Rita de C?ssia Ferreira.\u003Cbr \/\u003E\r\n\n?O trabalho desenvolvido na ?rea de assist?ncia social merece todo empenho de voc?s e de n?s, gestores. N?o existe obra maior do que o ser humano. E os que mais necessitam, s?o os que mais merecem nossa aten??o?, disse o prefeito ao fazer uma avalia??o da import?ncia dos trabalhos voltados para o social.\u003Cbr \/\u003E\r\n\nO evento foi realizado com o objetivo de conferir e dar andamento as a??es anteriormente propostas em confer?ncias e para ampliar e melhorar o atendimento aos usu?rios das pol?ticas de assist?ncia social. Foi apresentada pela presidente de Conselho Municipal de Assist?ncia Social, Luciene Rego Brito, toda a??o do ?rg?o municipal at? o presente momento.\u003Cbr \/\u003E\r\n\nE segundo a palestrante Rita de C?ssia Ferreira, ?pol?tica social n?o ? somente dar a quem necessita, mas sim uma pol?tica de direitos e deveres dos assistidos. Al?m de dar o peixe, a assist?ncia social tem o dever de ensinar a pescar?. Rita usou como exemplo, as cestas entregues ?s gestantes pela Secretaria de Desenvolvimento Social, que foram confeccionadas pelas pr?prias. \u003Cbr \/\u003E\r\n\n?\u003Cbr \/\u003E\r\n\nAo longo evento aconteceu ? leitura do regimento e suas respectivas retifica??es, que foram feitas pelos 43 delegados e 21 convidados credenciados. Ao final das explana??es e debates, com regimento devidamente aprovado e a certeza de apoio da administra??o municipal, a confer?ncia teve seu sucesso nas medidas, conquistas atuais e planos a m?dio e longo prazos.","tags":"noticias,prefeitura,itabaiana","publicacao":"2013-08-08 14:11:13","criado":"2013-08-08 14:11:13","alterado":"-0001-11-30 00:00:00"},{"id":3322,"categoria_id":"3","categoria":{"id":3,"nome":"OBRAS"},"autor_show":1,"titulo":"Secretaria de Cultura de Itabaiana ganha nova sede","slug":"secretaria-de-cultura-de-itabaiana-ganha-nova-sede","subtitulo":"Local apropriado para acondicionar estrutura da secretaria reduz custos com loca\u00e7\u00e3o e permite mais apoio a a\u00e7\u00f5es efetivas","descricao":"Secretaria de Cultura de Itabaiana ganha nova sede","imagem":"\/img\/imagem\/12425-j1w9u3i7y3x2k6e2.jpg,\/img\/imagem\/media_12425-j1w9u3i7y3x2k6e2.jpg,\/img\/imagem\/thumb_12425-j1w9u3i7y3x2k6e2.jpg,\/img\/imagem\/thumb_fix_12425-j1w9u3i7y3x2k6e2.jpg","texto":"A secretaria de Cultura de Itabaiana, pasta que interinamente est? sendo respondida pela secret?ria de Educa??o do munic?pio, Carminha Mendon?a, ganhou nova sede para melhor atender aos estudantes e a popula??o em geral. Al?m da secretaria, o novo pr?dio abriga um museu e a Biblioteca P?blica Municipal Dr. Florival de Oliveira.\u003Cbr \/\u003E\r\n\n?Existem a??es realizadas pela Cultura que n?o podem parar, mesmo porque Itabaiana ? uma cidade com uma cultura ampla e abrangente. Mas da forma que est?vamos vendo esse setor atuar, t?nhamos muito gasto e poucos resultados. Diante disso, efetivamos a mudan?a de local buscando otimizar os custos, permitindo assim que os recursos possam ser utilizados em a??es efetivas?, avaliou o prefeito Valmir de Francisquinho.\u003Cbr \/\u003E\r\n\nE a determina??o administrativa do prefeito tem resultado na incorpora??o de mais servidores especializados no atendimento ao p?blico. Por isso que as novas instala??es contam com um historiador, uma bibliotec?ria, uma muse?loga, al?m de outros seis funcion?rios.\u003Cbr \/\u003E\r\n\n?A nova sede da secretaria oferece aos visitantes novos e amplos espa?os que permitem melhor distribui??o dos acervos, com vistas a atender satisfatoriamente a popula??o?, declarou a assessora especial da secretaria de Cultura, Rose Mary das Chagas.\u003Cbr \/\u003E\r\n\nAs novas instala??es se encontram na Rua ?lvaro Fonseca de Oliveira N? 466, pr?ximo ao Cemit?rio de Santo Ant?nio e Almas de Itabaiana. E atualmente disponibiliza cerca de 25 mil livros em sua biblioteca e 1.800 pe?as no museu, sendo 800 guardadas e 1000 expostas. Em ambos os casos, o hor?rio de funcionamento ? de 7:00 as 12:00h e de 14:00 as 17:00h, de segunda a sexta.\u003Cbr \/\u003E\r\n\nII Confer?ncia Municipal de Cultura\u003Cbr \/\u003E\r\n\nE dando prosseguimento as a??es da secretaria de Cultura de Itabaiana, nesta sexta-feira, 9, acontece a II Confer?ncia Municipal de Cultura. O evento come?a ?s 8:00h da manh? no audit?rio da secretaria de Educa??o.\u003Cbr \/\u003E\r\n\nCom o tema ?Uma pol?tica de Estado para a Cultura: desafios do Sistema Nacional de Cultura?, a confer?ncia abordar? quatro eixos tem?ticos: Implementa??o do Sistema Nacional de Cultura; Produ??o Simb?lica e Diversidade Cultural; Cidadania e Direitos Culturais e Cultura como Desenvolvimento Sustent?vel.?","tags":"noticias,prefeitura,itabaiana","publicacao":"2013-08-07 13:28:59","criado":"2013-08-07 13:28:59","alterado":"-0001-11-30 00:00:00"},{"id":3320,"categoria_id":"9","categoria":{"id":9,"nome":"ECONOMIA"},"autor_show":1,"titulo":"Prefeito empossa quatro novos servidores municipais","slug":"prefeito-empossa-quatro-novos-servidores-municipais","subtitulo":"Valmir de Francisquinho segue buscando ofertar o melhor servi\u00e7o p\u00fablico para os itabaianenses","descricao":"Prefeito empossa quatro novos servidores municipais","imagem":"\/img\/imagem\/12423-q3d6d1s8j1t6d4s3.jpg,\/img\/imagem\/media_12423-q3d6d1s8j1t6d4s3.jpg,\/img\/imagem\/thumb_12423-q3d6d1s8j1t6d4s3.jpg,\/img\/imagem\/thumb_fix_12423-q3d6d1s8j1t6d4s3.jpg","texto":"Na manh? desta ter?a-feira, 6, o prefeito de Itabaiana,Valmir de Francisquinho, juntamente ao superintendente da SMTT, tenente Wagno Nascimento, e o secret?rio de Administra??o, Adailton Souza, empossou tr?s novos agentes de Transito que foram aprovados no concurso de 2010, al?m de uma biblioteconomista. Todos estavam na lista de excedentes do referido concurso.\u003Cbr \/\u003E\r\n\n?Nossa meta ? garantir o melhor servi?o p?blico para a mossa popula??o. E faremos isso de forma respons?vel, seguindo a lei, de forma a garantir tamb?m para os servidores todos os seus direitos. Pois s? assim podemos cobrar de todos que tamb?m cumpram com o seu dever, que ? atender da melhor maneira poss?vel o povo?, analisou o prefeito Valmir de Francisquinho.\u003Cbr \/\u003E\r\n\nEspecificamente em rela??o aos novos servidores da SMTT, com aumento da frota de carros na cidade, a prefeitura vem acompanhando o ritmo acelerado de crescimento da complexidade do tr?nsito local. E durante a posse, o prefeito aproveitou para anunciar a aquisi??o de quatro motos e mais dois carros. A compra foi feita com recursos pr?prios do munic?pio. \u003Cbr \/\u003E\r\n\nOs agentes empossados demonstraram satisfa??o e entusiasmo com o novo desafio profissional, a exemplo do novo servidor Jos? Everton de Jesus Rezende. ?Busquei o concurso p?blico em busca de uma estabilidade financeira e social?, declarou o funcion?rio que deve come?ar a atuar no transito itabaianense nos pr?ximos 30 dias.\u003Cbr \/\u003E\r\n\nOs servidores empossados foram: Anderson Santos de Jesus, Jos? Everton de Jesus Rezende e Joyce Bezerra Lopes (Agentes de Tr?nsito); al?m de Maria Vandineide Teles Silva (Biblioteconomista).","tags":"noticias,prefeitura,itabaiana","publicacao":"2013-08-06 11:45:13","criado":"2013-08-06 11:45:13","alterado":"-0001-11-30 00:00:00"},{"id":3319,"categoria_id":"10","categoria":{"id":10,"nome":"EVENTO"},"autor_show":1,"titulo":"Prefeitura realiza IX Confer\u00eancia de Assist\u00eancia Social","slug":"prefeitura-realiza-ix-conferencia-de-assistencia-social","subtitulo":"Itabaiana ter\u00e1 debates sobre a \u00e1rea com o tema \u2018A Gest\u00e3o e o Financiamento na Efetiva\u00e7\u00e3o do SUAS\u2019","descricao":"Prefeitura realiza IX Confer\u00eancia de Assist\u00eancia Social","imagem":"\/img\/imagem\/,\/img\/imagem\/media_,\/img\/imagem\/thumb_,\/img\/imagem\/thumb_fix_","texto":"Acontece no pr?ximo dia 08 de agosto no audit?rio da UNIT a IX Confer?ncia Municipal de Assist?ncia Social com o tema ?A Gest?o e o Financiamento na Efetiva??o do SUAS?.\u003Cbr \/\u003E\r\n\nA Confer?ncia tem car?ter deliberativo, ser? debatida e avaliada a Pol?tica da Assist?ncia Social, ser?o propostas novas diretrizes para consolidar e ampliar os direitos s?cio-assistenciais dos seus usu?rios, oficinas, trabalhos em grupo, debates, desenvolvimento de eixos al?m da aprova??o de propostas fazem parte da programa??o.\u003Cbr \/\u003E\r\n\n?\u003Cbr \/\u003E\r\n\nA Assistente Social e Conselheira Estadual do CEAS, Marilene Bispo Melo, ir? palestrar sobre o tema proposto. O evento come?a ?s 7:00h da manh?, com o credenciamento, e finaliza-se ?s 16:00h, com a elei??o dos delegados para representar Itabaiana na Confer?ncia Estadual.","tags":"noticias,prefeitura,itabaiana","publicacao":"2013-08-05 11:43:01","criado":"2013-08-05 11:43:01","alterado":"-0001-11-30 00:00:00"},{"id":3321,"categoria_id":"6","categoria":{"id":6,"nome":"SOCIAL"},"autor_show":1,"titulo":"A\u00e7\u00f5es da Sa\u00fade mobilizam Itabaiana durante uma semana","slug":"acoes-da-saude-mobilizam-itabaiana-durante-uma-semana","subtitulo":"Semana do Aleitamento Materno, Mutir\u00e3o de\t Cirurgias e combate ao colesterol s\u00e3o destaques da prefeitura","descricao":"A\u00e7\u00f5es da Sa\u00fade mobilizam Itabaiana durante uma semana","imagem":"\/img\/imagem\/12424-h6m5u2s3i4w4s2p6.jpg,\/img\/imagem\/media_12424-h6m5u2s3i4w4s2p6.jpg,\/img\/imagem\/thumb_12424-h6m5u2s3i4w4s2p6.jpg,\/img\/imagem\/thumb_fix_12424-h6m5u2s3i4w4s2p6.jpg","texto":"Aleitamento Materno\u003Cbr \/\u003E\r\n\nCome?ou na ?ltima quinta-feira, 1?, a 22? Semana Mundial de Aleitamento Materno. E a campanha se intensifica em Itabaiana de 4 a 9 de agosto, realizada pelo Hospital e Maternidade S?o Jos? em parceria com a Secretaria Municipal de Sa?de e Prefeitura de Itabaiana. A programa??o come?a no domingo, 4, com as m?es participando do ?Mama?o? organizado pela Sociedade Sergipana de Pediatria que acontecer? ?s 14h no Centro de Arte e Cultura J. In?cio na Orla em Aracaju.\u003Cbr \/\u003E\r\n\nNa segunda, 5, acontece ? proposta de vota??o do Projeto de Lei da Semana Municipal da Doa??o de Leite Humano na C?mara de Vereadores de Itabaiana, ?s 9h. Na ter?a-feira, 6, ser? a abertura oficial da XXII Semana Mundial de Aleitamento Materno com o tema ?Apoio ?s M?es que amamentam: Pr?ximo, cont?nuo e oportuno?, ?s 9h no Audit?rio do Col?gio Dom Bosco para o seguinte p?blico alvo: Equipes de Sa?de da Fam?lia, do NASF, Conselhos de Sa?de, Movimentos Sociais e Secretarias Municipais de Sa?de da Regional Itabaiana.\u003Cbr \/\u003E\r\n\nNa quarta-feira, 7, acontece uma exposi??o com Atividades na Pra?a Jo?o Pessoa. Na quinta-feira, 8, ser? realizada uma campanha de Doa??o de Vidros para Coleta de Leite Humano nas escolas municipais. E a escola que mais doar vidros ganhar? um aparelho de DVD. Para finalizar a programa??o, na sexta-feira, 9, ?s 8h acontece na maternidade S?o Jos? a Celebra??o Eucar?stica e Homenagens para as m?es doadoras de leite e que amamentam.\u003Cbr \/\u003E\r\n\nMutir?o de cirurgias\u003Cbr \/\u003E\r\n\nA Prefeitura de Itabaiana atrav?s da Secretaria Municipal de Sa?de em parceria com o Instituto de Olhos de Sergipe (IOSE) estar? realizando na pr?xima segunda-feira, 05, mais 50 cirurgias de Pter?gio.\u003Cbr \/\u003E\r\n\n?Somente neste ano assim que a atual gest?o assumiu foram realizadas mais de 400 cirurgias eletivas. A a??o come?ou em mar?o e seguir? at? o m?s de setembro. O Mutir?o de Cirurgias ? um dos compromissos assumidos pela atual administra??o com o objetivo de diminuir o tempo e espera por atendimento na rede municipal de sa?de.\u003Cbr \/\u003E\r\n\nRiscos do colesterol\u003Cbr \/\u003E\r\n\nVisando conscientizar a popula??o sobre os riscos do colesterol, a equipe do NASF (N?cleo de Apoio ? Sa?de da Fam?lia) realizar? no pr?ximo 8, ?s 06h da manh?, na Pra?a Chiara Lubich, uma mobiliza??o junto ? popula??o sobre a import?ncia da pr?tica de Atividade F?sica e da Ingest?o de Alimentos Saud?veis no controle do colesterol\u003Cbr \/\u003E\r\n\n?\u003Cbr \/\u003E\r\n\nUma vez que as doen?as cardiovasculares s?o as principais causas de morte no mundo, e um dos principais problemas ? gerado pelas altas taxas de colesterol no organismo, que provocam derrame e infarto em casos mais graves.","tags":"noticias,prefeitura,itabaiana","publicacao":"2013-08-02 12:33:07","criado":"2013-08-02 12:33:07","alterado":"-0001-11-30 00:00:00"},{"id":3318,"categoria_id":"8","categoria":{"id":8,"nome":"CULTURA"},"autor_show":1,"titulo":"C\u00e2mara de Itabaiana retoma atividades para o segundo semestre","slug":"camara-de-itabaiana-retoma-atividades-para-o-segundo-semestre","subtitulo":"Prefeito Valmir de Francisquinho aproveitou a oportunidade para fazer um relato dos seus primeiros meses de gest\u00e3o","descricao":"C\u00e2mara de Itabaiana retoma atividades para o segundo semestre","imagem":"\/img\/imagem\/12422-e9b2m7i3u9s8z5f9.jpg,\/img\/imagem\/media_12422-e9b2m7i3u9s8z5f9.jpg,\/img\/imagem\/thumb_12422-e9b2m7i3u9s8z5f9.jpg,\/img\/imagem\/thumb_fix_12422-e9b2m7i3u9s8z5f9.jpg","texto":"Na manh? desta quinta-feira, 1?, a C?mara Municipal de Itabaiana retomou os trabalhos segundo semestre do per?odo legislativo de 2013. A convoca??o foi feita pela mesa diretora da casa, na pessoa do presidente, Jos? Roberto Oliveira dos Santos. A sess?o contou com a presen?a dos secret?rios Moacir Santana (Obras), e Anderson Christian de Souza (Comunica??o) e do prefeito Valmir de Francisquinho, que ouviu a oposi??o e respondeu os questionamentos feitos.\u003Cbr \/\u003E\r\n\nO prefeito aproveitou a oportunidade fazendo o uso da palavra na tribuna da casa legislativa e fez uma leve retrospectiva dos seus sete meses de mandato, citando as obras que foram paralisadas h? quatro anos atr?s quando a ex-prefeita Maria Mendon?a encerrou seu mandato. Falou tamb?m das obras iniciadas na gest?o passada que, sem motivos, foram paralisadas; frisou o uso das redes sociais pela juventude e pela oposi??o.\u003Cbr \/\u003E\r\n\nO anuncio feito pelo prefeito que mais agradou aos presentes foi de que ele planeja gratificar os garis e margaridas, adicionando R$ 200,00 ao sal?rio dos mesmos. Lembrou tamb?m dos que trabalham na coleta de lixo do nosso munic?pio, que j? recebem R$ 400,00 em gratifica??es mensais. Quando indagado sobre a realiza??o da festa de anivers?rio da cidade, Valmir anunciou que ser?o dois dias de festa na avenida, sem contar com as exposi??es da feira Agroshow, uma das maiores do Nordeste na ?rea da agricultura.\u003Cbr \/\u003E\r\n\nRepercuss?o\u003Cbr \/\u003E\r\n\n?Nos enche de muita satisfa??o ter um ex-colega do legislativo, hoje na maior posi??o do chefe do executivo, nos trazendo satisfa??o e seguran?a no que fazemos, prestigiado o Legislativo municipal. Aguardamos outros momentos iguais a esse?, avaliou o l?der da situa??o na C?mara, vereador Z? Teles.\u003Cbr \/\u003E\r\n\n?As coloca??es do prefeito foram positivas, quero parabeniza-lo. Eu respeito ? individualidade de todos os gestores e sei que a maioria deles, que j? passaram por esse munic?pio, n?o faziam esse papel. O certo ? voc? vir, explanar, ter essa mesa redonda, se submeter ao debate e ouvir as reivindica??es, ouvir os problemas?, disse a vereadora Ivoni Andrade, l?der da oposi??o, quando indagada sobre a participa??o do prefeito na sess?o.\u003Cbr \/\u003E\r\n\nJ? para o presidente da casa, o vereador Jos? Roberto Imperador, a atitude in?dita do prefeito em prestigiar a abertura do segundo semestre dos trabalhos legislativos indica renova??o e abertura ao di?logo. ?Valmir est? mostrando uma nova era, uma nova cara na nossa cidade. Espero que a juventude esteja entendendo isso?, disse Jos? Roberto.?","tags":"noticias,prefeitura,itabaiana","publicacao":"2013-08-01 17:00:07","criado":"2013-08-01 17:00:07","alterado":"-0001-11-30 00:00:00"},{"id":3317,"autor_show":1,"titulo":"Prefeito re\u00fane-se com a ACESE e a CDL de Itabaiana","slug":"prefeito-reune-se-com-a-acese-e-a-cdl-de-itabaiana","subtitulo":"A\u00e7\u00f5es para incentivar o com\u00e9rcio local, buscando atrair compradores de todo o estado, estiveram em pauta nas reuni\u00f5es","descricao":"Prefeito re\u00fane-se com a ACESE e a CDL de Itabaiana","imagem":"\/img\/imagem\/12421-q9x3m8i2q8f5q9x4.jpg,\/img\/imagem\/media_12421-q9x3m8i2q8f5q9x4.jpg,\/img\/imagem\/thumb_12421-q9x3m8i2q8f5q9x4.jpg,\/img\/imagem\/thumb_fix_12421-q9x3m8i2q8f5q9x4.jpg","texto":"Um dos compromissos firmados pelo prefeito de Itabaiana, Valmir de Francisquinho, durante o per?odo eleitoral passado, foi sempre estar dispon?vel para o setor produtivo e respons?vel pela gera??o de empregos na cidade. Neste contexto, as reuni?es j? realizadas tanto com a Associa??o Comercial e Empresarial de Itabaiana (Acese\/SE), como com a C?mara dos Dirigentes Lojistas (CDL), indicam que as a??es do prefeito efetivamente atendem aos interesses da comunidade itabaianense.\u003Cbr \/\u003E\r\n\n?Aqui, na prefeitura, estamos dispon?veis para todas as pessoas. E um setor t?o importante para a nossa cidade, como ? o com?rcio, tem todo o direito de vir pleitear apoio ?s suas a??es, enquanto n?s temos a obriga??o, dentro do que ? legalmente poss?vel, fazer o que estiver ao nosso alcance?, disse Valmir de Francisquinho.\u003Cbr \/\u003E\r\n\nAcese\u003Cbr \/\u003E\r\n\nO presidente da Acese\/SE, Luiz Bispo, esteve em reuni?o com o prefeito Valmir de Francisquinho, juntamente com demais membros, na manh? da ?ltima quarta-feira, 24, para deliberarem sobre o fortalecimento do com?rcio local e esclarecer as reais inten??es dos investidores argentinos que aqui estiveram com a inten??o de instalar um moderno frigorifico e a poss?vel constru??o de um moderno shopping atacadista.\u003Cbr \/\u003E\r\n\nComo o prefeito havia dito anteriormente, logo quando recebeu a visita dos representantes da C?mara do Com?rcio dos Pequenos e M?dios Empres?rios do Brasil e Mercado Internacional (CAMEMP); ?N?o irei tomar nenhuma decis?o de aceitar qualquer implanta??o de com?rcio estrangeiro sem antes consultar os representantes do com?rcio local, pois, foram eles os respons?veis pela pujan?a financeira e comercial que Itabaiana tem hoje?, disse Valmir.\u003Cbr \/\u003E\r\n\nCDL\u003Cbr \/\u003E\r\n\nJ? em reuni?o com a CDL, realizada na ?ltimas sexta-feira, 26, o presidente Edivaldo Francisco da Cunha falou ao prefeito Valmir sobre a relev?ncia em realizar a campanha Natal Luz e tamb?m externou a sua preocupa??o com o com?rcio local em rela??o a investidores externos. ?N?s queremos que Itabaiana cres?a e que tenhamos mais investimentos em nossa cidade, mas, devemos ter o cuidado e analisar bem esse tipo de investimento, para n?o acabarmos enfraquecendo o empres?rio genuinamente itabaianense?, destacou o presidente da C?mara de Dirigentes Lojistas de Itabaiana, o popular Edivaldo da Farm?cia.\u003Cbr \/\u003E\r\n\n?\u003Cbr \/\u003E\r\n\nAo finalizar a reuni?o, o prefeito Valmir de Francisquinho externou a sua disposi??o para apoiar as iniciativas dos que trabalham pelo crescimento da cidade. ?O que for de nossa al?ada, faremos. E mesmo o que n?o for, dentro da lei, apoiaremos. Inclusive j? damos a nossa contribui??o, pagando em dias os servidores e os fornecedores, o que aumenta a credibilidade da prefeitura, o que resulta em melhorias para a cidade como um todo, inclusive para nosso com?rcio?, sentenciou Valmir.","tags":"noticias,prefeitura,itabaiana","publicacao":"2013-08-01 15:45:27","criado":"2013-08-01 15:45:27","alterado":"-0001-11-30 00:00:00"},{"id":3316,"categoria_id":"9","categoria":{"id":9,"nome":"ECONOMIA"},"autor_show":1,"titulo":"Junta Militar do munic\u00edpio de Itabaiana ganha nova sede","slug":"junta-militar-do-municipio-de-itabaiana-ganha-nova-sede","subtitulo":"Al\u00e9m de receber os jovens itabaianenses, Junta atende a dezessete munic\u00edpios do interior sergipano","descricao":"Junta Militar do munic\u00edpio de Itabaiana ganha nova sede","imagem":"\/img\/imagem\/12420-h7j6j7g4j7z2i1u2.jpg,\/img\/imagem\/media_12420-h7j6j7g4j7z2i1u2.jpg,\/img\/imagem\/thumb_12420-h7j6j7g4j7z2i1u2.jpg,\/img\/imagem\/thumb_fix_12420-h7j6j7g4j7z2i1u2.jpg","texto":"Cuidar dos jovens itabaianenses da melhor forma poss?vel ? um compromisso da prefeitura da cidade. E a administra??o municipal faz a sua parte em todas as frentes, a exemplo da 3? Delegacia de Servi?o Militar e a Junta Militar de Itabaiana que, sob o comando do 1? Tenente Altair Schmoeller, ganharam nova sede para melhor atender a popula??o.\u003Cbr \/\u003E\r\n\nA nova sede est? localizada na Pra?a Jo?o Pessoa, esquina com a Rua Jackson de Figueiredo, onde anteriormente funcionava a farm?cia Chagas. As instala??es contam com seis funcion?rios, dentre eles o Tenente.? Tanto a 3? Delegacia quanto a Junta Militar funcionam em parceria com a prefeitura de Itabaiana.\u003Cbr \/\u003E\r\n\n?\u003Cbr \/\u003E\r\n\nNo local s?o alistados os jovens que est?o em idade de prestar o Servi?o Militar, bem como s?o realizados todos os servi?os referentes a regi?o pela qual a Junta ? respons?vel. Al?m do munic?pio de Itabaiana, a 3? Delegacia atua de forma regional, comandando um bloco de 17 munic?pios sergipanos.?","tags":"noticias,prefeitura,itabaiana","publicacao":"2013-07-31 15:34:09","criado":"2013-07-31 15:34:09","alterado":"-0001-11-30 00:00:00"},{"id":3315,"categoria_id":"5","categoria":{"id":5,"nome":"PLANEJAMENTO"},"autor_show":1,"titulo":"Itabaiana ter\u00e1 projeto A\u00e7\u00e3o Sustent\u00e1vel na Semana da Independ\u00eancia","slug":"itabaiana-tera-projeto-acao-sustentavel-na-semana-da-independencia","subtitulo":"Prefeito Valmir de Francisquinho dever\u00e1 anunciar a programa\u00e7\u00e3o completa em entrevista coletiva","descricao":"Itabaiana ter\u00e1 projeto A\u00e7\u00e3o Sustent\u00e1vel na Semana da Independ\u00eancia","imagem":"\/img\/imagem\/,\/img\/imagem\/media_,\/img\/imagem\/thumb_,\/img\/imagem\/thumb_fix_","texto":"As a??es para comemorar o dia 7 de setembro, o Dia da Independ?ncia, j? come?aram a ser planejadas em Itabaiana. O secret?rio Municipal de Ind?stria e Com?rcio, Altamiro Brasil, realizou na manh? desta quarta-feira, 31, uma reuni?o aonde foi definida a realiza??o do projeto A??o Sustent?vel ? Semana da Independ?ncia, que ser? realizado em diversos pontos da cidade, com concentra??o na pra?a General Jo?o Pereira.\u003Cbr \/\u003E\r\n\nA iniciativa do secret?rio ? para que haja uma parceria e integra??o dentre todas as secretarias do munic?pio para realiza??o do evento. A exemplo do Desenvolvimento social, que ficar? respons?vel pelo coral de idosas que ir?o executar o hino nacional na abertura e no encerramento das festividades.\u003Cbr \/\u003E\r\n\nDentre as atividades da semana, passeio cicl?stico pelas ruas de nossa cidade, jogos como Handebol, Queimado, V?lei, Futsal, dentre outros. O secret?rio aproveitou a oportunidade para destacar que numa entrevista coletiva, concedida pelo prefeito Valmir de Francisquinho em breve, servir? para o an?ncio de toda a programa??o do evento.\u003Cbr \/\u003E\r\n\n?","tags":"noticias,prefeitura,itabaiana","publicacao":"2013-07-31 15:26:15","criado":"2013-07-31 15:26:15","alterado":"-0001-11-30 00:00:00"},{"id":3314,"categoria_id":"4","categoria":{"id":4,"nome":"OPORTUNIDADE"},"autor_show":1,"titulo":"Prefeitura de Itabaiana realiza segunda opera\u00e7\u00e3o tapa buraco","slug":"prefeitura-de-itabaiana-realiza-segunda-operacao-tapa-buraco","subtitulo":"A\u00e7\u00e3o visa recuperar vias danificadas pelas chuvas que ca\u00edram no munic\u00edpio nos \u00faltimos dois meses","descricao":"Prefeitura de Itabaiana realiza segunda opera\u00e7\u00e3o tapa buraco","imagem":"\/img\/imagem\/12419-e2x7t9k4t7y7u3u8.jpg,\/img\/imagem\/media_12419-e2x7t9k4t7y7u3u8.jpg,\/img\/imagem\/thumb_12419-e2x7t9k4t7y7u3u8.jpg,\/img\/imagem\/thumb_fix_12419-e2x7t9k4t7y7u3u8.jpg","texto":"A Prefeitura de Itabaiana, atrav?s da secretaria de Obras, realiza desde esta ter?a-feira, 30, a segunda opera??o tapa buracos.As avenidas Manoel Francisco Teles e Dr. Luiz Magalh?es ser?o revistadas e ter?o um recapeamento asf?ltico nas ?reas mais cr?ticas. Ambas haviam passado pela primeira etapa da opera??o, visando a Feira do Caminh?o, ocorrida em junho ?ltimo, mas, devido as fortes chuvas, a a??o foi interrompida temporariamente.\u003Cbr \/\u003E\r\n\n?At? pedimos desculpas a popula??o pelo transtorno causado. Mas, a raz?o para a interrup??o foi positiva, pois as chuvas s?o sempre bem vindas, ajudando aos nossos agricultores. E fazer uma opera??o desse porte com muitas chuvas, seria desperdi?ar dinheiro. E, na nossa gest?o, os recursos p?blicos s?o respeitados e gastos de maneira respons?vel?, destacou Valmir de Francisquinho ao informar a retomada dos servi?os de recapeamento asf?ltico nos locais necess?rios.\u003Cbr \/\u003E\r\n\nDe acordo com respons?vel pela organiza??o da equipe terceirizada da empresa FM Transporte, Bruno Abud, na primeira opera??o, al?m do asfalto, a av. Francisco Bragan?a ganhou quatro quebra-molas e, agora, deve ganhar mais tr?s, atendendo aos pedidos da popula??o do Bairro Bananeiras e adjac?ncias. Abud salienta ainda que a empresa foi contratada para a realiza??o dos servi?os com recursos pr?prios do munic?pio.\u003Cbr \/\u003E\r\n\nA opera??o n?o tem prazo de t?rmino. A conclus?o ser? assim que toda malha asf?ltica de Itabaiana seja revista e tenha os devidos reparos realizados. No decorrer desta semana, a av. Zefinha de Capitulino, no bairro S?tio Porto, dever? receber ainda mais quebra-molas, al?m da continuidade dos demais servi?os ofertados pela opera??o.","tags":"noticias,prefeitura,itabaiana","publicacao":"2013-07-30 14:50:01","criado":"2013-07-30 14:50:01","alterado":"-0001-11-30 00:00:00"}],"busca":null}