{"pagina_atualizada_em":"2026-04-24T11:58:34-03:00","categorias":[{"id":13,"nome":"AGRICULTURA","criado":"2023-06-20 10:30:32","alterado":"2023-06-20 10:30:32"},{"id":19,"nome":"ASSIST\u00caNCIA","criado":"2023-08-08 08:58:10","alterado":"2023-08-08 08:58:10"},{"id":8,"nome":"CULTURA","criado":"2021-04-20 12:09:30","alterado":"2021-04-20 12:09:30"},{"id":9,"nome":"ECONOMIA","criado":"2021-04-22 11:53:46","alterado":"2021-04-22 11:53:46"},{"id":2,"nome":"EDUCA\u00c7\u00c3O","criado":"2021-04-20 12:06:51","alterado":"2021-04-20 12:06:51"},{"id":7,"nome":"ESPORTE","criado":"2021-04-20 12:09:22","alterado":"2021-04-20 12:09:22"},{"id":10,"nome":"EVENTO","criado":"2023-05-30 10:57:36","alterado":"2023-05-30 10:57:36"},{"id":11,"nome":"FESTA DOS CAMINHONEIROS","criado":"2023-06-05 12:14:21","alterado":"2023-06-05 12:14:21"},{"id":20,"nome":"FESTIVIDADES","criado":"2023-08-22 12:11:23","alterado":"2023-08-22 12:12:32"},{"id":12,"nome":"INAUGURA\u00c7\u00c3O","criado":"2023-06-16 11:49:28","alterado":"2023-06-16 11:49:28"},{"id":22,"nome":"MEIO AMBIENTE","criado":"2023-10-03 09:43:15","alterado":"2023-10-03 09:43:15"},{"id":21,"nome":"MICARANA 2023","criado":"2023-08-25 08:29:14","alterado":"2023-08-25 08:29:14"},{"id":23,"nome":"NOTA","criado":"2023-11-08 10:15:32","alterado":"2023-11-08 10:15:32"},{"id":3,"nome":"OBRAS","criado":"2021-04-20 12:07:05","alterado":"2021-04-20 12:07:05"},{"id":4,"nome":"OPORTUNIDADE","criado":"2021-04-20 12:07:32","alterado":"2023-10-25 08:11:14"},{"id":15,"nome":"PARCERIA","criado":"2023-06-23 12:20:02","alterado":"2023-06-23 12:20:02"},{"id":5,"nome":"PLANEJAMENTO","criado":"2021-04-20 12:09:05","alterado":"2021-04-20 12:09:05"},{"id":18,"nome":"RELIGIOSIDADE","criado":"2023-08-04 09:29:43","alterado":"2023-08-04 09:29:43"},{"id":1,"nome":"SA\u00daDE","criado":"2021-04-20 12:06:42","alterado":"2021-04-20 12:06:42"},{"id":16,"nome":"SEGURAN\u00c7A","criado":"2023-07-06 13:15:40","alterado":"2023-07-06 13:15:40"},{"id":6,"nome":"SOCIAL","criado":"2021-04-20 12:09:11","alterado":"2021-04-20 12:09:11"},{"id":14,"nome":"TECNOLOGIA","criado":"2023-06-21 11:05:02","alterado":"2023-06-21 11:05:02"},{"id":17,"nome":"TR\u00c2NSITO","criado":"2023-08-01 12:42:59","alterado":"2023-08-01 12:43:08"},{"id":24,"nome":"TURISMO","criado":"2024-03-26 10:52:52","alterado":"2024-03-26 10:52:52"}],"categoria":null,"paginacao":{"atual":384,"proxima":385,"anterior":383,"total_registros":4725,"total_paginas":394},"itens":[{"id":3313,"categoria_id":"8","categoria":{"id":8,"nome":"CULTURA"},"autor_show":1,"titulo":"UFS investir\u00e1 16 milh\u00f5es no Campus de Itabaiana","slug":"ufs-investira-16-milhoes-no-campus-de-itabaiana","subtitulo":"Prefeitura da cidade doou terreno que servir\u00e1 para a amplia\u00e7\u00e3o da institui\u00e7\u00e3o na cidade","descricao":"UFS investir\u00e1 16 milh\u00f5es no Campus de Itabaiana","imagem":"\/img\/imagem\/12418-c9b6u1c8c8r8m7k2.jpg,\/img\/imagem\/media_12418-c9b6u1c8c8r8m7k2.jpg,\/img\/imagem\/thumb_12418-c9b6u1c8c8r8m7k2.jpg,\/img\/imagem\/thumb_fix_12418-c9b6u1c8c8r8m7k2.jpg","texto":"Na tarde da ?ltima quinta-feira, 25, o reitor da Universidade Federal de Sergipe (UFS), ?ngelo Roberto Antoniolli, acompanhado do vice-reitor da institui??o, Andr? Mauricio Concei??o de Souza, e diretor geral do campus de Itabaiana, ?der Mateus de Souza, reuniu-se com o prefeito Valmir de Francisquinho. Na oportunidade, o gestor municipal assinou o termo de doa??o do terreno para amplia??o da UFS em Itabaiana. Anteriormente, o Legislativo itabaianense j? havia aprovado a cess?o do espa?o.\u003Cbr \/\u003E\r\n\nDe posse da escritura comprovando a doa??o feita pelo munic?pio, a UFS dar? in?cio ?s obras, que custar?o R$ 16 milh?es e iniciar?o ainda esse ano, ap?s conclus?o do projeto. ?Como prefeito eu fico feliz em poder ajudar na doa??o do terreno para a amplia??o desse sonho que foi concretizado na gest?o da ex-prefeita e hoje deputada estadual, Maria Mendon?a. Tenho certeza que, mais uma vez, Itabaiana nos dar? uma nova gama de grandes nomes da intelectualidade e do conhecimento, que far?o a diferen?a no Estado de Sergipe e pelo mundo afora,? declarou o prefeito.\u003Cbr \/\u003E\r\n\nSegundo o reitor, a iniciativa de amplia??o de espa?os e de novos cursos para os Campi da Universidade no interior do Estado parte dos anseios da pr?pria comunidade local, que se organiza em parceria com o poder p?blico municipal para trazer e tornar o ambiente de forma??o diferenciado. Na conversa com o prefeito de Itabaiana, o reitor aproveitou para colocar a institui??o de ensino superior ? disposi??o da administra??o no sentido de estreitar os la?os com a sociedade local,\u003Cbr \/\u003E\r\n\nA partir de um estudo da pr?pria Universidade, que realiza a escolha para sua expans?o a partir da an?lise socioecon?mica de cada regi?o, Itabaiana encaixa-se nos pr?-requisitos que exigem uma amplia??o. ?Temos a inten??o de casar os anseios da Universidade com os anseios da sociedade e assim consolidar o ensino. Para isso, queremos estabelecer um dialogo com o itabaianense para sabermos quais cursos ainda s?o necess?rios nessa nova did?tica que ser? constru?da?, frisou o professor ?ngelo Antoniolli.","tags":"noticias,prefeitura,itabaiana","publicacao":"2013-07-30 14:39:04","criado":"2013-07-30 14:39:04","alterado":"-0001-11-30 00:00:00"},{"id":3312,"categoria_id":"6","categoria":{"id":6,"nome":"SOCIAL"},"autor_show":1,"titulo":"Testes r\u00e1pidos de hepatite seguem sendo realizados em Itabaiana","slug":"testes-rapidos-de-hepatite-seguem-sendo-realizados-em-itabaiana","subtitulo":"Centro de Testagem e Aconselhamento (CTA), em parceria com a Secretaria de Sa\u00fade, est\u00e1 realizando exames","descricao":"Testes r\u00e1pidos de hepatite seguem sendo realizados em Itabaiana","imagem":"\/img\/imagem\/12417-e9s2p1z6y8j9c5i2.jpg,\/img\/imagem\/media_12417-e9s2p1z6y8j9c5i2.jpg,\/img\/imagem\/thumb_12417-e9s2p1z6y8j9c5i2.jpg,\/img\/imagem\/thumb_fix_12417-e9s2p1z6y8j9c5i2.jpg","texto":"Durante esse m?s de Julho, a prefeitura de Itabaiana, atrav?s do Centro de Testagem e Aconselhamento (CTA) em parceria com a Secretaria Municipal de Sa?de, est? realizando exames de testes r?pidos de Hepatite. Nesta segunda-feira, 29, a Cl?nica de Sa?de Manoel Pereira, no bairro Porto, recebeu a equipe do CTA, que disponibilizou v?rios exames preventivos.\u003Cbr \/\u003E\r\n\nA secret?ria de Sa?de, Andr?a Reis Mendon?a, se fez presente na unidade e afirmou que o objetivo principal ? a preven??o. ?As pessoas que conseguem fazer o diagn?stico, conseguem tratar e ter uma qualidade de vida melhor, evitar que no futuro tenham outras complica??es, como um c?ncer de f?gado, uma cirrose hep?tica?, explicou.\u003Cbr \/\u003E\r\n\nDe acordo com a Coordenadora do CTA, Josefa Maria Neta, as pessoas que n?o conseguiram realizar o exame e que tenham interesse, basta procurar o CTA localizado no Centro de Especialidades Odontol?gicas (CEO). ?Aquelas que t?m d?vida, que procurem o CTA para fazer todo tipo de teste de Hepatite, HIV, porque o CTA est? l? exatamente para atender a popula??o de Itabaiana e regi?o, para que todos possam se prevenir. Se for feito o diagn?stico, o tratamento pode ter in?cio rapidamente?, ressalta.\u003Cbr \/\u003E\r\n\nOs exames s?o gratuitos e podem ser realizados sem encaminhamento ou autoriza??o m?dica. Em trinta minutos o diagn?stico ? informado. Na pr?xima quarta-feira, 31, a equipe do CTA estar? realizando esses mesmos exames na Unidade de Sa?de do Bairro Miguel Teles, das 08 ?s 12h.","tags":"noticias,prefeitura,itabaiana","publicacao":"2013-07-28 14:34:12","criado":"2013-07-28 14:34:12","alterado":"-0001-11-30 00:00:00"},{"id":3311,"categoria_id":"4","categoria":{"id":4,"nome":"OPORTUNIDADE"},"autor_show":1,"titulo":"Setor de Meio Ambiente promove Conscientiza\u00e7\u00e3o Ambiental","slug":"setor-de-meio-ambiente-promove-conscientizacao-ambiental","subtitulo":"A\u00e7\u00e3o buscou levar informa\u00e7\u00e3o e conhecimento aos moradores do entorno do A\u00e7ude da Macela","descricao":"Setor de Meio Ambiente promove Conscientiza\u00e7\u00e3o Ambiental","imagem":"\/img\/imagem\/12416-z1i2r7j9y4i1e9r5.jpg,\/img\/imagem\/media_12416-z1i2r7j9y4i1e9r5.jpg,\/img\/imagem\/thumb_12416-z1i2r7j9y4i1e9r5.jpg,\/img\/imagem\/thumb_fix_12416-z1i2r7j9y4i1e9r5.jpg","texto":"Os servidores do setor de Meio Ambiente da Secretaria de Planejamento e do Desenvolvimento Sustent?vel, junto aos servidores da Advocacia Geral do munic?pio, promoveram nesta ?ltima semana uma a??o de conscientiza??o ambiental com os moradores do entorno do A?ude da Macela.\u003Cbr \/\u003E\r\n\nA a??o foi destinada ? sensibiliza??o quanto ao uso de agrot?xico pelos agricultores da regi?o, bem como a disposi??o do lixo de forma inadequada no entorno do a?ude. Enfatizando-se os riscos que os mesmos possuem tamb?m para a popula??o que consome os alimentos por eles comercializados.\u003Cbr \/\u003E\r\n\nTamb?m se destacou a import?ncia do descarte dos recipientes em que se armazenam tais produtos, que n?o devem ser reaproveitados e serem destinados a locais apropriados. Por fim, foi realizado cadastro das fam?lias para o cont?nuo acompanhamento dos t?cnicos da Prefeitura naquela regi?o.\u003Cbr \/\u003E\r\n\nDe acordo com as Auditoras Ambientais do munic?pio, Aline Lima e Ana Paula, a??es como essa ser?o cada vez mais constantes, pois o cidad?o itabaianense deve estar cada vez mais consciente de suas responsabilidades e das problem?ticas que envolvem as quest?es ambientais em Itabaiana.?\u003Cbr \/\u003E\r\n\n?","tags":"noticias,prefeitura,itabaiana","publicacao":"2013-07-25 11:47:29","criado":"2013-07-25 11:47:29","alterado":"-0001-11-30 00:00:00"},{"id":3310,"autor_show":1,"titulo":"Evento destaca forma\u00e7\u00e3o continuada de professores itabaianenses","slug":"evento-destaca-formacao-continuada-de-professores-itabaianenses","subtitulo":"Semin\u00e1rio teve como o objetivo de oferecer e subsidiar a pr\u00e1tica educacional, ampliando e aperfei\u00e7oando tem\u00e1ticas","descricao":"Evento destaca forma\u00e7\u00e3o continuada de professores itabaianenses","imagem":"\/img\/imagem\/12415-w7i9f5d1q9k8t9z3.jpg,\/img\/imagem\/media_12415-w7i9f5d1q9k8t9z3.jpg,\/img\/imagem\/thumb_12415-w7i9f5d1q9k8t9z3.jpg,\/img\/imagem\/thumb_fix_12415-w7i9f5d1q9k8t9z3.jpg","texto":"Aconteceu nos dias 17, 18, 19 de julho o ?I Semin?rio de Forma??o Continuada para Professores da Educa??o B?sica da Rede Municipal de Ensino de Itabaiana?. Com o tema ?Forma??o Continuada: Possibilidade de Reflex?o e Mudan?a na Pr?tica Docente?, o Semin?rio teve como o objetivo de oferecer e subsidiar a pr?tica educacional, ampliando e aperfei?oando sobre as tem?ticas provinha Brasil, Prova Brasil, PPP e quest?es norteadoras da educa??o infantil, como momento de reflex?o em busca de uma educa??o municipal de qualidade social.\u003Cbr \/\u003E\r\n\n?Educa??o ? algo que, para funcionar bem, tem que estar em constante evolu??o. E esse tipo de evento oferece justamente as ferramentas necess?rias para que a evolu??o, a especializa??o de forma continuada e ativa se tornem realidade em nossa rede?, destacou o prefeito Valmir de Francisquinho.\u003Cbr \/\u003E\r\n\nNa sexta-feira, 19, o encerramento aconteceu no Audit?rio do Campus da UFS de Itabaiana e contou com a presen?a do Prefeito Valmir dos Santos Costa, da Deputada Maria Mendon?a, da Secret?ria Maria do Carmo Mendon?a Andrade, do Presidente da C?mara de Vereadores Jos? Roberto Oliveira e do Vereador Jo?o C?ndido Sobrinho que assistiram ? palestra proferida por Antonio Neto sobre Motiva??o e Compet?ncia Profissional para Educa??o.\u003Cbr \/\u003E\r\n\nO prefeito Valmir de Francisquinho elogiou a iniciativa da secretaria municipal de educa??o e disse que ? sempre importante oferecer para os servidores cursos de capacita??o para um melhor desempenho dos mesmos junto ao servi?o p?blico.","tags":"noticias,prefeitura,itabaiana","publicacao":"2013-07-20 11:30:22","criado":"2013-07-20 11:30:22","alterado":"-0001-11-30 00:00:00"},{"id":3309,"autor_show":1,"titulo":"Sa\u00fade masculina \u00e9 destaque em a\u00e7\u00e3o de secretaria","slug":"saude-masculina-e-destaque-em-acao-de-secretaria","subtitulo":"A pasta da Sa\u00fade de Itabaiana realizou diversos exames, al\u00e9m de conscientiza\u00e7\u00e3o do p\u00fablico masculino em comemora\u00e7\u00e3o ao Dia Nacional do Homem","descricao":"Sa\u00fade masculina \u00e9 destaque em a\u00e7\u00e3o de secretaria","imagem":"\/img\/imagem\/12414-b4z9y9v6y4b1u9b3.jpg,\/img\/imagem\/media_12414-b4z9y9v6y4b1u9b3.jpg,\/img\/imagem\/thumb_12414-b4z9y9v6y4b1u9b3.jpg,\/img\/imagem\/thumb_fix_12414-b4z9y9v6y4b1u9b3.jpg","texto":"Dando prosseguimento as atividades do Dia do Homem, a Secretaria Municipal de Sa?de de Itabaiana, em parceria com o NASF (N?cleo de Apoio a Sa?de da Fam?lia) realizou mais uma etapa de atendimentos durante a manh? desta quarta-feira, 17, na Pra?a Jo?o Pessoa, no centro da cidade.\u003Cbr \/\u003E\r\n\n?Estamos realizando esses atendimentos como apoio da Sa?de do munic?pio, tendo por objetivo a promo??o da sa?de do homem. Uma vez que eles n?o t?m o habitual costume de procurar o m?dico, n?s ent?o viemos ? rua para podermos realizar essa conscientiza??o,? destacou a psic?loga Gilv?nia Santos, membro da equipe.\u003Cbr \/\u003E\r\n\nA iniciativa contou com a participa??o de sete profissionais; fisioterapeuta, educador f?sico, psic?loga e nutricionista. Al?m disso, eram realizados exames de HIV e S?filis com o resultado em 30 minutos, como tamb?m aferimento de press?o.\u003Cbr \/\u003E\r\n\nOrienta??es sobre alcoolismo, tabagismo, c?ncer de pr?stata e nutri??o do homem tamb?m eram realizadas no stand. ?? muito bom poder levar alguns servi?os b?sicos de sa?de mais pr?ximo das pessoas, o homem tem que se orientar a procurar mais o m?dico e cuidar da sa?de?, disse o professor Gil da Caja?ba.\u003Cbr \/\u003E\r\n\nAtendimentos\u003Cbr \/\u003E\r\n\nO resultado do projeto Sa?de do Homem foi satisfat?rio, pois atingiu um n?mero consider?vel de atendimentos, assim como atuou na conscientiza??o do p?blico masculino. Ao todo foram realizados 205 exames para diagn?stico de HIV e hepatite, 95 exames de s?filis e 225 aferi??es de PA.","tags":"noticias,prefeitura,itabaiana","publicacao":"2013-07-18 17:00:50","criado":"2013-07-18 17:00:50","alterado":"-0001-11-30 00:00:00"},{"id":3308,"autor_show":1,"titulo":"Prefeitura entrega nova sede ao Conselho Tutelar","slug":"prefeitura-entrega-nova-sede-ao-conselho-tutelar","subtitulo":"Itabaiana garante estrutura e local adequado para garantir que o trabalho dos conselheiros seja realizado","descricao":"Prefeitura entrega nova sede ao Conselho Tutelar","imagem":"\/img\/imagem\/12413-c4z5g9m7h4q2h5b9.jpg,\/img\/imagem\/media_12413-c4z5g9m7h4q2h5b9.jpg,\/img\/imagem\/thumb_12413-c4z5g9m7h4q2h5b9.jpg,\/img\/imagem\/thumb_fix_12413-c4z5g9m7h4q2h5b9.jpg","texto":"Um dos endere?os que prezam pelos direitos dos cidad?os itabaianenses, em especial as crian?as e adolescentes, agora est? localizado ? Rua Itaporanga, n? 335. Trata-se do Conselho Tutelar de Itabaiana, a nova sede do Conselho foi entregue pela Prefeitura e j? est? em pleno funcionamento.\u003Cbr \/\u003E\r\n\nPara o advogado geral do munic?pio, Lucas Cardinali, essa a??o da prefeitura demonstra toda boa vontade da atual gest?o em resolver os problemas da coletividade. ?Era um requerimento antigo que a sede do Conselho Tutelar estivesse pr?ximo aos ?rg?os judici?rios para ajudar na praticidade da solu??o de causas, sem esquecer de dar uma estrutura??o eficiente para isso?, frisou Dr. Lucas.\u003Cbr \/\u003E\r\n\nAl?m da nova sede, os conselheiros contam com um autom?vel e uma motocicleta para o desempenho de suas fun??es, e ainda receberam uma m?quina digital, um novo computador com impressora e servi?o de internet de 1 mega interligado por servi?o wi-fi entre os aparelhos do ambiente. ?Tivemos a preocupa??o de garantir uma internet mais ?gil para os conselheiros, pois assim facilitamos o acesso e registro de dados necess?rios para que eles desenvolvam os trabalhos de forma pr?tica?, declarou Gildo Ant?nio, chefe do Departamento de Tecnologia da PMI.\u003Cbr \/\u003E\r\n\n?\u003Cbr \/\u003E\r\n\nAgora, al?m do telefone fixo, 3431-9703, os conselheiros tutelares t?m mais um meio de contato, trata-se de um aparelho celular que tamb?m foi doado pela Prefeitura de Itabaiana, com o n?mero 9951-7078, onde, juntamente com o telefone fixo, os cidad?os poder?o fazer suas den?ncias sobre viola??o de direitos dos pequenos e jovens itabaianenses. ?Esse novo endere?o onde a sede foi instalada ? ideal para o nosso trabalho. Sendo uma sede bem localizada, as pessoas tendem a procurar com mais frequ?ncia do que antes, assim facilitando o registro de denuncias pessoalmente, que se torna melhor do que por liga??o telef?nica?, destacou a conselheira tutelar, Bruna Tamise.","tags":"noticias,prefeitura,itabaiana","publicacao":"2013-07-17 13:28:59","criado":"2013-07-17 13:28:59","alterado":"-0001-11-30 00:00:00"},{"id":3307,"autor_show":1,"titulo":"Itabaiana dobra n\u00famero de alunos atendidos pelo PSE","slug":"itabaiana-dobra-numero-de-alunos-atendidos-pelo-pse","subtitulo":"Programa Sa\u00fade na Escola \u00e9 uma parceria entre o Governo Federal e a administra\u00e7\u00e3o municipal","descricao":"Itabaiana dobra n\u00famero de alunos atendidos pelo PSE","imagem":"\/img\/imagem\/12412-z4r1h7t4u2t8b5m5.jpg,\/img\/imagem\/media_12412-z4r1h7t4u2t8b5m5.jpg,\/img\/imagem\/thumb_12412-z4r1h7t4u2t8b5m5.jpg,\/img\/imagem\/thumb_fix_12412-z4r1h7t4u2t8b5m5.jpg","texto":"As secret?rias municipais Andr?a Reis Mendon?a (Sa?de) e Maria do Carmo Mendon?a Andrade (Educa??o), assinaram, na ?ltima sexta-feira, dia 12, o contrato de ades?o ao Sa?de na Escola (PSE), programa federal que leva ?s escolas a??es de preven??o, promo??o e aten??o ? sa?de de crian?as, adolescentes e jovens do ensino b?sico p?blico de Itabaiana.\u003Cbr \/\u003E\r\n\nEm 2012 o munic?pio de Itabaiana fez a ades?o de 16 escolas municipais e cinco estaduais e foi pactuado o atendimento de 5.000 educandos. Para o ano de 2013 a Secretaria Municipal de Sa?de e de Educa??o fez a ades?o de 33 escolas, sendo 26 escolas municipais, incluindo as cinco creches existentes no munic?pio e sete escolas estaduais. Todas essas escolas fazem parte do grupo Priorit?rio. Foi realizada ades?o do programa em todas as equipes de sa?de da fam?lia de Itabaiana e ir? atender 9.214 educandos.\u003Cbr \/\u003E\r\n\nPara esse ano o diferencial est? no atendimento ?s creches e alunos de educa??o infantil que antes n?o faziam parte do programa. Na universaliza??o de ades?o foram inclu?das as equipes de sa?de da Zona Rural do Povoado P? do Veado e a do Povoado Serra, que ir?o realizar as a??es das escolas da regi?o desses povoados.\u003Cbr \/\u003E\r\n\n?Segundo a Assistente Social e Coordenadora do Programa no munic?pio, M?rcia Cunha, a meta ? come?ar j? no in?cio de agosto. ?Assim que come?arem as aulas do segundo semestre da rede municipal e estadual iremos programar as a??es de avalia??o, promo??o e preven??o de sa?de dos nossos educandos, em parceria com todos os profissionais das equipes de sa?de da Fam?lia, do NASF- N?cleo de Apoio ? Sa?de da Fam?lia, da SMTT, CAPS- Centro de Aten??o Psicossocial, CTA- Centro de Testagem e Aconselhamento DST\/AIDS, CRAS - Centro de Referencia da Assist?ncia Social, Conselhos Tutelares, entre outros?, disse.\u003Cbr \/\u003E\r\n\nO Que ? o PSE?\u003Cbr \/\u003E\r\n\nO Programa Sa?de na Escola (PSE), pol?tica intersetorial da Sa?de e da Educa??o, foi institu?do em 2007. As pol?ticas de sa?de e educa??o voltadas ?s crian?as, adolescentes, jovens e adultos da educa??o p?blica brasileira se unem para promover sa?de e educa??o integral. A articula??o entre Escola e Rede B?sica de Sa?de ? a base do Programa Sa?de na Escola. O PSE ? uma estrat?gia de integra??o da sa?de e educa??o para o desenvolvimento da cidadania e da qualifica??o das pol?ticas p?blicas brasileiras.","tags":"noticias,prefeitura,itabaiana","publicacao":"2013-07-17 12:17:29","criado":"2013-07-17 12:17:29","alterado":"-0001-11-30 00:00:00"},{"id":3306,"autor_show":1,"titulo":"Setor de Meio Ambiente recebe visita de t\u00e9cnicos de Est\u00e2ncia","slug":"setor-de-meio-ambiente-recebe-visita-de-tecnicos-de-estancia","subtitulo":"Equipe da cidade da regi\u00e3o Sul esteve em Itabaiana buscando informa\u00e7\u00f5es sobre atividades empreendidas","descricao":"Setor de Meio Ambiente recebe visita de t\u00e9cnicos de Est\u00e2ncia","imagem":"\/img\/imagem\/12411-d4m8y2d1i8b6v9q1.jpg,\/img\/imagem\/media_12411-d4m8y2d1i8b6v9q1.jpg,\/img\/imagem\/thumb_12411-d4m8y2d1i8b6v9q1.jpg,\/img\/imagem\/thumb_fix_12411-d4m8y2d1i8b6v9q1.jpg","texto":"O setor de Meio Ambiente da Secretaria de Planejamento e do Desenvolvimento Sustent?vel, recebeu na ?ltima sexta-feira, 6, a visita dos t?cnicos da Secretaria de Meio Ambiente da Cidade de Est?ncia. Na ocasi?o, foram informados os procedimentos existentes na secretaria e quais s?o os projetos a serem implantados. \u003Cbr \/\u003E\r\n\nOs t?cnicos da cidade de Est?ncia, sabedores da import?ncia do ?rg?o de Itabaiana, e ciente de seu pioneirismo, devido ao fato de Itabaiana ter sido o primeiro munic?pio a ter autoriza??o da ADEMA (Administra??o Estadual do Meio Ambiente) para a emiss?o de Licenciamento Ambiental Simplificado, procuraram o setor de meio ambiente do munic?pio para obter orienta??o necess?ria para que o ?rg?o de Est?ncia possa funcionar de forma semelhante ao de Itabaiana.\u003Cbr \/\u003E\r\n\nDe acordo com as Auditoras Ambientais do Munic?pio de Itabaiana, Ana Paula Mendon?a e Aline Lima, o setor de meio ambiente estar? de portas abertas para contribuir com outros munic?pios que tenham interesse em iniciar o trabalho ambiental em suas respectivas cidades, pois o nosso ecossistema necessita de a??es destinadas a sua prote??o, e cabe ao setor p?blico ter um olhar diferenciado para toda a problem?tica ambiental existente nos munic?pios. \u003Cbr \/\u003E\r\n\nO secret?rio de Planejamento e Desenvolvimento Sustent?vel, Moacir Santana, visualiza grandes melhorias na ?rea ambiental de Itabaiana nos pr?ximos anos. ?Estou contente em ver nossa cidade sendo utilizada como refer?ncia para outros munic?pios em rela??o ao desenvolvimento das tarefas e procedimentos relacionados ao meio ambiente?, frisou.","tags":"noticias,prefeitura,itabaiana","publicacao":"2013-07-17 12:06:17","criado":"2013-07-17 12:06:17","alterado":"-0001-11-30 00:00:00"},{"id":3305,"autor_show":1,"titulo":"Sa\u00fade itabaianense realiza teste de hepatite de forma itinerante","slug":"saude-itabaianense-realiza-teste-de-hepatite-de-forma-itinerante","subtitulo":"Secretaria levar\u00e1 at\u00e9 a popula\u00e7\u00e3o o exame, al\u00e9m de palestras e v\u00eddeos que esclarecem d\u00favidas sobre o tema","descricao":"Sa\u00fade itabaianense realiza teste de hepatite de forma itinerante","imagem":"\/img\/imagem\/12410-z9u4a9z1p8u2s4p1.jpg,\/img\/imagem\/media_12410-z9u4a9z1p8u2s4p1.jpg,\/img\/imagem\/thumb_12410-z9u4a9z1p8u2s4p1.jpg,\/img\/imagem\/thumb_fix_12410-z9u4a9z1p8u2s4p1.jpg","texto":"No dia 28 de julho ? celebrado o Dia Mundial das Hepatites Virais. A data tem como objetivo dar visibilidade para a preven??o da doen?a, que atinge in?meros brasileiros e evolui de forma silenciosa.\u003Cbr \/\u003E\r\n\nComo forma de alertar a popula??o sobre a necessidade da preven??o e do diagn?stico precoce, a Secretaria Estadual da Sa?de (SES), em parceria com as prefeituras, promove a??es de sensibiliza??o e incentivo ao teste r?pido ao longo de todo o m?s.\u003Cbr \/\u003E\r\n\nEm Itabaiana o Centro de Testagem e Aconselhamento (CTA) que atende diariamente a popula??o em sua sede anexo ao CEO (Centro de Especialidades Odontol?gicas) estar? realizando de forma itinerante nos dia 17, 29 e 31 de Julho o teste r?pido para detectar a hepatite, bem como, acontecer? palestras educativas e apresenta??o de v?deos sobre o tema.\u003Cbr \/\u003E\r\n\n?Confira a Programa??o:\u003Cbr \/\u003E\r\n\nDia 17 de Julho ? Na Pra?a Jo?o Pessoa das 08 ?s 12h\u003Cbr \/\u003E\r\n\nDia 29 de Julho ? Na Cl?nica de Sa?de do Bairro Porto das 08 ?s 12h\u003Cbr \/\u003E\r\n\nDia 31 de Julho ? Na Cl?nica de Sa?de do Bairro Miguel Teles de Mendon?a das 08 ?s 12h.\u003Cbr \/\u003E\r\n\nHepatite: saiba Mais\u003Cbr \/\u003E\r\n\n?A hepatite ? uma doen?a grave, que ataca o f?gado, um dos ?rg?os mais importantes do corpo humano. S? no Brasil, dois milh?es de pessoas sofrem da forma cr?nica de hepatite B. O Minist?rio da Sa?de tem discutido com a sociedade e com os profissionais de sa?de a??es contra as diversas manifesta??es da doen?a. \u0022O Brasil est? bastante avan?ado no combate ?s hepatites, em compara??o com outros pa?ses\u0022, avalia Epaminondas Campos, da organiza??o n?o governamental (ONG) Grupo C, de apoio a portadores de hepatite C.\u003Cbr \/\u003E\r\n\nTanto a hepatite C quanto a B podem se tornar cr?nicas e se manifestar no corpo de uma pessoa pelo resto da vida. Para combater as hepatites e articular esfor?os federais, estaduais e municipais, o Minist?rio da Sa?de criou, em 2002, o Programa para Preven??o e Controle das Hepatites Virais e vem intensificando as a??es de vacina??o contra hepatite B.","tags":"noticias,prefeitura,itabaiana","publicacao":"2013-07-16 09:50:15","criado":"2013-07-16 09:50:15","alterado":"-0001-11-30 00:00:00"},{"id":3304,"categoria_id":"10","categoria":{"id":10,"nome":"EVENTO"},"autor_show":1,"titulo":"Itabaiana sediar\u00e1 capacita\u00e7\u00e3o do Agreste sergipano","slug":"itabaiana-sediara-capacitacao-do-agreste-sergipano","subtitulo":"Profissionais ser\u00e3o capacitados para atendimento e enfrentamento \u00e0 viol\u00eancia contra a mulher","descricao":"Itabaiana sediar\u00e1 capacita\u00e7\u00e3o do Agreste sergipano","imagem":"\/img\/imagem\/,\/img\/imagem\/media_,\/img\/imagem\/thumb_,\/img\/imagem\/thumb_fix_","texto":"Acontecer? nos pr?ximos dias 17, 18 e 19 de julho, das 8:00 ?s 17:30, na Unit em Itabaiana a I Capacita??o do Profissionais dos Servi?os Especializados e Rede de Atendimento e Enfrentamento ? Viol?ncia contra a Mulher do Territ?rio Agreste sergipano.\u003Cbr \/\u003E\r\n\nEssa iniciativa ? uma jun??o de esfor?os do Governo Federal, Estadual e Municipal para em bloco enfrentarmos essa tipo de viol?ncia que desencadeia outras formas de Mazelas Sociais que afetam nossa cidade.\u003Cbr \/\u003E\r\n\n?\u003Cbr \/\u003E\r\n\nO evento visa capacitar profissionais que atuam no CRAS, CREAS, Secretarias de Sa?de, Educa??o e do Trabalho e demais servidores que, direta ou indiretamente, prestam atendimento ? popula??o em situa??o de vulnerabilidade social, objetivamos o aprimoramento do acolhimento humanizado e o fortalecimento da rede de atendimento ? Mulher.","tags":"noticias,prefeitura,itabaiana","publicacao":"2013-07-15 09:37:18","criado":"2013-07-15 09:37:18","alterado":"-0001-11-30 00:00:00"},{"id":3303,"categoria_id":"5","categoria":{"id":5,"nome":"PLANEJAMENTO"},"autor_show":1,"titulo":"Investidores apresentam projeto de shopping para Itabaiana","slug":"investidores-apresentam-projeto-de-shopping-para-itabaiana","subtitulo":"Representantes de pequenos e m\u00e9dios empres\u00e1rios brasileiros estiveram na cidade para apresentar o projeto ao prefeito","descricao":"Investidores apresentam projeto de shopping para Itabaiana","imagem":"\/img\/imagem\/12409-r7a4a6g5u5m7d1w4.jpg,\/img\/imagem\/media_12409-r7a4a6g5u5m7d1w4.jpg,\/img\/imagem\/thumb_12409-r7a4a6g5u5m7d1w4.jpg,\/img\/imagem\/thumb_fix_12409-r7a4a6g5u5m7d1w4.jpg","texto":"Representantes da C?mara do Com?rcio dos Pequenos e M?dios Empres?rios do Brasil e Mercado Internacional (CAMEMP), que tem sua sede nacional no Rio de Janeiro (RJ), estiveram na manh? desta quarta-feira, 10, em reuni?o com o prefeito Valmir de Francisquinho na sede da prefeitura de Itabaiana. O vice-presidente da institui??o, Teot?nio do Nascimento, comandou a miss?o ? frente de uma equipe composta por Cl?vis Santa Rosa, superintendente de finan?as, e Adriano Enne, superintendente nacional de marketing da c?mara.\u003Cbr \/\u003E\r\n\n?O esp?rito empreendedor do nosso povo, faz com que tenhamos um com?rcio pujante e, como retorno, agora temos grandes grupos com interesse de investir em nossa cidade. Mas, tudo isso s? ser? concretizado quando realizarmos uma reuni?o entre os representantes da C?mara do Com?rcio e os comerciantes da nossa cidade,? frisou o prefeito Valmir de Francisquinho.\u003Cbr \/\u003E\r\n\nO assunto principal da reuni?o foi a implanta??o de um shopping em Itabaiana, que contar? com lojas atacadistas de v?rios segmentos com o objetivo de fomentar o com?rcio regional, sem a necessidade de deslocamentos para outros Estados, uma vez que os pre?os oferecidos ser?o a custo de f?brica. Al?m disso, os representantes tamb?m colocaram em pauta o interesse de um grupo argentino em implantar um frigorifico de alta tecnologia na cidade, onde, a principio, vir?o profissionais de fora para capacitar os itabaianenses, que posteriormente ir?o dar continuidade ao funcionamento do frigorifico.\u003Cbr \/\u003E\r\n\nO shopping teve o seu projeto arquitet?nico apresentado ao prefeito Valmir de Francisquinho, ao vereador Jo?o C?ndido e ao secretario municipal de Ind?stria e Com?rcio, Altamiro Brasil, que acharam o projeto de suma import?ncia para o desenvolvimento de Itabaiana, com a gera??o direta de 4 mil empregos.\u003Cbr \/\u003E\r\n\nAo final do encontro, ficou acordado com os representantes que ser? realizada uma reuni?o com a participa??o de todos os empres?rios comerciais de Itabaiana, para que eles compreendam o projeto, possam tirar d?vidas e dar suas opini?es sobre a instala??o desse empreendimento na cidade serrana.\u003Cbr \/\u003E\r\n\nAl?m do forte com?rcio e da privilegiada localiza??o, Itabaiana chamou a aten??o dos membros da C?mara do Com?rcio pelo fato do Banco do Brasilj? possuir uma segunda ag?ncia na cidade, al?m do Banco do Nordeste e da Caixa estarem construindo tamb?m mais uma ag?ncia na cidade e ainda Itabaiana ter a possibilidade de instala??o de uma ag?ncia do Banco Santander.","tags":"noticias,prefeitura,itabaiana","publicacao":"2013-07-11 13:27:48","criado":"2013-07-11 13:27:48","alterado":"-0001-11-30 00:00:00"},{"id":3302,"categoria_id":"10","categoria":{"id":10,"nome":"EVENTO"},"autor_show":1,"titulo":"Desenvolvimento Social realiza reuni\u00e3o com benefici\u00e1rios","slug":"desenvolvimento-social-realiza-reuniao-com-beneficiarios","subtitulo":"Itabaianenses receber\u00e3o 130 casas no EmpreendimentoWalterlay dos Santos Pedroso","descricao":"Desenvolvimento Social realiza reuni\u00e3o com benefici\u00e1rios","imagem":"\/img\/imagem\/12408-i9w4k1s4z6t1r8n6.jpg,\/img\/imagem\/media_12408-i9w4k1s4z6t1r8n6.jpg,\/img\/imagem\/thumb_12408-i9w4k1s4z6t1r8n6.jpg,\/img\/imagem\/thumb_fix_12408-i9w4k1s4z6t1r8n6.jpg","texto":"A Secretaria Municipal de Desenvolvimento Social de Itabaiana realizou na manh? desta quarta-feira (10) no sal?o principal da Associa??o Atl?tica de Itabaiana uma reuni?o de sensibiliza??o para os primeiros benefici?rios do projeto Minha Casa Minha Vida, durante o encontro foram passadas as informa??es inicias para os 130 primeiros cidad?os listados no Residencial Walterlay dos Santos Pedroso, Bairro Queimadas.\u003Cbr \/\u003E\r\n\nA assistente social Patr?cia Andrade, respons?vel pela coordenadoria de habita??o da SEDES, iniciando o encontro, parabenizou aos presentes e falou sobre os direitos e responsabilidades dos cadastrados junto ao im?vel subsidiado pelo Governo Federal.\u003Cbr \/\u003E\r\n\nEstiveram presentes representantes da Caixa Econ?mica Federal as senhoras Paula Arag?o, Adriana Jasmim e Anelma Ribeiro, que tamb?m passaram informa??es sobre os futuros passos at? a t?o esperada assinatura de contrato e entrega das chaves. O pr?ximo encontro para o sorteio da localiza??o das casas entre os benefici?rios acontecer? no pr?ximo dia 24 ?s 10 horas no mesmo local. Confira a lista com os benefici?rios desta primeira etapa:\u003Cbr \/\u003E\r\n\n?\u003Cbr \/\u003E\r\n\n\u003Cbr \/\u003E\r\n\n\u003Cbr \/\u003E\r\n\n\u003Cbr \/\u003E\r\n\n\u003Cbr \/\u003E\r\n\nNIS\u003Cbr \/\u003E\r\n\n\u003Cbr \/\u003E\r\n\n\u003Cbr \/\u003E\r\n\nPROPONENTE\u003Cbr \/\u003E\r\n\n\u003Cbr \/\u003E\r\n\n\u003Cbr \/\u003E\r\n\n\u003Cbr \/\u003E\r\n\n\u003Cbr \/\u003E\r\n\n1068384531-1\u003Cbr \/\u003E\r\n\n\u003Cbr \/\u003E\r\n\n\u003Cbr \/\u003E\r\n\nMANOEL   MARTINS DOS SANTOS ? IDOSO\u003Cbr \/\u003E\r\n\n\u003Cbr \/\u003E\r\n\n\u003Cbr \/\u003E\r\n\n\u003Cbr \/\u003E\r\n\n\u003Cbr \/\u003E\r\n\n1646788996-8\u003Cbr \/\u003E\r\n\n\u003Cbr \/\u003E\r\n\n\u003Cbr \/\u003E\r\n\nMARIA   MEIRE BISPO -??????????????????? IDOSO\u003Cbr \/\u003E\r\n\n\u003Cbr \/\u003E\r\n\n\u003Cbr \/\u003E\r\n\n\u003Cbr \/\u003E\r\n\n\u003Cbr \/\u003E\r\n\n1637446281-6\u003Cbr \/\u003E\r\n\n\u003Cbr \/\u003E\r\n\n\u003Cbr \/\u003E\r\n\nMARIA   BATISTA DOS SANTOS ? IDOSO\u003Cbr \/\u003E\r\n\n\u003Cbr \/\u003E\r\n\n\u003Cbr \/\u003E\r\n\n\u003Cbr \/\u003E\r\n\n\u003Cbr \/\u003E\r\n\n2202442420-0\u003Cbr \/\u003E\r\n\n\u003Cbr \/\u003E\r\n\n\u003Cbr \/\u003E\r\n\nJOSEFA   DIAS DE JESUS ? IDOSO\u003Cbr \/\u003E\r\n\n\u003Cbr \/\u003E\r\n\n\u003Cbr \/\u003E\r\n\n\u003Cbr \/\u003E\r\n\n\u003Cbr \/\u003E\r\n\n1272012176-4\u003Cbr \/\u003E\r\n\n\u003Cbr \/\u003E\r\n\n\u003Cbr \/\u003E\r\n\nJOSINEIDE   JESUS DOS SANTOS ?DEFICI?NCIA\u003Cbr \/\u003E\r\n\n\u003Cbr \/\u003E\r\n\n\u003Cbr \/\u003E\r\n\n\u003Cbr \/\u003E\r\n\n\u003Cbr \/\u003E\r\n\n1614897730-4\u003Cbr \/\u003E\r\n\n\u003Cbr \/\u003E\r\n\n\u003Cbr \/\u003E\r\n\nANA   LUCIA DE ALMEIDA ?DEFICI?NCIA\u003Cbr \/\u003E\r\n\n\u003Cbr \/\u003E\r\n\n\u003Cbr \/\u003E\r\n\n\u003Cbr \/\u003E\r\n\n\u003Cbr \/\u003E\r\n\n2126359495-8\u003Cbr \/\u003E\r\n\n\u003Cbr \/\u003E\r\n\n\u003Cbr \/\u003E\r\n\nELIENE   DIONISIO DO NASCIMENTO ?DEFICI?NCIA\u003Cbr \/\u003E\r\n\n\u003Cbr \/\u003E\r\n\n\u003Cbr \/\u003E\r\n\n\u003Cbr \/\u003E\r\n\n\u003Cbr \/\u003E\r\n\n1291624276-9\u003Cbr \/\u003E\r\n\n\u003Cbr \/\u003E\r\n\n\u003Cbr \/\u003E\r\n\nKATIANE   MATOS ?DEFICI?NCIA\u003Cbr \/\u003E\r\n\n\u003Cbr \/\u003E\r\n\n\u003Cbr \/\u003E\r\n\n\u003Cbr \/\u003E\r\n\n\u003Cbr \/\u003E\r\n\n1604734399-7\u003Cbr \/\u003E\r\n\n\u003Cbr \/\u003E\r\n\n\u003Cbr \/\u003E\r\n\nJOSEFA   CRISTINA DE ALMEIDA\u003Cbr \/\u003E\r\n\n\u003Cbr \/\u003E\r\n\n\u003Cbr \/\u003E\r\n\n\u003Cbr \/\u003E\r\n\n\u003Cbr \/\u003E\r\n\n1662617949-8\u003Cbr \/\u003E\r\n\n\u003Cbr \/\u003E\r\n\n\u003Cbr \/\u003E\r\n\nSILVANIA   ALVES DE OLIVEIRA\u003Cbr \/\u003E\r\n\n\u003Cbr \/\u003E\r\n\n\u003Cbr \/\u003E\r\n\n\u003Cbr \/\u003E\r\n\n\u003Cbr \/\u003E\r\n\n1900163833-6\u003Cbr \/\u003E\r\n\n\u003Cbr \/\u003E\r\n\n\u003Cbr \/\u003E\r\n\nTANIA   DOS SANTOS\u003Cbr \/\u003E\r\n\n\u003Cbr \/\u003E\r\n\n\u003Cbr \/\u003E\r\n\n\u003Cbr \/\u003E\r\n\n\u003Cbr \/\u003E\r\n\n2013208089-8\u003Cbr \/\u003E\r\n\n\u003Cbr \/\u003E\r\n\n\u003Cbr \/\u003E\r\n\nADRIANA   DOS SANTOS\u003Cbr \/\u003E\r\n\n\u003Cbr \/\u003E\r\n\n\u003Cbr \/\u003E\r\n\n\u003Cbr \/\u003E\r\n\n\u003Cbr \/\u003E\r\n\n1252347750-7\u003Cbr \/\u003E\r\n\n\u003Cbr \/\u003E\r\n\n\u003Cbr \/\u003E\r\n\nNILDA   ALVES DOS REIS \u003Cbr \/\u003E\r\n\n\u003Cbr \/\u003E\r\n\n\u003Cbr \/\u003E\r\n\n\u003Cbr \/\u003E\r\n\n\u003Cbr \/\u003E\r\n\n1665305060-3\u003Cbr \/\u003E\r\n\n\u003Cbr \/\u003E\r\n\n\u003Cbr \/\u003E\r\n\nTANIA   TELES DOS SANTOS\u003Cbr \/\u003E\r\n\n\u003Cbr \/\u003E\r\n\n\u003Cbr \/\u003E\r\n\n\u003Cbr \/\u003E\r\n\n\u003Cbr \/\u003E\r\n\n1663754842-2\u003Cbr \/\u003E\r\n\n\u003Cbr \/\u003E\r\n\n\u003Cbr \/\u003E\r\n\nMONICA   VIEIRA GOMES\u003Cbr \/\u003E\r\n\n\u003Cbr \/\u003E\r\n\n\u003Cbr \/\u003E\r\n\n\u003Cbr \/\u003E\r\n\n\u003Cbr \/\u003E\r\n\n2043874702-4\u003Cbr \/\u003E\r\n\n\u003Cbr \/\u003E\r\n\n\u003Cbr \/\u003E\r\n\nCLAUDENICE   ALVES DE OLIVEIRA\u003Cbr \/\u003E\r\n\n\u003Cbr \/\u003E\r\n\n\u003Cbr \/\u003E\r\n\n\u003Cbr \/\u003E\r\n\n\u003Cbr \/\u003E\r\n\n1273045476-6\u003Cbr \/\u003E\r\n\n\u003Cbr \/\u003E\r\n\n\u003Cbr \/\u003E\r\n\nEDJANE   MARIA DOS SANTOS\u003Cbr \/\u003E\r\n\n\u003Cbr \/\u003E\r\n\n\u003Cbr \/\u003E\r\n\n\u003Cbr \/\u003E\r\n\n\u003Cbr \/\u003E\r\n\n1629366828-7\u003Cbr \/\u003E\r\n\n\u003Cbr \/\u003E\r\n\n\u003Cbr \/\u003E\r\n\nJOSENI   SANTOS DE JESUS\u003Cbr \/\u003E\r\n\n\u003Cbr \/\u003E\r\n\n\u003Cbr \/\u003E\r\n\n\u003Cbr \/\u003E\r\n\n\u003Cbr \/\u003E\r\n\n1255950189-0\u003Cbr \/\u003E\r\n\n\u003Cbr \/\u003E\r\n\n\u003Cbr \/\u003E\r\n\nGIVALDA   DA PAIXAO ROCHA\u003Cbr \/\u003E\r\n\n\u003Cbr \/\u003E\r\n\n\u003Cbr \/\u003E\r\n\n\u003Cbr \/\u003E\r\n\n\u003Cbr \/\u003E\r\n\n2004383017-4\u003Cbr \/\u003E\r\n\n\u003Cbr \/\u003E\r\n\n\u003Cbr \/\u003E\r\n\nELIANA   DA COSTA\u003Cbr \/\u003E\r\n\n\u003Cbr \/\u003E\r\n\n\u003Cbr \/\u003E\r\n\n\u003Cbr \/\u003E\r\n\n\u003Cbr \/\u003E\r\n\n1902407835-3\u003Cbr \/\u003E\r\n\n\u003Cbr \/\u003E\r\n\n\u003Cbr \/\u003E\r\n\nMARIA   BERNADETE MENEZES DOS REIS\u003Cbr \/\u003E\r\n\n\u003Cbr \/\u003E\r\n\n\u003Cbr \/\u003E\r\n\n\u003Cbr \/\u003E\r\n\n\u003Cbr \/\u003E\r\n\n2015009656-3\u003Cbr \/\u003E\r\n\n\u003Cbr \/\u003E\r\n\n\u003Cbr \/\u003E\r\n\nMARIA   DA HORA CUNHA\u003Cbr \/\u003E\r\n\n\u003Cbr \/\u003E\r\n\n\u003Cbr \/\u003E\r\n\n\u003Cbr \/\u003E\r\n\n\u003Cbr \/\u003E\r\n\n1629364774-3\u003Cbr \/\u003E\r\n\n\u003Cbr \/\u003E\r\n\n\u003Cbr \/\u003E\r\n\nGENIVALDA   CARVALHO\u003Cbr \/\u003E\r\n\n\u003Cbr \/\u003E\r\n\n\u003Cbr \/\u003E\r\n\n\u003Cbr \/\u003E\r\n\n\u003Cbr \/\u003E\r\n\n1288459376-6\u003Cbr \/\u003E\r\n\n\u003Cbr \/\u003E\r\n\n\u003Cbr \/\u003E\r\n\nNUCINEIDE   SANTOS ALVES\u003Cbr \/\u003E\r\n\n\u003Cbr \/\u003E\r\n\n\u003Cbr \/\u003E\r\n\n\u003Cbr \/\u003E\r\n\n\u003Cbr \/\u003E\r\n\n1614417443-6\u003Cbr \/\u003E\r\n\n\u003Cbr \/\u003E\r\n\n\u003Cbr \/\u003E\r\n\nANA   ANGELICA DOS SANTOS\u003Cbr \/\u003E\r\n\n\u003Cbr \/\u003E\r\n\n\u003Cbr \/\u003E\r\n\n\u003Cbr \/\u003E\r\n\n\u003Cbr \/\u003E\r\n\n1644807860-7\u003Cbr \/\u003E\r\n\n\u003Cbr \/\u003E\r\n\n\u003Cbr \/\u003E\r\n\nCRISTIANA   DA SILVA\u003Cbr \/\u003E\r\n\n\u003Cbr \/\u003E\r\n\n\u003Cbr \/\u003E\r\n\n\u003Cbr \/\u003E\r\n\n\u003Cbr \/\u003E\r\n\n1272477476-2\u003Cbr \/\u003E\r\n\n\u003Cbr \/\u003E\r\n\n\u003Cbr \/\u003E\r\n\nMARIA   LOURDES DE JESUS\u003Cbr \/\u003E\r\n\n\u003Cbr \/\u003E\r\n\n\u003Cbr \/\u003E\r\n\n\u003Cbr \/\u003E\r\n\n\u003Cbr \/\u003E\r\n\n2008587784-5\u003Cbr \/\u003E\r\n\n\u003Cbr \/\u003E\r\n\n\u003Cbr \/\u003E\r\n\nMARCIA   DOS SANTOS\u003Cbr \/\u003E\r\n\n\u003Cbr \/\u003E\r\n\n\u003Cbr \/\u003E\r\n\n\u003Cbr \/\u003E\r\n\n\u003Cbr \/\u003E\r\n\n1620026643-4\u003Cbr \/\u003E\r\n\n\u003Cbr \/\u003E\r\n\n\u003Cbr \/\u003E\r\n\nGILVANETE   PINTO DE SOUZA\u003Cbr \/\u003E\r\n\n\u003Cbr \/\u003E\r\n\n\u003Cbr \/\u003E\r\n\n\u003Cbr \/\u003E\r\n\n\u003Cbr \/\u003E\r\n\n1653223387-1\u003Cbr \/\u003E\r\n\n\u003Cbr \/\u003E\r\n\n\u003Cbr \/\u003E\r\n\nROSILDA   TAVARES DE LIMA\u003Cbr \/\u003E\r\n\n\u003Cbr \/\u003E\r\n\n\u003Cbr \/\u003E\r\n\n\u003Cbr \/\u003E\r\n\n\u003Cbr \/\u003E\r\n\n1635725510-7\u003Cbr \/\u003E\r\n\n\u003Cbr \/\u003E\r\n\n\u003Cbr \/\u003E\r\n\nMARIA   APARECIDA DOS SANTOS TEIXEIRA\u003Cbr \/\u003E\r\n\n\u003Cbr \/\u003E\r\n\n\u003Cbr \/\u003E\r\n\n\u003Cbr \/\u003E\r\n\n\u003Cbr \/\u003E\r\n\n1652590332-8\u003Cbr \/\u003E\r\n\n\u003Cbr \/\u003E\r\n\n\u003Cbr \/\u003E\r\n\nHORTENCIA   ALVES DE OLIVEIRA\u003Cbr \/\u003E\r\n\n\u003Cbr \/\u003E\r\n\n\u003Cbr \/\u003E\r\n\n\u003Cbr \/\u003E\r\n\n\u003Cbr \/\u003E\r\n\n1663590806-5\u003Cbr \/\u003E\r\n\n\u003Cbr \/\u003E\r\n\n\u003Cbr \/\u003E\r\n\nTEREZINHA   RODRIGUES DOS SANTOS\u003Cbr \/\u003E\r\n\n\u003Cbr \/\u003E\r\n\n\u003Cbr \/\u003E\r\n\n\u003Cbr \/\u003E\r\n\n\u003Cbr \/\u003E\r\n\n1629119659-0\u003Cbr \/\u003E\r\n\n\u003Cbr \/\u003E\r\n\n\u003Cbr \/\u003E\r\n\nJOSEFA   MARCIA DOS SANTOS\u003Cbr \/\u003E\r\n\n\u003Cbr \/\u003E\r\n\n\u003Cbr \/\u003E\r\n\n\u003Cbr \/\u003E\r\n\n\u003Cbr \/\u003E\r\n\n2098361849-0\u003Cbr \/\u003E\r\n\n\u003Cbr \/\u003E\r\n\n\u003Cbr \/\u003E\r\n\nROSINEIDE   REZENDE DA SILVA\u003Cbr \/\u003E\r\n\n\u003Cbr \/\u003E\r\n\n\u003Cbr \/\u003E\r\n\n\u003Cbr \/\u003E\r\n\n\u003Cbr \/\u003E\r\n\n2098332577-9\u003Cbr \/\u003E\r\n\n\u003Cbr \/\u003E\r\n\n\u003Cbr \/\u003E\r\n\nVANIA   DOS SANTOS\u003Cbr \/\u003E\r\n\n\u003Cbr \/\u003E\r\n\n\u003Cbr \/\u003E\r\n\n\u003Cbr \/\u003E\r\n\n\u003Cbr \/\u003E\r\n\n1646046351-5\u003Cbr \/\u003E\r\n\n\u003Cbr \/\u003E\r\n\n\u003Cbr \/\u003E\r\n\nMARLEIDE   CORREIA SANTOS\u003Cbr \/\u003E\r\n\n\u003Cbr \/\u003E\r\n\n\u003Cbr \/\u003E\r\n\n\u003Cbr \/\u003E\r\n\n\u003Cbr \/\u003E\r\n\n1903530019-2\u003Cbr \/\u003E\r\n\n\u003Cbr \/\u003E\r\n\n\u003Cbr \/\u003E\r\n\nADRIANA   LIMA DOS SANTOS\u003Cbr \/\u003E\r\n\n\u003Cbr \/\u003E\r\n\n\u003Cbr \/\u003E\r\n\n\u003Cbr \/\u003E\r\n\n\u003Cbr \/\u003E\r\n\n1278585476-6\u003Cbr \/\u003E\r\n\n\u003Cbr \/\u003E\r\n\n\u003Cbr \/\u003E\r\n\nMARIA   ROSINEIDE DA SILVA\u003Cbr \/\u003E\r\n\n\u003Cbr \/\u003E\r\n\n\u003Cbr \/\u003E\r\n\n\u003Cbr \/\u003E\r\n\n\u003Cbr \/\u003E\r\n\n1605702107-0\u003Cbr \/\u003E\r\n\n\u003Cbr \/\u003E\r\n\n\u003Cbr \/\u003E\r\n\nELIZA   REGINA DOS SANTOS\u003Cbr \/\u003E\r\n\n\u003Cbr \/\u003E\r\n\n\u003Cbr \/\u003E\r\n\n\u003Cbr \/\u003E\r\n\n\u003Cbr \/\u003E\r\n\n2013208479-6\u003Cbr \/\u003E\r\n\n\u003Cbr \/\u003E\r\n\n\u003Cbr \/\u003E\r\n\nROSANGELA   DOS SANTOS SOUZA\u003Cbr \/\u003E\r\n\n\u003Cbr \/\u003E\r\n\n\u003Cbr \/\u003E\r\n\n\u003Cbr \/\u003E\r\n\n\u003Cbr \/\u003E\r\n\n1261256476-6\u003Cbr \/\u003E\r\n\n\u003Cbr \/\u003E\r\n\n\u003Cbr \/\u003E\r\n\nMARIA   CREUZA DOS SANTOS\u003Cbr \/\u003E\r\n\n\u003Cbr \/\u003E\r\n\n\u003Cbr \/\u003E\r\n\n\u003Cbr \/\u003E\r\n\n\u003Cbr \/\u003E\r\n\n2032556625-3\u003Cbr \/\u003E\r\n\n\u003Cbr \/\u003E\r\n\n\u003Cbr \/\u003E\r\n\nADEILDE   TAVARES DO NASCIMENTO\u003Cbr \/\u003E\r\n\n\u003Cbr \/\u003E\r\n\n\u003Cbr \/\u003E\r\n\n\u003Cbr \/\u003E\r\n\n\u003Cbr \/\u003E\r\n\n1654975722-4\u003Cbr \/\u003E\r\n\n\u003Cbr \/\u003E\r\n\n\u003Cbr \/\u003E\r\n\nNADJA   MARIA SANTOS MENEZES\u003Cbr \/\u003E\r\n\n\u003Cbr \/\u003E\r\n\n\u003Cbr \/\u003E\r\n\n\u003Cbr \/\u003E\r\n\n\u003Cbr \/\u003E\r\n\n1663756265-4\u003Cbr \/\u003E\r\n\n\u003Cbr \/\u003E\r\n\n\u003Cbr \/\u003E\r\n\nNEUZICE   OLIVEIRA DOS ANJOS\u003Cbr \/\u003E\r\n\n\u003Cbr \/\u003E\r\n\n\u003Cbr \/\u003E\r\n\n\u003Cbr \/\u003E\r\n\n\u003Cbr \/\u003E\r\n\n1618182545-3\u003Cbr \/\u003E\r\n\n\u003Cbr \/\u003E\r\n\n\u003Cbr \/\u003E\r\n\nCAMILA   SANTOS LEMOS\u003Cbr \/\u003E\r\n\n\u003Cbr \/\u003E\r\n\n\u003Cbr \/\u003E\r\n\n\u003Cbr \/\u003E\r\n\n\u003Cbr \/\u003E\r\n\n1287076376-1\u003Cbr \/\u003E\r\n\n\u003Cbr \/\u003E\r\n\n\u003Cbr \/\u003E\r\n\nADENOALDA   DOS SANTOS\u003Cbr \/\u003E\r\n\n\u003Cbr \/\u003E\r\n\n\u003Cbr \/\u003E\r\n\n\u003Cbr \/\u003E\r\n\n\u003Cbr \/\u003E\r\n\n2061106120-6\u003Cbr \/\u003E\r\n\n\u003Cbr \/\u003E\r\n\n\u003Cbr \/\u003E\r\n\nMARIA   JOSE SANTOS DE JESUS\u003Cbr \/\u003E\r\n\n\u003Cbr \/\u003E\r\n\n\u003Cbr \/\u003E\r\n\n\u003Cbr \/\u003E\r\n\n\u003Cbr \/\u003E\r\n\n1606455834-3\u003Cbr \/\u003E\r\n\n\u003Cbr \/\u003E\r\n\n\u003Cbr \/\u003E\r\n\nMARIA   TEIXEIRA DE SOUZA\u003Cbr \/\u003E\r\n\n\u003Cbr \/\u003E\r\n\n\u003Cbr \/\u003E\r\n\n\u003Cbr \/\u003E\r\n\n\u003Cbr \/\u003E\r\n\n2003748276-3\u003Cbr \/\u003E\r\n\n\u003Cbr \/\u003E\r\n\n\u003Cbr \/\u003E\r\n\nADRIANA   PEREIRA SANTOS\u003Cbr \/\u003E\r\n\n\u003Cbr \/\u003E\r\n\n\u003Cbr \/\u003E\r\n\n\u003Cbr \/\u003E\r\n\n\u003Cbr \/\u003E\r\n\n1904170967-6\u003Cbr \/\u003E\r\n\n\u003Cbr \/\u003E\r\n\n\u003Cbr \/\u003E\r\n\nADRIANA   PERPETUA OLIVEIRA CARVALHO\u003Cbr \/\u003E\r\n\n\u003Cbr \/\u003E\r\n\n\u003Cbr \/\u003E\r\n\n\u003Cbr \/\u003E\r\n\n\u003Cbr \/\u003E\r\n\n1635713148-3\u003Cbr \/\u003E\r\n\n\u003Cbr \/\u003E\r\n\n\u003Cbr \/\u003E\r\n\nMARIA   JOSE DE JESUS\u003Cbr \/\u003E\r\n\n\u003Cbr \/\u003E\r\n\n\u003Cbr \/\u003E\r\n\n\u003Cbr \/\u003E\r\n\n\u003Cbr \/\u003E\r\n\n2034335328-2\u003Cbr \/\u003E\r\n\n\u003Cbr \/\u003E\r\n\n\u003Cbr \/\u003E\r\n\nMARIA   NEUZA ALMEIDA MENEZES\u003Cbr \/\u003E\r\n\n\u003Cbr \/\u003E\r\n\n\u003Cbr \/\u003E\r\n\n\u003Cbr \/\u003E\r\n\n\u003Cbr \/\u003E\r\n\n1281294076-1\u003Cbr \/\u003E\r\n\n\u003Cbr \/\u003E\r\n\n\u003Cbr \/\u003E\r\n\nMARIA   JOSE DA SILVA MELO\u003Cbr \/\u003E\r\n\n\u003Cbr \/\u003E\r\n\n\u003Cbr \/\u003E\r\n\n\u003Cbr \/\u003E\r\n\n\u003Cbr \/\u003E\r\n\n1629366504-0\u003Cbr \/\u003E\r\n\n\u003Cbr \/\u003E\r\n\n\u003Cbr \/\u003E\r\n\nJOCILENE   ALVES NUNES\u003Cbr \/\u003E\r\n\n\u003Cbr \/\u003E\r\n\n\u003Cbr \/\u003E\r\n\n\u003Cbr \/\u003E\r\n\n\u003Cbr \/\u003E\r\n\n1271312276-9\u003Cbr \/\u003E\r\n\n\u003Cbr \/\u003E\r\n\n\u003Cbr \/\u003E\r\n\nLUCIENE   SOUZA SANTOS\u003Cbr \/\u003E\r\n\n\u003Cbr \/\u003E\r\n\n\u003Cbr \/\u003E\r\n\n\u003Cbr \/\u003E\r\n\n\u003Cbr \/\u003E\r\n\n1245913052-1\u003Cbr \/\u003E\r\n\n\u003Cbr \/\u003E\r\n\n\u003Cbr \/\u003E\r\n\nMARIVALDA   DE JESUS CUNHA\u003Cbr \/\u003E\r\n\n\u003Cbr \/\u003E\r\n\n\u003Cbr \/\u003E\r\n\n\u003Cbr \/\u003E\r\n\n\u003Cbr \/\u003E\r\n\n1274626176-8\u003Cbr \/\u003E\r\n\n\u003Cbr \/\u003E\r\n\n\u003Cbr \/\u003E\r\n\nMARIA   APARECIDA MATOS\u003Cbr \/\u003E\r\n\n\u003Cbr \/\u003E\r\n\n\u003Cbr \/\u003E\r\n\n\u003Cbr \/\u003E\r\n\n\u003Cbr \/\u003E\r\n\n1637220989-7\u003Cbr \/\u003E\r\n\n\u003Cbr \/\u003E\r\n\n\u003Cbr \/\u003E\r\n\nMARIA   JOSE TELES DE MENEZES\u003Cbr \/\u003E\r\n\n\u003Cbr \/\u003E\r\n\n\u003Cbr \/\u003E\r\n\n\u003Cbr \/\u003E\r\n\n\u003Cbr \/\u003E\r\n\n2000635589-1\u003Cbr \/\u003E\r\n\n\u003Cbr \/\u003E\r\n\n\u003Cbr \/\u003E\r\n\nLUCIMARA   ALMEIDA AMARANTE\u003Cbr \/\u003E\r\n\n\u003Cbr \/\u003E\r\n\n\u003Cbr \/\u003E\r\n\n\u003Cbr \/\u003E\r\n\n\u003Cbr \/\u003E\r\n\n1276786076-8\u003Cbr \/\u003E\r\n\n\u003Cbr \/\u003E\r\n\n\u003Cbr \/\u003E\r\n\nSIMONE   OLIVEIRA SANTOS\u003Cbr \/\u003E\r\n\n\u003Cbr \/\u003E\r\n\n\u003Cbr \/\u003E\r\n\n\u003Cbr \/\u003E\r\n\n\u003Cbr \/\u003E\r\n\n1258684476-0\u003Cbr \/\u003E\r\n\n\u003Cbr \/\u003E\r\n\n\u003Cbr \/\u003E\r\n\nRODJALMA   SANTOS \u003Cbr \/\u003E\r\n\n\u003Cbr \/\u003E\r\n\n\u003Cbr \/\u003E\r\n\n\u003Cbr \/\u003E\r\n\n\u003Cbr \/\u003E\r\n\n1606650973-0\u003Cbr \/\u003E\r\n\n\u003Cbr \/\u003E\r\n\n\u003Cbr \/\u003E\r\n\nVALDICE   DA CUNHA\u003Cbr \/\u003E\r\n\n\u003Cbr \/\u003E\r\n\n\u003Cbr \/\u003E\r\n\n\u003Cbr \/\u003E\r\n\n\u003Cbr \/\u003E\r\n\n1641002615-4\u003Cbr \/\u003E\r\n\n\u003Cbr \/\u003E\r\n\n\u003Cbr \/\u003E\r\n\nMARIA   GIVALDA SIQUEIRA LEITE\u003Cbr \/\u003E\r\n\n\u003Cbr \/\u003E\r\n\n\u003Cbr \/\u003E\r\n\n\u003Cbr \/\u003E\r\n\n\u003Cbr \/\u003E\r\n\n2066079151-4\u003Cbr \/\u003E\r\n\n\u003Cbr \/\u003E\r\n\n\u003Cbr \/\u003E\r\n\nCAMILA   ALVES SAMPAIO\u003Cbr \/\u003E\r\n\n\u003Cbr \/\u003E\r\n\n\u003Cbr \/\u003E\r\n\n\u003Cbr \/\u003E\r\n\n\u003Cbr \/\u003E\r\n\n1637465996-2\u003Cbr \/\u003E\r\n\n\u003Cbr \/\u003E\r\n\n\u003Cbr \/\u003E\r\n\nMARIA   IZALDETE DS COSTA ARAGAO\u003Cbr \/\u003E\r\n\n\u003Cbr \/\u003E\r\n\n\u003Cbr \/\u003E\r\n\n\u003Cbr \/\u003E\r\n\n\u003Cbr \/\u003E\r\n\n2000676803-7\u003Cbr \/\u003E\r\n\n\u003Cbr \/\u003E\r\n\n\u003Cbr \/\u003E\r\n\nMARIA   GENILDE DOS SANTOS\u003Cbr \/\u003E\r\n\n\u003Cbr \/\u003E\r\n\n\u003Cbr \/\u003E\r\n\n\u003Cbr \/\u003E\r\n\n\u003Cbr \/\u003E\r\n\n2098362777-5\u003Cbr \/\u003E\r\n\n\u003Cbr \/\u003E\r\n\n\u003Cbr \/\u003E\r\n\nANDRESSA   DOS SANTOS ALVES\u003Cbr \/\u003E\r\n\n\u003Cbr \/\u003E\r\n\n\u003Cbr \/\u003E\r\n\n\u003Cbr \/\u003E\r\n\n\u003Cbr \/\u003E\r\n\n1623621694-1\u003Cbr \/\u003E\r\n\n\u003Cbr \/\u003E\r\n\n\u003Cbr \/\u003E\r\n\nJEANE   ANDRADE DOS SANTOS\u003Cbr \/\u003E\r\n\n\u003Cbr \/\u003E\r\n\n\u003Cbr \/\u003E\r\n\n\u003Cbr \/\u003E\r\n\n\u003Cbr \/\u003E\r\n\n1220252655-4\u003Cbr \/\u003E\r\n\n\u003Cbr \/\u003E\r\n\n\u003Cbr \/\u003E\r\n\nGICELMA   VIEIRA DE JESUS\u003Cbr \/\u003E\r\n\n\u003Cbr \/\u003E\r\n\n\u003Cbr \/\u003E\r\n\n\u003Cbr \/\u003E\r\n\n\u003Cbr \/\u003E\r\n\n1628638453-8\u003Cbr \/\u003E\r\n\n\u003Cbr \/\u003E\r\n\n\u003Cbr \/\u003E\r\n\nGILEIDE   SILVA\u003Cbr \/\u003E\r\n\n\u003Cbr \/\u003E\r\n\n\u003Cbr \/\u003E\r\n\n\u003Cbr \/\u003E\r\n\n\u003Cbr \/\u003E\r\n\n2007136951-6\u003Cbr \/\u003E\r\n\n\u003Cbr \/\u003E\r\n\n\u003Cbr \/\u003E\r\n\nALESSANDRA   BRITO SANTOS\u003Cbr \/\u003E\r\n\n\u003Cbr \/\u003E\r\n\n\u003Cbr \/\u003E\r\n\n\u003Cbr \/\u003E\r\n\n\u003Cbr \/\u003E\r\n\n1619999503-2\u003Cbr \/\u003E\r\n\n\u003Cbr \/\u003E\r\n\n\u003Cbr \/\u003E\r\n\nCLAUDIENE   DE JESUS SANTOS\u003Cbr \/\u003E\r\n\n\u003Cbr \/\u003E\r\n\n\u003Cbr \/\u003E\r\n\n\u003Cbr \/\u003E\r\n\n\u003Cbr \/\u003E\r\n\n1654980071-5\u003Cbr \/\u003E\r\n\n\u003Cbr \/\u003E\r\n\n\u003Cbr \/\u003E\r\n\nVERA   LUCIA DA SILVA\u003Cbr \/\u003E\r\n\n\u003Cbr \/\u003E\r\n\n\u003Cbr \/\u003E\r\n\n\u003Cbr \/\u003E\r\n\n\u003Cbr \/\u003E\r\n\n1655743641-5\u003Cbr \/\u003E\r\n\n\u003Cbr \/\u003E\r\n\n\u003Cbr \/\u003E\r\n\nNAIR   DO ESPIRITO SANTOS\u003Cbr \/\u003E\r\n\n\u003Cbr \/\u003E\r\n\n\u003Cbr \/\u003E\r\n\n\u003Cbr \/\u003E\r\n\n\u003Cbr \/\u003E\r\n\n1650857671-3\u003Cbr \/\u003E\r\n\n\u003Cbr \/\u003E\r\n\n\u003Cbr \/\u003E\r\n\nMARIA   LUCIENE SANTANA SANTOS\u003Cbr \/\u003E\r\n\n\u003Cbr \/\u003E\r\n\n\u003Cbr \/\u003E\r\n\n\u003Cbr \/\u003E\r\n\n\u003Cbr \/\u003E\r\n\n2093279734-7\u003Cbr \/\u003E\r\n\n\u003Cbr \/\u003E\r\n\n\u003Cbr \/\u003E\r\n\nGILVANIA   SOARES DA SILVA\u003Cbr \/\u003E\r\n\n\u003Cbr \/\u003E\r\n\n\u003Cbr \/\u003E\r\n\n\u003Cbr \/\u003E\r\n\n\u003Cbr \/\u003E\r\n\n1606585835-9\u003Cbr \/\u003E\r\n\n\u003Cbr \/\u003E\r\n\n\u003Cbr \/\u003E\r\n\nJOSEFA   SOTERO DOS SANTOS\u003Cbr \/\u003E\r\n\n\u003Cbr \/\u003E\r\n\n\u003Cbr \/\u003E\r\n\n\u003Cbr \/\u003E\r\n\n\u003Cbr \/\u003E\r\n\n1274307476-2\u003Cbr \/\u003E\r\n\n\u003Cbr \/\u003E\r\n\n\u003Cbr \/\u003E\r\n\nINACIA   SANTOS OLIVEIRA\u003Cbr \/\u003E\r\n\n\u003Cbr \/\u003E\r\n\n\u003Cbr \/\u003E\r\n\n\u003Cbr \/\u003E\r\n\n\u003Cbr \/\u003E\r\n\n2091014480-4\u003Cbr \/\u003E\r\n\n\u003Cbr \/\u003E\r\n\n\u003Cbr \/\u003E\r\n\nMARIA   DE JESUS LIMA\u003Cbr \/\u003E\r\n\n\u003Cbr \/\u003E\r\n\n\u003Cbr \/\u003E\r\n\n\u003Cbr \/\u003E\r\n\n\u003Cbr \/\u003E\r\n\n1270637776-5\u003Cbr \/\u003E\r\n\n\u003Cbr \/\u003E\r\n\n\u003Cbr \/\u003E\r\n\nRUBIA   KELLY ALMEIDA DE JESUS\u003Cbr \/\u003E\r\n\n\u003Cbr \/\u003E\r\n\n\u003Cbr \/\u003E\r\n\n\u003Cbr \/\u003E\r\n\n\u003Cbr \/\u003E\r\n\n1646790785-0\u003Cbr \/\u003E\r\n\n\u003Cbr \/\u003E\r\n\n\u003Cbr \/\u003E\r\n\nMARIA   SILENE DOS SANTOS\u003Cbr \/\u003E\r\n\n\u003Cbr \/\u003E\r\n\n\u003Cbr \/\u003E\r\n\n\u003Cbr \/\u003E\r\n\n\u003Cbr \/\u003E\r\n\n1259983876-4\u003Cbr \/\u003E\r\n\n\u003Cbr \/\u003E\r\n\n\u003Cbr \/\u003E\r\n\nMARIA   DO CARMO SANTOS\u003Cbr \/\u003E\r\n\n\u003Cbr \/\u003E\r\n\n\u003Cbr \/\u003E\r\n\n\u003Cbr \/\u003E\r\n\n\u003Cbr \/\u003E\r\n\n1606615306-5\u003Cbr \/\u003E\r\n\n\u003Cbr \/\u003E\r\n\n\u003Cbr \/\u003E\r\n\nZENAIDE   OLIVEIRA MACHADO\u003Cbr \/\u003E\r\n\n\u003Cbr \/\u003E\r\n\n\u003Cbr \/\u003E\r\n\n\u003Cbr \/\u003E\r\n\n\u003Cbr \/\u003E\r\n\n1652295266-2\u003Cbr \/\u003E\r\n\n\u003Cbr \/\u003E\r\n\n\u003Cbr \/\u003E\r\n\nMARIA   LUZIA DOS SANTOS\u003Cbr \/\u003E\r\n\n\u003Cbr \/\u003E\r\n\n\u003Cbr \/\u003E\r\n\n\u003Cbr \/\u003E\r\n\n\u003Cbr \/\u003E\r\n\n1623649942-0\u003Cbr \/\u003E\r\n\n\u003Cbr \/\u003E\r\n\n\u003Cbr \/\u003E\r\n\nJOSINETE   DE CARVALHO NASCIMENTO\u003Cbr \/\u003E\r\n\n\u003Cbr \/\u003E\r\n\n\u003Cbr \/\u003E\r\n\n\u003Cbr \/\u003E\r\n\n\u003Cbr \/\u003E\r\n\n1618235940-5\u003Cbr \/\u003E\r\n\n\u003Cbr \/\u003E\r\n\n\u003Cbr \/\u003E\r\n\nJOSIETE   COSTA DE JESUS\u003Cbr \/\u003E\r\n\n\u003Cbr \/\u003E\r\n\n\u003Cbr \/\u003E\r\n\n\u003Cbr \/\u003E\r\n\n\u003Cbr \/\u003E\r\n\n1606336652-1\u003Cbr \/\u003E\r\n\n\u003Cbr \/\u003E\r\n\n\u003Cbr \/\u003E\r\n\nVILMA   CARVALHO SANTOS\u003Cbr \/\u003E\r\n\n\u003Cbr \/\u003E\r\n\n\u003Cbr \/\u003E\r\n\n\u003Cbr \/\u003E\r\n\n\u003Cbr \/\u003E\r\n\n2101398960-2\u003Cbr \/\u003E\r\n\n\u003Cbr \/\u003E\r\n\n\u003Cbr \/\u003E\r\n\nGIVANILDE   ALVES BISPO\u003Cbr \/\u003E\r\n\n\u003Cbr \/\u003E\r\n\n\u003Cbr \/\u003E\r\n\n\u003Cbr \/\u003E\r\n\n\u003Cbr \/\u003E\r\n\n2005819522-4\u003Cbr \/\u003E\r\n\n\u003Cbr \/\u003E\r\n\n\u003Cbr \/\u003E\r\n\nELIENE   DIAS SANTANA\u003Cbr \/\u003E\r\n\n\u003Cbr \/\u003E\r\n\n\u003Cbr \/\u003E\r\n\n\u003Cbr \/\u003E\r\n\n\u003Cbr \/\u003E\r\n\n1218417763-8\u003Cbr \/\u003E\r\n\n\u003Cbr \/\u003E\r\n\n\u003Cbr \/\u003E\r\n\nMARIA   LUCIA SILVA CARVALHO\u003Cbr \/\u003E\r\n\n\u003Cbr \/\u003E\r\n\n\u003Cbr \/\u003E\r\n\n\u003Cbr \/\u003E\r\n\n\u003Cbr \/\u003E\r\n\n2094067794-0\u003Cbr \/\u003E\r\n\n\u003Cbr \/\u003E\r\n\n\u003Cbr \/\u003E\r\n\nVALDILENE   TAVARES DE JESUS\u003Cbr \/\u003E\r\n\n\u003Cbr \/\u003E\r\n\n\u003Cbr \/\u003E\r\n\n\u003Cbr \/\u003E\r\n\n\u003Cbr \/\u003E\r\n\n2013207806-0\u003Cbr \/\u003E\r\n\n\u003Cbr \/\u003E\r\n\n\u003Cbr \/\u003E\r\n\nCLEIDIVAN   DOS SANTOS\u003Cbr \/\u003E\r\n\n\u003Cbr \/\u003E\r\n\n\u003Cbr \/\u003E\r\n\n\u003Cbr \/\u003E\r\n\n\u003Cbr \/\u003E\r\n\n2036988475-7\u003Cbr \/\u003E\r\n\n\u003Cbr \/\u003E\r\n\n\u003Cbr \/\u003E\r\n\nELIZANGELA   MARIA DE JESUS\u003Cbr \/\u003E\r\n\n\u003Cbr \/\u003E\r\n\n\u003Cbr \/\u003E\r\n\n\u003Cbr \/\u003E\r\n\n\u003Cbr \/\u003E\r\n\n2123950089-2\u003Cbr \/\u003E\r\n\n\u003Cbr \/\u003E\r\n\n\u003Cbr \/\u003E\r\n\nADRIANA   DE ALCANTARA FONSECA\u003Cbr \/\u003E\r\n\n\u003Cbr \/\u003E\r\n\n\u003Cbr \/\u003E\r\n\n\u003Cbr \/\u003E\r\n\n\u003Cbr \/\u003E\r\n\n1900590475-8\u003Cbr \/\u003E\r\n\n\u003Cbr \/\u003E\r\n\n\u003Cbr \/\u003E\r\n\nGIRLAINE   BONFIM DOS SANTOS\u003Cbr \/\u003E\r\n\n\u003Cbr \/\u003E\r\n\n\u003Cbr \/\u003E\r\n\n\u003Cbr \/\u003E\r\n\n\u003Cbr \/\u003E\r\n\n2098362851-8\u003Cbr \/\u003E\r\n\n\u003Cbr \/\u003E\r\n\n\u003Cbr \/\u003E\r\n\nALTA   OLIVEIRA DOS SANTOS\u003Cbr \/\u003E\r\n\n\u003Cbr \/\u003E\r\n\n\u003Cbr \/\u003E\r\n\n\u003Cbr \/\u003E\r\n\n\u003Cbr \/\u003E\r\n\n1658456294-9\u003Cbr \/\u003E\r\n\n\u003Cbr \/\u003E\r\n\n\u003Cbr \/\u003E\r\n\nSILVANIA   SANTANA\u003Cbr \/\u003E\r\n\n\u003Cbr \/\u003E\r\n\n\u003Cbr \/\u003E\r\n\n\u003Cbr \/\u003E\r\n\n\u003Cbr \/\u003E\r\n\n1655005349-9\u003Cbr \/\u003E\r\n\n\u003Cbr \/\u003E\r\n\n\u003Cbr \/\u003E\r\n\nROSEMARY   MENEZES DE ANDRADE\u003Cbr \/\u003E\r\n\n\u003Cbr \/\u003E\r\n\n\u003Cbr \/\u003E\r\n\n\u003Cbr \/\u003E\r\n\n\u003Cbr \/\u003E\r\n\n1615856446-0\u003Cbr \/\u003E\r\n\n\u003Cbr \/\u003E\r\n\n\u003Cbr \/\u003E\r\n\nEVA   DE GOIS SANTANA\u003Cbr \/\u003E\r\n\n\u003Cbr \/\u003E\r\n\n\u003Cbr \/\u003E\r\n\n\u003Cbr \/\u003E\r\n\n\u003Cbr \/\u003E\r\n\n2047435984-5\u003Cbr \/\u003E\r\n\n\u003Cbr \/\u003E\r\n\n\u003Cbr \/\u003E\r\n\nTAMIRES   DOS PASSOS SANTOS\u003Cbr \/\u003E\r\n\n\u003Cbr \/\u003E\r\n\n\u003Cbr \/\u003E\r\n\n\u003Cbr \/\u003E\r\n\n\u003Cbr \/\u003E\r\n\n1635714543-3\u003Cbr \/\u003E\r\n\n\u003Cbr \/\u003E\r\n\n\u003Cbr \/\u003E\r\n\nMARIA   LUCIENE DA CRUZ\u003Cbr \/\u003E\r\n\n\u003Cbr \/\u003E\r\n\n\u003Cbr \/\u003E\r\n\n\u003Cbr \/\u003E\r\n\n\u003Cbr \/\u003E\r\n\n1288884676-6\u003Cbr \/\u003E\r\n\n\u003Cbr \/\u003E\r\n\n\u003Cbr \/\u003E\r\n\nCLEIDIVANIA   DA CRUZ SANTOS\u003Cbr \/\u003E\r\n\n\u003Cbr \/\u003E\r\n\n\u003Cbr \/\u003E\r\n\n\u003Cbr \/\u003E\r\n\n\u003Cbr \/\u003E\r\n\n1278936076-8\u003Cbr \/\u003E\r\n\n\u003Cbr \/\u003E\r\n\n\u003Cbr \/\u003E\r\n\nCILENE   CARVALHO SOUZA\u003Cbr \/\u003E\r\n\n\u003Cbr \/\u003E\r\n\n\u003Cbr \/\u003E\r\n\n\u003Cbr \/\u003E\r\n\n\u003Cbr \/\u003E\r\n\n2066547594-7\u003Cbr \/\u003E\r\n\n\u003Cbr \/\u003E\r\n\n\u003Cbr \/\u003E\r\n\nLEILA   MICHELLE DA CONCEI??O\u003Cbr \/\u003E\r\n\n\u003Cbr \/\u003E\r\n\n\u003Cbr \/\u003E\r\n\n\u003Cbr \/\u003E\r\n\n\u003Cbr \/\u003E\r\n\n2125058602-1\u003Cbr \/\u003E\r\n\n\u003Cbr \/\u003E\r\n\n\u003Cbr \/\u003E\r\n\nELIETE   MARIA DO NASCIMENTO\u003Cbr \/\u003E\r\n\n\u003Cbr \/\u003E\r\n\n\u003Cbr \/\u003E\r\n\n\u003Cbr \/\u003E\r\n\n\u003Cbr \/\u003E\r\n\n1628579122-9\u003Cbr \/\u003E\r\n\n\u003Cbr \/\u003E\r\n\n\u003Cbr \/\u003E\r\n\nJURACI   DE OLIVEIRA COSTA\u003Cbr \/\u003E\r\n\n\u003Cbr \/\u003E\r\n\n\u003Cbr \/\u003E\r\n\n\u003Cbr \/\u003E\r\n\n\u003Cbr \/\u003E\r\n\n1668195888-6\u003Cbr \/\u003E\r\n\n\u003Cbr \/\u003E\r\n\n\u003Cbr \/\u003E\r\n\nSALETE   BERNARDO DA GAMA SANTOS\u003Cbr \/\u003E\r\n\n\u003Cbr \/\u003E\r\n\n\u003Cbr \/\u003E\r\n\n\u003Cbr \/\u003E\r\n\n\u003Cbr \/\u003E\r\n\n1288087276-8\u003Cbr \/\u003E\r\n\n\u003Cbr \/\u003E\r\n\n\u003Cbr \/\u003E\r\n\nCLEDNA   SANTANA DE LIMA\u003Cbr \/\u003E\r\n\n\u003Cbr \/\u003E\r\n\n\u003Cbr \/\u003E\r\n\n\u003Cbr \/\u003E\r\n\n\u003Cbr \/\u003E\r\n\n1649850535-5\u003Cbr \/\u003E\r\n\n\u003Cbr \/\u003E\r\n\n\u003Cbr \/\u003E\r\n\nMARIA   AUGUSTA DOS SANTOS HONORIO\u003Cbr \/\u003E\r\n\n\u003Cbr \/\u003E\r\n\n\u003Cbr \/\u003E\r\n\n\u003Cbr \/\u003E\r\n\n\u003Cbr \/\u003E\r\n\n1632240258-8\u003Cbr \/\u003E\r\n\n\u003Cbr \/\u003E\r\n\n\u003Cbr \/\u003E\r\n\nJOSEFA   CRUZ ANDRADE\u003Cbr \/\u003E\r\n\n\u003Cbr \/\u003E\r\n\n\u003Cbr \/\u003E\r\n\n\u003Cbr \/\u003E\r\n\n\u003Cbr \/\u003E\r\n\n1640870449-3\u003Cbr \/\u003E\r\n\n\u003Cbr \/\u003E\r\n\n\u003Cbr \/\u003E\r\n\nMARIA   ROSILENE DINIZ DE SANTANA\u003Cbr \/\u003E\r\n\n\u003Cbr \/\u003E\r\n\n\u003Cbr \/\u003E\r\n\n\u003Cbr \/\u003E\r\n\n\u003Cbr \/\u003E\r\n\n1620774820-5\u003Cbr \/\u003E\r\n\n\u003Cbr \/\u003E\r\n\n\u003Cbr \/\u003E\r\n\nGUSILENE   DOS SANTOS MENEZES\u003Cbr \/\u003E\r\n\n\u003Cbr \/\u003E\r\n\n\u003Cbr \/\u003E\r\n\n\u003Cbr \/\u003E\r\n\n\u003Cbr \/\u003E\r\n\n1645045222-7\u003Cbr \/\u003E\r\n\n\u003Cbr \/\u003E\r\n\n\u003Cbr \/\u003E\r\n\nMARIA   APARECIDA DE JESUS\u003Cbr \/\u003E\r\n\n\u003Cbr \/\u003E\r\n\n\u003Cbr \/\u003E\r\n\n\u003Cbr \/\u003E\r\n\n\u003Cbr \/\u003E\r\n\n1619110377-9\u003Cbr \/\u003E\r\n\n\u003Cbr \/\u003E\r\n\n\u003Cbr \/\u003E\r\n\nIVANEIDE   SILVA DOS ANJOS MELO\u003Cbr \/\u003E\r\n\n\u003Cbr \/\u003E\r\n\n\u003Cbr \/\u003E\r\n\n\u003Cbr \/\u003E\r\n\n\u003Cbr \/\u003E\r\n\n1264941776-7\u003Cbr \/\u003E\r\n\n\u003Cbr \/\u003E\r\n\n\u003Cbr \/\u003E\r\n\nCRISTINA   DOS SANTOS\u003Cbr \/\u003E\r\n\n\u003Cbr \/\u003E\r\n\n\u003Cbr \/\u003E\r\n\n\u003Cbr \/\u003E\r\n\n\u003Cbr \/\u003E\r\n\n1200842081-9\u003Cbr \/\u003E\r\n\n\u003Cbr \/\u003E\r\n\n\u003Cbr \/\u003E\r\n\nMARIA   DE LOURDES ROSA\u003Cbr \/\u003E\r\n\n\u003Cbr \/\u003E\r\n\n\u003Cbr \/\u003E\r\n\n\u003Cbr \/\u003E\r\n\n\u003Cbr \/\u003E\r\n\n1617626639-5\u003Cbr \/\u003E\r\n\n\u003Cbr \/\u003E\r\n\n\u003Cbr \/\u003E\r\n\nJOSEFA   DA SILVA SANTOS\u003Cbr \/\u003E\r\n\n\u003Cbr \/\u003E\r\n\n\u003Cbr \/\u003E\r\n\n\u003Cbr \/\u003E\r\n\n\u003Cbr \/\u003E\r\n\n1663297420-3\u003Cbr \/\u003E\r\n\n\u003Cbr \/\u003E\r\n\n\u003Cbr \/\u003E\r\n\nSHEILA   KATIUSCIA MENESES SILVA SOUZA\u003Cbr \/\u003E\r\n\n\u003Cbr \/\u003E\r\n\n\u003Cbr \/\u003E\r\n\n\u003Cbr \/\u003E\r\n\n\u003Cbr \/\u003E\r\n\n1631243234-4\u003Cbr \/\u003E\r\n\n\u003Cbr \/\u003E\r\n\n\u003Cbr \/\u003E\r\n\nJOSEFA   NELZA DOS SANTOS\u003Cbr \/\u003E\r\n\n\u003Cbr \/\u003E\r\n\n\u003Cbr \/\u003E\r\n\n\u003Cbr \/\u003E\r\n\n\u003Cbr \/\u003E\r\n\n1629366679-9\u003Cbr \/\u003E\r\n\n\u003Cbr \/\u003E\r\n\n\u003Cbr \/\u003E\r\n\nJOSEFA   FRANCISCA DOS SANTOS\u003Cbr \/\u003E\r\n\n\u003Cbr \/\u003E\r\n\n\u003Cbr \/\u003E\r\n\n\u003Cbr \/\u003E\r\n\n\u003Cbr \/\u003E\r\n\n1269858876-6\u003Cbr \/\u003E\r\n\n\u003Cbr \/\u003E\r\n\n\u003Cbr \/\u003E\r\n\nMARIA   SILVANIA DOS SANTOS SANTANA\u003Cbr \/\u003E\r\n\n\u003Cbr \/\u003E\r\n\n\u003Cbr \/\u003E\r\n\n\u003Cbr \/\u003E\r\n\n\u003Cbr \/\u003E\r\n\n1273136176-1\u003Cbr \/\u003E\r\n\n\u003Cbr \/\u003E\r\n\n\u003Cbr \/\u003E\r\n\nJOSE   VALTER PEREIRA\u003Cbr \/\u003E\r\n\n\u003Cbr \/\u003E\r\n\n\u003Cbr \/\u003E\r\n\n\u003Cbr \/\u003E\r\n\n\u003Cbr \/\u003E\r\n\n1254698835-4\u003Cbr \/\u003E\r\n\n\u003Cbr \/\u003E\r\n\n\u003Cbr \/\u003E\r\n\nRICARDO   OTAVIANO DOS SANTOS\u003Cbr \/\u003E\r\n\n\u003Cbr \/\u003E\r\n\n\u003Cbr \/\u003E\r\n\n\u003Cbr \/\u003E\r\n\n\u003Cbr \/\u003E\r\n\n1701443856-3\u003Cbr \/\u003E\r\n\n\u003Cbr \/\u003E\r\n\n\u003Cbr \/\u003E\r\n\nGENIVALDO   ALVES DO BONFIM\u003Cbr \/\u003E\r\n\n\u003Cbr \/\u003E\r\n\n\u003Cbr \/\u003E\r\n\n\u003Cbr \/\u003E\r\n\n\u003Cbr \/\u003E\r\n\n1602275839-5\u003Cbr \/\u003E\r\n\n\u003Cbr \/\u003E\r\n\n\u003Cbr \/\u003E\r\n\nEUGENIO   GONZAGA DA SILVA\u003Cbr \/\u003E\r\n\n\u003Cbr \/\u003E\r\n\n\u003Cbr \/\u003E\r\n\n\u003Cbr \/\u003E\r\n\n\u003Cbr \/\u003E\r\n\n1262687976-4\u003Cbr \/\u003E\r\n\n\u003Cbr \/\u003E\r\n\n\u003Cbr \/\u003E\r\n\nLUCIANO   JOSE CARDOSO OLIVEIRA\u003Cbr \/\u003E\r\n\n\u003Cbr \/\u003E\r\n\n\u003Cbr \/\u003E\r\n\n\u003Cbr \/\u003E\r\n\n\u003Cbr \/\u003E\r\n\n2015010981-9\u003Cbr \/\u003E\r\n\n\u003Cbr \/\u003E\r\n\n\u003Cbr \/\u003E\r\n\nJOSE   MACHADO\u003Cbr \/\u003E\r\n\n\u003Cbr \/\u003E\r\n\n\u003Cbr \/\u003E\r\n\n\u003Cbr \/\u003E\r\n\n\u003Cbr \/\u003E\r\n\n1288461976-5\u003Cbr \/\u003E\r\n\n\u003Cbr \/\u003E\r\n\n\u003Cbr \/\u003E\r\n\nMANOEL   HERMELINDO SANTOS DE JESUS\u003Cbr \/\u003E\r\n\n\u003Cbr \/\u003E\r\n\n\u003Cbr \/\u003E\r\n\n\u003Cbr \/\u003E\r\n\n\u003Cbr \/\u003E\r\n\n2124486233-6\u003Cbr \/\u003E\r\n\n\u003Cbr \/\u003E\r\n\n\u003Cbr \/\u003E\r\n\nANTONIO   MARCELO CARDOSO DE MELO\u003Cbr \/\u003E\r\n\n\u003Cbr \/\u003E\r\n\n\u003Cbr \/\u003E\r\n\n\u003Cbr \/\u003E\r\n\n\u003Cbr \/\u003E\r\n\n?\u003Cbr \/\u003E\r\n\n?","tags":"noticias,prefeitura,itabaiana","publicacao":"2013-07-11 12:00:28","criado":"2013-07-11 12:00:28","alterado":"-0001-11-30 00:00:00"}],"busca":null}