{"pagina_atualizada_em":"2026-04-24T11:58:34-03:00","categorias":[{"id":13,"nome":"AGRICULTURA","criado":"2023-06-20 10:30:32","alterado":"2023-06-20 10:30:32"},{"id":19,"nome":"ASSIST\u00caNCIA","criado":"2023-08-08 08:58:10","alterado":"2023-08-08 08:58:10"},{"id":8,"nome":"CULTURA","criado":"2021-04-20 12:09:30","alterado":"2021-04-20 12:09:30"},{"id":9,"nome":"ECONOMIA","criado":"2021-04-22 11:53:46","alterado":"2021-04-22 11:53:46"},{"id":2,"nome":"EDUCA\u00c7\u00c3O","criado":"2021-04-20 12:06:51","alterado":"2021-04-20 12:06:51"},{"id":7,"nome":"ESPORTE","criado":"2021-04-20 12:09:22","alterado":"2021-04-20 12:09:22"},{"id":10,"nome":"EVENTO","criado":"2023-05-30 10:57:36","alterado":"2023-05-30 10:57:36"},{"id":11,"nome":"FESTA DOS CAMINHONEIROS","criado":"2023-06-05 12:14:21","alterado":"2023-06-05 12:14:21"},{"id":20,"nome":"FESTIVIDADES","criado":"2023-08-22 12:11:23","alterado":"2023-08-22 12:12:32"},{"id":12,"nome":"INAUGURA\u00c7\u00c3O","criado":"2023-06-16 11:49:28","alterado":"2023-06-16 11:49:28"},{"id":22,"nome":"MEIO AMBIENTE","criado":"2023-10-03 09:43:15","alterado":"2023-10-03 09:43:15"},{"id":21,"nome":"MICARANA 2023","criado":"2023-08-25 08:29:14","alterado":"2023-08-25 08:29:14"},{"id":23,"nome":"NOTA","criado":"2023-11-08 10:15:32","alterado":"2023-11-08 10:15:32"},{"id":3,"nome":"OBRAS","criado":"2021-04-20 12:07:05","alterado":"2021-04-20 12:07:05"},{"id":4,"nome":"OPORTUNIDADE","criado":"2021-04-20 12:07:32","alterado":"2023-10-25 08:11:14"},{"id":15,"nome":"PARCERIA","criado":"2023-06-23 12:20:02","alterado":"2023-06-23 12:20:02"},{"id":5,"nome":"PLANEJAMENTO","criado":"2021-04-20 12:09:05","alterado":"2021-04-20 12:09:05"},{"id":18,"nome":"RELIGIOSIDADE","criado":"2023-08-04 09:29:43","alterado":"2023-08-04 09:29:43"},{"id":1,"nome":"SA\u00daDE","criado":"2021-04-20 12:06:42","alterado":"2021-04-20 12:06:42"},{"id":16,"nome":"SEGURAN\u00c7A","criado":"2023-07-06 13:15:40","alterado":"2023-07-06 13:15:40"},{"id":6,"nome":"SOCIAL","criado":"2021-04-20 12:09:11","alterado":"2021-04-20 12:09:11"},{"id":14,"nome":"TECNOLOGIA","criado":"2023-06-21 11:05:02","alterado":"2023-06-21 11:05:02"},{"id":17,"nome":"TR\u00c2NSITO","criado":"2023-08-01 12:42:59","alterado":"2023-08-01 12:43:08"},{"id":24,"nome":"TURISMO","criado":"2024-03-26 10:52:52","alterado":"2024-03-26 10:52:52"}],"categoria":null,"paginacao":{"atual":385,"proxima":386,"anterior":384,"total_registros":4725,"total_paginas":394},"itens":[{"id":3299,"categoria_id":"6","categoria":{"id":6,"nome":"SOCIAL"},"autor_show":1,"titulo":"Prefeitura de Itabaiana celebrar\u00e1 Dia do Homem","slug":"prefeitura-de-itabaiana-celebrara-dia-do-homem","subtitulo":"A\u00e7\u00f5es ser\u00e3o feitas pela secretaria de Sa\u00fade do munic\u00edpio e dar\u00e3o aten\u00e7\u00e3o a problemas que acometem o p\u00fablico masculino","descricao":"Prefeitura de Itabaiana celebrar\u00e1 Dia do Homem","imagem":"\/img\/imagem\/12406-h7c1c8f6f9e9a5x2.jpg,\/img\/imagem\/media_12406-h7c1c8f6f9e9a5x2.jpg,\/img\/imagem\/thumb_12406-h7c1c8f6f9e9a5x2.jpg,\/img\/imagem\/thumb_fix_12406-h7c1c8f6f9e9a5x2.jpg","texto":"A Secretaria de Sa?de de Itabaiana, atrav?s do N?cleo de Apoio ? Sa?de da Fam?lia (NASF), realizar? no pr?ximo dia 17 de julho, na pra?a Jo?o Pessoa, a??es na ?rea de sa?de para o p?blico masculino, em comemora??o ao Dia Nacional do Homem, celebrado em 15 de julho.\u003Cbr \/\u003E\r\n\nPara o prefeito Valmir de Francisquinho, esse tipo de atividade contribui para a conscientiza??o dos homens itabaianenses. ?Tradicionalmente o homem, infelizmente, tem dado pouca aten??o a sua sa?de. Mas essa realidade est? mudando. E n?s, na prefeitura de Itabaiana, estamos batalhando para que o cidad?o esteja atento a sua condi??o de sa?de?, destacou o prefeito.\u003Cbr \/\u003E\r\n\nO projeto ?Sa?de do Homem? acontecer? na Pra?a Jo?o Pessoa, dia 17, das 08 ?s 12 horas. E todos os cidad?os itabaianenses, al?m daqueles de outras cidades que estiverem presentes em Itabaiana, j? que dia 17 cair? numa quarta-feira, dia de uma das maiores feiras livres do Estado, est?o aptos a participar.\u003Cbr \/\u003E\r\n\n??O objetivo do projeto ? despertar na Comunidade a import?ncia da preven??o de doen?as que acometem o homem, principalmente hipertens?o, acidente vascular encef?lico, alcoolismo, tabagismo e c?ncer de pr?stata, al?m de possibilitar uma proximidade dos usu?rios com os profissionais de sa?de?, disse a fisioterapeuta Larissa Rezende.\u003Cbr \/\u003E\r\n\nAinda segundo Larissa, todos os profissionais do NASF (assistente social, educador f?sico, nutricionista, psic?logo e fisioterapeutas) estar?o participando, bem como, a equipe do CTA Itinerante que realizar? a Testagem R?pida de DST e Hepatite.?","tags":"noticias,prefeitura,itabaiana","publicacao":"2013-07-10 12:47:12","criado":"2013-07-10 12:47:12","alterado":"-0001-11-30 00:00:00"},{"id":3300,"categoria_id":"9","categoria":{"id":9,"nome":"ECONOMIA"},"autor_show":1,"titulo":"Novos servidores recebem capacita\u00e7\u00e3o da prefeitura","slug":"novos-servidores-recebem-capacitacao-da-prefeitura","subtitulo":"Administra\u00e7\u00e3o itabaianense confirma compromisso com servidores na busca por melhores servi\u00e7os para a popula\u00e7\u00e3o","descricao":"Novos servidores recebem capacita\u00e7\u00e3o da prefeitura","imagem":"\/img\/imagem\/,\/img\/imagem\/media_,\/img\/imagem\/thumb_,\/img\/imagem\/thumb_fix_","texto":"Os novos servidores do munic?pio de Itabaiana participaram, na ?ltima semana, do Curso de Inicializa??o ao Servi?o P?blico (CISP). ?N?s estamos aqui para cumprir o que manda a lei. E quando isso favorece a popula??o, melhor ainda. E esse ? o caso desse curso, que prepara e qualifica nossos novos servidores na busca pela excel?ncia em servi?os p?blicos?, destacou o prefeito Valmir de Francisquinho.\u003Cbr \/\u003E\r\n\nO CISP ? uma exig?ncia do Edital do ?ltimo Concurso e do Estatuto do Servidor de Itabaiana, e faz parte do Processo de Avalia??o de Desempenho em Est?gio Probat?rio (PRADEP) dentro do que o Estatuto chama de Programa de Qualifica??o e Desenvolvimento do Servidor (PQDS), cujas a??es t?m car?ter permanente e s?o articuladas com o planejamento institucional e com Sistema de Avalia??o de Desempenho.\u003Cbr \/\u003E\r\n\nO curso, portanto, ? destinado ? orienta??o da constru??o do conhecimento relacionado ao servi?o p?blico. Nele, s?o trabalhados conceitos a respeito do Processo de Atendimento ao Cidad?o, Direitos e Deveres do Servidor P?blico, No??es de Administra??o P?blica, bem como a apresenta??o da estrutura administrativa da Prefeitura e dos aspectos socioecon?micos da cidade de Itabaiana.\u003Cbr \/\u003E\r\n\nO facilitador das ?ltimas turmas do CISP foi o Analista de Pol?ticas P?blicas e Gest?o Governamental, Jovino Pinto Filho, que tem forma??o na ?rea de Administra??o e atua na Secretaria de Planejamento e do Desenvolvimento Sustent?vel.\u003Cbr \/\u003E\r\n\n?\u003Cbr \/\u003E\r\n\nOs participantes do CISP foram os Agentes de Tr?nsito, Leonardo Menezes Santos, Thiago Lima Santos e Adelson Santana Lima; as Agentes de Monitoria Social, Vanessa Lima de Jesus e Maria Bernadete da Cunha Santos; a Assistente Social Fernanda Santos de Jesus e a Agente T?cnico de Fiscaliza??o Ambiental,? Marina Feitosa da Rocha.","tags":"noticias,prefeitura,itabaiana","publicacao":"2013-07-09 13:31:59","criado":"2013-07-09 13:31:59","alterado":"-0001-11-30 00:00:00"},{"id":3301,"categoria_id":"6","categoria":{"id":6,"nome":"SOCIAL"},"autor_show":1,"titulo":"Itabaiana \u00e9 \u00fanico munic\u00edpio a realizar cirurgias de otorrino","slug":"itabaiana-e-unico-municipio-a-realizar-cirurgias-de-otorrino","subtitulo":"Afirma\u00e7\u00e3o foi feita por m\u00e9dico da \u00e1rea e se refere aos mutir\u00f5es realizados pelo munic\u00edpio em parceria com Governo Federal","descricao":"Itabaiana \u00e9 \u00fanico munic\u00edpio a realizar cirurgias de otorrino","imagem":"\/img\/imagem\/12407-v8q6c8q6m1n3x7t8.jpg,\/img\/imagem\/media_12407-v8q6c8q6m1n3x7t8.jpg,\/img\/imagem\/thumb_12407-v8q6c8q6m1n3x7t8.jpg,\/img\/imagem\/thumb_fix_12407-v8q6c8q6m1n3x7t8.jpg","texto":"A Secretaria Municipal de Sa?de de Itabaiana est? realizando desde o m?s de mar?o deste ano v?rios mutir?es de cirurgias eletivas, seja de catarata, Pter?gio e Otorrinolaringologia. O objetivo do mutir?o ? atender a Portaria do Minist?rio da Sa?de N? 1.340, de 29 de junho de 2012 que define a estrat?gia de aumento do acesso aos Procedimentos Cir?rgico Eletivos no ?mbito do Sistema ?nico de Sa?de (SUS) para os exerc?cios dos anos 2012 e 2013.\u003Cbr \/\u003E\r\n\nOs procedimentos de Otorrino s?o realizados atrav?s de uma parceria entre a secretaria municipal de sa?de de Itabaiana em parceria com o Governo Federal, a Maternidade S?o Jos? e o m?dico otorrinolaringologista Carlos Henrique Garcia. Neste per?odo j? foram realizados 96 procedimentos cir?rgicos de aden?ide e am?dala.\u003Cbr \/\u003E\r\n\n?Foi um grande feito para o munic?pio essas cirurgias, pois, Itabaiana ? o ?nico munic?pio de Sergipe que est? realizando essas cirurgias, o que ? uma coisa maravilhosa. Estou muito feliz por realizar essas cirurgias, porque sei que estou sendo ?til para toda a regi?o?, disse Carlos.\u003Cbr \/\u003E\r\n\nAinda de acordo com o m?dico Carlos Henrique, existem munic?pios que receberam verbas para a realiza??o destas cirurgias e lamentavelmente n?o realizaram nenhuma at? o presente momento. Os recursos n?o utilizados retornar?o ao Minist?rio da Sa?de.\u003Cbr \/\u003E\r\n\n?\u003Cbr \/\u003E\r\n\nAt? o m?s de setembro deste ano a secretaria pretende dobrar o n?mero de pessoas beneficiadas para reduzir o m?ximo ?s filas de espera no SUS.","tags":"noticias,prefeitura,itabaiana","publicacao":"2013-07-05 15:43:52","criado":"2013-07-05 15:43:52","alterado":"-0001-11-30 00:00:00"},{"id":3298,"categoria_id":"10","categoria":{"id":10,"nome":"EVENTO"},"autor_show":1,"titulo":"Audi\u00eancia P\u00fablica debate Trabalho Infantil em Itabaiana","slug":"audiencia-publica-debate-trabalho-infantil-em-itabaiana","subtitulo":"C\u00e2mara de Vereadores ser\u00e1 palco de um amplo debate sobre a utiliza\u00e7\u00e3o de crian\u00e7as no trabalho dom\u00e9stico","descricao":"Audi\u00eancia P\u00fablica debate Trabalho Infantil em Itabaiana","imagem":"\/img\/imagem\/,\/img\/imagem\/media_,\/img\/imagem\/thumb_,\/img\/imagem\/thumb_fix_","texto":"Acontecer? nesta quinta-feira, ?s 9 horas, no Plen?rio da C?mara de Vereadores de Itabaiana uma Audi?ncia P?blica para a explana??o e debate do tema Trabalhado Infantil Dom?stico. A Consultora e Operadora dos Direitos da Crian?a e do Adolescente, Josevanda Mendon?a Franco, levar? ao p?blico informa??es mais detalhadas sobre esse tipo de explora??o do trabalho. Os presentes no evento tamb?m v?o acompanhar as apresenta??es do Coral e do Grupo de Flautas do (PETI) Servi?o de Conviv?ncia e Fortalecimento de V?nculos.\u003Cbr \/\u003E\r\n\nDe acordo com o ?ltimo levantamento da Organiza??o Internacional do Trabalho (OIT), no Brasil existe hoje mais de 241 mil crian?as executando tarefas dom?sticas na casa de terceiros. Garantir o direito de crian?as e jovens ? educa??o passa tamb?m pelo combate ao trabalho infantil, um dos motivos da evas?o escolar nesta faixa et?ria.\u003Cbr \/\u003E\r\n\nEsse encontro esta sendo promovido atrav?s de uma parceria entre a Secretaria Municipal de Desenvolvimento Social de Itabaiana e o F?rum Estadual da Preven??o e Erradica??o do Trabalho Infantil, um espa?o n?o-governamental permanente que objetiva sensibilizar, mobilizar e articular os agentes institucionais governamentais e da sociedade civil para prevenir e erradicar todas as formas de trabalho infantil e assegurar a prote??o do adolescente trabalhador.","tags":"noticias,prefeitura,itabaiana","publicacao":"2013-06-26 15:16:25","criado":"2013-06-26 15:16:25","alterado":"-0001-11-30 00:00:00"},{"id":3297,"categoria_id":"3","categoria":{"id":3,"nome":"OBRAS"},"autor_show":1,"titulo":"I Feira de Cultura da Escola Municipal Professora Nivalda Lima Figueiredo","slug":"i-feira-de-cultura-da-escola-municipal-professora-nivalda-lima-figueiredo","descricao":"I Feira de Cultura da Escola Municipal Professora Nivalda Lima Figueiredo","imagem":"\/img\/imagem\/12405-v8j1q6f3b1g4f6x1.jpg,\/img\/imagem\/media_12405-v8j1q6f3b1g4f6x1.jpg,\/img\/imagem\/thumb_12405-v8j1q6f3b1g4f6x1.jpg,\/img\/imagem\/thumb_fix_12405-v8j1q6f3b1g4f6x1.jpg","texto":"I Feira de Cultura da Escola Municipal Professora Nivalda Lima Figueiredo \u003Cbr \/\u003E\r\n\nData: 27.06.2013\u003Cbr \/\u003E\r\n\nPrograma??o:  08 h ? Abertura dos Stands para visita??o.\u003Cbr \/\u003E\r\n\n14 h 30 min. ? Abertura do evento pela dire??o.\u003Cbr \/\u003E\r\n\n15 h- In?cios das apresenta??es:\u003Cbr \/\u003E\r\n\n1-????? Sergipanos de destaques (Filarm?nica Nossa Senhora da Concei??o) \u003Cbr \/\u003E\r\n\n2-????? Turismo;\u003Cbr \/\u003E\r\n\n3-????? Folclore sergipano;\u003Cbr \/\u003E\r\n\n4-????? ?Religiosidade;\u003Cbr \/\u003E\r\n\n5-????? Religiosidade;\u003Cbr \/\u003E\r\n\n6-????? Regionaliza??o.\u003Cbr \/\u003E\r\n\n7-????? 16h 30 mim ? Quadrilha Junina Nivalda Figueiredo\u003Cbr \/\u003E\r\n\n?\u003Cbr \/\u003E\r\n\n8-????? 17h 30 min.- Show com Claudiney voz e viol?o.?","tags":"noticias,prefeitura,itabaiana","publicacao":"2013-06-26 10:16:27","criado":"2013-06-26 10:16:27","alterado":"-0001-11-30 00:00:00"},{"id":3296,"autor_show":1,"titulo":"Itabaiana realiza audi\u00eancia p\u00fablica para LOA, PPA e LDO","slug":"itabaiana-realiza-audiencia-publica-para-loa-ppa-e-ldo","subtitulo":"Or\u00e7amento, bem como suas diretrizes e Plano Plurianual, foram debatidos com a sociedade itabaianense","descricao":"Itabaiana realiza audi\u00eancia p\u00fablica para LOA, PPA e LDO","imagem":"\/img\/imagem\/12404-q6i4e6k4e3h6j1g3.jpg,\/img\/imagem\/media_12404-q6i4e6k4e3h6j1g3.jpg,\/img\/imagem\/thumb_12404-q6i4e6k4e3h6j1g3.jpg,\/img\/imagem\/thumb_fix_12404-q6i4e6k4e3h6j1g3.jpg","texto":"Com a participa??o de membros de todas as secretarias municipais, secret?rios, autoridades e membros da sociedade civil organizada, o munic?pio de Itabaiana realizou na manh? desta quinta-feira, 20, no audit?rio da Universidade Tiradentes, a sua audi?ncia p?blica com o objetivo de debater sobre a Lei Or?ament?ria Anual (LOA), Lei de Diretrizes Or?ament?rias (LDO) para o ano de 2014 e Plano Plurianual (PPA) no per?odo 2014\/2017.\u003Cbr \/\u003E\r\n\nPara garantir mais transpar?ncia e participa??o social na defini??o das prioridades do governo, o prefeito Valmir de Francisquinho convocou a participa??o de todos, sem distin??o. ?Todos n?s sabemos como Itabaiana ?, cada um tem o seu lado pol?tico, mas estamos aqui para definirmos as prioridades, onde ser? investido o dinheiro p?blico da nossa gest?o. Por isso, devemos deixar o partidarismo de lado e olharmos pelo povo, pelo nosso bem comum?, disse o prefeito, dando abertura ? audi?ncia.\u003Cbr \/\u003E\r\n\nTodos os presentes ouviram a abertura e a apresenta??o e ent?o se agruparam em salas divididas por temas para discutir os aspectos da apresenta??o. Cada grupo apontou algu?m para resumir a discuss?o geral. Da gama de propostas apresentadas nos debates, sa?ram uma s?rie de proposi??es que ser?o analisadas e incorporadas ? Lei de Diretrizes Or?ament?rias (LDO 2014).\u003Cbr \/\u003E\r\n\nA audi?ncia p?blica?trata-se de uma reuni?o p?blica informal, onde todos da comunidade s?o convidados a comparecer, dar suas opini?es, e ouvir as respostas das pessoas presentes, sejam elas cidad?os comuns ou autoridades. Ela deve ser realizada em atendimento ao artigo 48, par?grafo ?nico da lei complementar n? 101\/2.000 (Lei de Responsabilidade Fiscal).","tags":"noticias,prefeitura,itabaiana","publicacao":"2013-06-20 17:33:30","criado":"2013-06-20 17:33:30","alterado":"-0001-11-30 00:00:00"},{"id":3295,"categoria_id":"7","categoria":{"id":7,"nome":"ESPORTE"},"autor_show":1,"titulo":"Prefeitura apoia a\u00e7\u00e3o do com\u00e9rcio itabaianense","slug":"prefeitura-apoia-acao-do-comercio-itabaianense","subtitulo":"Garantindo local e estrutura para que o Marcos Frota Circo Show se instale na cidade, administra\u00e7\u00e3o refor\u00e7a promo\u00e7\u00e3o do com\u00e9rcio","descricao":"Prefeitura apoia a\u00e7\u00e3o do com\u00e9rcio itabaianense","imagem":"\/img\/imagem\/12403-y7q7h8i8x3w5q2m4.jpg,\/img\/imagem\/media_12403-y7q7h8i8x3w5q2m4.jpg,\/img\/imagem\/thumb_12403-y7q7h8i8x3w5q2m4.jpg,\/img\/imagem\/thumb_fix_12403-y7q7h8i8x3w5q2m4.jpg","texto":"?Uma cidade em que o com?rcio tem tanta import?ncia, como ? o caso de Itabaiana, o que a prefeitura puder fazer para garantir que esse setor se desenvolva ainda mais, ser? feito?. Com estas palavras, o prefeito de Itabaiana, Valmir de Francisquinho, refor?ou o apoio dado pela sua gest?o aos comerciantes itabaianenses, especialmente no caso da promo??o Compre Aqui, da Associa??o Comercial e Empresarial de Itabaiana (Acese\/ITA), que, por sua vez, fez uma parceria com o Marcos Frota Circo Show durante o per?odo em que este estiver na cidade, a partir de 5 de julho pr?ximo.\u003Cbr \/\u003E\r\n\nCom isso, a prefeitura fez sua parte, garantindo a instala??o do circo gratuitamente, com todo o suporte estrutural necess?rio, e os comerciantes de Itabaiana fecharam uma promo??o que deve alavancar as vendas na cidade durante o per?odo de f?rias. ?? a jun??o de todas as for?as que constr?i um bem maior e para a coletividade. Eu gosto de ver isso: todos trabalhando em prol de Itabaiana?, assegurou o prefeito.\u003Cbr \/\u003E\r\n\nE durante o evento de lan?amento da promo??o, realizado na Associa??o Atl?tica de Itabaiana pela Acese\/ITA, atrav?s de seu presidente, Luiz Bispo, o produtor do Marcos Frota Circo Show, Andr? Felipe, trouxe outra boa not?cia para o povo de Itabaiana. ?O Marcos Frota, al?m de estar ? frente desse nosso projeto, est? tamb?m ? frente da produ??o de um filme que contar? a vida da Irm? Dulce. E atrav?s de conversas com o pessoal daqui, em especial com o secret?rio de Comunica??o Social, Anderson Christian, fiquei sabendo que o primeiro milagre da Irm? Dulce se deu aqui em Itabaiana. E com certeza, a partir disso, Itabaiana constar? no filme tamb?m?, destacou.\u003Cbr \/\u003E\r\n\nDesta forma, al?m de ter a instala??o de um circo durante as f?rias, per?odo prop?cio para esse tipo de atividade, a cidade de Itabaiana, mais uma vez, se destacar? no cen?rio nacional. ?N?s temos trabalhado muito para elevar o nome da cidade, mostr?-la ao Brasil inteiro, como voc?s puderam constatar com a apari??o de Itabaiana na Rede Globo, no programa da F?tima Bernardes, bem como ser? na Record, com um document?rio que aqui foi produzido. Todos esses fatos ajudam a construir uma imagem positiva de Itabaiana pa?s afora. E isso atrai turistas e pessoas que, seguramente, comprar?o em nosso com?rcio?, avaliou Valmir de Francisquinho.","tags":"noticias,prefeitura,itabaiana","publicacao":"2013-06-20 17:31:36","criado":"2013-06-20 17:31:36","alterado":"-0001-11-30 00:00:00"},{"id":3294,"autor_show":1,"titulo":"Prefeitura apoia a\u00e7\u00e3o do MPT em Itabaiana","slug":"prefeitura-apoia-acao-do-mpt-em-itabaiana","subtitulo":"Combate ao trabalho infantil no munic\u00edpio \u00e9 marcado por caminhada pelas principais ruas da cidade","descricao":"Prefeitura apoia a\u00e7\u00e3o do MPT em Itabaiana","imagem":"\/img\/imagem\/12402-w7p4n8t2q2k2e2y3.jpg,\/img\/imagem\/media_12402-w7p4n8t2q2k2e2y3.jpg,\/img\/imagem\/thumb_12402-w7p4n8t2q2k2e2y3.jpg,\/img\/imagem\/thumb_fix_12402-w7p4n8t2q2k2e2y3.jpg","texto":"Uma caminhada em prol da erradica??o do trabalho infantil passou pelas ruas de Itabaiana na manh? dessa quarta-feira, 19, e foi encerrada na Pra?a Jo?o Pessoa. O ato contou com a participa??o de populares, crian?as, membros das secretarias de Educa??o e Desenvolvimento Social, al?m de representantes da SEIDES, do Minist?rio P?blico e do executivo municipal.\u003Cbr \/\u003E\r\n\n?? importante realizarmos esse tipo de conscientiza??o dos pais, para que eles n?o confundam os trabalhos de ajuda dom?stica com o trabalho infantil nas ruas. Isso afeta diretamente a educa??o dos nossos jovens, pois muitos deles deixam de estudar para fazerem certos trabalhos que cabem aos adultos?, frisou o prefeito de Itabaiana, Valmir de Francisquinho.\u003Cbr \/\u003E\r\n\nA a??o ? alusiva ao Dia de Combate ao Trabalho Infantil, com a reivindica??o de maior aten??o para o assunto e buscando mobilizar a popula??o para que seja parceira nessa luta. O ato teve inicio ?s 9:00h da manh?, em frente ao pr?dio da prefeitura, onde o Procurador do Trabalho, Luiz Fabiano, fez uso da palavra, juntamente com o prefeito Valmir de Francisquinho.\u003Cbr \/\u003E\r\n\nSegundo o procurador, ?esse tipo de mobiliza??o est? sendo feito nas cidades p?lo do Estado. E Itabaiana ?, sem d?vida, uma delas. Algu?m que queira denunciar o trabalho infantil ao Minist?rio P?blico, deve entrar em contato pelo telefone 3226-0100 e os nossos agentes ir?o in loco averiguar qual o tipo de trabalho que a crian?a est? sendo submetida?, informou Luiz Fabiano.\u003Cbr \/\u003E\r\n\nSem d?vidas, esse ? um momento de cumprimento do dever do Poder P?blico em prezar pela n?o viola??o dos Direitos da Crian?a, abrindo o di?logo com os pais e sociedade em geral, para, em parceria, mudarem o ?ndice desse tipo de atividade em Itabaiana. Para mais informa??es, acesse o site: http:\/\/www.prt20.mpt.gov.br","tags":"noticias,prefeitura,itabaiana","publicacao":"2013-06-19 13:54:25","criado":"2013-06-19 13:54:25","alterado":"-0001-11-30 00:00:00"},{"id":3293,"categoria_id":"7","categoria":{"id":7,"nome":"ESPORTE"},"autor_show":1,"titulo":"48\u00aa Feira do Caminh\u00e3o: o tradicional caf\u00e9 da manh\u00e3","slug":"48a-feira-do-caminhao-o-tradicional-cafe-da-manha-2","subtitulo":"Equipe da prefeitura de Itabaiana mant\u00e9m tradi\u00e7\u00e3o e oferece grandioso caf\u00e9 da manh\u00e3 para os caminhoneiros","descricao":"48\u00aa Feira do Caminh\u00e3o: o tradicional caf\u00e9 da manh\u00e3","imagem":"\/img\/imagem\/12401-w5s1j1t7b3n2s9g3.jpg,\/img\/imagem\/media_12401-w5s1j1t7b3n2s9g3.jpg,\/img\/imagem\/thumb_12401-w5s1j1t7b3n2s9g3.jpg,\/img\/imagem\/thumb_fix_12401-w5s1j1t7b3n2s9g3.jpg","texto":"A prefeitura de Itabaiana ofereceu o tradicional Caf? do Caminhoneiro, servido ?s 8h da manh? dessa quarta-feira, 12, na Pra?a de Eventos Etelevino Mendon?a, local onde ocorrem, simultaneamente, a 48? Feira do Caminh?o, os shows art?sticos e diversas atividades. \u003Cbr \/\u003E\r\n\n?? importante darmos continuidade a essa tradi??o de servir o caf? da manh? aos amigos da estrada, pois ? um momento onde, al?m de mostrarmos nossa considera??o por eles, todos t?m a oportunidade de encontrar e reencontramos velhos amigos de profiss?o?, disse o prefeito Valmir de Francisquinho.\u003Cbr \/\u003E\r\n\nA realiza??o do tradicional caf? da manh? contou com a participa??o direta de 40 pessoas ligadas ?s secretarias municipais de Educa??o e Desenvolvimento Social, sob a coordena??o das secret?rias Carminha Mendon?a e Lourdinha Machado, respectivamente. Ap?s a carreata, como de costume, os caminhoneiros se dirigem ? pra?a para degustarem dos pratos t?picos oferecidos e baterem um bom papo com os colegas de estrada.\u003Cbr \/\u003E\r\n\n?\u003Cbr \/\u003E\r\n\nLogo pela manh? aconteceu a alvorada, com o inicio da carreata e, logo ap?s o percurso, os profissionais da estrada foram tomar o caf?, que reuniu um numero bastante consider?vel de caminhoneiros e populares que foram prestigiar.","tags":"noticias,prefeitura,itabaiana","publicacao":"2013-06-12 20:46:57","criado":"2013-06-12 20:46:57","alterado":"-0001-11-30 00:00:00"},{"id":3291,"categoria_id":"7","categoria":{"id":7,"nome":"ESPORTE"},"autor_show":1,"titulo":"48\u00aa Feira do Caminh\u00e3o: segunda noite foi at\u00e9 o sol raiar","slug":"48a-feira-do-caminhao-segunda-noite-foi-ate-o-sol-raiar","subtitulo":"Shows musicais atra\u00edram multid\u00e3o e festa s\u00f3 terminou depois das 10 horas da manh\u00e3 do dia seguinte","descricao":"48\u00aa Feira do Caminh\u00e3o: segunda noite foi at\u00e9 o sol raiar","imagem":"\/img\/imagem\/12399-w2v2i7a1e8n2f5z2.jpg,\/img\/imagem\/media_12399-w2v2i7a1e8n2f5z2.jpg,\/img\/imagem\/thumb_12399-w2v2i7a1e8n2f5z2.jpg,\/img\/imagem\/thumb_fix_12399-w2v2i7a1e8n2f5z2.jpg","texto":"Uma multid?o ocupou todos os espa?os da Pra?a de Eventos Etelvino Mendon?a, em Itabaiana, para acompanhar a segunda noite da 48? Feira do Caminh?o, nesta ter?a-feira, 11. E mesmo ap?s os shows musicais, ningu?m arredou o p? e a alegria da festa que homenageia os caminhoneiros itabaianenses e de todo o pa?s tomou conta de toda a cidade.\u003Cbr \/\u003E\r\n\n?Estamos ainda aqui, ao lado de nosso povo, de nossos amigos e de todos os irm?os caminhoneiros, participando ativamente da festa, porque entendemos que o administrador p?blico tem que trabalhar, claro, mas n?o pode deixar de se confraternizar com a popula??o?, destacou o prefeito Valmir de Francisquinho, que esteve na festa desde o seu in?cio, prosseguindo at? o t?rmino do caf? da manh? que tradicionalmente ? ofertado aos caminhoneiros quando se inicia o ?ltimo dia da feira.\u003Cbr \/\u003E\r\n\nE a segunda noite da Feira do Caminh?o ficou marcada pelo ecletismo e pela alta qualidade dos shows apresentados. Por volta das 22:30h, a dupla Bruno e Marrone iniciou um desfile de sucessos de seu repert?rio, num clima mais rom?ntico, emocionando todos os presentes. Em seguida, numa iniciativa louv?vel por parte da organiza??o do evento, a atra??o local, Ant?nio o Clone, entrou no palco e, diante de uma plat?ia estimada em cerca de 40 mil pessoas, realizou um show grandioso, que contou inclusive com a grava??o de um DVD.\u003Cbr \/\u003E\r\n\nEm seguida, tamb?m extremamente aguardado, o show de Wesley Safad?o e Garota Safada entregou ao p?blico tudo o que dele se esperava: anima??o, agito, carisma e um clima alto astral contagiante. E finalizando as atra??es musicais da segunda noite da feira, a banda Cartas de Tar? apresentou sua mais nova integrante, a cantora Ana Golveia, ex-Calcinha Preta, e levou a multid?o ao del?rio com diversos sucessos.\u003Cbr \/\u003E\r\n\nE se a anima??o deu a t?nica na Pra?a de Eventos, nas ruas de Itabaiana o clima n?o era diferente. A partir das 3:00h da madrugada da quarta-feira, 12, caminh?es iniciaram um buzina?o que culminou com uma mega carreata de caminh?es que circulou pela ruas at? o in?cio da manh?, quando foi oferecido um caf? da manh? para os caminhoneiros em plena pra?a, atendendo cerca de 8.000 pessoas.\u003Cbr \/\u003E\r\n\nPara esta quarta-feira, a expectativa ? de quebra de recorde de p?blico da hist?ria da Feira do Caminh?o. Com as festividades come?ando a partir das 22:00h, os itabaianenses e os milhares de turistas que se encontram na cidade ir?o conferir os shows de Cesar Menotti e Fabiano, Alma G?mea, Avi?es do Forr? e Jo?o Neto e Cesinha, nesta sequ?ncia.\u003Cbr \/\u003E\r\n\n?Estamos na nossa ?ltima noite de festa, que come?a com a prociss?o dos caminhoneiros, ?s 18:00h, e depois segue com as atra??es musicais, al?m do funcionamento normal da feira e da realiza??o de muitos neg?cios. Mas, desde j?, quero agradecer a todos os que compareceram a Itabaiana e, acima de tudo, convidar tamb?m para a prociss?o de Santo Ant?nio, que ocorre nesta quinta-feira, 13, dia do nosso padroeiro?, finalizou Valmir de Francisquinho.","tags":"noticias,prefeitura,itabaiana","publicacao":"2013-06-12 20:18:08","criado":"2013-06-12 20:18:08","alterado":"-0001-11-30 00:00:00"},{"id":3290,"autor_show":1,"titulo":"48\u00aa feira do Caminh\u00e3o: almo\u00e7o de confraterniza\u00e7\u00e3o com expositores","slug":"48a-feira-do-caminhao-almoco-de-confraternizacao-com-expositores","subtitulo":"Prefeito Valmir de Francisquinho agradece os que acreditaram e investiram no evento e garante avan\u00e7os para a edi\u00e7\u00e3o 2014","descricao":"48\u00aa feira do Caminh\u00e3o: almo\u00e7o de confraterniza\u00e7\u00e3o com expositores","imagem":"\/img\/imagem\/12398-u7b3t9p5i5c3r4z9.jpg,\/img\/imagem\/media_12398-u7b3t9p5i5c3r4z9.jpg,\/img\/imagem\/thumb_12398-u7b3t9p5i5c3r4z9.jpg,\/img\/imagem\/thumb_fix_12398-u7b3t9p5i5c3r4z9.jpg","texto":"No in?cio da tarde desta ter?a-feira, 11, o prefeito Valmir de Francisquinho, juntamente com seu secretariado e os respons?veis pela organiza??o da 48? Feira do caminh?o de Itabaiana, ofereceu um almo?o de confraterniza??o com os representantes da empresas nacionais e internacionais do setor de transporte que est?o participando com seus estandes da maior festa do interior sergipano.\u003Cbr \/\u003E\r\n\n?Nosso muito obrigado a todos os que acreditaram em nosso evento. E esse almo?o nada mais ? do que uma forma de retribuir a aten??o e a participa??o de todos voc?s nesta feira do Caminh?o?, registrou o prefeito, destacando a import?ncia dessa parceria. ?Sem a presen?a de voc?s, sem a realiza??o de bons neg?cios, a feira perderia muito do seu brilho?, avaliou.\u003Cbr \/\u003E\r\n\nE o prefeito itabaianense tamb?m aproveitou a oportunidade para conclamar a todos os expositores a interagirem com a prefeitura e os organizadores no sentido de garantir uma edi??o ainda mais grandiosa em 2014 da Feira do Caminh?o. ?N?s estamos come?ando, essa ? a primeira feira que organizamos. E por isso contamos com a participa??o de voc?s tamb?m no preenchimento de um question?rio sobre o que voc?s acharam desta edi??o e ainda dando sugest?es sobre o que podemos fazer para melhorar para a pr?xima edi??o. Para n?s, a opini?o de todos os expositores ? essencial?, frisou Valmir de Francisquinho.\u003Cbr \/\u003E\r\n\nEntre os empres?rios, diretores e gerentes das empresas presentes ao almo?o, a ideia vem em boa hora. ?Gostei muito dessa possibilidade da gente dar nossa opini?o, de podermos participar mais ativamente do planejamento da Feira do Caminh?o?, destacou o empres?rio sergipano Alberto Filho, da Concorde Ve?culos, empresa que j? participa da feira itabaianense h? muitos anos. ?Tenho certeza que isso garantir? o sucesso cada vez maior do evento?, finalizou.","tags":"noticias,prefeitura,itabaiana","publicacao":"2013-06-11 20:02:59","criado":"2013-06-11 20:02:59","alterado":"-0001-11-30 00:00:00"},{"id":3289,"autor_show":1,"titulo":"48\u00aa Feira do Caminh\u00e3o: grandes shows marcam in\u00edcio da festa","slug":"48a-feira-do-caminhao-grandes-shows-marcam-inicio-da-festa","subtitulo":"Com atra\u00e7\u00f5es locais e nacionais, primeiro dia da festa foi marcado pela emo\u00e7\u00e3o e pela retomada da tradi\u00e7\u00e3o","descricao":"48\u00aa Feira do Caminh\u00e3o: grandes shows marcam in\u00edcio da festa","imagem":"\/img\/imagem\/12397-w2n6a5h7q2c9g2d6.jpg,\/img\/imagem\/media_12397-w2n6a5h7q2c9g2d6.jpg,\/img\/imagem\/thumb_12397-w2n6a5h7q2c9g2d6.jpg,\/img\/imagem\/thumb_fix_12397-w2n6a5h7q2c9g2d6.jpg","texto":"Chuva durante um dia inteiro. Mas nem isso impediu que o primeiro dia da 48? Feira do caminh?o de Itabaiana fosse um sucesso tanto de p?blico, como de cr?tica. Atra??es nacionais e locais fizeram a popula??o itabaianense e os visitantes se emocionarem, especialmente por conta da beleza do local, a Pra?a de Eventos Etelvino Mendon?a, especialmente ornamentada para a ocasi?o, e pela organiza??o e seguran?a que os presentes puderam constatar.\u003Cbr \/\u003E\r\n\n?Hoje ? um dia especial em toda a programa??o da feira, pois marca o in?cio das atra??es musicais, t?o aguardadas pela multid?o. Temos certeza de que nossos esfor?os, sejam eles econ?micos e at? f?sicos, pois nossa equipe n?o tem dado tr?gua, as vezes nem dormido para realizar essa festa com esse padr?o de qualidade, est?o valendo a pena. Isso pode ser visto no rosto de cada cidad?o e cidad? que est?o aqui?, disse o prefeito Valmir de Francisquinho, destacando a emo??o de participar da Feira do Caminh?o como principal organizador pela primeira vez. ?A festa n?o ? minha e nem da prefeitura, pois eu nem tinha nascido quando ela come?ou, h? 48 anos. Mas ? uma imensa satisfa??o poder contribuir para que ela seja uma festa inesquec?vel, com destaque nacional e agradando a todos?.\u003Cbr \/\u003E\r\n\nE a noite come?ou com uma atra??o local, o cantor L?o Vander, que tem uma liga??o bem especial com o evento, j? que seu av?, Ant?nio Francisco da Cunha, o Rolopeu, foi o idealizador das festividades alusivas aos caminhoneiros h? quase 50 anos. Em seguida subiu ao palco o forrozeiro Dorgival Dantas, seguido pela tamb?m itabaianense Cora??o Xonado e, fechando o primeiro dia de apresenta??es art?sticas, o grande sucesso Gal? do Brega.\u003Cbr \/\u003E\r\n\nEm sua segunda noite de atividades, a 48? Feira do Caminh?o tem nos shows de Bruno e Marrone, o itabaianense Ant?nio o Clone, Wesley Safad?o e Garota Safada, al?m da sergipana Cartas de Tar?, os grandes destaques na parte art?stica. Vale ressaltar que a movimenta??o econ?mica gerada pelos neg?cios que est?o sendo fechados por grandes empresas do segmento de transportes continua intensa.\u003Cbr \/\u003E\r\n\n?E temos muito mais, com grandes atra??es e, a grande carreata dos caminhoneiros, na madrugada de ter?a para quarta, at? o fechamentos dos eventos, com a grande prociss?o de Santo Ant?nio, o nosso padroeiro. Por isso eu reitero o convite: venham para Itabaiana comemorar esse momento especial com a gente?, finalizou Valmir de Francisquinho.","tags":"noticias,prefeitura,itabaiana","publicacao":"2013-06-11 18:35:42","criado":"2013-06-11 18:35:42","alterado":"-0001-11-30 00:00:00"}],"busca":null}