{"pagina_atualizada_em":"2026-04-24T11:58:34-03:00","categorias":[{"id":13,"nome":"AGRICULTURA","criado":"2023-06-20 10:30:32","alterado":"2023-06-20 10:30:32"},{"id":19,"nome":"ASSIST\u00caNCIA","criado":"2023-08-08 08:58:10","alterado":"2023-08-08 08:58:10"},{"id":8,"nome":"CULTURA","criado":"2021-04-20 12:09:30","alterado":"2021-04-20 12:09:30"},{"id":9,"nome":"ECONOMIA","criado":"2021-04-22 11:53:46","alterado":"2021-04-22 11:53:46"},{"id":2,"nome":"EDUCA\u00c7\u00c3O","criado":"2021-04-20 12:06:51","alterado":"2021-04-20 12:06:51"},{"id":7,"nome":"ESPORTE","criado":"2021-04-20 12:09:22","alterado":"2021-04-20 12:09:22"},{"id":10,"nome":"EVENTO","criado":"2023-05-30 10:57:36","alterado":"2023-05-30 10:57:36"},{"id":11,"nome":"FESTA DOS CAMINHONEIROS","criado":"2023-06-05 12:14:21","alterado":"2023-06-05 12:14:21"},{"id":20,"nome":"FESTIVIDADES","criado":"2023-08-22 12:11:23","alterado":"2023-08-22 12:12:32"},{"id":12,"nome":"INAUGURA\u00c7\u00c3O","criado":"2023-06-16 11:49:28","alterado":"2023-06-16 11:49:28"},{"id":22,"nome":"MEIO AMBIENTE","criado":"2023-10-03 09:43:15","alterado":"2023-10-03 09:43:15"},{"id":21,"nome":"MICARANA 2023","criado":"2023-08-25 08:29:14","alterado":"2023-08-25 08:29:14"},{"id":23,"nome":"NOTA","criado":"2023-11-08 10:15:32","alterado":"2023-11-08 10:15:32"},{"id":3,"nome":"OBRAS","criado":"2021-04-20 12:07:05","alterado":"2021-04-20 12:07:05"},{"id":4,"nome":"OPORTUNIDADE","criado":"2021-04-20 12:07:32","alterado":"2023-10-25 08:11:14"},{"id":15,"nome":"PARCERIA","criado":"2023-06-23 12:20:02","alterado":"2023-06-23 12:20:02"},{"id":5,"nome":"PLANEJAMENTO","criado":"2021-04-20 12:09:05","alterado":"2021-04-20 12:09:05"},{"id":18,"nome":"RELIGIOSIDADE","criado":"2023-08-04 09:29:43","alterado":"2023-08-04 09:29:43"},{"id":1,"nome":"SA\u00daDE","criado":"2021-04-20 12:06:42","alterado":"2021-04-20 12:06:42"},{"id":16,"nome":"SEGURAN\u00c7A","criado":"2023-07-06 13:15:40","alterado":"2023-07-06 13:15:40"},{"id":6,"nome":"SOCIAL","criado":"2021-04-20 12:09:11","alterado":"2021-04-20 12:09:11"},{"id":14,"nome":"TECNOLOGIA","criado":"2023-06-21 11:05:02","alterado":"2023-06-21 11:05:02"},{"id":17,"nome":"TR\u00c2NSITO","criado":"2023-08-01 12:42:59","alterado":"2023-08-01 12:43:08"},{"id":24,"nome":"TURISMO","criado":"2024-03-26 10:52:52","alterado":"2024-03-26 10:52:52"}],"categoria":null,"paginacao":{"atual":387,"proxima":388,"anterior":386,"total_registros":4725,"total_paginas":394},"itens":[{"id":3277,"categoria_id":"11","categoria":{"id":11,"nome":"FESTA DOS CAMINHONEIROS"},"autor_show":1,"titulo":"Prefeito Valmir de Francisquinho acerta atrasados com SMTT","slug":"prefeito-valmir-de-francisquinho-acerta-atrasados-com-smtt","subtitulo":"D\u00e9bitos da prefeitura de Itabaiana com servidores s\u00e3o referentes ao m\u00eas de dezembro de 2012","descricao":"Prefeito Valmir de Francisquinho acerta atrasados com SMTT","imagem":"\/img\/imagem\/12386-x4u5a5m8d5c5v5w2.jpg,\/img\/imagem\/media_12386-x4u5a5m8d5c5v5w2.jpg,\/img\/imagem\/thumb_12386-x4u5a5m8d5c5v5w2.jpg,\/img\/imagem\/thumb_fix_12386-x4u5a5m8d5c5v5w2.jpg","texto":"Os servidores efetivos da Superintend?ncia Municipal de Tr?nsito e Transporte de Itabaiana, amanheceram nesta quarta-feira, 22, com a certeza que o sal?rio referente a dezembro de 2012 estaria na conta. O fato foi comunicado na ter?a, 21, pelo pr?prio prefeito Valmir de Francisquinho aos servidores.\u003Cbr \/\u003E\r\n\n?Estamos atendendo uma das reivindica??es feitas em reuni?o realizada esta semana com os servidores deste importante ?rg?o. Apesar de n?o ser um d?bito feito na nossa gest?o, entendemos que a prefeitura ? impessoal. ? dif?cil se deparar diante de tantos problemas que n?o foram gerados por n?s, mas ? nossa obriga??o resolv?-los. E vamos resolver na medida do poss?vel?, disse o prefeito Valmir.\u003Cbr \/\u003E\r\n\nO recebimento do sal?rio referente a dezembro foi um al?vio para os servidores que n?o precisar?o entrar na Justi?a para requerer o que lhes pertence de direito, afinal, eles trabalharam, fizeram jus. ?Fico alegre em poder atender esta reivindica??o, depois de consultar as Finan?as, e ao mesmo tempo, de certa forma, contrariado, pois se n?o existisse este d?bito, poderia estar destinando esse dinheiro para a compra de mais uma viatura, dando maiores condi??es da SMTT realizar seus trabalhos?, salientou Valmir.\u003Cbr \/\u003E\r\n\nA previs?o para o pagamento dos sal?rios referente ao m?s de maio ? para o dia 30. Desta forma, a Prefeitura Municipal, atrav?s do prefeito Valmir, vem cumprindo de forma legal a meta de pagar os sal?rios dentro do m?s trabalhado.","tags":"noticias,prefeitura,itabaiana","publicacao":"2013-05-22 10:52:29","criado":"2013-05-22 10:52:29","alterado":"-0001-11-30 00:00:00"},{"id":3275,"categoria_id":"5","categoria":{"id":5,"nome":"PLANEJAMENTO"},"autor_show":1,"titulo":"Confer\u00eancia discute mobilidade urbana itabaianense","slug":"conferencia-discute-mobilidade-urbana-itabaianense","subtitulo":"Evento em Itabaiana debateu problemas da cidade e foi um dos preparat\u00f3rios para etapas estadual e nacional","descricao":"Confer\u00eancia discute mobilidade urbana itabaianense","imagem":"\/img\/imagem\/12384-e8b2x5f8k8j9b3c7.jpg,\/img\/imagem\/media_12384-e8b2x5f8k8j9b3c7.jpg,\/img\/imagem\/thumb_12384-e8b2x5f8k8j9b3c7.jpg,\/img\/imagem\/thumb_fix_12384-e8b2x5f8k8j9b3c7.jpg","texto":"Com o tema ?Quem muda a cidade somos n?s: Reforma Urbana J??, Itabaiana realizou na ?ltima ter?a-feira, 14, a 5? Confer?ncia Municipal das Cidades. O evento, que ? uma prepara??o para as etapas estadual e nacional, aconteceu durante todo o dia na Universidade Tiradentes e reuniu sociedade civil, poder p?blico, movimentos populares, empresariado, entidades sindicais e de classe.\u003Cbr \/\u003E\r\n\nA vice-prefeita, Lourdes Machado, representou o prefeito Valmir de Francisquinho no evento e ressaltou a import?ncia da confer?ncia para o futuro de Itabaiana. ?Nossa cidade sempre foi din?mica e vanguardista. E quando se discute o futuro das cidades, Itabaiana mais uma vez sai na frente e realiza uma discuss?o qualificada, em que as solu??es e sugest?es aparecem?, destacou Lourdes.\u003Cbr \/\u003E\r\n\nDurante a Confer?ncia, a conselheira nacional das cidades e coordenadora da Central de Movimentos Populares, Roseane Patr?cio, explicou que a import?ncia dessa Confer?ncia ? avan?ar na quest?o da pol?tica urbana, o que ajuda a criar uma cidade igualit?ria e mais justa. ?Nesse tipo de Confer?ncia ? que discutimos a cria??o de Conselhos de habita??o ou das cidades, cria??o de fundos, de planos de habita??o, plano de saneamento urbano, plano de mobilidade urbana, e tudo isso far? com que a cidade se desenvolva de forma igual para todos?, enfatizou.\u003Cbr \/\u003E\r\n\nNa oportunidade foram discutidos os seguintes temas: Participa??o e controle social no sistema nacional de desenvolvimento urbano; FNDU (Fundo Nacional de Desenvolvimento Urbano); Instrumentos e pol?ticas de integra??o intersetorial e territorial; Pol?ticas de incentivo ? implanta??o de instrumentos de promo??o da fun??o social da propriedade. A partir da discuss?o dos temas foram elaboradas algumas emendas para aprova??o na plen?ria final. \u003Cbr \/\u003E\r\n\nPara ampliar a discuss?o, o arquiteto e urbanista itabaianense, Edson Passos, ressaltou a import?ncia da uni?o da popula??o na urbaniza??o da cidade. ?A cidade tem crescido muito e se faz necess?rio pensar no urbanismo. Construir casas ? pouco. Temos que pensar em construir pra?as, avenidas. As a??es devem come?ar nas pequenas comunidades, assim evitaremos que cidad?os itabaianenses abandonem a cidade por n?o enxergar aqui projetos e a??es de desenvolvimento em que possam se inserir?, destacou.","tags":"noticias,prefeitura,itabaiana","publicacao":"2013-05-15 14:28:04","criado":"2013-05-15 14:28:04","alterado":"-0001-11-30 00:00:00"},{"id":3274,"categoria_id":"3","categoria":{"id":3,"nome":"OBRAS"},"autor_show":1,"titulo":"Educa\u00e7\u00e3o itabaianense realizou Dia das M\u00e3es nas escolas","slug":"educacao-itabaianense-realizou-dia-das-maes-nas-escolas","subtitulo":"Eventos em homenagem \u00e0s m\u00e3es aconteceram em toda a rede municipal de ensino e prosseguem esta semana","descricao":"Educa\u00e7\u00e3o itabaianense realizou Dia das M\u00e3es nas escolas","imagem":"\/img\/imagem\/12383-b5v1a7t9k2b2s8s9.jpg,\/img\/imagem\/media_12383-b5v1a7t9k2b2s8s9.jpg,\/img\/imagem\/thumb_12383-b5v1a7t9k2b2s8s9.jpg,\/img\/imagem\/thumb_fix_12383-b5v1a7t9k2b2s8s9.jpg","texto":"Com sorteio de presentes e almo?o de confraterniza??o, escolas da rede municipal de ensino de Itabaiana comemoram, nesta sexta-feira, 10, o Dia das M?es. As a??es se estenderam durante todo o dia por diversas unidades de ensino da cidade, inclusive com as creches do munic?pio realizando um grande evento na Associa??o Atl?tica Banco do Brasil de Itabaiana (AABB). \u003Cbr \/\u003E\r\n\n?\u003Cbr \/\u003E\r\n\nComo forma de homenagem as M?es, crian?as declamaram poemas e cantaram as can??es ?Como ? grande o meu amor por voc?? e ?Can??o para todas as m?es? durante os eventos. N?o s? a m?es de alunos, mas tamb?m as que fazem parte do quadro de servidores da Secretaria Municipal de Educa??o foram homenageadas.\u003Cbr \/\u003E\r\n\n?\u003Cbr \/\u003E\r\n\nPara a diretora da Escola Pedro Alves de Menezes, Maria Eusa de Lima, no Povoado Cara?bas: ?? gratificante poder realizar esse encontro de M?es para poder prestar esse bonita homenagem a elas, e eu fico realizada e estar a frente dessa comemora??o como diretora de uma escola da qual j? fui aluna,? disse. Al?m de proporcionar o encontro entre m?es de alunos e professores, houve sorteio de brindes e m?sica ao vivo durante o almo?o, a exemplo a Escola Municipal Hermelina da Costa Lima, no Riacho Do?e.\u003Cbr \/\u003E\r\n\n?\u003Cbr \/\u003E\r\n\n?N?s da Secretaria Municipal de Educa??o tivemos a preocupa??o e demos todo o apoio para que todas as escolas da rede municipal e ensino pudessem realizar um evento em homenagem as m?es de seus alunos e tamb?m as servidoras. Isso ? muito bom, pois aproxima a rela??o das m?es que s?o maioria quando se trata dos cuidados da educa??o dos seus filhos com a dire??o da escola onde o mesmo estuda?, declarou a secret?ria Carminha Mendon?a\u003Cbr \/\u003E\r\n\n?\u003Cbr \/\u003E\r\n\nQuem tamb?m esteve presente para prestigiar as comemora??es alusivas ao Dia das M?es, especificamente na Escola Iana Carvalho Monteiro, acompanhado da deputada Maria Mendon?a, foi o prefeito Valmir de Francisquinho. ?Jamais poder?amos deixar de prestar a nossa homenagem a essas mulheres que s?o o instrumento que gera a vida. Esse tipo de encontro com elas nas escolas ? maravilhoso, pois al?m de podermos mostrar o nosso reconhecimento por elas, elas tamb?m se sentem mais acolhidas no ambiente de ensino dos seus filhos?, finalizou Valmir, destacando que os eventos seguem esta semana nas unidades de ensino municipais.","tags":"noticias,prefeitura,itabaiana","publicacao":"2013-05-14 12:00:58","criado":"2013-05-14 12:00:58","alterado":"-0001-11-30 00:00:00"},{"id":3273,"categoria_id":"5","categoria":{"id":5,"nome":"PLANEJAMENTO"},"autor_show":1,"titulo":"Itabaiana realiza Confer\u00eancia Municipal das Cidades","slug":"itabaiana-realiza-conferencia-municipal-das-cidades","subtitulo":"Evento ser\u00e1 realizado nesta ter\u00e7a-feira, 14, na Universidade Tiradentes\/Itabaiana, das 7 as 16h","descricao":"Itabaiana realiza Confer\u00eancia Municipal das Cidades","imagem":"\/img\/imagem\/12382-v6h4y9g2s3t1s7a4.jpg,\/img\/imagem\/media_12382-v6h4y9g2s3t1s7a4.jpg,\/img\/imagem\/thumb_12382-v6h4y9g2s3t1s7a4.jpg,\/img\/imagem\/thumb_fix_12382-v6h4y9g2s3t1s7a4.jpg","texto":"?\u003Cbr \/\u003E\r\n\nCom o objetivo de fortalecer e estimular a participa??o social e contribuir para o avan?o das pol?ticas p?blicas de desenvolvimento urbano, a prefeitura Municipal de Itabaiana, atrav?s da Secretaria de Ind?stria, Com?rcio, Servi?os, Esportes, Lazer e Turismo, realizar? amanh?, 14, a 5? Confer?ncia Municipal das Cidades. \u003Cbr \/\u003E\r\n\nO evento acontecer? na Universidade Tiradentes, campus Itabaiana, das 07 ?s 16 horas, e contar? com a presen?a da sociedade civil, representantes de sindicatos e associa??es, representantes da Central dos Movimentos Populares, poder p?blico e empresariado. Assuntos como habita??o, saneamento, mobilidade urbana com vista ? implanta??o do Sistema Nacional de Desenvolvimento Urbano s?o pontos relevantes para estimular o debate.\u003Cbr \/\u003E\r\n\nNa ocasi?o ser?o propostos os seguintes temas para discuss?o: Participa??o e controle social no sistema nacional de desenvolvimento urbano; FNDU (Fundo Nacional de Desenvolvimento Urbano); Instrumentos e pol?ticas de integra??o intersetorial e territorial; Pol?ticas de incentivo ? implanta??o de instrumentos de promo??o da fun??o social da propriedade. A partir da discuss?o ser?o criadas emendas para a aprova??o na plen?ria final. As emendas aprovadas nessa etapa ser?o levadas para a Confer?ncia estadual e nacional.\u003Cbr \/\u003E\r\n\nAs pol?ticas p?blicas s?o formuladas atrav?s do di?logo com a sociedade, possibilitando media??es democr?ticas que fortalecem e incentivam a participa??o e o controle social, que s?o elementos fundamentais para constru??o de propostas de resolu??es, programas, projetos e implementa??o de pol?ticas p?blicas de desenvolvimento urbano.\u003Cbr \/\u003E\r\n\nA Confer?ncia tem como finalidades: avan?ar na constru??o da Pol?tica e do Sistema Nacional de Desenvolvimento Urbano; indicar ao Minist?rio das Cidades as prioridades de atua??o, e eleger as entidades nacionais membros do Conselho das Cidades, para o tri?nio 2014-2016, conforme Resolu??o Normativa do Conselho das Cidades.\u003Cbr \/\u003E\r\n\n?","tags":"noticias,prefeitura,itabaiana","publicacao":"2013-05-13 12:05:59","criado":"2013-05-13 12:05:59","alterado":"-0001-11-30 00:00:00"},{"id":3272,"categoria_id":"12","categoria":{"id":12,"nome":"INAUGURA\u00c7\u00c3O"},"autor_show":1,"titulo":"Prefeitura de Itabaiana entrega sementes","slug":"prefeitura-de-itabaiana-entrega-sementes","subtitulo":"A\u00e7\u00e3o j\u00e1 chegou a quatro povoados, devendo aproveitar o in\u00edcio das chuvas para chegar a todos pequenos agricultores","descricao":"Prefeitura de Itabaiana entrega sementes","imagem":"\/img\/imagem\/12381-n1p9c5u8h7k9d3k2.jpg,\/img\/imagem\/media_12381-n1p9c5u8h7k9d3k2.jpg,\/img\/imagem\/thumb_12381-n1p9c5u8h7k9d3k2.jpg,\/img\/imagem\/thumb_fix_12381-n1p9c5u8h7k9d3k2.jpg","texto":"A prefeitura de Itabaiana, atrav?s da Secret?ria Municipal da Agricultura, iniciou a entrega de sementes aos agricultores do munic?pio. ?Come?amos esse trabalho e, gra?as a Deus, as chuvas tamb?m come?aram em nosso munic?pio. Diante do quadro que encontramos, com uma estiagem que castigou muito, esperamos que a situa??o melhore, afinal de contas, a agricultura ? forte em nossa economia, garantindo o sustento de muitas fam?lia?, disse o prefeito Valmir de Francisquinho.\u003Cbr \/\u003E\r\n\nO secret?rio de Agricultura de Itabaiana, Eroltides de Jesus,?e sua equipe?distribu?ram sementes nos povoados Cabe?a do Russo; Terra Dura; Samba?ba e V?rzea do Gama. J? foram entregues mais de cinco mil quilos de sementes. A distribui??o visa incentivar o h?bito de cultivo e, consequentemente, melhorar a qualidade de vida de 500 fam?lias que est?o cadastradas.\u003Cbr \/\u003E\r\n\n?\u003Cbr \/\u003E\r\n\nAl?m das sementes a secret?ria deixa a disposi??o da popula??o duas horas de trator, por fam?lia, mas s? t?m o direito de usar quem est? devidamente cadastrado, sendo que para mais informa??es, os interessados devem procurar a secretaria de Agricultura do munic?pio. ?Estamos com 300 horas de trator em conv?nio com o Governo do Estado?, destacou Erotildes.\u003Cbr \/\u003E\r\n\n?\u003Cbr \/\u003E\r\n\n?Esta a??o visa aumentar a produ??o, a amplia??o da renda e uma alimenta??o rica, nutricionalmente falando, para as fam?lias dos pequenos agricultores, pois nem todos os t?m condi??es de comprar ou armazenar sementes.?, disse o secret?rio de Agricultura, ressaltando que o trabalho est? apenas come?ando. ?Vamos atingir nossa meta, que ? beneficiar todos os pequenos agricultores itabaianenses?, concluiu.","tags":"noticias,prefeitura,itabaiana","publicacao":"2013-05-10 15:04:02","criado":"2013-05-10 15:04:02","alterado":"-0001-11-30 00:00:00"},{"id":3271,"categoria_id":"8","categoria":{"id":8,"nome":"CULTURA"},"autor_show":1,"titulo":"Prefeito \u00e9 empossado presidente da Junta Militar","slug":"prefeito-e-empossado-presidente-da-junta-militar","subtitulo":"Valmir de Francisquinho recebeu a incumb\u00eancia de presidir a entidade que presta servi\u00e7os administrativos ao Ex\u00e9rcito","descricao":"Prefeito \u00e9 empossado presidente da Junta Militar","imagem":"\/img\/imagem\/12380-q7a6g9n3d1s5r6e1.jpg,\/img\/imagem\/media_12380-q7a6g9n3d1s5r6e1.jpg,\/img\/imagem\/thumb_12380-q7a6g9n3d1s5r6e1.jpg,\/img\/imagem\/thumb_fix_12380-q7a6g9n3d1s5r6e1.jpg","texto":"Em cerim?nia realizada na manh? desta quinta-feira, 09, no audit?rio da secretaria municipal de educa??o de Itabaiana, o prefeito Valmir de Francisquinho foi empossado como Presidente da Junta de Servi?o Militar do munic?pio de Itabaiana, al?m das cidades circunvizinhas.\u003Cbr \/\u003E\r\n\nPara o inicio da cerim?nia, foram convidados para compor a mesa a deputada estadual Maria Mendon?a; o vereador presidente da c?mara municipal, Z? Roberto Imperador; a vice-prefeita, Lourdes Machado e representantes do Exercito que, ap?s o hino nacional e entroniza??o do pavilh?o nacional, deram inicio a cerim?nia com o juramento de Valmir perante a bandeira do Brasil onde ele assumiu a compromisso de presidir as juntas militares das respectivas cidades assinando o termo de posse.\u003Cbr \/\u003E\r\n\nTamb?m assinou o termo de posse, juntamente com Valmir, o Major chefe da 19? Circunscri??o de Servi?o Militar, Kladson Taumaturgo Farias e o 2? Tenente Delegado da 3? Delegacia de Servi?o Militar, Altair Schmdeller.\u003Cbr \/\u003E\r\n\n?? com honradez e alegria que assumo esse compromisso com as Juntas Militares tendo o dever de colaborar com os funcion?rios sempre que preciso e tamb?m promover melhorias na presta??o de servi?os aos cidad?os?, declarou o prefeito Valmir de Francisquinho com muita satisfa??o.\u003Cbr \/\u003E\r\n\nAs Juntas de Servi?o Militar prestam servi?os de car?ter administrativo ao Ex?rcito e demais ?rg?os mantidos pela Prefeitura, tais como: alistamento militar, emiss?o de documentos e regulariza??o de situa??o militar. Elas tamb?m s?o as respons?veis por manter servi?os de dispensa, sele??o, servi?o alternativo ao servi?o militar, al?m da recusa e presta??o do servi?o militar obrigat?rio. Os cidad?os tamb?m podem solicitar nas Juntas Militares o adiamento de incorpora??o e inser??o do servi?o militar, al?m de outros servi?os.\u003Cbr \/\u003E\r\n\n Nos munic?pios administrativos, as Juntas de Servi?o Militar ser?o presididas pelos prefeitos, tendo como secret?rios um funcion?rio municipal ou agente estat?stico local, um e outro de reconhecida idoneidade moral. A responsabilidade de instala??o e manuten??o das Juntas de Servi?o Militar, em qualquer caso, ? do munic?pio administrativo (par?grafos 1? e 3? do artigo 11 da legisla??o).","tags":"noticias,prefeitura,itabaiana","publicacao":"2013-05-09 14:24:06","criado":"2013-05-09 14:24:06","alterado":"-0001-11-30 00:00:00"},{"id":3270,"categoria_id":"8","categoria":{"id":8,"nome":"CULTURA"},"autor_show":1,"titulo":"Itabaiana sedia 1\u00b0 Congresso de Direito","slug":"itabaiana-sedia-10-congresso-de-direito","subtitulo":"Prefeito participou da solenidade de abertura do evento que prossegue at\u00e9 esta quarta-feira","descricao":"Itabaiana sedia 1\u00b0 Congresso de Direito","imagem":"\/img\/imagem\/12379-a3n5i1w1h9e1t8d7.jpg,\/img\/imagem\/media_12379-a3n5i1w1h9e1t8d7.jpg,\/img\/imagem\/thumb_12379-a3n5i1w1h9e1t8d7.jpg,\/img\/imagem\/thumb_fix_12379-a3n5i1w1h9e1t8d7.jpg","texto":"Na noite da ?ltima segunda feira, 6, o prefeito Valmir de Francisquinho participou da abertura do I Congresso de Direito em Itabaiana, realizado pela comiss?o que aconteceu no Clube de Dirigentes Lojistas de Itabaiana (CDL) , que contou com a participa??o do juiz? Dr. Luiz Manoel Andrade Meneses, e que realizou uma palestra sobre ?Dignidade da pessoa humana e os Direitos dos Empregados Dom?sticos?\u003Cbr \/\u003E\r\n\n?Estive exatamente a onde est?o a maioria de voc?s. Mas consegui concluir meus estudos. Sei da dificuldades que se passa para chegar a esse objetivo, mas vale a pena buscar esse sonho?, disse o prefeito Valmir de Francisquinho para os alunos presentes.\u003Cbr \/\u003E\r\n\nO congresso, que ocorre at? esta quarta-feira, 8, ?contou com a inscri??o cerca 500 alunos do curso da Unit. A sequ?ncia de palestras prosseguiu com ?A advocacia na atualidade?, proferida pelo presidente da OAB\/SE, Carlos Augusto Monteiro Nascimento, e ?Constitucuionaliza??o do Direito Civil?, com o professor da Universidade Tiradentes, Carlos Augusto Alc?ntara Machado.\u003Cbr \/\u003E\r\n\nE nesta quarta-feira, 8, a programa??o se encerra a partir das? 19 horas, com as palestras ?Rela??o Homoafetiva: casamento e rela??o est?vel?, com o juiz de Direito Manoel Costa Neto e ?Direitos Humanos, Novas Tecnologias e Desenvolvimento Sustent?vel?, com o doutor e mestre em Direito do Estado, Alexandre Coutinho Pagliari.","tags":"noticias,prefeitura,itabaiana","publicacao":"2013-05-07 14:51:13","criado":"2013-05-07 14:51:13","alterado":"-0001-11-30 00:00:00"},{"id":3269,"categoria_id":"3","categoria":{"id":3,"nome":"OBRAS"},"autor_show":1,"titulo":"Estudantes de Itabaiana participam da Provinha Brasil","slug":"estudantes-de-itabaiana-participam-da-provinha-brasil","subtitulo":"Avalia\u00e7\u00e3o foi criada visando atender objetivos do Plano de Desenvolvimento da Educa\u00e7\u00e3o (PDE)","descricao":"Estudantes de Itabaiana participam da Provinha Brasil","imagem":"\/img\/imagem\/12378-a9y3z6u7k6r5u1x7.jpg,\/img\/imagem\/media_12378-a9y3z6u7k6r5u1x7.jpg,\/img\/imagem\/thumb_12378-a9y3z6u7k6r5u1x7.jpg,\/img\/imagem\/thumb_fix_12378-a9y3z6u7k6r5u1x7.jpg","texto":"Elaborada para ser aplicada ?s crian?as devidamente matriculadas no segundo ano do ensino fundamental ? antiga 1? s?rie ? a Provinha Brasil ? uma avalia??o criada em conson?ncia com o Plano de Desenvolvimento da Educa??o (PDE) do MEC que tem por objetivo diagnosticar a qualidade do ensino e servir de espelho para os professores, onde, ap?s os resultados, ter?o condi??es de averiguar as habilidades e defici?ncia dos estudantes em suas ?reas especifica.\u003Cbr \/\u003E\r\n\nEm Itabaiana, a Provinha Brasil das mat?rias de portugu?s e matem?tica foram aplicadas durante os dias 02 e 03 de maio nas escolas p?blicas municipais, sendo que, pelo aumento no total de matriculados em 2013, alguns alunos participaram da prova no ?ltimo dia 6.\u003Cbr \/\u003E\r\n\n??N?o s? eu, mas como todos os professores e equipes de dire??o das escolas tivemos a preocupa??o de que a Provinha Brasil fosse realizada, pois a import?ncia dela revela-se nos resultados que obtemos, afinal, ? com esses resultados que teremos no??o de onde intensificar o ensino e de onde vermos que eles est? dando certo. Al?m disso, as provas de mat?rias especificas ir?o nos mostrar quais deles os nossos alunos t?m mais aptid?o?, disse Carminha Mendon?a, secret?ria municipal de educa??o de Itabaiana.\u003Cbr \/\u003E\r\n\nA Provinha Brasil diferencia-se das demais que s?o realizadas pelo Inep, pois se trata de um instrumento pedag?gico sem finalidade classificat?ria. No mais, o resultado obtido na mesma facilitar? a cria??o de relat?rios que, ao subsidiar a??es pedag?gicas, s?o capazes de unir a Secretaria de Educa??o, a dire??o das escolas, alunos e pais.\u003Cbr \/\u003E\r\n\nQuem corrige?\u003Cbr \/\u003E\r\n\nAs provas podem ser corrigidas pelo pr?prio professor da turma onde a prova foi aplicada, ou por uma equipe de professores montada pela Secretaria Municipal de Educa??o. Com isso, o docente ficar? ciente do n?vel? de desempenho dos seus alunos de forma imediata. Da mesma forma, os resultados de cada turma em individual ser?o coletados e agregados, com o objetivo de formar um panorama da escola e de toda rede municipal de ensino de Itabaiana.","tags":"noticias,prefeitura,itabaiana","publicacao":"2013-05-06 16:31:32","criado":"2013-05-06 16:31:32","alterado":"-0001-11-30 00:00:00"},{"id":3268,"categoria_id":"13","categoria":{"id":13,"nome":"AGRICULTURA"},"autor_show":1,"titulo":"Refis \u00e9 prorrogado at\u00e9 o pr\u00f3ximo dia 17 de maio","slug":"refis-e-prorrogado-ate-o-proximo-dia-17-de-maio","subtitulo":"Prefeitura de Itabaiana concede prazo maior para que cidad\u00e3os possam aderir aos descontos propostos pela administra\u00e7\u00e3o","descricao":"Refis \u00e9 prorrogado at\u00e9 o pr\u00f3ximo dia 17 de maio","imagem":"\/img\/imagem\/12377-j8b3k9b6y2v4a6j8.jpg,\/img\/imagem\/media_12377-j8b3k9b6y2v4a6j8.jpg,\/img\/imagem\/thumb_12377-j8b3k9b6y2v4a6j8.jpg,\/img\/imagem\/thumb_fix_12377-j8b3k9b6y2v4a6j8.jpg","texto":"?\u003Cbr \/\u003E\r\n\nA prefeitura de Itabaiana lan?ou, neste ano, o programa de Recupera??o Fiscal, o Refis. E gra?as ao bom acolhimento por parte da popula??o itabaianense, foi decidida a prorroga??o do prazo para que aqueles que possuem d?bitos de diversas naturezas junto ao tesouro municipal possam regularizar sua situa??o. A nova data para ades?o ao Refis ? at? o pr?ximo dia 17 de maio.\u003Cbr \/\u003E\r\n\nPara o prefeito Valmir de Francisquinho, o novo prazo ? mais uma oportunidade para o cidad?o e tamb?m para a cidade. ?Administrar ?, tamb?m, investir corretamente os recursos p?blicos, que v?m dos impostos. Nossa parte estamos fazendo, nesse sentido. Agora, se a popula??o tem a chance de regularizar os d?bitos com o munic?pio, ganham todos, pois o cidad?o passa a ter direito de retirar certid?o negativa, sem nenhum problema, e a cidade passa a ter mais recursos para investimentos em ?reas essenciais?, disse Valmir.\u003Cbr \/\u003E\r\n\n?Essa ? uma oportunidade ?nica para que todos os cidad?os e empresas tenham isen??o de multas e juros. Impostos como o IPTU, o ISS e o ISSQN passam a ser pagos pelo valor nominal, sem que incidam sobre ele as corre??es, que s?o at? um direito que a prefeitura tem, mas, visando o bem da comunidade, a administra??o municipal aprovou a lei para anistiar as corre??es e penaliza??es e possibilitar a regulariza??o de todos?, avaliou o advogado geral de Itabaiana, Lucas Cardinali.\u003Cbr \/\u003E\r\n\nVale lembrar que todos os recursos arrecadados pela administra??o municipal t?m destina??o voltada para a viabiliza??o de programas sociais, educacionais e econ?micos que s?o implantados pela prefeitura, visando o bem viver da coletividade. E isso ? justamente o que ocorrer? com todo o montante que j? foi e que vier a ser arrecadado atrav?s do Refis.\u003Cbr \/\u003E\r\n\n?","tags":"noticias,prefeitura,itabaiana","publicacao":"2013-05-03 13:28:47","criado":"2013-05-03 13:28:47","alterado":"-0001-11-30 00:00:00"},{"id":3267,"categoria_id":"6","categoria":{"id":6,"nome":"SOCIAL"},"autor_show":1,"titulo":"Secret\u00e1ria de Sa\u00fade de Itabaiana fala na C\u00e2mara","slug":"secretaria-de-saude-de-itabaiana-fala-na-camara","subtitulo":"Atendendo a requerimento dos vereadores, Andr\u00e9a Mendon\u00e7a fez explana\u00e7\u00e3o sob atividades da secretaria neste in\u00edcio de gest\u00e3o","descricao":"Secret\u00e1ria de Sa\u00fade de Itabaiana fala na C\u00e2mara","imagem":"\/img\/imagem\/12376-v5f7x7i2t6e9r1u3.jpg,\/img\/imagem\/media_12376-v5f7x7i2t6e9r1u3.jpg,\/img\/imagem\/thumb_12376-v5f7x7i2t6e9r1u3.jpg,\/img\/imagem\/thumb_fix_12376-v5f7x7i2t6e9r1u3.jpg","texto":"A Secret?ria Municipal de Sa?de de Itabaiana, Andr?a Reis Mendon?a, participou da sess?o ordin?ria desta quinta-feira, 02, na C?mara Municipal, atendendo a um requerimento aprovado pelos vereadores. O objetivo foi que a secretaria realizasse uma explana??o dos quatro primeiros meses de a??es da pasta.\u003Cbr \/\u003E\r\n\n\u0022Estou a disposi??o dos vereadores, tanto aqui na C?mara como tamb?m na secretaria, para tirar qualquer d?vida, bem como auxiliar, no que estiver ao nosso alcance, em qualquer pleito apresentado pelos vereadores\u0022, destacou Andr?a.\u003Cbr \/\u003E\r\n\nAndr?a fez uma explana??o sobre como encontrou a Secretaria, quais as dificuldades encontradas, as d?vidas deixadas pela ex-gest?o, a falta de m?dicos especialistas, transporte e medicamentos, bem como, explicou o que j? foi poss?vel fazer nesses primeiros meses.\u003Cbr \/\u003E\r\n\nOs principais pontos destacados pela Secret?ria foi a regulariza??o dos rem?dios da farm?cia b?sica nas unidades de sa?de, a contrata??o de m?dicos especialistas e de duas equipes do PSF, a descentraliza??o da marca??o de exames e consultas, dos mutir?es de cirurgias eletivas, da constru??o da sede pr?pria de duas unidades de sa?de (povoado Zangu? e bairro Mutir?o), dentre outros.\u003Cbr \/\u003E\r\n\nAp?s a explana??o, Andr?a respondeu a perguntas feitas pelos vereadores, falou dos investimentos e avan?os na sa?de em Itabaiana e do muito que se tem a fazer para dar um atendimento humano aos cidad?os itabaianenses.\u003Cbr \/\u003E\r\n\nOs vereadores Oliv?rio Chagas, Paulo Messias, Carlos Wagner, Jos? Teles, Jos? Carlos, Jo?o C?ndido e Roosevelt Santana fizeram questionamentos a secret?ria que, prontamente respondeu a cada um.\u003Cbr \/\u003E\r\n\nPor fim, Andr?a agradeceu a oportunidade dada para que ela prestasse contas do seu trabalho, colocou-se ? disposi??o de todos e ainda se mostrou muito feliz pela gentileza com que foi recebida por todos os edis.\u003Cbr \/\u003E\r\n\nTamb?m presente na sess?o em que a secretaria de Sa?de fez sua explana??o, o prefeito Valmir de Francisquinho teceu elogios a gestora e a sua equipe. \u0022Quero registrar a nossa satisfa??o com o trabalho desenvolvido pela secret?ria e por todos os que comp?em a secretaria. Sua condu??o ?tica, qualificada e paciente, a frente de uma pasta que recebeu tantos problemas, ? um exemplo de atua??o p?blica\u0022, registrou Valmir.\u003Cbr \/\u003E\r\n\nO presidente da C?mara Municipal, Jos? Roberto encerrou a sess?o afirmando que a participa??o de Andr?a foi esclarecedora para todos. ?Agrade?o pela exposi??o e as explica??es prestadas foram fundamentais n?o s? para os vereadores, mas tamb?m para toda a sociedade que nos acompanhou?, destacou o vereador.","tags":"noticias,prefeitura,itabaiana","publicacao":"2013-05-02 18:59:00","criado":"2013-05-02 18:59:00","alterado":"-0001-11-30 00:00:00"},{"id":3266,"categoria_id":"8","categoria":{"id":8,"nome":"CULTURA"},"autor_show":1,"titulo":"Itabaiana tem debate sobre situa\u00e7\u00e3o atual da mulher","slug":"itabaiana-tem-debate-sobre-situacao-atual-da-mulher","subtitulo":"Iniciativa da deputada Maria Mendon\u00e7a contou com a presen\u00e7a do prefeito Valmir de Francisquinho","descricao":"Itabaiana tem debate sobre situa\u00e7\u00e3o atual da mulher","imagem":"\/img\/imagem\/12375-i5a7k8q8r9p8z5j1.jpg,\/img\/imagem\/media_12375-i5a7k8q8r9p8z5j1.jpg,\/img\/imagem\/thumb_12375-i5a7k8q8r9p8z5j1.jpg,\/img\/imagem\/thumb_fix_12375-i5a7k8q8r9p8z5j1.jpg","texto":"Uma mesa redonda para debater os maus tratos dom?sticos contra a mulher. Esse foi o mote principal do evento realizado no audit?rio do Campus Universit?rio de Itabaiana durante toda ?a tarde desta segunda-feira, 29, intitulado ?A Mulher em situa??o de vulnerabilidade e viol?ncia?.\u003Cbr \/\u003E\r\n\n?A deputada Maria Mendon?a demonstra toda a sua sensibilidade social e de pessoa p?blica ao propor um tema de suma import?ncia para toda a sociedade. Estamos neste evento, de forma ativa, assim como nos colocamos a disposi??o na prefeitura, dentro do que nos for poss?vel, para contribuir para que a rede de prote??o ? mulher de Itabaiana seja algo efetivo e real em nossa cidade?, disse o prefeito Valmir de Francisquinho.\u003Cbr \/\u003E\r\n\nDentre os debates realizados, destaque para ?A Justi?a e a Lei Maria da Penha?, com a ju?za coordenadora da mulher no TJ\/SE, Adelaide Maria Martins; ?A Pol?cia e a Lei Maria da Penha?, com a delegada titular da delegacia da mulher de Itabaiana, Heilliara Santos Farias; ?OAB\/SE e a Pol?tica de Defesa dos Direitos da Mulher?, com a presidente da comiss?o de direitos da mulher da OAB\/SE, Ad?lia Moreira Pessoa.\u003Cbr \/\u003E\r\n\nA deputada Maria Mendon?a, idealizadora e principal executora do evento, destacou as conquistas alcan?adas e o caminho que ainda h? a se percorrer. ?Tornar real este evento foi a maneira que encontrei para discutirmos em Itabaiana e com munic?pios da regi?o um tema que, apesar da lei, das grandes mudan?as que ela traz e das in?meras conquistas femininas, ainda carece de reflex?o, pois a viol?ncia contra a mulher? ainda ? pr?tica recorrente?, disse Maria, ressaltando a import?ncia da data. ?Penso que temos o que comemorar no dia 30 de abril, Dia Nacional da Mulher, afinal este dia nasceu como resultado de lutas e embates hist?ricos?,\u003Cbr \/\u003E\r\n\nJ? o intermediador dos debates, o senador Eduardo Amorim, acrescentou dados importantes para o debate. ?O Brasil est? em 7? lugar com maior ?ndice de viol?ncia contra a mulher, e em 2? lugar da Am?rica Latina, perdendo apenas para Col?mbia, pontuou o Senador segundo dados? estat?sticos da Data Senado e ainda complementou, ?Agress?o contra o ser? vivo ? inaceit?vel, de pura covardia. Por isso, vamos denunciar a quem pratica esse tipo de comportamento. N?o tenham medo, a justi?a est? a nosso favor?, concluiu.\u003Cbr \/\u003E\r\n\nO evento contou com a presen?a de alunos das escolas municipais Escola Nivalda Lima Figueiredo, Dr. Airton Teles e Dr. Augusto C?sar Leite, al?m da vice-prefeita, Lourdes Machado; do presidente da C?mara de Vereadores, Z? Roberto Imperador; do vice-presidente do PSDB, Ant?nio Neto, vereadores locais e das cidades circunvizinhas, al?m de v?rios estudantes, assistentes sociais, advogados e m?dia local.?","tags":"noticias,prefeitura,itabaiana","publicacao":"2013-04-30 10:34:09","criado":"2013-04-30 10:34:09","alterado":"-0001-11-30 00:00:00"},{"id":3265,"categoria_id":"6","categoria":{"id":6,"nome":"SOCIAL"},"autor_show":1,"titulo":"Mutir\u00e3o de cirurgia atende cerca de 50 pacientes","slug":"mutirao-de-cirurgia-atende-cerca-de-50-pacientes","subtitulo":"Atividade uniu prefeitura, Minist\u00e9rio da Sa\u00fade e IOSE para garantir sa\u00fade ocular atrav\u00e9s do combate ao pter\u00edgio","descricao":"Mutir\u00e3o de cirurgia atende cerca de 50 pacientes","imagem":"\/img\/imagem\/12374-q1p6d9k6a2x1w6v2.jpg,\/img\/imagem\/media_12374-q1p6d9k6a2x1w6v2.jpg,\/img\/imagem\/thumb_12374-q1p6d9k6a2x1w6v2.jpg,\/img\/imagem\/thumb_fix_12374-q1p6d9k6a2x1w6v2.jpg","texto":"Nesta segunda-feira, 29, a Secretaria de Sa?de de Itabaiana realizou mais uma a??o de extrema import?ncia. Trata-se do mutir?o de cirurgias que deve atender cerca de 50 pacientes com pter?gio.\u003Cbr \/\u003E\r\n\n?Nossa gest?o n?o medir? esfor?os na realiza??o de a??es como essa, em que a parceria contribui para que nosso povo tenha mais sa?de. E a uni?o faz a for?a, como se sabe. Por isso, parabenizo a equipe da sa?de municipal por atender todas as diretrizes do minist?rio no sentido de podermos realizar mais esse mutir?o?, explicou o prefeito Valmir de Francisquinho.\u003Cbr \/\u003E\r\n\nAs cirurgias s?o uma parceria entre o Minist?rio da Sa?de, o IOSE e a Secretaria de Sa?de de Itabaiana. Ap?s consulta oftalmol?gica, o m?dico identifica a necessidade do procedimento cir?rgico, encaminhando para a secretaria de Sa?de do munic?pio com a solicita??o de exames pr?-operat?rios e, ap?s os exames realizados, ? feita uma triagem pela equipe de oftalmologistas do IOSE.\u003Cbr \/\u003E\r\n\n?Essa ? uma a??o de extrema import?ncia n?o s? para a Secretaria, mas principalmente para os pacientes que melhoram, e muito, sua qualidade de vida ap?s o procedimento. ? o segundo mutir?o que realizamos este ano e com possibilidade de realizar mais dois ainda neste semestre?, enfatizou a Secret?ria de Sa?de Andr?a Mendon?a.\u003Cbr \/\u003E\r\n\n?Pter?gio\u003Cbr \/\u003E\r\n\nO pter?gio ? um tecido carnoso que cresce sobre a c?rnea. Esta les?o pode manter-se pequena ou crescer at? interferir com a vis?o. O pter?gio se localiza com maior freq??ncia sobre o ?ngulo nasal do olho, por?m pode aparecer no ?ngulo externo.\u003Cbr \/\u003E\r\n\nOs principais sintomas s?o olho vermelho (irritado) e fotofobia. ? mais freq?ente em pessoas que passam muito tempo ao ar livre, em especial durante o ver?o. A exposi??o prolongada ? luz solar, sobretudo aos raios ultravioletas e a irrita??o cr?nica do olho devido a condi??es ambientais secas e poeira parecem desempenhar um papel importante. Um olho seco pode contribuir para o aparecimento de um pter?gio.","tags":"noticias,prefeitura,itabaiana","publicacao":"2013-04-29 14:03:41","criado":"2013-04-29 14:03:41","alterado":"-0001-11-30 00:00:00"}],"busca":null}