{"pagina_atualizada_em":"2026-04-30T11:48:30-03:00","categorias":[{"id":13,"nome":"AGRICULTURA","criado":"2023-06-20 10:30:32","alterado":"2023-06-20 10:30:32"},{"id":19,"nome":"ASSIST\u00caNCIA","criado":"2023-08-08 08:58:10","alterado":"2023-08-08 08:58:10"},{"id":8,"nome":"CULTURA","criado":"2021-04-20 12:09:30","alterado":"2021-04-20 12:09:30"},{"id":9,"nome":"ECONOMIA","criado":"2021-04-22 11:53:46","alterado":"2021-04-22 11:53:46"},{"id":2,"nome":"EDUCA\u00c7\u00c3O","criado":"2021-04-20 12:06:51","alterado":"2021-04-20 12:06:51"},{"id":7,"nome":"ESPORTE","criado":"2021-04-20 12:09:22","alterado":"2021-04-20 12:09:22"},{"id":10,"nome":"EVENTO","criado":"2023-05-30 10:57:36","alterado":"2023-05-30 10:57:36"},{"id":11,"nome":"FESTA DOS CAMINHONEIROS","criado":"2023-06-05 12:14:21","alterado":"2023-06-05 12:14:21"},{"id":20,"nome":"FESTIVIDADES","criado":"2023-08-22 12:11:23","alterado":"2023-08-22 12:12:32"},{"id":12,"nome":"INAUGURA\u00c7\u00c3O","criado":"2023-06-16 11:49:28","alterado":"2023-06-16 11:49:28"},{"id":22,"nome":"MEIO AMBIENTE","criado":"2023-10-03 09:43:15","alterado":"2023-10-03 09:43:15"},{"id":21,"nome":"MICARANA 2023","criado":"2023-08-25 08:29:14","alterado":"2023-08-25 08:29:14"},{"id":23,"nome":"NOTA","criado":"2023-11-08 10:15:32","alterado":"2023-11-08 10:15:32"},{"id":3,"nome":"OBRAS","criado":"2021-04-20 12:07:05","alterado":"2021-04-20 12:07:05"},{"id":4,"nome":"OPORTUNIDADE","criado":"2021-04-20 12:07:32","alterado":"2023-10-25 08:11:14"},{"id":15,"nome":"PARCERIA","criado":"2023-06-23 12:20:02","alterado":"2023-06-23 12:20:02"},{"id":5,"nome":"PLANEJAMENTO","criado":"2021-04-20 12:09:05","alterado":"2021-04-20 12:09:05"},{"id":18,"nome":"RELIGIOSIDADE","criado":"2023-08-04 09:29:43","alterado":"2023-08-04 09:29:43"},{"id":1,"nome":"SA\u00daDE","criado":"2021-04-20 12:06:42","alterado":"2021-04-20 12:06:42"},{"id":16,"nome":"SEGURAN\u00c7A","criado":"2023-07-06 13:15:40","alterado":"2023-07-06 13:15:40"},{"id":6,"nome":"SOCIAL","criado":"2021-04-20 12:09:11","alterado":"2021-04-20 12:09:11"},{"id":14,"nome":"TECNOLOGIA","criado":"2023-06-21 11:05:02","alterado":"2023-06-21 11:05:02"},{"id":17,"nome":"TR\u00c2NSITO","criado":"2023-08-01 12:42:59","alterado":"2023-08-01 12:43:08"},{"id":24,"nome":"TURISMO","criado":"2024-03-26 10:52:52","alterado":"2024-03-26 10:52:52"}],"categoria":null,"paginacao":{"atual":4,"proxima":5,"anterior":3,"total_registros":4732,"total_paginas":395},"itens":[{"id":8663,"categoria_id":"5","categoria":{"id":5,"nome":"PLANEJAMENTO"},"autor_id":"43","autor":{"id":43,"nome":"Katiane Peixoto (Comunica\u00e7\u00e3o)","email":"cafeeprosa9@gmail.com"},"titulo":"Prefeitura de Itabaiana promover\u00e1 audi\u00eancia p\u00fablica para discutir a LOA e LDO de 2027 no dia 09 de abril","slug":"prefeitura-de-itabaiana-promovera-audiencia-publica-para-discutir-a-loa-e-ldo-de-2027-no-dia-09-de-abril","imagem":"\/img\/imagem\/whatsapp-image-2026-03-26-at-15-11-20_5b854c544236bdbd4caf5.jpeg,\/img\/imagem\/media_whatsapp-image-2026-03-26-at-15-11-20_5b854c544236bdbd4caf5.jpeg,\/img\/imagem\/thumb_whatsapp-image-2026-03-26-at-15-11-20_5b854c544236bdbd4caf5.jpeg,\/img\/imagem\/thumb_fix_whatsapp-image-2026-03-26-at-15-11-20_5b854c544236bdbd4caf5.jpeg","texto":"\u003Cp\u003E\u003Cimg style=\u0022display: block; margin-left: auto; margin-right: auto;\u0022 src=\u0022https:\/\/itabaiana.se.gov.br\/img\/imagem\/media_whatsapp-image-2026-03-26-at-15-11-20_5b854c544236bdbd4caf5.jpeg\u0022 alt=\u0022whatsapp-image-2026-03-26-at-15-11-20_5b854c544236bdbd4caf5.jpeg\u0022 width=\u0022456\u0022 height=\u0022570\u0022 \/\u003E\u003C\/p\u003E\r\n\u003Cp style=\u0022text-align: justify;\u0022\u003E\u0026nbsp;\u003C\/p\u003E\r\n\u003Cp style=\u0022text-align: justify;\u0022\u003EA Prefeitura de Itabaiana, por meio da Secretaria de Administra\u0026ccedil;\u0026atilde;o e Planejamento promover\u0026aacute; no dia 09 de abril, uma audi\u0026ecirc;ncia p\u0026uacute;blica para discutir a Lei Or\u0026ccedil;ament\u0026aacute;ria Anual (LOA) e a Lei de Diretrizes Or\u0026ccedil;ament\u0026aacute;rias (LDO), com o objetivo de direcionar a administra\u0026ccedil;\u0026atilde;o p\u0026uacute;blica no ano de 2027. A audi\u0026ecirc;ncia ter\u0026aacute; in\u0026iacute;cio \u0026agrave;s 09h, no audit\u0026oacute;rio da Universidade Tiradentes (Unit).\u003C\/p\u003E\r\n\u003Cp style=\u0022text-align: justify;\u0022\u003E\u003Cstrong\u003EO QUE \u0026Eacute; A LOA E A LDO?\u003C\/strong\u003E\u003C\/p\u003E\r\n\u003Cp style=\u0022text-align: justify;\u0022\u003EA Lei do Or\u0026ccedil;amento Anual (LOA) \u0026eacute; a lei que define o or\u0026ccedil;amento do munic\u0026iacute;pio para o ano seguinte \u0026ndash; neste caso, 2027. Ela cont\u0026eacute;m a estimativa das receitas e despesas no per\u0026iacute;odo. Para isso, a LOA considera o total de receitas que a Prefeitura espera arrecadar no pr\u0026oacute;ximo ano e a forma como os recursos ser\u0026atilde;o aplicados em bens, obras e servi\u0026ccedil;os \u0026agrave; popula\u0026ccedil;\u0026atilde;o como retorno dos tributos pagos.\u003C\/p\u003E\r\n\u003Cp style=\u0022text-align: justify;\u0022\u003EA Lei de Diretrizes Or\u0026ccedil;ament\u0026aacute;rias (LDO) \u0026eacute; o instrumento que estabelece as metas, prioridades e despesas de capital do \u0026oacute;rg\u0026atilde;o governante para o ano seguinte. Ela faz a ponte entre o planejamento de longo prazo (PPA) e a execu\u0026ccedil;\u0026atilde;o or\u0026ccedil;ament\u0026aacute;ria detalhada (LOA), definindo regras para a pol\u0026iacute;tica fiscal, despesas com pessoal e equil\u0026iacute;brio entre receitas e despesas.\u003C\/p\u003E","tags":"prefeitura,itabaiana,secretaria,planejamento,administracao,publica,loa,ldo,lei,orcamento,receita,despesas,audiencia,populacao","destaque":1,"publicacao":"2026-03-27 11:52:00","criado":"2026-03-27 11:52:24","alterado":"2026-03-27 11:52:33"},{"id":8662,"categoria_id":"15","categoria":{"id":15,"nome":"PARCERIA"},"autor_id":"43","autor":{"id":43,"nome":"Katiane Peixoto (Comunica\u00e7\u00e3o)","email":"cafeeprosa9@gmail.com"},"titulo":"Itabaiana passa a integrar o Territ\u00f3rio Empreendedor do Vale do Vaza-Barris, que tem como objetivo impulsionar o desenvolvimento regional","slug":"itabaiana-passa-a-integrar-o-territorio-empreendedor-do-vale-do-vaza-barris-que-tem-como-objetivo-impulsionar-o-desenvolvimento-regional","imagem":"\/img\/imagem\/whatsapp-image-2026-03-26-at-09-53-48_9d3ad1e70c819df824ba0967b.jpeg,\/img\/imagem\/media_whatsapp-image-2026-03-26-at-09-53-48_9d3ad1e70c819df824ba0967b.jpeg,\/img\/imagem\/thumb_whatsapp-image-2026-03-26-at-09-53-48_9d3ad1e70c819df824ba0967b.jpeg,\/img\/imagem\/thumb_fix_whatsapp-image-2026-03-26-at-09-53-48_9d3ad1e70c819df824ba0967b.jpeg","texto":"\u003Cp\u003E\u003Cimg style=\u0022display: block; margin-left: auto; margin-right: auto;\u0022 src=\u0022https:\/\/itabaiana.se.gov.br\/img\/imagem\/media_whatsapp-image-2026-03-26-at-09-53-48_9d3ad1e70c819df824ba0967b.jpeg\u0022 alt=\u0022whatsapp-image-2026-03-26-at-09-53-48_9d3ad1e70c819df824ba0967b.jpeg\u0022 width=\u0022420\u0022 height=\u0022237\u0022 \/\u003E\u003C\/p\u003E\r\n\u003Cp style=\u0022text-align: justify;\u0022\u003E\u0026nbsp;\u003C\/p\u003E\r\n\u003Cp style=\u0022text-align: justify;\u0022\u003ENa \u0026uacute;ltima quarta-feira, 25, o Sebrae Sergipe e o Sebrae Bahia assinaram um conv\u0026ecirc;nio de coopera\u0026ccedil;\u0026atilde;o m\u0026uacute;tua, com o objetivo de promover o desenvolvimento socioecon\u0026ocirc;mico da macrorregi\u0026atilde;o do Vale do Rio Vaza-Barris, com foco no fomento ao empreendedorismo e desenvolvimento regional. Itabaiana \u0026eacute; uma das cidades que passa a integrar o Territ\u0026oacute;rio Empreendedor do Vale do Vaza-Barris e a Secretaria de Ind\u0026uacute;stria, do Com\u0026eacute;rcio e do Turismo de Itabaiana esteve presente na cerim\u0026ocirc;nia, representada por La\u0026iacute;s Vieira, chefe de Gabinete.\u003C\/p\u003E\r\n\u003Cp style=\u0022text-align: justify;\u0022\u003EA assinatura do conv\u0026ecirc;nio aconteceu durante evento em Salvador (BA), com a participa\u0026ccedil;\u0026atilde;o de representantes dos munic\u0026iacute;pios sergipanos e baianos que est\u0026atilde;o no territ\u0026oacute;rio empreendedor. No caso de Sergipe, o projeto envolve, al\u0026eacute;m de Itabaiana, os seguintes munic\u0026iacute;pios: Campo do Brito, Carira, Frei Paulo, Itaporanga d\u0026rsquo;Ajuda, Lagarto, Macambira, Pedra Mole, Pinh\u0026atilde;o, S\u0026atilde;o Crist\u0026oacute;v\u0026atilde;o, S\u0026atilde;o Domingos e Sim\u0026atilde;o Dias.\u003C\/p\u003E\r\n\u003Cp style=\u0022text-align: justify;\u0022\u003ETamb\u0026eacute;m marcou presen\u0026ccedil;a na cerim\u0026ocirc;nia a superintendente do Sebrae Sergipe, Priscila Felizola, que destacou a import\u0026acirc;ncia do conv\u0026ecirc;nio: \u0026ldquo;Este momento representa um compromisso com o desenvolvimento de um territ\u0026oacute;rio que re\u0026uacute;ne riqueza natural, voca\u0026ccedil;\u0026atilde;o produtiva e uma popula\u0026ccedil;\u0026atilde;o trabalhadora. O desenvolvimento acontece quando h\u0026aacute; participa\u0026ccedil;\u0026atilde;o local, engajamento das lideran\u0026ccedil;as e compromisso coletivo com o futuro \u0026mdash; e \u0026eacute; nisso que o Sebrae acredita\u0026rdquo;, destacou.\u003C\/p\u003E\r\n\u003Cp style=\u0022text-align: justify;\u0022\u003EA representante da Secretaria de Ind\u0026uacute;stria, Com\u0026eacute;rcio e Turismo de Itabaiana, La\u0026iacute;s Vieira, tamb\u0026eacute;m destacou a import\u0026acirc;ncia di evento: \u0026ldquo;Foi uma experi\u0026ecirc;ncia extremamente enriquecedora. Durante a programa\u0026ccedil;\u0026atilde;o, pude observar diversas iniciativas j\u0026aacute; implementadas e validadas em munic\u0026iacute;pios da Bahia, que servem como importantes refer\u0026ecirc;ncias para n\u0026oacute;s. Levo comigo muitos aprendizados e inspira\u0026ccedil;\u0026otilde;es que certamente poder\u0026atilde;o ser adaptados \u0026agrave; realidade do nosso munic\u0026iacute;pio de Itabaiana. Acredito que essas experi\u0026ecirc;ncias podem funcionar como um verdadeiro espelho, orientando novas estrat\u0026eacute;gias e contribuindo para impulsionar ainda mais o crescimento e as oportunidades na nossa cidade\u0026rdquo;, disse.\u003C\/p\u003E\r\n\u003Cp style=\u0022text-align: justify;\u0022\u003ENo Vale do Rio Vaza-Barris, a iniciativa permitir\u0026aacute; a constru\u0026ccedil;\u0026atilde;o de um planejamento estrat\u0026eacute;gico conjunto, al\u0026eacute;m da defini\u0026ccedil;\u0026atilde;o de diretrizes para o desenvolvimento econ\u0026ocirc;mico regional.\u003C\/p\u003E","tags":"secretaria,industria,comercio,turismo,itabaiana,convenio,sebrae","destaque":1,"publicacao":"2026-03-26 12:03:00","criado":"2026-03-26 12:03:38","alterado":"2026-03-26 14:55:54"},{"id":8661,"categoria_id":"1","categoria":{"id":1,"nome":"SA\u00daDE"},"autor_id":"43","autor":{"id":43,"nome":"Katiane Peixoto (Comunica\u00e7\u00e3o)","email":"cafeeprosa9@gmail.com"},"titulo":"Secretaria de Sa\u00fade de Itabaiana realizar\u00e1 o dia D de vacina\u00e7\u00e3o contra a Influenza neste s\u00e1bado, 28","slug":"secretaria-de-saude-de-itabaiana-realizara-o-dia-d-de-vacinacao-contra-a-influenza-neste-sabado-28","imagem":"\/img\/imagem\/media-vacina-8099a16e9ca468237cbb65_cce155ff108f531a48ea0144.jpg,\/img\/imagem\/media_media-vacina-8099a16e9ca468237cbb65_cce155ff108f531a48ea0144.jpg,\/img\/imagem\/thumb_media-vacina-8099a16e9ca468237cbb65_cce155ff108f531a48ea0144.jpg,\/img\/imagem\/thumb_fix_media-vacina-8099a16e9ca468237cbb65_cce155ff108f531a48ea0144.jpg","texto":"\u003Cp\u003E\u003Cimg style=\u0022display: block; margin-left: auto; margin-right: auto;\u0022 src=\u0022https:\/\/itabaiana.se.gov.br\/img\/imagem\/media_media-vacina-8099a16e9ca468237cbb65_cce155ff108f531a48ea0144.jpg\u0022 alt=\u0022media-vacina-8099a16e9ca468237cbb65_cce155ff108f531a48ea0144.jpg\u0022 width=\u0022438\u0022 height=\u0022299\u0022 \/\u003E\u003C\/p\u003E\r\n\u003Cp style=\u0022text-align: justify;\u0022\u003E\u0026nbsp;\u003C\/p\u003E\r\n\u003Cp style=\u0022text-align: justify;\u0022\u003ENeste s\u0026aacute;bado, 28, a Prefeitura de Itabaiana, atrav\u0026eacute;s da Secretaria Municipal de Sa\u0026uacute;de realizar\u0026aacute; das 08h \u0026agrave;s 16h, o Dia D de vacina\u0026ccedil;\u0026atilde;o contra a Influenza, voltado ao p\u0026uacute;blico-alvo da campanha. O Dia D vai marcar justamente o in\u0026iacute;cio da campanha.\u003C\/p\u003E\r\n\u003Cp style=\u0022text-align: justify;\u0022\u003EA vacina estar\u0026aacute; dispon\u0026iacute;vel em todas as unidades b\u0026aacute;sicas de sa\u0026uacute;de da cidade, nos povoados Carrilho, Rio das Pedras, Caja\u0026iacute;ba, Bom Jardim, P\u0026eacute; do Veado e Terra Dura e tamb\u0026eacute;m na Pra\u0026ccedil;a Jo\u0026atilde;o Pessoa, Quarta Etapa do Bairro Queimadas e tamb\u0026eacute;m no Conjunto Serapi\u0026atilde;o Ant\u0026ocirc;nio de G\u0026oacute;is.\u003C\/p\u003E\r\n\u003Cp style=\u0022text-align: justify;\u0022\u003E\u003Cstrong\u003EPara quem a vacina \u0026eacute; voltada?\u003C\/strong\u003E\u003C\/p\u003E\r\n\u003Cp style=\u0022text-align: justify;\u0022\u003E\u003Cem\u003E-Crian\u0026ccedil;as de 06 meses a menores de 06 anos de idade;\u003C\/em\u003E\u003C\/p\u003E\r\n\u003Cp style=\u0022text-align: justify;\u0022\u003E\u003Cem\u003E-Trabalhadores da Sa\u0026uacute;de;\u003C\/em\u003E\u003C\/p\u003E\r\n\u003Cp style=\u0022text-align: justify;\u0022\u003E\u003Cem\u003E-Gestantes;\u003C\/em\u003E\u003C\/p\u003E\r\n\u003Cp style=\u0022text-align: justify;\u0022\u003E\u003Cem\u003E-Idosos;\u003C\/em\u003E\u003C\/p\u003E\r\n\u003Cp style=\u0022text-align: justify;\u0022\u003E\u003Cem\u003E-Pessoas com comorbidades;\u003C\/em\u003E\u003C\/p\u003E\r\n\u003Cp style=\u0022text-align: justify;\u0022\u003E\u003Cem\u003E-Pessoas com defici\u0026ecirc;ncia permanente;\u003C\/em\u003E\u003C\/p\u003E\r\n\u003Cp style=\u0022text-align: justify;\u0022\u003E\u003Cem\u003E-Trabalhadores do transporte;\u003C\/em\u003E\u003C\/p\u003E\r\n\u003Cp style=\u0022text-align: justify;\u0022\u003E\u003Cem\u003E-Profissionais da Educa\u0026ccedil;\u0026atilde;o.\u003C\/em\u003E\u003C\/p\u003E\r\n\u003Cp style=\u0022text-align: justify;\u0022\u003E\u0026Eacute; necess\u0026aacute;rio apresentar os seguintes documentos: cart\u0026atilde;o de vacina\u0026ccedil;\u0026atilde;o, cart\u0026atilde;o do SUS e CPF.\u003C\/p\u003E\r\n\u003Cp style=\u0022text-align: justify;\u0022\u003EA secret\u0026aacute;ria municipal de Sa\u0026uacute;de, Genilza Santos, destaca a import\u0026acirc;ncia da vacina\u0026ccedil;\u0026atilde;o: \u0026ldquo;A vacina contra a Influenza n\u0026atilde;o \u0026eacute; apenas uma prote\u0026ccedil;\u0026atilde;o individual, \u0026eacute; um ato de responsabilidade coletiva. Todos os anos, a gripe causa complica\u0026ccedil;\u0026otilde;es graves e sobrecarrega o nosso sistema de sa\u0026uacute;de, mas isso pode ser evitado com um gesto simples: a vacina\u0026ccedil;\u0026atilde;o\u0026rdquo;, pontuou.\u003C\/p\u003E","tags":"itabaiana,campanha,vacinacao,gripe,influenza,diad,mobilizacao","destaque":1,"publicacao":"2026-03-26 10:07:00","criado":"2026-03-26 10:07:57","alterado":"2026-03-26 10:08:01"},{"id":8660,"categoria_id":"8","categoria":{"id":8,"nome":"CULTURA"},"autor_id":"43","autor":{"id":43,"nome":"Katiane Peixoto (Comunica\u00e7\u00e3o)","email":"cafeeprosa9@gmail.com"},"titulo":"Terceira edi\u00e7\u00e3o da \u201cFeirinha Cultural\u201d acontece neste domingo, 29, em Itabaiana, com muitas novidades","slug":"terceira-edicao-da-feirinha-cultural-acontece-neste-domingo-29-em-itabaiana-com-muitas-novidades","imagem":"\/img\/imagem\/whatsapp-image-2026-03-25-at-11-37-04_04dda22c603422dcefd60f7fb.jpeg,\/img\/imagem\/media_whatsapp-image-2026-03-25-at-11-37-04_04dda22c603422dcefd60f7fb.jpeg,\/img\/imagem\/thumb_whatsapp-image-2026-03-25-at-11-37-04_04dda22c603422dcefd60f7fb.jpeg,\/img\/imagem\/thumb_fix_whatsapp-image-2026-03-25-at-11-37-04_04dda22c603422dcefd60f7fb.jpeg","texto":"\u003Cp\u003E\u003Cimg style=\u0022display: block; margin-left: auto; margin-right: auto;\u0022 src=\u0022https:\/\/itabaiana.se.gov.br\/img\/imagem\/media_whatsapp-image-2026-03-25-at-11-37-04_04dda22c603422dcefd60f7fb.jpeg\u0022 alt=\u0022whatsapp-image-2026-03-25-at-11-37-04_04dda22c603422dcefd60f7fb.jpeg\u0022 width=\u0022417\u0022 height=\u0022332\u0022 \/\u003E\u003C\/p\u003E\r\n\u003Cp style=\u0022text-align: justify;\u0022\u003E\u0026nbsp;\u003C\/p\u003E\r\n\u003Cp style=\u0022text-align: justify;\u0022\u003EAp\u0026oacute;s o sucesso das duas primeiras edi\u0026ccedil;\u0026otilde;es, neste domingo, 29, a Prefeitura de Itabaiana, por meio da Secretaria Municipal da Cultura, realizar\u0026aacute; mais uma edi\u0026ccedil;\u0026atilde;o da \u0026ldquo;Feirinha Cultural\u0026rdquo;, na Pra\u0026ccedil;a Jo\u0026atilde;o Pessoa, em frente ao Supermercado Nunes Peixoto, das 08h \u0026agrave;s 12h.\u003C\/p\u003E\r\n\u003Cp style=\u0022text-align: justify;\u0022\u003EA feirinha reunir\u0026aacute; amantes da cultura, arte e hist\u0026oacute;ria, para compra, venda e troca de livros, revistas, discos, fitas, antiguidades, rel\u0026iacute;quias, objetos que carregam a tradi\u0026ccedil;\u0026atilde;o e a hist\u0026oacute;ria de Itabaiana e muito mais.\u003C\/p\u003E\r\n\u003Cp style=\u0022text-align: justify;\u0022\u003EO evento tamb\u0026eacute;m proporcionar\u0026aacute; a troca de conhecimento e viv\u0026ecirc;ncias dos visitantes e nesta terceira edi\u0026ccedil;\u0026atilde;o teremos tamb\u0026eacute;m algumas apresenta\u0026ccedil;\u0026otilde;es culturais e o setor gastron\u0026ocirc;mico.\u003C\/p\u003E\r\n\u003Cp style=\u0022text-align: justify;\u0022\u003EVoc\u0026ecirc; \u0026eacute; convidado a marcar presen\u0026ccedil;a junto com sua fam\u0026iacute;lia, neste momento de resgate da cultura itabaianense e fortalecimento da identidade local! Garimpe, troque e valorize a cultura da cidade serrana!\u003C\/p\u003E\r\n\u003Cp style=\u0022text-align: justify;\u0022\u003E\u0026nbsp;\u003C\/p\u003E\r\n\u003Cp\u003E\u003Cimg style=\u0022display: block; margin-left: auto; margin-right: auto;\u0022 src=\u0022https:\/\/itabaiana.se.gov.br\/img\/imagem\/media_whatsapp-image-2026-03-25-at-11-35-29-1_34b7c3ebd065d6d4898849715.jpeg\u0022 alt=\u0022whatsapp-image-2026-03-25-at-11-35-29-1_34b7c3ebd065d6d4898849715.jpeg\u0022 width=\u0022419\u0022 height=\u0022324\u0022 \/\u003E\u003Cimg style=\u0022display: block; margin-left: auto; margin-right: auto;\u0022 src=\u0022https:\/\/itabaiana.se.gov.br\/img\/imagem\/media_whatsapp-image-2026-03-25-at-11-35-29_2395ebc8f0a693c961b34f026a.jpeg\u0022 alt=\u0022whatsapp-image-2026-03-25-at-11-35-29_2395ebc8f0a693c961b34f026a.jpeg\u0022 width=\u0022419\u0022 height=\u0022321\u0022 \/\u003E\u003C\/p\u003E","tags":"feirinha,cultural,itabaiana,terceira,edicao,novidades,prefeitura,municipal","destaque":1,"publicacao":"2026-03-25 11:42:00","criado":"2026-03-25 11:42:34","alterado":"2026-03-25 11:42:41"},{"id":8659,"categoria_id":"3","categoria":{"id":3,"nome":"OBRAS"},"autor_id":"43","autor":{"id":43,"nome":"Katiane Peixoto (Comunica\u00e7\u00e3o)","email":"cafeeprosa9@gmail.com"},"titulo":"Prazo para pagar o IPTU com desconto encerra em 30 de abril. Pagamento garante continuidade de importantes obras em Itabaiana","slug":"prazo-para-pagar-o-iptu-com-desconto-encerra-em-30-de-abril-pagamento-garante-continuidade-de-importantes-obras-em-itabaiana","imagem":"\/img\/imagem\/whatsapp-image-2026-03-13-at-08-51-16-1_d52891707c439712712a02d8da162f.jpeg,\/img\/imagem\/media_whatsapp-image-2026-03-13-at-08-51-16-1_d52891707c439712712a02d8da162f.jpeg,\/img\/imagem\/thumb_whatsapp-image-2026-03-13-at-08-51-16-1_d52891707c439712712a02d8da162f.jpeg,\/img\/imagem\/thumb_fix_whatsapp-image-2026-03-13-at-08-51-16-1_d52891707c439712712a02d8da162f.jpeg","texto":"\u003Cp\u003E\u003Cimg style=\u0022display: block; margin-left: auto; margin-right: auto;\u0022 src=\u0022https:\/\/itabaiana.se.gov.br\/img\/imagem\/media_media-whatsapp-image-2026-02-10-at-11-53-18-6d41d6316b10e85a30511eda_8bdcb6bdb3ed40030f2a9c293d.jpeg\u0022 alt=\u0022media-whatsapp-image-2026-02-10-at-11-53-18-6d41d6316b10e85a30511eda_8bdcb6bdb3ed40030f2a9c293d.jpeg\u0022 width=\u0022415\u0022 height=\u0022519\u0022 \/\u003E\u003C\/p\u003E\r\n\u003Cp style=\u0022text-align: justify;\u0022\u003E\u0026nbsp;\u003C\/p\u003E\r\n\u003Cp style=\u0022text-align: justify;\u0022\u003EAt\u0026eacute; 30 de abril, os propriet\u0026aacute;rios de im\u0026oacute;veis em Itabaiana poder\u0026atilde;o realizar o pagamento do Imposto Predial e Territorial Urbano (IPTU) de 2026, com 20% de desconto, em parcela \u0026uacute;nica. Os tal\u0026otilde;es est\u0026atilde;o sendo entregues nos im\u0026oacute;veis e quem n\u0026atilde;o recebeu, pode ir at\u0026eacute; a Secretaria Municipal de Finan\u0026ccedil;as.\u003C\/p\u003E\r\n\u003Cp style=\u0022text-align: justify;\u0022\u003EVale destacar que quem optar por pagar o IPTU parcelado ter\u0026aacute; o acr\u0026eacute;scimo de juros e de multa no pagamento. Neste caso, as parcelas ter\u0026atilde;o vencimento em 30 de abril e 29 de maio.\u003C\/p\u003E\r\n\u003Cp style=\u0022text-align: justify;\u0022\u003EO pagamento do IPTU por parte dos propriet\u0026aacute;rios de im\u0026oacute;veis garante a continuidade de obras importantes que est\u0026atilde;o sendo realizadas na cidade, pela gest\u0026atilde;o municipal.\u003C\/p\u003E\r\n\u003Cp style=\u0022text-align: justify;\u0022\u003ENo momento, quase 60 obras s\u0026atilde;o executadas em Itabaiana, nas mais diversas \u0026aacute;reas, como por exemplo, a constru\u0026ccedil;\u0026atilde;o da UBS do povoado Carrilho, constru\u0026ccedil;\u0026atilde;o da pra\u0026ccedil;a e pavimenta\u0026ccedil;\u0026atilde;o asf\u0026aacute;ltica do povoado Matapo\u0026atilde; e do Bairro Queimadas, constru\u0026ccedil;\u0026atilde;o do CAPSi, pavimenta\u0026ccedil;\u0026atilde;o asf\u0026aacute;ltica de v\u0026aacute;rias ruas da cidade, constru\u0026ccedil;\u0026atilde;o da creche do Conjunto Serapi\u0026atilde;o Ant\u0026ocirc;nio de G\u0026oacute;is, constru\u0026ccedil;\u0026atilde;o do Centro de Especialidades Odontol\u0026oacute;gicas, reforma de cinco quadras poliesportivas, dentre outras obras.\u003C\/p\u003E\r\n\u003Cp style=\u0022text-align: justify;\u0022\u003EItabaiana \u0026eacute; um verdadeiro canteiro de obras, tanto na cidade, como nos povoados. E a execu\u0026ccedil;\u0026atilde;o das obras, dentre outros recursos, conta com a arrecada\u0026ccedil;\u0026atilde;o do IPTU, al\u0026eacute;m de outros tributos. A participa\u0026ccedil;\u0026atilde;o da popula\u0026ccedil;\u0026atilde;o, com o pagamento em dias, \u0026eacute; extremamente importante para a continuidade das obras, que resultam no crescimento e desenvolvimento de Itabaiana.\u003C\/p\u003E\r\n\u003Cp style=\u0022text-align: justify;\u0022\u003E\u0026nbsp;\u003C\/p\u003E\r\n\u003Cp style=\u0022text-align: center;\u0022\u003E\u003Cimg src=\u0022https:\/\/itabaiana.se.gov.br\/img\/imagem\/thumb_whatsapp-image-2026-03-12-at-08-49-43-1_b76cdd377f6b756df4a6895a12f02.jpeg\u0022 alt=\u0022whatsapp-image-2026-03-12-at-08-49-43-1_b76cdd377f6b756df4a6895a12f02.jpeg\u0022 width=\u0022300\u0022 height=\u0022225\u0022 \/\u003E\u003Cimg src=\u0022https:\/\/itabaiana.se.gov.br\/img\/imagem\/thumb_whatsapp-image-2026-03-13-at-08-51-16-1_d52891707c439712712a02d8da162f.jpeg\u0022 alt=\u0022whatsapp-image-2026-03-13-at-08-51-16-1_d52891707c439712712a02d8da162f.jpeg\u0022 width=\u0022300\u0022 height=\u0022225\u0022 \/\u003E\u003Cimg src=\u0022https:\/\/itabaiana.se.gov.br\/img\/imagem\/thumb_whatsapp-image-2026-03-13-at-08-51-15-1_8693aff3e066d67bd3e125d0a.jpeg\u0022 alt=\u0022whatsapp-image-2026-03-13-at-08-51-15-1_8693aff3e066d67bd3e125d0a.jpeg\u0022 width=\u0022300\u0022 height=\u0022225\u0022 \/\u003E\u003Cimg src=\u0022https:\/\/itabaiana.se.gov.br\/img\/imagem\/thumb_whatsapp-image-2026-03-24-at-10-53-50_43677b1b257362e20b879f.jpeg\u0022 alt=\u0022whatsapp-image-2026-03-24-at-10-53-50_43677b1b257362e20b879f.jpeg\u0022 width=\u0022300\u0022 height=\u0022225\u0022 \/\u003E\u003C\/p\u003E","tags":"pagamento,iptu,imposto,itabaiana,prefeitura,arrecadacao,continuidade,obras,desconto,parcela","destaque":1,"publicacao":"2026-03-24 11:48:00","criado":"2026-03-24 11:48:16","alterado":"2026-03-24 15:09:07"},{"id":8658,"categoria_id":"2","categoria":{"id":2,"nome":"EDUCA\u00c7\u00c3O"},"autor_id":"43","autor":{"id":43,"nome":"Katiane Peixoto (Comunica\u00e7\u00e3o)","email":"cafeeprosa9@gmail.com"},"titulo":"Representada pelo prefeito Zequinha da Cenoura e o Secret\u00e1rio \u00c9der de Jesus, Itabaiana receber\u00e1 em Bras\u00edlia, o Selo Ouro Nacional Compromisso com a Alfabetiza\u00e7\u00e3o","slug":"representada-pelo-prefeito-zequinha-da-cenoura-e-o-secretario-eder-de-jesus-itabaiana-recebera-em-brasilia-o-selo-ouro-nacional-compromisso-com-a-alfabetizacao","imagem":"\/img\/imagem\/piedade-recebe-selo-ouro-do-premio-nacional-de-alfabetizacao_7fda450545813cce7977fa4.jpeg,\/img\/imagem\/media_piedade-recebe-selo-ouro-do-premio-nacional-de-alfabetizacao_7fda450545813cce7977fa4.jpeg,\/img\/imagem\/thumb_piedade-recebe-selo-ouro-do-premio-nacional-de-alfabetizacao_7fda450545813cce7977fa4.jpeg,\/img\/imagem\/thumb_fix_piedade-recebe-selo-ouro-do-premio-nacional-de-alfabetizacao_7fda450545813cce7977fa4.jpeg","texto":"\u003Cp\u003E\u003Cimg style=\u0022display: block; margin-left: auto; margin-right: auto;\u0022 src=\u0022https:\/\/itabaiana.se.gov.br\/img\/imagem\/media_piedade-recebe-selo-ouro-do-premio-nacional-de-alfabetizacao_7fda450545813cce7977fa4.jpeg\u0022 alt=\u0022piedade-recebe-selo-ouro-do-premio-nacional-de-alfabetizacao_7fda450545813cce7977fa4.jpeg\u0022 width=\u0022423\u0022 height=\u0022423\u0022 \/\u003E\u003C\/p\u003E\r\n\u003Cp style=\u0022text-align: justify;\u0022\u003E\u0026nbsp;\u003C\/p\u003E\r\n\u003Cp style=\u0022text-align: justify;\u0022\u003EAcontecer\u0026aacute; nesta segunda-feira, 23, em Bras\u0026iacute;lia (DF), a cerim\u0026ocirc;nia de premia\u0026ccedil;\u0026atilde;o do Selo Nacional Compromisso com a Alfabetiza\u0026ccedil;\u0026atilde;o \u0026ndash; Edi\u0026ccedil;\u0026atilde;o 2025, promovido pelo Minist\u0026eacute;rio da Educa\u0026ccedil;\u0026atilde;o (MEC). A educa\u0026ccedil;\u0026atilde;o da rede municipal de ensino de Itabaiana ser\u0026aacute; premiada, com o Selo Ouro, o reconhecimento mais alto.\u003C\/p\u003E\r\n\u003Cp style=\u0022text-align: justify;\u0022\u003EO prefeito em exerc\u0026iacute;cio, Zequinha da Cenoura, e o secret\u0026aacute;rio municipal de Educa\u0026ccedil;\u0026atilde;o, \u0026Eacute;der de Jesus Andrade, est\u0026atilde;o em Bras\u0026iacute;lia, para participar da cerim\u0026ocirc;nia de premia\u0026ccedil;\u0026atilde;o, representando toda a rede municipal.\u003C\/p\u003E\r\n\u003Cp style=\u0022text-align: justify;\u0022\u003EO Selo Nacional Compromisso com a Alfabetiza\u0026ccedil;\u0026atilde;o reconhece esfor\u0026ccedil;os e iniciativas de \u0026ecirc;xito das secretarias de Educa\u0026ccedil;\u0026atilde;o, na formula\u0026ccedil;\u0026atilde;o e implementa\u0026ccedil;\u0026atilde;o de pol\u0026iacute;ticas, programas e estrat\u0026eacute;gias que assegurem o direito \u0026agrave; alfabetiza\u0026ccedil;\u0026atilde;o das crian\u0026ccedil;as.\u003C\/p\u003E\r\n\u003Cp style=\u0022text-align: justify;\u0022\u003EEm Itabaiana, a rede municipal de ensino aderiu ao Compromisso Nacional Crian\u0026ccedil;a Alfabetizada (CNCA), justamente por entender a import\u0026acirc;ncia da educa\u0026ccedil;\u0026atilde;o de base, principalmente, no que diz respeito \u0026agrave; alfabetiza\u0026ccedil;\u0026atilde;o na idade certa.\u003C\/p\u003E\r\n\u003Cp style=\u0022text-align: justify;\u0022\u003E\u003Cem\u003E\u003Cstrong\u003E*Imagem ilustrativa - edi\u0026ccedil;\u0026atilde;o passada\u003C\/strong\u003E\u003C\/em\u003E\u003C\/p\u003E","tags":"educacao,itabaiana,prefeito,zequinha,secretario,municipio,cerimonia,premiacao,alfabetizacao,esforcos","destaque":1,"publicacao":"2026-03-23 09:23:00","criado":"2026-03-23 09:23:37","alterado":"2026-03-23 10:10:54"},{"id":8657,"categoria_id":"22","categoria":{"id":22,"nome":"MEIO AMBIENTE"},"autor_id":"43","autor":{"id":43,"nome":"Katiane Peixoto (Comunica\u00e7\u00e3o)","email":"cafeeprosa9@gmail.com"},"titulo":"Itabaiana recebe capacita\u00e7\u00e3o sobre o direito de uso dos recursos h\u00eddricos. Evento reuniu autoridades, t\u00e9cnicos, irrigantes e usu\u00e1rios de \u00e1gua bruta","slug":"itabaiana-recebe-capacitacao-sobre-o-direito-de-uso-dos-recursos-hidricos-evento-reuniu-autoridades-tecnicos-irrigantes-e-usuarios-de-agua-bruta","imagem":"\/img\/imagem\/whatsapp-image-2026-03-20-at-11-09-46_a66209453f1bf5494ea0.jpeg,\/img\/imagem\/media_whatsapp-image-2026-03-20-at-11-09-46_a66209453f1bf5494ea0.jpeg,\/img\/imagem\/thumb_whatsapp-image-2026-03-20-at-11-09-46_a66209453f1bf5494ea0.jpeg,\/img\/imagem\/thumb_fix_whatsapp-image-2026-03-20-at-11-09-46_a66209453f1bf5494ea0.jpeg","texto":"\u003Cp style=\u0022text-align: center;\u0022\u003E\u003Cimg src=\u0022https:\/\/itabaiana.se.gov.br\/img\/imagem\/media_whatsapp-image-2026-03-20-at-11-09-46_a66209453f1bf5494ea0.jpeg\u0022 alt=\u0022whatsapp-image-2026-03-20-at-11-09-46_a66209453f1bf5494ea0.jpeg\u0022 width=\u0022424\u0022 height=\u0022318\u0022 \/\u003E\u003C\/p\u003E\r\n\u003Cp style=\u0022text-align: justify;\u0022\u003E\u0026nbsp;\u003C\/p\u003E\r\n\u003Cp style=\u0022text-align: justify;\u0022\u003ENesta sexta-feira, 20, Itabaiana recebeu o projeto \u0026ldquo;OrientaRH-SE\u0026rdquo;, uma capacita\u0026ccedil;\u0026atilde;o da Secretaria de Estado do Meio Ambiente, Sustentabilidade e A\u0026ccedil;\u0026otilde;es Clim\u0026aacute;ticas (Semac), que trata do direito de uso dos recursos h\u0026iacute;dricos.\u003C\/p\u003E\r\n\u003Cp style=\u0022text-align: justify;\u0022\u003EA vinda do projeto para Itabaiana contou com o apoio da Prefeitura Municipal, por meio das secretarias de Meio Ambiente e Desenvolvimento Sustent\u0026aacute;vel e de Agricultura, Pecu\u0026aacute;ria e Abastecimento Alimentar.\u003C\/p\u003E\r\n\u003Cp style=\u0022text-align: justify;\u0022\u003EO \u0026ldquo;OrientaRH-SE\u0026rdquo; foi realizado no audit\u0026oacute;rio da Unit de Itabaiana, com a presen\u0026ccedil;a de representantes da Semac, irrigantes e usu\u0026aacute;rios de \u0026aacute;gua bruta de Itabaiana e regi\u0026atilde;o e tamb\u0026eacute;m, representantes das secretarias municipais de Meio Ambiente e Agricultura.\u003C\/p\u003E\r\n\u003Cp style=\u0022text-align: justify;\u0022\u003ENa a\u0026ccedil;\u0026atilde;o, foram apresentadas e discutidas informa\u0026ccedil;\u0026otilde;es sobre a import\u0026acirc;ncia da \u0026aacute;gua, bem como mostrados os procedimentos utilizados pela Semac para a gest\u0026atilde;o dos recursos h\u0026iacute;dricos no Estado, al\u0026eacute;m de discuss\u0026otilde;es de regras, autoriza\u0026ccedil;\u0026otilde;es e impactos da capta\u0026ccedil;\u0026atilde;o de \u0026aacute;gua.\u003C\/p\u003E\r\n\u003Cp style=\u0022text-align: justify;\u0022\u003EA \u0026aacute;gua bruta \u0026eacute; toda \u0026aacute;gua encontrada na natureza (rios, lagos, po\u0026ccedil;os, represas), que n\u0026atilde;o passou por nenhum processo de tratamento, purifica\u0026ccedil;\u0026atilde;o ou interfer\u0026ecirc;ncia humana direta, sendo usada para irriga\u0026ccedil;\u0026atilde;o das lavouras e tamb\u0026eacute;m na ind\u0026uacute;stria. A \u0026aacute;gua bruta, ap\u0026oacute;s tratamento adequado \u0026eacute; distribu\u0026iacute;da para o abastecimento da popula\u0026ccedil;\u0026atilde;o.\u003C\/p\u003E\r\n\u003Cp style=\u0022text-align: justify;\u0022\u003E\u0026nbsp;\u003C\/p\u003E\r\n\u003Cp style=\u0022text-align: center;\u0022\u003E\u003Cimg src=\u0022https:\/\/itabaiana.se.gov.br\/img\/imagem\/media_whatsapp-image-2026-03-20-at-11-09-47_444bb0818f3987b543400511.jpeg\u0022 alt=\u0022whatsapp-image-2026-03-20-at-11-09-47_444bb0818f3987b543400511.jpeg\u0022 width=\u0022424\u0022 height=\u0022318\u0022 \/\u003E\u003C\/p\u003E","tags":"evento,capacitacao,meioambiente,agricultura,itabaiana,secretaria,municipal","destaque":1,"publicacao":"2026-03-20 12:00:00","criado":"2026-03-20 12:00:15","alterado":"2026-03-20 12:00:39"},{"id":8656,"categoria_id":"19","categoria":{"id":19,"nome":"ASSIST\u00caNCIA"},"autor_id":"43","autor":{"id":43,"nome":"Katiane Peixoto (Comunica\u00e7\u00e3o)","email":"cafeeprosa9@gmail.com"},"titulo":"Prefeitura de Itabaiana inicia a tradicional distribui\u00e7\u00e3o de cestas b\u00e1sicas e o peixe \u00e0 Semana Santa nos povoados","slug":"prefeitura-de-itabaiana-inicia-a-tradicional-distribuicao-de-cestas-basicas-e-o-peixe-a-semana-santa-nos-povoados","imagem":"\/img\/imagem\/a015a25d-9ddb-4e23-9c38-21189fcf80ae_cfb21c930054ebaf7b3723b3.jpeg,\/img\/imagem\/media_a015a25d-9ddb-4e23-9c38-21189fcf80ae_cfb21c930054ebaf7b3723b3.jpeg,\/img\/imagem\/thumb_a015a25d-9ddb-4e23-9c38-21189fcf80ae_cfb21c930054ebaf7b3723b3.jpeg,\/img\/imagem\/thumb_fix_a015a25d-9ddb-4e23-9c38-21189fcf80ae_cfb21c930054ebaf7b3723b3.jpeg","texto":"\u003Cp\u003E\u003Cimg style=\u0022display: block; margin-left: auto; margin-right: auto;\u0022 src=\u0022https:\/\/itabaiana.se.gov.br\/img\/imagem\/media_a015a25d-9ddb-4e23-9c38-21189fcf80ae_cfb21c930054ebaf7b3723b3.jpeg\u0022 alt=\u0022a015a25d-9ddb-4e23-9c38-21189fcf80ae_cfb21c930054ebaf7b3723b3.jpeg\u0022 width=\u0022450\u0022 height=\u0022338\u0022 \/\u003E\u003C\/p\u003E\r\n\u003Cp style=\u0022text-align: justify;\u0022\u003E\u003Cimg src=\u0022https:\/\/itabaiana.se.gov.br\/img\/imagem\/media_17cbdcb7-98ff-427f-84bf-6edb4a069df4_22865a64011c3494eb696.jpeg\u0022 alt=\u002217cbdcb7-98ff-427f-84bf-6edb4a069df4_22865a64011c3494eb696.jpeg\u0022 width=\u0022450\u0022 height=\u0022253\u0022 \/\u003E\u003C\/p\u003E\r\n\u003Cp style=\u0022text-align: justify;\u0022\u003E\u003Cbr \/\u003EA Prefeitura de Itabaiana, por meio da Secretaria Municipal de Desenvolvimento Social deu in\u0026iacute;cio \u0026agrave; tradicional distribui\u0026ccedil;\u0026atilde;o das cestas b\u0026aacute;sicas e o peixe \u0026agrave; Semana Santa, nos povoados itabaianenses. O povoado Lagoa do L\u0026iacute;bano foi o primeiro onde aconteceu a distribui\u0026ccedil;\u0026atilde;o e hoje, foi a vez dos povoados Taboca e Lagoa do Forno.\u003C\/p\u003E\r\n\u003Cp style=\u0022text-align: justify;\u0022\u003EA distribui\u0026ccedil;\u0026atilde;o seguir\u0026aacute; ao longo dos dias nos demais povoados itabaianenses e no dia 31 de mar\u0026ccedil;o, a a\u0026ccedil;\u0026atilde;o acontecer\u0026aacute; para os moradores em situa\u0026ccedil;\u0026atilde;o de vulnerabilidade social, que residem na zona urbana da cidade. Ser\u0026atilde;o distribu\u0026iacute;dos cerca de 10 mil quilos de peixe.\u003C\/p\u003E\r\n\u003Cp style=\u0022text-align: justify;\u0022\u003EO objetivo da a\u0026ccedil;\u0026atilde;o \u0026eacute; justamente garantir uma mesa farta na Semana Santa, \u0026agrave; popula\u0026ccedil;\u0026atilde;o mais carente de Itabaiana. \u0026ldquo;Demos in\u0026iacute;cio ontem e seguiremos com a distribui\u0026ccedil;\u0026atilde;o at\u0026eacute; o fim de mar\u0026ccedil;o. O nosso objetivo \u0026eacute; alcan\u0026ccedil;ar ainda mais fam\u0026iacute;lias que no ano passado e garantir mesa farta e dignidade aos nossos itabaianenses\u0026rdquo;, destaca Osanir Costa, secret\u0026aacute;ria de Desenvolvimento Social.\u003C\/p\u003E\r\n\u003Cp style=\u0022text-align: justify;\u0022\u003E\u0026nbsp;\u003C\/p\u003E\r\n\u003Cp\u003E\u003Cimg style=\u0022display: block; margin-left: auto; margin-right: auto;\u0022 src=\u0022https:\/\/itabaiana.se.gov.br\/img\/imagem\/media_16be0191-d8b4-45e3-9574-18a3b3634b67_50cb34611c81e13e26643.jpeg\u0022 alt=\u002216be0191-d8b4-45e3-9574-18a3b3634b67_50cb34611c81e13e26643.jpeg\u0022 width=\u0022450\u0022 height=\u0022254\u0022 \/\u003E\u003C\/p\u003E\r\n\u003Cp\u003E\u003Cimg style=\u0022display: block; margin-left: auto; margin-right: auto;\u0022 src=\u0022https:\/\/itabaiana.se.gov.br\/img\/imagem\/media_8e0b5641-eb7a-41d4-8a6f-4e38ba39a9bd_52db13dff8524c42f90f62e393e.jpeg\u0022 alt=\u00228e0b5641-eb7a-41d4-8a6f-4e38ba39a9bd_52db13dff8524c42f90f62e393e.jpeg\u0022 width=\u0022450\u0022 height=\u0022254\u0022 \/\u003E\u003C\/p\u003E\r\n\u003Cp\u003E\u003Cimg style=\u0022display: block; margin-left: auto; margin-right: auto;\u0022 src=\u0022https:\/\/itabaiana.se.gov.br\/img\/imagem\/media_44f6aba3-dec3-43da-9603-d0968b64100d_16ef82c63107a5c37d23ca8.jpeg\u0022 alt=\u002244f6aba3-dec3-43da-9603-d0968b64100d_16ef82c63107a5c37d23ca8.jpeg\u0022 width=\u0022450\u0022 height=\u0022254\u0022 \/\u003E\u003C\/p\u003E\r\n\u003Cp\u003E\u003Cimg style=\u0022display: block; margin-left: auto; margin-right: auto;\u0022 src=\u0022https:\/\/itabaiana.se.gov.br\/img\/imagem\/media_69d70e8f-5b3c-4dfd-b1b7-88fe7c574520_58edf05799ce77a1400d2279e0a.jpeg\u0022 alt=\u002269d70e8f-5b3c-4dfd-b1b7-88fe7c574520_58edf05799ce77a1400d2279e0a.jpeg\u0022 width=\u0022450\u0022 height=\u0022254\u0022 \/\u003E\u003C\/p\u003E","tags":"distribui,cestas,basicas,itabaiana,assistencia,social","destaque":1,"publicacao":"2026-03-19 16:29:00","criado":"2026-03-19 16:29:15","alterado":"2026-03-19 16:35:48"},{"id":8655,"categoria_id":"3","categoria":{"id":3,"nome":"OBRAS"},"autor_id":"43","autor":{"id":43,"nome":"Katiane Peixoto (Comunica\u00e7\u00e3o)","email":"cafeeprosa9@gmail.com"},"titulo":"Conjunto Serapi\u00e3o Ant\u00f4nio de G\u00f3is, em Itabaiana, ganhar\u00e1 creche ampla e acolhedora, pensada para oferecer o melhor cuidado \u00e0s crian\u00e7as da localidade","slug":"conjunto-serapiao-antonio-de-gois-em-itabaiana-ganhara-creche-ampla-e-acolhedora-pensada-para-oferecer-o-melhor-cuidado-as-criancas-da-localidade","imagem":"\/img\/imagem\/whatsapp-image-2026-03-12-at-08-49-43-1_b76cdd377f6b756df4a6895a12f02.jpeg,\/img\/imagem\/media_whatsapp-image-2026-03-12-at-08-49-43-1_b76cdd377f6b756df4a6895a12f02.jpeg,\/img\/imagem\/thumb_whatsapp-image-2026-03-12-at-08-49-43-1_b76cdd377f6b756df4a6895a12f02.jpeg,\/img\/imagem\/thumb_fix_whatsapp-image-2026-03-12-at-08-49-43-1_b76cdd377f6b756df4a6895a12f02.jpeg","texto":"\u003Cp\u003E\u003Cimg style=\u0022display: block; margin-left: auto; margin-right: auto;\u0022 src=\u0022https:\/\/itabaiana.se.gov.br\/img\/imagem\/media_whatsapp-image-2026-03-12-at-08-49-40_115683bac8957d0c7cbb6.jpeg\u0022 alt=\u0022whatsapp-image-2026-03-12-at-08-49-40_115683bac8957d0c7cbb6.jpeg\u0022 width=\u0022426\u0022 height=\u0022319\u0022 \/\u003E \u003Cimg style=\u0022display: block; margin-left: auto; margin-right: auto;\u0022 src=\u0022https:\/\/itabaiana.se.gov.br\/img\/imagem\/media_whatsapp-image-2026-03-12-at-08-49-43-1_b76cdd377f6b756df4a6895a12f02.jpeg\u0022 alt=\u0022whatsapp-image-2026-03-12-at-08-49-43-1_b76cdd377f6b756df4a6895a12f02.jpeg\u0022 width=\u0022427\u0022 height=\u0022320\u0022 \/\u003E\u003C\/p\u003E\r\n\u003Cp style=\u0022text-align: justify;\u0022\u003E\u0026nbsp;\u003C\/p\u003E\r\n\u003Cp style=\u0022text-align: justify;\u0022\u003EA creche do Conjunto Serapi\u0026atilde;o Ant\u0026ocirc;nio de G\u0026oacute;is, no Bairro S\u0026atilde;o Crist\u0026oacute;v\u0026atilde;o, em Itabaiana, j\u0026aacute; \u0026eacute; uma realidade. As equipes da Secretaria de Obras, Urbanismo, Infraestrutura, dos Servi\u0026ccedil;os P\u0026uacute;blicos e da Habita\u0026ccedil;\u0026atilde;o trabalham na constru\u0026ccedil;\u0026atilde;o da unidade, que beneficiar\u0026aacute; diversas fam\u0026iacute;lias da localidade.\u003C\/p\u003E\r\n\u003Cp style=\u0022text-align: justify;\u0022\u003EA unidade ter\u0026aacute; um espa\u0026ccedil;o amplo, arejado, seguro e bem equipado, pensado justamente para oferecer o melhor cuidado, conforto e acolhimento durante a primeira inf\u0026acirc;ncia, para que os pais possam deixar seus filhos na creche, sabendo que eles estar\u0026atilde;o bem acolhidos e sendo bem cuidados.\u003C\/p\u003E\r\n\u003Cp style=\u0022text-align: justify;\u0022\u003EA creche beneficiar\u0026aacute; fam\u0026iacute;lias do conjunto, que j\u0026aacute; tem muitos moradores e est\u0026aacute; em expans\u0026atilde;o, visto que, em breve, 214 unidades habitacionais ser\u0026atilde;o entregues e consequentemente, o conjunto ter\u0026aacute; mais 214 fam\u0026iacute;lias morando. A constru\u0026ccedil;\u0026atilde;o da creche segue a todo vapor e em breve, a popula\u0026ccedil;\u0026atilde;o poder\u0026aacute; contar com esse novo espa\u0026ccedil;o.\u003C\/p\u003E\r\n\u003Cp style=\u0022text-align: justify;\u0022\u003E\u0026nbsp;\u003C\/p\u003E\r\n\u003Cp style=\u0022text-align: center;\u0022\u003E\u003Cimg src=\u0022https:\/\/itabaiana.se.gov.br\/img\/imagem\/thumb_whatsapp-image-2026-03-12-at-08-49-41_3f80bc33ff36b4b151c69157.jpeg\u0022 alt=\u0022whatsapp-image-2026-03-12-at-08-49-41_3f80bc33ff36b4b151c69157.jpeg\u0022 width=\u0022300\u0022 height=\u0022400\u0022 \/\u003E\u003Cimg src=\u0022https:\/\/itabaiana.se.gov.br\/img\/imagem\/thumb_whatsapp-image-2026-03-12-at-08-49-40-1_a7af810bae99c0f022a8f22cbb.jpeg\u0022 alt=\u0022whatsapp-image-2026-03-12-at-08-49-40-1_a7af810bae99c0f022a8f22cbb.jpeg\u0022 width=\u0022300\u0022 height=\u0022400\u0022 \/\u003E\u003Cimg src=\u0022https:\/\/itabaiana.se.gov.br\/img\/imagem\/thumb_whatsapp-image-2026-03-12-at-08-49-42-1_eda5ecfe1d7eed2f547530.jpeg\u0022 alt=\u0022whatsapp-image-2026-03-12-at-08-49-42-1_eda5ecfe1d7eed2f547530.jpeg\u0022 width=\u0022300\u0022 height=\u0022400\u0022 \/\u003E\u003Cimg src=\u0022https:\/\/itabaiana.se.gov.br\/img\/imagem\/thumb_whatsapp-image-2026-03-12-at-08-49-43_4293c2f670efa969e4c5.jpeg\u0022 alt=\u0022whatsapp-image-2026-03-12-at-08-49-43_4293c2f670efa969e4c5.jpeg\u0022 width=\u0022300\u0022 height=\u0022400\u0022 \/\u003E\u003Cimg src=\u0022https:\/\/itabaiana.se.gov.br\/img\/imagem\/thumb_whatsapp-image-2026-03-12-at-08-49-41-1_ba7bca553310eed0437fad7d10.jpeg\u0022 alt=\u0022whatsapp-image-2026-03-12-at-08-49-41-1_ba7bca553310eed0437fad7d10.jpeg\u0022 width=\u0022300\u0022 height=\u0022400\u0022 \/\u003E\u003C\/p\u003E","tags":"creche,itabaiana,serapiao","destaque":1,"publicacao":"2026-03-19 11:06:00","criado":"2026-03-19 11:06:43","alterado":"2026-03-19 11:55:57"},{"id":8654,"categoria_id":"1","categoria":{"id":1,"nome":"SA\u00daDE"},"autor_id":"43","autor":{"id":43,"nome":"Katiane Peixoto (Comunica\u00e7\u00e3o)","email":"cafeeprosa9@gmail.com"},"titulo":"Secretaria de Sa\u00fade d\u00e1 continuidade ao programa \u201cEnxergar Bem\u201d e entrega 155 \u00f3culos de grau","slug":"secretaria-de-saude-da-continuidade-ao-programa-enxergar-bem-e-entrega-155-oculos-de-grau","imagem":"\/img\/imagem\/9016a72c-d516-412f-b654-a553b54d4708_e6bae23bb0f98e12d4eaad39fdfb71.jpeg,\/img\/imagem\/media_9016a72c-d516-412f-b654-a553b54d4708_e6bae23bb0f98e12d4eaad39fdfb71.jpeg,\/img\/imagem\/thumb_9016a72c-d516-412f-b654-a553b54d4708_e6bae23bb0f98e12d4eaad39fdfb71.jpeg,\/img\/imagem\/thumb_fix_9016a72c-d516-412f-b654-a553b54d4708_e6bae23bb0f98e12d4eaad39fdfb71.jpeg","texto":"\u003Cp\u003E\u003Cimg style=\u0022display: block; margin-left: auto; margin-right: auto;\u0022 src=\u0022https:\/\/itabaiana.se.gov.br\/img\/imagem\/media_33cc257c-1a7c-4006-9682-245c5e5d4570_cef13db84d48ccd32700f31.jpeg\u0022 alt=\u002233cc257c-1a7c-4006-9682-245c5e5d4570_cef13db84d48ccd32700f31.jpeg\u0022 width=\u0022450\u0022 height=\u0022380\u0022 \/\u003E\u003C\/p\u003E\r\n\u003Cp style=\u0022text-align: justify;\u0022\u003E\u003Cbr \/\u003ENa manh\u0026atilde; desta quarta-feira, 18, a Prefeitura de Itabaiana, por meio da Secretaria Municipal de Sa\u0026uacute;de realizou mais uma entrega de \u0026oacute;culos de grau dentro do programa \u0026ldquo;Enxergar Bem\u0026rdquo;, que \u0026eacute; realizado na cidade. Desta vez, foram entregues 155 \u0026oacute;culos, \u0026agrave; popula\u0026ccedil;\u0026atilde;o inscrita no programa.\u003C\/p\u003E\r\n\u003Cp style=\u0022text-align: justify;\u0022\u003EO \u0026ldquo;Enxergar Bem\u0026rdquo; \u0026eacute; voltado \u0026agrave; popula\u0026ccedil;\u0026atilde;o itabaianense em situa\u0026ccedil;\u0026atilde;o de vulnerabilidade social, inscrita no Cad\u0026Uacute;nico. O programa oferta consulta com oftalmologista do munic\u0026iacute;pio e a entrega do \u0026oacute;culos de grau, sem custo algum para o paciente.\u003C\/p\u003E\r\n\u003Cp style=\u0022text-align: justify;\u0022\u003EPara participar \u0026eacute; preciso primeiro passar pela consulta com o oftalmologista do munic\u0026iacute;pio e ap\u0026oacute;s isso, levar a solicita\u0026ccedil;\u0026atilde;o do \u0026oacute;culos de grau at\u0026eacute; a secretaria, juntamente com os documentos do paciente, incluindo o n\u0026uacute;mero do NIS, que comprova que a pessoa \u0026eacute; de baixa renda.\u003C\/p\u003E\r\n\u003Cp style=\u0022text-align: justify;\u0022\u003EA entrega dos 155 \u0026oacute;culos foi acompanhada pelo prefeito em exerc\u0026iacute;cio, Zequinha da Cenoura e pela secret\u0026aacute;ria de Sa\u0026uacute;de, Genilza Santos.\u003C\/p\u003E\r\n\u003Cp style=\u0022text-align: justify;\u0022\u003E\u0026nbsp;\u003C\/p\u003E\r\n\u003Cp\u003E\u003Cimg style=\u0022display: block; margin-left: auto; margin-right: auto;\u0022 src=\u0022https:\/\/itabaiana.se.gov.br\/img\/imagem\/media_5fbb871e-a69f-4f79-b840-70ef01633ece_37aedf898bf2fe4a4def68dacdff0f.jpeg\u0022 alt=\u00225fbb871e-a69f-4f79-b840-70ef01633ece_37aedf898bf2fe4a4def68dacdff0f.jpeg\u0022 width=\u0022450\u0022 height=\u0022416\u0022 \/\u003E\u003C\/p\u003E","tags":"entrega,Oculos,prefeitura,itabaiana,saude","destaque":1,"publicacao":"2026-03-18 14:49:00","criado":"2026-03-18 14:49:43","alterado":"2026-03-18 14:50:57"},{"id":8653,"categoria_id":"10","categoria":{"id":10,"nome":"EVENTO"},"autor_id":"43","autor":{"id":43,"nome":"Katiane Peixoto (Comunica\u00e7\u00e3o)","email":"cafeeprosa9@gmail.com"},"titulo":"SMTT e Guarda Municipal realizam blitz educativa em alus\u00e3o ao M\u00eas da Mulher e homenageiam as profissionais que atuam nos \u00f3rg\u00e3os","slug":"smtt-e-guarda-municipal-realizam-blitz-educativa-em-alusao-ao-mes-da-mulher-e-homenageiam-as-profissionais-que-atuam-nos-orgaos","imagem":"\/img\/imagem\/whatsapp-image-2026-03-18-at-11-35-02-3_f5b1db963e8c33950b96146.jpeg,\/img\/imagem\/media_whatsapp-image-2026-03-18-at-11-35-02-3_f5b1db963e8c33950b96146.jpeg,\/img\/imagem\/thumb_whatsapp-image-2026-03-18-at-11-35-02-3_f5b1db963e8c33950b96146.jpeg,\/img\/imagem\/thumb_fix_whatsapp-image-2026-03-18-at-11-35-02-3_f5b1db963e8c33950b96146.jpeg","texto":"\u003Cp\u003E\u003Cimg style=\u0022display: block; margin-left: auto; margin-right: auto;\u0022 src=\u0022https:\/\/itabaiana.se.gov.br\/img\/imagem\/media_whatsapp-image-2026-03-18-at-11-35-02-1_076f59195bc1460f1fed49aa443.jpeg\u0022 alt=\u0022whatsapp-image-2026-03-18-at-11-35-02-1_076f59195bc1460f1fed49aa443.jpeg\u0022 width=\u0022411\u0022 height=\u0022466\u0022 \/\u003E\u003C\/p\u003E\r\n\u003Cp\u003E\u003Cimg style=\u0022display: block; margin-left: auto; margin-right: auto;\u0022 src=\u0022https:\/\/itabaiana.se.gov.br\/img\/imagem\/media_whatsapp-image-2026-03-18-at-11-35-01-1_d9728e336d2933cbb9f4.jpeg\u0022 alt=\u0022whatsapp-image-2026-03-18-at-11-35-01-1_d9728e336d2933cbb9f4.jpeg\u0022 width=\u0022412\u0022 height=\u0022420\u0022 \/\u003E\u003C\/p\u003E\r\n\u003Cp style=\u0022text-align: justify;\u0022\u003E\u0026nbsp;\u003C\/p\u003E\r\n\u003Cp style=\u0022text-align: justify;\u0022\u003ENa manh\u0026atilde; desta quarta-feira, 18, a Superintend\u0026ecirc;ncia Municipal de Tr\u0026acirc;nsito e Transportes (SMTT) e a Guarda Municipal de Itabaiana realizaram uma blitz educativa, em alus\u0026atilde;o ao M\u0026ecirc;s da Mulher, com panfletagem em v\u0026aacute;rios pontos da cidade, sobre a viol\u0026ecirc;ncia contra a mulher e a necessidade de cada um fazer a sua parte.\u003C\/p\u003E\r\n\u003Cp style=\u0022text-align: justify;\u0022\u003EOs itabaianenses receberam panfletos sobre os tipos de viol\u0026ecirc;ncia contra a mulher, a import\u0026acirc;ncia da Lei Maria da Penha e onde buscar ajuda, caso esteja passando por alguma situa\u0026ccedil;\u0026atilde;o de viol\u0026ecirc;ncia.\u003C\/p\u003E\r\n\u003Cp style=\u0022text-align: justify;\u0022\u003ETamb\u0026eacute;m na manh\u0026atilde; de hoje, as funcion\u0026aacute;rias que trabalham na SMTT e na Guarda Municipal foram homenageadas, com um caf\u0026eacute; da manh\u0026atilde; e flores, ainda em comemora\u0026ccedil;\u0026atilde;o ao Dia da Mulher, celebrado no \u0026uacute;ltimo dia 08.\u003C\/p\u003E\r\n\u003Cp style=\u0022text-align: justify;\u0022\u003EO secret\u0026aacute;rio da Ordem P\u0026uacute;blica e comandante da SMTT e da Guarda Municipal, Jonathan Mendon\u0026ccedil;a, destacou a import\u0026acirc;ncia das a\u0026ccedil;\u0026otilde;es de hoje: \u0026ldquo;Realizamos uma blitz educativa e falamos um pouquinho sobre a viol\u0026ecirc;ncia e os seus tipos, porque tem muitas mulheres que acabam nem percebendo que est\u0026atilde;o sendo v\u0026iacute;timas de viol\u0026ecirc;ncia, por achar que o caso s\u0026oacute; ocorre se tiver agress\u0026atilde;o f\u0026iacute;sica e o mais importante, mostramos que a mulher n\u0026atilde;o est\u0026aacute; sozinha e tem v\u0026aacute;rios \u0026oacute;rg\u0026atilde;os que est\u0026atilde;o prontos a ajud\u0026aacute;-la. E o caf\u0026eacute; da manh\u0026atilde; com as nossas colaboradoras foi um momento muito especial, onde destacamos a import\u0026acirc;ncia delas em nossos \u0026oacute;rg\u0026atilde;os e agradecemos pelo empenho de todas\u0026rdquo;, citou.\u003C\/p\u003E\r\n\u003Cp style=\u0022text-align: justify;\u0022\u003E\u0026nbsp;\u003C\/p\u003E\r\n\u003Cp style=\u0022text-align: center;\u0022\u003E\u003Cimg src=\u0022https:\/\/itabaiana.se.gov.br\/img\/imagem\/thumb_whatsapp-image-2026-03-18-at-11-35-02_3c7d78504cbca9133f36da.jpeg\u0022 alt=\u0022whatsapp-image-2026-03-18-at-11-35-02_3c7d78504cbca9133f36da.jpeg\u0022 width=\u0022300\u0022 height=\u0022296\u0022 \/\u003E\u003Cimg src=\u0022https:\/\/itabaiana.se.gov.br\/img\/imagem\/thumb_whatsapp-image-2026-03-18-at-11-35-02-2_f9d56ffd282f5fe74a0e4e114154.jpeg\u0022 alt=\u0022whatsapp-image-2026-03-18-at-11-35-02-2_f9d56ffd282f5fe74a0e4e114154.jpeg\u0022 width=\u0022300\u0022 height=\u0022299\u0022 \/\u003E\u003Cimg src=\u0022https:\/\/itabaiana.se.gov.br\/img\/imagem\/thumb_whatsapp-image-2026-03-18-at-11-35-02-3_f5b1db963e8c33950b96146.jpeg\u0022 alt=\u0022whatsapp-image-2026-03-18-at-11-35-02-3_f5b1db963e8c33950b96146.jpeg\u0022 width=\u0022287\u0022 height=\u0022300\u0022 \/\u003E\u003Cimg src=\u0022https:\/\/itabaiana.se.gov.br\/img\/imagem\/thumb_whatsapp-image-2026-03-18-at-11-35-01_9f2f305a4ab0d031dd438183.jpeg\u0022 alt=\u0022whatsapp-image-2026-03-18-at-11-35-01_9f2f305a4ab0d031dd438183.jpeg\u0022 width=\u0022288\u0022 height=\u0022298\u0022 \/\u003E\u003C\/p\u003E","tags":"itabaiana,smtt,guarda,municipal,diadamulher,homenagem,alusao,prefeitura","destaque":1,"publicacao":"2026-03-18 11:39:00","criado":"2026-03-18 11:39:21","alterado":"2026-03-18 11:40:41"},{"id":8652,"categoria_id":"1","categoria":{"id":1,"nome":"SA\u00daDE"},"autor_id":"43","autor":{"id":43,"nome":"Katiane Peixoto (Comunica\u00e7\u00e3o)","email":"cafeeprosa9@gmail.com"},"titulo":"Acolhimento, cuidado e desenvolvimento: Centro Municipal de Equoterapia de Itabaiana atende mais de 200 crian\u00e7as e adolescentes por semana","slug":"acolhimento-cuidado-e-desenvolvimento-centro-municipal-de-equoterapia-de-itabaiana-atende-mais-de-200-criancas-e-adolescentes-por-semana","imagem":"\/img\/imagem\/whatsapp-image-2026-03-17-at-11-48-18_7f8b6bca0f85d10b837a6261.jpeg,\/img\/imagem\/media_whatsapp-image-2026-03-17-at-11-48-18_7f8b6bca0f85d10b837a6261.jpeg,\/img\/imagem\/thumb_whatsapp-image-2026-03-17-at-11-48-18_7f8b6bca0f85d10b837a6261.jpeg,\/img\/imagem\/thumb_fix_whatsapp-image-2026-03-17-at-11-48-18_7f8b6bca0f85d10b837a6261.jpeg","texto":"\u003Cp\u003E\u003Cimg style=\u0022display: block; margin-left: auto; margin-right: auto;\u0022 src=\u0022https:\/\/itabaiana.se.gov.br\/img\/imagem\/media_whatsapp-image-2026-03-17-at-11-48-18_7f8b6bca0f85d10b837a6261.jpeg\u0022 alt=\u0022whatsapp-image-2026-03-17-at-11-48-18_7f8b6bca0f85d10b837a6261.jpeg\u0022 width=\u0022416\u0022 height=\u0022311\u0022 \/\u003E\u003C\/p\u003E\r\n\u003Cp\u003E\u003Cimg style=\u0022display: block; margin-left: auto; margin-right: auto;\u0022 src=\u0022https:\/\/itabaiana.se.gov.br\/img\/imagem\/media_whatsapp-image-2026-03-13-at-10-44-40-1_a06eaf7beb17faf38ad6272.jpeg\u0022 alt=\u0022whatsapp-image-2026-03-13-at-10-44-40-1_a06eaf7beb17faf38ad6272.jpeg\u0022 width=\u0022417\u0022 height=\u0022313\u0022 \/\u003E\u003C\/p\u003E\r\n\u003Cp style=\u0022text-align: justify;\u0022\u003E\u0026nbsp;\u003C\/p\u003E\r\n\u003Cp style=\u0022text-align: justify;\u0022\u003EInaugurado em 18 de fevereiro de 2024, o Centro Municipal de Equoterapia \u0026ldquo;Governador Jo\u0026atilde;o Alves Filho\u0026rdquo;, situado no Loteamento Luiz Gonzaga, \u0026eacute; um espa\u0026ccedil;o de acolhimento, cuidado e transforma\u0026ccedil;\u0026atilde;o de hist\u0026oacute;rias de crian\u0026ccedil;as e adolescentes com defici\u0026ecirc;ncia ou necessidades especiais de Itabaiana, que atrav\u0026eacute;s das terapias com os cavalos, desenvolvem v\u0026aacute;rios benef\u0026iacute;cios e melhoram a qualidade de vida.\u003C\/p\u003E\r\n\u003Cp style=\u0022text-align: justify;\u0022\u003ENa unidade, que \u0026eacute; mantida pela Secretaria Municipal de Sa\u0026uacute;de e gerida pelo fisioterapeuta J\u0026uacute;nio Alves, aproximadamente 200 crian\u0026ccedil;as e adolescentes s\u0026atilde;o atendidos por semana, pelos profissionais qualificados para desenvolver as terapias, juntamente com os cavalos do Centro, que atualmente conta com 11 baias.\u003C\/p\u003E\r\n\u003Cp style=\u0022text-align: justify;\u0022\u003EO Centro de Equoterapia tem uma ampla estrutura, segue todos os padr\u0026otilde;es da Associa\u0026ccedil;\u0026atilde;o Nacional de Equoterapia (ANE), sendo um dos maiores do estado de Sergipe e conta com uma equipe multidisciplinar, pronta para receber e atender as crian\u0026ccedil;as e adolescentes e tamb\u0026eacute;m, os seus acompanhantes.\u003C\/p\u003E\r\n\u003Cp style=\u0022text-align: justify;\u0022\u003EUma das crian\u0026ccedil;as atendidas no Centro \u0026eacute; o Joaquim, diagnosticado com o Transtorno do Espectro Autista (TEA), defici\u0026ecirc;ncia intelectual e paralisia cerebral. Ele tem sete anos de idade e h\u0026aacute; cerca de dois anos faz equoterapia, semanalmente. Segundo a m\u0026atilde;e, foi na unidade o primeiro contato de Joaquim com cavalos e foi justamente l\u0026aacute;, que ele desenvolveu o amor pelos animais.\u003C\/p\u003E\r\n\u003Cp style=\u0022text-align: justify;\u0022\u003E\u0026ldquo;Desde o primeiro dia, algo muito especial aconteceu, ele nunca teve medo. Foi amor \u0026agrave; primeira vista. E desde ent\u0026atilde;o, ele sempre fala que quer ser vaqueiro. Hoje, todos os dias ele pede para andar a cavalo. Isso mostra o quanto esse momento \u0026eacute; importante, prazeroso e significativo para ele. No in\u0026iacute;cio era tudo novo, mas ele se entregou com confian\u0026ccedil;a, e hoje ama cada momento ali\u0026rdquo;, conta Daniela Alves, m\u0026atilde;e de Joaquim.\u003C\/p\u003E\r\n\u003Cp style=\u0022text-align: justify;\u0022\u003EAinda segundo ela, mais do que uma terapia, a equoterapia tem sido um caminho de desenvolvimento, alegria e evolu\u0026ccedil;\u0026atilde;o. \u0026ldquo;\u0026Eacute; emocionante ver o quanto ele cresceu e o quanto esse contato fez bem para a vida dele. S\u0026oacute; tenho gratid\u0026atilde;o por esse trabalho t\u0026atilde;o lindo, que transforma vidas\u0026rdquo;, completou.\u003C\/p\u003E","tags":"centro,equoterapia,itabaiana,atendimento,criancas,autismo,especiais,saude,cavalos","destaque":1,"publicacao":"2026-03-17 11:52:00","criado":"2026-03-17 11:52:56","alterado":"2026-03-17 11:57:09"}],"busca":null}